{"id":312889,"date":"2026-01-03T09:28:13","date_gmt":"2026-01-03T06:28:13","guid":{"rendered":"https:\/\/vof-news.eu\/sicherheitsberater-der-ukraine-verbundeten-treffen-sich-in-kyjiw\/"},"modified":"2026-01-03T09:30:10","modified_gmt":"2026-01-03T06:30:10","slug":"sicherheitsberater-der-ukraine-verbundeten-treffen-sich-in-kyjiw","status":"publish","type":"post","link":"https:\/\/vof-news.eu\/de\/sicherheitsberater-der-ukraine-verbundeten-treffen-sich-in-kyjiw\/","title":{"rendered":"Sicherheitsberater der Ukraine-Verb\u00fcndeten treffen sich in Kyjiw"},"content":{"rendered":"<div>\n<p>In <span><a href=\"https:\/\/www.zeit.de\/thema\/kiew\" rel=\"nofollow\">Kyjiw<\/a><\/span> kommen heute die nationalen Sicherheitsberater der sogenannten Koalition der Willigen zu Beratungen zusammen. Dem ukrainischen Pr\u00e4sidenten <a href=\"https:\/\/www.zeit.de\/thema\/wolodymyr-selenskyj\" rel=\"nofollow\">Wolodymyr Selenskyj<\/a> zufolge werden Vertreter von etwa 15 Unterst\u00fctzerstaaten der <a href=\"https:\/\/www.zeit.de\/politik\/ausland\/ukraine-krieg-news-liveblog\" rel=\"nofollow\">Ukraine<\/a>\u00a0an den Gespr\u00e4chen teilnehmen. Auch Vertreter der EU und der Nato seien dabei. Eine US-Delegation nimmt nach Angaben von Selenskyj per Videocall an dem Treffen teil.\u00a0\n<\/p>\n<p>In der kommenden Woche sollen Gespr\u00e4che auf Ebene der Staatschefs folgen. Dazu will Selenskyj am Dienstag in Paris mit Spitzenvertretern von Partnerstaaten der <span><a href=\"https:\/\/www.zeit.de\/politik\/ausland\/ukraine-krieg-news-liveblog\" rel=\"nofollow\">Ukraine<\/a><\/span> zusammenkommen.\u00a0\n<\/p>\n<h2>Sicherheitsgarantien im Fokus der Gespr\u00e4che<\/h2>\n<p>Selenskyj erwartet Fortschritte beim schwierigen Thema Sicherheitsgarantien f\u00fcr sein Land. Dazu m\u00fcssten noch Details gekl\u00e4rt werden, sagte er. Sicherheitsgarantien sollen der Ukraine einen zuverl\u00e4ssigen Schutz vor neuen russischen Angriffen gew\u00e4hrleisten und gelten deshalb als zentral in einem m\u00f6glichen k\u00fcnftigen Friedensabkommen.\u00a0\n<\/p>\n<p>Die internationalen Bem\u00fchungen, den Krieg in der Ukraine zu beenden, hatten sich j\u00fcngst wieder verst\u00e4rkt. Am Sonntag waren Selenskyj und <a href=\"https:\/\/www.zeit.de\/thema\/donald-trump\" rel=\"nofollow\">US-Pr\u00e4sident Donald Trump<\/a> in dessen Privatanwesen in Florida zu einem Gespr\u00e4ch zusammengekommen. Beide Seiten <a href=\"https:\/\/www.zeit.de\/politik\/ausland\/2025-12\/ukraine-verhandlungen-donald-trump-wolodymyr-selenykyj-florida-gxe\" rel=\"nofollow\">meldeten danach Fortschritte<\/a>, ein Ende des seit fast vier Jahren andauernden russischen Angriffskriegs zeichnet sich aber nicht ab.\u00a0\n<\/p>\n<p>F\u00fcr eine Friedensvereinbarung ist vor allem auch weiter die Kernfrage um die von <a href=\"https:\/\/www.zeit.de\/thema\/russland\" rel=\"nofollow\">Russland<\/a>\u00a0geforderten Gebietsabtretungen offen. Einen solchen Verzicht lehnt die Ukraine ab. Zudem sitzt Russland nicht mit am Verhandlungstisch.\n<\/p>\n<p><a href=\"https:\/\/www.zeit.de\/politik\/ausland\/ukraine-krieg-news-liveblog\" rel=\"nofollow\"><\/a>\n<\/p>\n<\/div>\n","protected":false},"excerpt":{"rendered":"<p>In Kyjiw kommen heute die nationalen Sicherheitsberater der sogenannten Koalition der Willigen zu Beratungen zusammen. Dem ukrainischen Pr\u00e4sidenten Wolodymyr Selenskyj zufolge werden Vertreter von etwa 15 Unterst\u00fctzerstaaten der Ukraine\u00a0an den Gespr\u00e4chen teilnehmen. Auch Vertreter der EU und der Nato seien dabei. Eine US-Delegation nimmt nach Angaben von Selenskyj per Videocall an dem Treffen teil.\u00a0 In<\/p>\n","protected":false},"author":1,"featured_media":312890,"comment_status":"open","ping_status":"open","sticky":false,"template":"","format":"standard","meta":{"footnotes":""},"categories":[116],"tags":[],"class_list":["post-312889","post","type-post","status-publish","format-standard","has-post-thumbnail","hentry","category-war-chronicles-de"],"acf":[],"yoast_head":"<!-- This site is optimized with the Yoast SEO plugin v22.9 - https:\/\/yoast.com\/wordpress\/plugins\/seo\/ -->\n<title>Sicherheitsberater der Ukraine-Verb\u00fcndeten treffen sich in Kyjiw - vof-news.eu<\/title>\n<meta name=\"description\" content=\"In Kyjiw kommen heute die nationalen Sicherheitsberater der sogenannten Koalition der Willigen zu Beratungen zusammen. Dem ukrainischen Pr\u00e4sidenten Wolodymyr Selenskyj zufolge werden Vertreter von etwa 15 Unterst\u00fctzerstaaten der Ukraine\u00a0an den Gespr\u00e4chen teilnehmen. Auch Vertreter der EU und der Nato seien dabei. Eine US-Delegation nimmt nach Angaben von Selenskyj per Videocall an dem Treffen teil.\u00a0\" \/>\n<meta name=\"robots\" content=\"noindex, follow, max-snippet:-1, max-image-preview:large, max-video-preview:-1\" \/>\n<meta property=\"og:locale\" content=\"de_DE\" \/>\n<meta property=\"og:type\" content=\"article\" \/>\n<meta property=\"og:title\" content=\"Sicherheitsberater der Ukraine-Verb\u00fcndeten treffen sich in Kyjiw - vof-news.eu\" \/>\n<meta property=\"og:description\" content=\"In Kyjiw kommen heute die nationalen Sicherheitsberater der sogenannten Koalition der Willigen zu Beratungen zusammen. Dem ukrainischen Pr\u00e4sidenten Wolodymyr Selenskyj zufolge werden Vertreter von etwa 15 Unterst\u00fctzerstaaten der Ukraine\u00a0an den Gespr\u00e4chen teilnehmen. Auch Vertreter der EU und der Nato seien dabei. Eine US-Delegation nimmt nach Angaben von Selenskyj per Videocall an dem Treffen teil.\u00a0\" \/>\n<meta property=\"og:url\" content=\"https:\/\/vof-news.eu\/de\/sicherheitsberater-der-ukraine-verbundeten-treffen-sich-in-kyjiw\/\" \/>\n<meta property=\"og:site_name\" content=\"vof-news.eu\" \/>\n<meta property=\"article:published_time\" content=\"2026-01-03T06:28:13+00:00\" \/>\n<meta property=\"article:modified_time\" content=\"2026-01-03T06:30:10+00:00\" \/>\n<meta property=\"og:image\" content=\"https:\/\/vof-news.eu\/wp-content\/uploads\/2026\/01\/wide__1000x562-10.jpg\" \/>\n\t<meta property=\"og:image:width\" content=\"1000\" \/>\n\t<meta property=\"og:image:height\" content=\"562\" \/>\n\t<meta property=\"og:image:type\" content=\"image\/jpeg\" \/>\n<meta name=\"author\" content=\"Author\" \/>\n<meta name=\"twitter:card\" content=\"summary_large_image\" \/>\n<meta name=\"twitter:label1\" content=\"Verfasst von\" \/>\n\t<meta name=\"twitter:data1\" content=\"Author\" \/>\n\t<meta name=\"twitter:label2\" content=\"Gesch\u00e4tzte Lesezeit\" \/>\n\t<meta name=\"twitter:data2\" content=\"1\u00a0Minute\" \/>\n<script type=\"application\/ld+json\" class=\"yoast-schema-graph\">{\"@context\":\"https:\/\/schema.org\",\"@graph\":[{\"@type\":\"WebPage\",\"@id\":\"https:\/\/vof-news.eu\/de\/sicherheitsberater-der-ukraine-verbundeten-treffen-sich-in-kyjiw\/\",\"url\":\"https:\/\/vof-news.eu\/de\/sicherheitsberater-der-ukraine-verbundeten-treffen-sich-in-kyjiw\/\",\"name\":\"Sicherheitsberater der Ukraine-Verb\u00fcndeten treffen sich in Kyjiw - vof-news.eu\",\"isPartOf\":{\"@id\":\"https:\/\/vof-news.eu\/de\/#website\"},\"primaryImageOfPage\":{\"@id\":\"https:\/\/vof-news.eu\/de\/sicherheitsberater-der-ukraine-verbundeten-treffen-sich-in-kyjiw\/#primaryimage\"},\"image\":{\"@id\":\"https:\/\/vof-news.eu\/de\/sicherheitsberater-der-ukraine-verbundeten-treffen-sich-in-kyjiw\/#primaryimage\"},\"thumbnailUrl\":\"https:\/\/vof-news.eu\/wp-content\/uploads\/2026\/01\/wide__1000x562-10.jpg\",\"datePublished\":\"2026-01-03T06:28:13+00:00\",\"dateModified\":\"2026-01-03T06:30:10+00:00\",\"author\":{\"@id\":\"https:\/\/vof-news.eu\/de\/#\/schema\/person\/f6a2a4309f0561835797fd8c19b333ed\"},\"description\":\"In Kyjiw kommen heute die nationalen Sicherheitsberater der sogenannten Koalition der Willigen zu Beratungen zusammen. Dem ukrainischen Pr\u00e4sidenten Wolodymyr Selenskyj zufolge werden Vertreter von etwa 15 Unterst\u00fctzerstaaten der Ukraine\u00a0an den Gespr\u00e4chen teilnehmen. Auch Vertreter der EU und der Nato seien dabei. Eine US-Delegation nimmt nach Angaben von Selenskyj per Videocall an dem Treffen teil.\u00a0\",\"breadcrumb\":{\"@id\":\"https:\/\/vof-news.eu\/de\/sicherheitsberater-der-ukraine-verbundeten-treffen-sich-in-kyjiw\/#breadcrumb\"},\"inLanguage\":\"de\",\"potentialAction\":[{\"@type\":\"ReadAction\",\"target\":[\"https:\/\/vof-news.eu\/de\/sicherheitsberater-der-ukraine-verbundeten-treffen-sich-in-kyjiw\/\"]}]},{\"@type\":\"ImageObject\",\"inLanguage\":\"de\",\"@id\":\"https:\/\/vof-news.eu\/de\/sicherheitsberater-der-ukraine-verbundeten-treffen-sich-in-kyjiw\/#primaryimage\",\"url\":\"https:\/\/vof-news.eu\/wp-content\/uploads\/2026\/01\/wide__1000x562-10.jpg\",\"contentUrl\":\"https:\/\/vof-news.eu\/wp-content\/uploads\/2026\/01\/wide__1000x562-10.jpg\",\"width\":1000,\"height\":562},{\"@type\":\"BreadcrumbList\",\"@id\":\"https:\/\/vof-news.eu\/de\/sicherheitsberater-der-ukraine-verbundeten-treffen-sich-in-kyjiw\/#breadcrumb\",\"itemListElement\":[{\"@type\":\"ListItem\",\"position\":1,\"name\":\"Home\",\"item\":\"https:\/\/vof-news.eu\/de\/\"},{\"@type\":\"ListItem\",\"position\":2,\"name\":\"Sicherheitsberater der Ukraine-Verb\u00fcndeten treffen sich in Kyjiw\"}]},{\"@type\":\"WebSite\",\"@id\":\"https:\/\/vof-news.eu\/de\/#website\",\"url\":\"https:\/\/vof-news.eu\/de\/\",\"name\":\"vof-news.eu\",\"description\":\"\",\"potentialAction\":[{\"@type\":\"SearchAction\",\"target\":{\"@type\":\"EntryPoint\",\"urlTemplate\":\"https:\/\/vof-news.eu\/de\/?s={search_term_string}\"},\"query-input\":\"required name=search_term_string\"}],\"inLanguage\":\"de\"},{\"@type\":\"Person\",\"@id\":\"https:\/\/vof-news.eu\/de\/#\/schema\/person\/f6a2a4309f0561835797fd8c19b333ed\",\"name\":\"Author\",\"image\":{\"@type\":\"ImageObject\",\"inLanguage\":\"de\",\"@id\":\"https:\/\/vof-news.eu\/de\/#\/schema\/person\/image\/\",\"url\":\"https:\/\/secure.gravatar.com\/avatar\/b67e614b1b25b3e9c0c239efdd2fde5ab015b5affd6f1c3c85911ca4b384e790?s=96&d=mm&r=g\",\"contentUrl\":\"https:\/\/secure.gravatar.com\/avatar\/b67e614b1b25b3e9c0c239efdd2fde5ab015b5affd6f1c3c85911ca4b384e790?s=96&d=mm&r=g\",\"caption\":\"Author\"},\"sameAs\":[\"http:\/\/vof-news.eu\"],\"url\":\"https:\/\/vof-news.eu\/de\/author\/zwt6qxnjulxbnyg\/\"}]}<\/script>\n<!-- \/ Yoast SEO plugin. -->","yoast_head_json":{"title":"Sicherheitsberater der Ukraine-Verb\u00fcndeten treffen sich in Kyjiw - vof-news.eu","description":"In Kyjiw kommen heute die nationalen Sicherheitsberater der sogenannten Koalition der Willigen zu Beratungen zusammen. Dem ukrainischen Pr\u00e4sidenten Wolodymyr Selenskyj zufolge werden Vertreter von etwa 15 Unterst\u00fctzerstaaten der Ukraine\u00a0an den Gespr\u00e4chen teilnehmen. Auch Vertreter der EU und der Nato seien dabei. Eine US-Delegation nimmt nach Angaben von Selenskyj per Videocall an dem Treffen teil.\u00a0","robots":{"index":"noindex","follow":"follow","max-snippet":"max-snippet:-1","max-image-preview":"max-image-preview:large","max-video-preview":"max-video-preview:-1"},"og_locale":"de_DE","og_type":"article","og_title":"Sicherheitsberater der Ukraine-Verb\u00fcndeten treffen sich in Kyjiw - vof-news.eu","og_description":"In Kyjiw kommen heute die nationalen Sicherheitsberater der sogenannten Koalition der Willigen zu Beratungen zusammen. Dem ukrainischen Pr\u00e4sidenten Wolodymyr Selenskyj zufolge werden Vertreter von etwa 15 Unterst\u00fctzerstaaten der Ukraine\u00a0an den Gespr\u00e4chen teilnehmen. Auch Vertreter der EU und der Nato seien dabei. Eine US-Delegation nimmt nach Angaben von Selenskyj per Videocall an dem Treffen teil.\u00a0","og_url":"https:\/\/vof-news.eu\/de\/sicherheitsberater-der-ukraine-verbundeten-treffen-sich-in-kyjiw\/","og_site_name":"vof-news.eu","article_published_time":"2026-01-03T06:28:13+00:00","article_modified_time":"2026-01-03T06:30:10+00:00","og_image":[{"width":1000,"height":562,"url":"https:\/\/vof-news.eu\/wp-content\/uploads\/2026\/01\/wide__1000x562-10.jpg","type":"image\/jpeg"}],"author":"Author","twitter_card":"summary_large_image","twitter_misc":{"Verfasst von":"Author","Gesch\u00e4tzte Lesezeit":"1\u00a0Minute"},"schema":{"@context":"https:\/\/schema.org","@graph":[{"@type":"WebPage","@id":"https:\/\/vof-news.eu\/de\/sicherheitsberater-der-ukraine-verbundeten-treffen-sich-in-kyjiw\/","url":"https:\/\/vof-news.eu\/de\/sicherheitsberater-der-ukraine-verbundeten-treffen-sich-in-kyjiw\/","name":"Sicherheitsberater der Ukraine-Verb\u00fcndeten treffen sich in Kyjiw - vof-news.eu","isPartOf":{"@id":"https:\/\/vof-news.eu\/de\/#website"},"primaryImageOfPage":{"@id":"https:\/\/vof-news.eu\/de\/sicherheitsberater-der-ukraine-verbundeten-treffen-sich-in-kyjiw\/#primaryimage"},"image":{"@id":"https:\/\/vof-news.eu\/de\/sicherheitsberater-der-ukraine-verbundeten-treffen-sich-in-kyjiw\/#primaryimage"},"thumbnailUrl":"https:\/\/vof-news.eu\/wp-content\/uploads\/2026\/01\/wide__1000x562-10.jpg","datePublished":"2026-01-03T06:28:13+00:00","dateModified":"2026-01-03T06:30:10+00:00","author":{"@id":"https:\/\/vof-news.eu\/de\/#\/schema\/person\/f6a2a4309f0561835797fd8c19b333ed"},"description":"In Kyjiw kommen heute die nationalen Sicherheitsberater der sogenannten Koalition der Willigen zu Beratungen zusammen. Dem ukrainischen Pr\u00e4sidenten Wolodymyr Selenskyj zufolge werden Vertreter von etwa 15 Unterst\u00fctzerstaaten der Ukraine\u00a0an den Gespr\u00e4chen teilnehmen. Auch Vertreter der EU und der Nato seien dabei. Eine US-Delegation nimmt nach Angaben von Selenskyj per Videocall an dem Treffen teil.\u00a0","breadcrumb":{"@id":"https:\/\/vof-news.eu\/de\/sicherheitsberater-der-ukraine-verbundeten-treffen-sich-in-kyjiw\/#breadcrumb"},"inLanguage":"de","potentialAction":[{"@type":"ReadAction","target":["https:\/\/vof-news.eu\/de\/sicherheitsberater-der-ukraine-verbundeten-treffen-sich-in-kyjiw\/"]}]},{"@type":"ImageObject","inLanguage":"de","@id":"https:\/\/vof-news.eu\/de\/sicherheitsberater-der-ukraine-verbundeten-treffen-sich-in-kyjiw\/#primaryimage","url":"https:\/\/vof-news.eu\/wp-content\/uploads\/2026\/01\/wide__1000x562-10.jpg","contentUrl":"https:\/\/vof-news.eu\/wp-content\/uploads\/2026\/01\/wide__1000x562-10.jpg","width":1000,"height":562},{"@type":"BreadcrumbList","@id":"https:\/\/vof-news.eu\/de\/sicherheitsberater-der-ukraine-verbundeten-treffen-sich-in-kyjiw\/#breadcrumb","itemListElement":[{"@type":"ListItem","position":1,"name":"Home","item":"https:\/\/vof-news.eu\/de\/"},{"@type":"ListItem","position":2,"name":"Sicherheitsberater der Ukraine-Verb\u00fcndeten treffen sich in Kyjiw"}]},{"@type":"WebSite","@id":"https:\/\/vof-news.eu\/de\/#website","url":"https:\/\/vof-news.eu\/de\/","name":"vof-news.eu","description":"","potentialAction":[{"@type":"SearchAction","target":{"@type":"EntryPoint","urlTemplate":"https:\/\/vof-news.eu\/de\/?s={search_term_string}"},"query-input":"required name=search_term_string"}],"inLanguage":"de"},{"@type":"Person","@id":"https:\/\/vof-news.eu\/de\/#\/schema\/person\/f6a2a4309f0561835797fd8c19b333ed","name":"Author","image":{"@type":"ImageObject","inLanguage":"de","@id":"https:\/\/vof-news.eu\/de\/#\/schema\/person\/image\/","url":"https:\/\/secure.gravatar.com\/avatar\/b67e614b1b25b3e9c0c239efdd2fde5ab015b5affd6f1c3c85911ca4b384e790?s=96&d=mm&r=g","contentUrl":"https:\/\/secure.gravatar.com\/avatar\/b67e614b1b25b3e9c0c239efdd2fde5ab015b5affd6f1c3c85911ca4b384e790?s=96&d=mm&r=g","caption":"Author"},"sameAs":["http:\/\/vof-news.eu"],"url":"https:\/\/vof-news.eu\/de\/author\/zwt6qxnjulxbnyg\/"}]}},"yoast_meta":{"yoast_wpseo_title":"","yoast_wpseo_metadesc":"","yoast_wpseo_canonical":""},"_links":{"self":[{"href":"https:\/\/vof-news.eu\/de\/wp-json\/wp\/v2\/posts\/312889","targetHints":{"allow":["GET"]}}],"collection":[{"href":"https:\/\/vof-news.eu\/de\/wp-json\/wp\/v2\/posts"}],"about":[{"href":"https:\/\/vof-news.eu\/de\/wp-json\/wp\/v2\/types\/post"}],"author":[{"embeddable":true,"href":"https:\/\/vof-news.eu\/de\/wp-json\/wp\/v2\/users\/1"}],"replies":[{"embeddable":true,"href":"https:\/\/vof-news.eu\/de\/wp-json\/wp\/v2\/comments?post=312889"}],"version-history":[{"count":1,"href":"https:\/\/vof-news.eu\/de\/wp-json\/wp\/v2\/posts\/312889\/revisions"}],"predecessor-version":[{"id":312896,"href":"https:\/\/vof-news.eu\/de\/wp-json\/wp\/v2\/posts\/312889\/revisions\/312896"}],"wp:featuredmedia":[{"embeddable":true,"href":"https:\/\/vof-news.eu\/de\/wp-json\/wp\/v2\/media\/312890"}],"wp:attachment":[{"href":"https:\/\/vof-news.eu\/de\/wp-json\/wp\/v2\/media?parent=312889"}],"wp:term":[{"taxonomy":"category","embeddable":true,"href":"https:\/\/vof-news.eu\/de\/wp-json\/wp\/v2\/categories?post=312889"},{"taxonomy":"post_tag","embeddable":true,"href":"https:\/\/vof-news.eu\/de\/wp-json\/wp\/v2\/tags?post=312889"}],"curies":[{"name":"wp","href":"https:\/\/api.w.org\/{rel}","templated":true}]}}