{"id":312768,"date":"2026-01-02T17:28:12","date_gmt":"2026-01-02T14:28:12","guid":{"rendered":"https:\/\/vof-news.eu\/geheimdienstchef-kyrylo-budanow-wird-selenskyjs-neuer-stabschef\/"},"modified":"2026-01-02T17:29:52","modified_gmt":"2026-01-02T14:29:52","slug":"geheimdienstchef-kyrylo-budanow-wird-selenskyjs-neuer-stabschef","status":"publish","type":"post","link":"https:\/\/vof-news.eu\/de\/geheimdienstchef-kyrylo-budanow-wird-selenskyjs-neuer-stabschef\/","title":{"rendered":"Geheimdienstchef Kyrylo Budanow wird Selenskyjs neuer Stabschef"},"content":{"rendered":"<div>\n<p>Der ukrainische Pr\u00e4sident <span><a href=\"https:\/\/www.zeit.de\/thema\/wolodymyr-selenskyj\" rel=\"nofollow\">Wolodymyr Selenskyj<\/a><\/span> hat sich mehr als einen Monat nach der Entlassung<br \/>\nseines langj\u00e4hrigen B\u00fcroleiters und Weggef\u00e4hrten Andrij Jermak f\u00fcr einen<br \/>\n Nachfolger entschieden. Er habe Kyrylo Budanow, dem Leiter des ukrainischen Milit\u00e4rgeheimdiensts HUR, den Posten seines Stabschefs angeboten, <a href=\"https:\/\/t.me\/V_Zelenskiy_official\/17511\" rel=\"nofollow\">teilte der ukrainische Pr\u00e4sident mit<\/a>.\u00a0\n<\/p>\n<p>Eine formelle Ernennung Budanows zum Leiter der Pr\u00e4sidentenverwaltung gab Selenskyj zun\u00e4chst nicht bekannt. Allerdings hatte der Pr\u00e4sident <a href=\"https:\/\/www.rbc.ua\/ukr\/news\/zelenskiy-viznachivsya-novim-golovoyu-op-1767112785.html\" rel=\"nofollow\">bereits am 30. Dezember mitgeteilt<\/a>, er habe sich f\u00fcr einen Kandidaten f\u00fcr den Posten an der Spitze seines Stabs entschieden.\n<\/p>\n<p>&#8222;Die Ukraine muss sich jetzt auf Sicherheitsfragen sowie Verhandlungsdiplomatie fokussieren,<br \/>\n und das Pr\u00e4sidentenb\u00fcro wird sich allem voran damit befassen, diese<br \/>\nAufgaben zu l\u00f6sen&#8220;, schrieb Selenskyj auf Telegram. &#8222;Kyrylo hat eine<br \/>\nbesondere Erfahrung in diesen Bereichen und gen\u00fcgend Kraft, um<br \/>\nErgebnisse zu erzielen.&#8220;\u00a0\n<\/p>\n<p>Kurz nach Selenskyjs \u00c4u\u00dferung gab Budanow bekannt, den Posten anzunehmen. &#8222;Ich werde der Ukraine weiterhin dienen&#8220;, <a href=\"https:\/\/t.me\/ChiefUkrDIU\/305\" rel=\"nofollow\">schrieb Budanow auf Telegram<\/a>. &#8222;Ich halte das Amt des Leiters der Pr\u00e4sidentenverwaltung f\u00fcr einen weiteren Schritt der Verantwortung gegen\u00fcber (meinem) Land.&#8220; Es sei eine &#8222;Ehre&#8220;, in einem &#8222;historischen Moment&#8220; f\u00fcr die <span><a href=\"https:\/\/www.zeit.de\/politik\/ausland\/ukraine-krieg-news-liveblog\" rel=\"nofollow\">Ukraine<\/a><\/span> an der Sicherheit des Landes zu arbeiten.\u00a0\n<\/p>\n<h2>Geheimdienstchef und m\u00f6glicher Selenskyj-Nachfolger<\/h2>\n<p>Budanow leitet den HUR seit 2020. Er hat den Rang eines Generalleutnants und geh\u00f6rt zu den bekanntesten Pers\u00f6nlichkeiten im ukrainischen <span><a href=\"https:\/\/www.zeit.de\/thema\/militaer\" rel=\"nofollow\">Milit\u00e4r<\/a><\/span>. Unter<br \/>\n anderem ist Budanow daf\u00fcr bekannt, riskante Eins\u00e4tze pers\u00f6nlich zu<br \/>\nleiten. Auch nahm er mehrmals an informellen Gespr\u00e4chen mit Vertretern Russlands teil.\u00a0\n<\/p>\n<p>Vor allem im ersten Kriegsjahr war Budanow mit mehreren Prognosen zum Kriegsverlauf, die sp\u00e4ter eintrafen, bekannt geworden. Aufsehenerregende Aktionen wie Angriffe auf milit\u00e4rische Infrastruktur sowie Anschl\u00e4ge auf Milit\u00e4rs in Russland oder russisch besetzten Gebieten wurden schon fr\u00fch Budanows Beh\u00f6rde HUR zugesprochen.\n<\/p>\n<p>Ab 2023 hatten sich jedoch einige Vorhersagen des Geheimdienstchefs, darunter etwa zur R\u00fcckeroberung besetzter Gebiete, nicht erf\u00fcllt. Unter anderem wurde ihm vorgeworfen, medienwirksame Aussagen zu t\u00e4tigen, welche die tats\u00e4chliche Lage nicht abbildeten. Anschlie\u00dfend nahm sich Budanow mit Prognosen zur\u00fcck, \u00e4u\u00dferte sich aber weiterhin h\u00e4ufig \u00f6ffentlich zum Kriegsverlauf.\n<\/p>\n<p>Zudem gilt Budanow als m\u00f6glicher Mitfavorit bei der n\u00e4chsten ukrainischen Pr\u00e4sidentschaftswahl, deren Zeitpunkt allerdings unklar ist. <a href=\"https:\/\/news.novyny.live\/en\/zelensky-zaluzhnyi-budanov-who-tops-the-presidential-rating-302594.html\" rel=\"nofollow\">In einigen Umfragen vom Dezember 2025 lag er<\/a> \u2013 allerdings deutlich abgeschlagen \u2013 auf Platz drei hinter Amtsinhaber Selenskyj und dem ehemaligen ukrainischen Milit\u00e4rchef und jetzigem Botschafter in Gro\u00dfbritannien, Walerij Saluschnyj.\n<\/p>\n<h2>Jermak st\u00fcrzte \u00fcber Korruptionsskandal \u2013 Beteiligung nicht bewiesen<\/h2>\n<p>Selenskyjs bisheriger Stabschef Jermak, dessen Nachfolger Budanow werden soll, galt in den vergangenen Jahren als zweitm\u00e4chtigster Mann der ukrainischen Politik<br \/>\n und war der engste Vertraute Selenskyjs. Zahlreiche \u00c4mter wurden mit<br \/>\nPersonen besetzt, die Jermak nahestanden; <a href=\"https:\/\/www.zeit.de\/2025\/50\/wolodymyr-selenskyj-ukraine-krieg-korruption-berater\" rel=\"nofollow\">Kritiker bem\u00e4ngelten, dass<br \/>\nJermak den Zugang zu Selenskyj kontrolliere und zu viel Einfluss habe<\/a>.\n<\/p>\n<p><a href=\"https:\/\/www.zeit.de\/politik\/ausland\/2025-11\/ukraine-korruption-wolodymyr-selenskyj-ruecktritte-minister\" rel=\"nofollow\">Im Zuge des Korruptionsskandals<\/a> im ukrainischen Energienetz folgte Selenskyj nach wochenlangem Widerstand Forderungen aus dem Parlament und der Gesellschaft <a href=\"https:\/\/www.zeit.de\/politik\/ausland\/2025-11\/andrij-jermank-durchsuchung-korruption-ukraine-wolodymyr-selenskyj\" rel=\"nofollow\">und entlie\u00df Jermak<\/a> Ende November. Kurz zuvor hatten Antikorruptionsermittler dessen Wohnung durchsucht. Eine formelle Anschuldigung der Justizbeh\u00f6rden gegen ihn gab es seitdem allerdings nicht.\u00a0\n<\/p>\n<p>Ukrainische Medien spekulierten daraufhin, es gebe wom\u00f6glich keine Beweise f\u00fcr eine Beteiligung Jermaks an dem Korruptionsskandal \u2013 und die Durchsuchung sei ein Instrument gewesen, um Selenskyj zur Entlassung seines unbeliebten Mitarbeiters zu dr\u00e4ngen. Anderen Medienberichten zufolge soll Jermak auch weiterhin in Kontakt zu Selenskyj stehen.\u00a0\n<\/p>\n<p>Bereits kurz nach der Entlassung Jermaks hatte Selenskyj von Gespr\u00e4chen mit Budanow berichtet, wodurch der HUR-Chef neben Regierungschef Denys Schmyhal und Digitalminister Mychajlo Fedorow als einer der aussichtsreichsten Kandidaten f\u00fcr die Nachfolge Jermaks galt.\n<\/p>\n<p><a href=\"https:\/\/www.zeit.de\/politik\/ausland\/ukraine-krieg-news-liveblog\" rel=\"nofollow\"><\/a>\n<\/p>\n<\/div>\n","protected":false},"excerpt":{"rendered":"<p>Der ukrainische Pr\u00e4sident Wolodymyr Selenskyj hat sich mehr als einen Monat nach der Entlassung seines langj\u00e4hrigen B\u00fcroleiters und Weggef\u00e4hrten Andrij Jermak f\u00fcr einen Nachfolger entschieden. Er habe Kyrylo Budanow, dem Leiter des ukrainischen Milit\u00e4rgeheimdiensts HUR, den Posten seines Stabschefs angeboten, teilte der ukrainische Pr\u00e4sident mit.\u00a0 Eine formelle Ernennung Budanows zum Leiter der Pr\u00e4sidentenverwaltung gab Selenskyj<\/p>\n","protected":false},"author":1,"featured_media":312769,"comment_status":"open","ping_status":"open","sticky":false,"template":"","format":"standard","meta":{"footnotes":""},"categories":[116],"tags":[],"class_list":["post-312768","post","type-post","status-publish","format-standard","has-post-thumbnail","hentry","category-war-chronicles-de"],"acf":[],"yoast_head":"<!-- This site is optimized with the Yoast SEO plugin v22.9 - https:\/\/yoast.com\/wordpress\/plugins\/seo\/ -->\n<title>Geheimdienstchef Kyrylo Budanow wird Selenskyjs neuer Stabschef - vof-news.eu<\/title>\n<meta name=\"description\" content=\"Der ukrainische Pr\u00e4sident Wolodymyr Selenskyj hat sich mehr als einen Monat nach der Entlassung\" \/>\n<meta name=\"robots\" content=\"noindex, follow, max-snippet:-1, max-image-preview:large, max-video-preview:-1\" \/>\n<meta property=\"og:locale\" content=\"de_DE\" \/>\n<meta property=\"og:type\" content=\"article\" \/>\n<meta property=\"og:title\" content=\"Geheimdienstchef Kyrylo Budanow wird Selenskyjs neuer Stabschef - vof-news.eu\" \/>\n<meta property=\"og:description\" content=\"Der ukrainische Pr\u00e4sident Wolodymyr Selenskyj hat sich mehr als einen Monat nach der Entlassung\" \/>\n<meta property=\"og:url\" content=\"https:\/\/vof-news.eu\/de\/geheimdienstchef-kyrylo-budanow-wird-selenskyjs-neuer-stabschef\/\" \/>\n<meta property=\"og:site_name\" content=\"vof-news.eu\" \/>\n<meta property=\"article:published_time\" content=\"2026-01-02T14:28:12+00:00\" \/>\n<meta property=\"article:modified_time\" content=\"2026-01-02T14:29:52+00:00\" \/>\n<meta property=\"og:image\" content=\"https:\/\/vof-news.eu\/wp-content\/uploads\/2026\/01\/wide__1000x562-8.jpg\" \/>\n\t<meta property=\"og:image:width\" content=\"1000\" \/>\n\t<meta property=\"og:image:height\" content=\"562\" \/>\n\t<meta property=\"og:image:type\" content=\"image\/jpeg\" \/>\n<meta name=\"author\" content=\"Author\" \/>\n<meta name=\"twitter:card\" content=\"summary_large_image\" \/>\n<meta name=\"twitter:label1\" content=\"Verfasst von\" \/>\n\t<meta name=\"twitter:data1\" content=\"Author\" \/>\n\t<meta name=\"twitter:label2\" content=\"Gesch\u00e4tzte Lesezeit\" \/>\n\t<meta name=\"twitter:data2\" content=\"3\u00a0Minuten\" \/>\n<script type=\"application\/ld+json\" class=\"yoast-schema-graph\">{\"@context\":\"https:\/\/schema.org\",\"@graph\":[{\"@type\":\"WebPage\",\"@id\":\"https:\/\/vof-news.eu\/de\/geheimdienstchef-kyrylo-budanow-wird-selenskyjs-neuer-stabschef\/\",\"url\":\"https:\/\/vof-news.eu\/de\/geheimdienstchef-kyrylo-budanow-wird-selenskyjs-neuer-stabschef\/\",\"name\":\"Geheimdienstchef Kyrylo Budanow wird Selenskyjs neuer Stabschef - vof-news.eu\",\"isPartOf\":{\"@id\":\"https:\/\/vof-news.eu\/de\/#website\"},\"primaryImageOfPage\":{\"@id\":\"https:\/\/vof-news.eu\/de\/geheimdienstchef-kyrylo-budanow-wird-selenskyjs-neuer-stabschef\/#primaryimage\"},\"image\":{\"@id\":\"https:\/\/vof-news.eu\/de\/geheimdienstchef-kyrylo-budanow-wird-selenskyjs-neuer-stabschef\/#primaryimage\"},\"thumbnailUrl\":\"https:\/\/vof-news.eu\/wp-content\/uploads\/2026\/01\/wide__1000x562-8.jpg\",\"datePublished\":\"2026-01-02T14:28:12+00:00\",\"dateModified\":\"2026-01-02T14:29:52+00:00\",\"author\":{\"@id\":\"https:\/\/vof-news.eu\/de\/#\/schema\/person\/f6a2a4309f0561835797fd8c19b333ed\"},\"description\":\"Der ukrainische Pr\u00e4sident Wolodymyr Selenskyj hat sich mehr als einen Monat nach der Entlassung\",\"breadcrumb\":{\"@id\":\"https:\/\/vof-news.eu\/de\/geheimdienstchef-kyrylo-budanow-wird-selenskyjs-neuer-stabschef\/#breadcrumb\"},\"inLanguage\":\"de\",\"potentialAction\":[{\"@type\":\"ReadAction\",\"target\":[\"https:\/\/vof-news.eu\/de\/geheimdienstchef-kyrylo-budanow-wird-selenskyjs-neuer-stabschef\/\"]}]},{\"@type\":\"ImageObject\",\"inLanguage\":\"de\",\"@id\":\"https:\/\/vof-news.eu\/de\/geheimdienstchef-kyrylo-budanow-wird-selenskyjs-neuer-stabschef\/#primaryimage\",\"url\":\"https:\/\/vof-news.eu\/wp-content\/uploads\/2026\/01\/wide__1000x562-8.jpg\",\"contentUrl\":\"https:\/\/vof-news.eu\/wp-content\/uploads\/2026\/01\/wide__1000x562-8.jpg\",\"width\":1000,\"height\":562},{\"@type\":\"BreadcrumbList\",\"@id\":\"https:\/\/vof-news.eu\/de\/geheimdienstchef-kyrylo-budanow-wird-selenskyjs-neuer-stabschef\/#breadcrumb\",\"itemListElement\":[{\"@type\":\"ListItem\",\"position\":1,\"name\":\"Home\",\"item\":\"https:\/\/vof-news.eu\/de\/\"},{\"@type\":\"ListItem\",\"position\":2,\"name\":\"Geheimdienstchef Kyrylo Budanow wird Selenskyjs neuer Stabschef\"}]},{\"@type\":\"WebSite\",\"@id\":\"https:\/\/vof-news.eu\/de\/#website\",\"url\":\"https:\/\/vof-news.eu\/de\/\",\"name\":\"vof-news.eu\",\"description\":\"\",\"potentialAction\":[{\"@type\":\"SearchAction\",\"target\":{\"@type\":\"EntryPoint\",\"urlTemplate\":\"https:\/\/vof-news.eu\/de\/?s={search_term_string}\"},\"query-input\":\"required name=search_term_string\"}],\"inLanguage\":\"de\"},{\"@type\":\"Person\",\"@id\":\"https:\/\/vof-news.eu\/de\/#\/schema\/person\/f6a2a4309f0561835797fd8c19b333ed\",\"name\":\"Author\",\"image\":{\"@type\":\"ImageObject\",\"inLanguage\":\"de\",\"@id\":\"https:\/\/vof-news.eu\/de\/#\/schema\/person\/image\/\",\"url\":\"https:\/\/secure.gravatar.com\/avatar\/b67e614b1b25b3e9c0c239efdd2fde5ab015b5affd6f1c3c85911ca4b384e790?s=96&d=mm&r=g\",\"contentUrl\":\"https:\/\/secure.gravatar.com\/avatar\/b67e614b1b25b3e9c0c239efdd2fde5ab015b5affd6f1c3c85911ca4b384e790?s=96&d=mm&r=g\",\"caption\":\"Author\"},\"sameAs\":[\"http:\/\/vof-news.eu\"],\"url\":\"https:\/\/vof-news.eu\/de\/author\/zwt6qxnjulxbnyg\/\"}]}<\/script>\n<!-- \/ Yoast SEO plugin. -->","yoast_head_json":{"title":"Geheimdienstchef Kyrylo Budanow wird Selenskyjs neuer Stabschef - vof-news.eu","description":"Der ukrainische Pr\u00e4sident Wolodymyr Selenskyj hat sich mehr als einen Monat nach der Entlassung","robots":{"index":"noindex","follow":"follow","max-snippet":"max-snippet:-1","max-image-preview":"max-image-preview:large","max-video-preview":"max-video-preview:-1"},"og_locale":"de_DE","og_type":"article","og_title":"Geheimdienstchef Kyrylo Budanow wird Selenskyjs neuer Stabschef - vof-news.eu","og_description":"Der ukrainische Pr\u00e4sident Wolodymyr Selenskyj hat sich mehr als einen Monat nach der Entlassung","og_url":"https:\/\/vof-news.eu\/de\/geheimdienstchef-kyrylo-budanow-wird-selenskyjs-neuer-stabschef\/","og_site_name":"vof-news.eu","article_published_time":"2026-01-02T14:28:12+00:00","article_modified_time":"2026-01-02T14:29:52+00:00","og_image":[{"width":1000,"height":562,"url":"https:\/\/vof-news.eu\/wp-content\/uploads\/2026\/01\/wide__1000x562-8.jpg","type":"image\/jpeg"}],"author":"Author","twitter_card":"summary_large_image","twitter_misc":{"Verfasst von":"Author","Gesch\u00e4tzte Lesezeit":"3\u00a0Minuten"},"schema":{"@context":"https:\/\/schema.org","@graph":[{"@type":"WebPage","@id":"https:\/\/vof-news.eu\/de\/geheimdienstchef-kyrylo-budanow-wird-selenskyjs-neuer-stabschef\/","url":"https:\/\/vof-news.eu\/de\/geheimdienstchef-kyrylo-budanow-wird-selenskyjs-neuer-stabschef\/","name":"Geheimdienstchef Kyrylo Budanow wird Selenskyjs neuer Stabschef - vof-news.eu","isPartOf":{"@id":"https:\/\/vof-news.eu\/de\/#website"},"primaryImageOfPage":{"@id":"https:\/\/vof-news.eu\/de\/geheimdienstchef-kyrylo-budanow-wird-selenskyjs-neuer-stabschef\/#primaryimage"},"image":{"@id":"https:\/\/vof-news.eu\/de\/geheimdienstchef-kyrylo-budanow-wird-selenskyjs-neuer-stabschef\/#primaryimage"},"thumbnailUrl":"https:\/\/vof-news.eu\/wp-content\/uploads\/2026\/01\/wide__1000x562-8.jpg","datePublished":"2026-01-02T14:28:12+00:00","dateModified":"2026-01-02T14:29:52+00:00","author":{"@id":"https:\/\/vof-news.eu\/de\/#\/schema\/person\/f6a2a4309f0561835797fd8c19b333ed"},"description":"Der ukrainische Pr\u00e4sident Wolodymyr Selenskyj hat sich mehr als einen Monat nach der Entlassung","breadcrumb":{"@id":"https:\/\/vof-news.eu\/de\/geheimdienstchef-kyrylo-budanow-wird-selenskyjs-neuer-stabschef\/#breadcrumb"},"inLanguage":"de","potentialAction":[{"@type":"ReadAction","target":["https:\/\/vof-news.eu\/de\/geheimdienstchef-kyrylo-budanow-wird-selenskyjs-neuer-stabschef\/"]}]},{"@type":"ImageObject","inLanguage":"de","@id":"https:\/\/vof-news.eu\/de\/geheimdienstchef-kyrylo-budanow-wird-selenskyjs-neuer-stabschef\/#primaryimage","url":"https:\/\/vof-news.eu\/wp-content\/uploads\/2026\/01\/wide__1000x562-8.jpg","contentUrl":"https:\/\/vof-news.eu\/wp-content\/uploads\/2026\/01\/wide__1000x562-8.jpg","width":1000,"height":562},{"@type":"BreadcrumbList","@id":"https:\/\/vof-news.eu\/de\/geheimdienstchef-kyrylo-budanow-wird-selenskyjs-neuer-stabschef\/#breadcrumb","itemListElement":[{"@type":"ListItem","position":1,"name":"Home","item":"https:\/\/vof-news.eu\/de\/"},{"@type":"ListItem","position":2,"name":"Geheimdienstchef Kyrylo Budanow wird Selenskyjs neuer Stabschef"}]},{"@type":"WebSite","@id":"https:\/\/vof-news.eu\/de\/#website","url":"https:\/\/vof-news.eu\/de\/","name":"vof-news.eu","description":"","potentialAction":[{"@type":"SearchAction","target":{"@type":"EntryPoint","urlTemplate":"https:\/\/vof-news.eu\/de\/?s={search_term_string}"},"query-input":"required name=search_term_string"}],"inLanguage":"de"},{"@type":"Person","@id":"https:\/\/vof-news.eu\/de\/#\/schema\/person\/f6a2a4309f0561835797fd8c19b333ed","name":"Author","image":{"@type":"ImageObject","inLanguage":"de","@id":"https:\/\/vof-news.eu\/de\/#\/schema\/person\/image\/","url":"https:\/\/secure.gravatar.com\/avatar\/b67e614b1b25b3e9c0c239efdd2fde5ab015b5affd6f1c3c85911ca4b384e790?s=96&d=mm&r=g","contentUrl":"https:\/\/secure.gravatar.com\/avatar\/b67e614b1b25b3e9c0c239efdd2fde5ab015b5affd6f1c3c85911ca4b384e790?s=96&d=mm&r=g","caption":"Author"},"sameAs":["http:\/\/vof-news.eu"],"url":"https:\/\/vof-news.eu\/de\/author\/zwt6qxnjulxbnyg\/"}]}},"yoast_meta":{"yoast_wpseo_title":"","yoast_wpseo_metadesc":"","yoast_wpseo_canonical":""},"_links":{"self":[{"href":"https:\/\/vof-news.eu\/de\/wp-json\/wp\/v2\/posts\/312768","targetHints":{"allow":["GET"]}}],"collection":[{"href":"https:\/\/vof-news.eu\/de\/wp-json\/wp\/v2\/posts"}],"about":[{"href":"https:\/\/vof-news.eu\/de\/wp-json\/wp\/v2\/types\/post"}],"author":[{"embeddable":true,"href":"https:\/\/vof-news.eu\/de\/wp-json\/wp\/v2\/users\/1"}],"replies":[{"embeddable":true,"href":"https:\/\/vof-news.eu\/de\/wp-json\/wp\/v2\/comments?post=312768"}],"version-history":[{"count":1,"href":"https:\/\/vof-news.eu\/de\/wp-json\/wp\/v2\/posts\/312768\/revisions"}],"predecessor-version":[{"id":312775,"href":"https:\/\/vof-news.eu\/de\/wp-json\/wp\/v2\/posts\/312768\/revisions\/312775"}],"wp:featuredmedia":[{"embeddable":true,"href":"https:\/\/vof-news.eu\/de\/wp-json\/wp\/v2\/media\/312769"}],"wp:attachment":[{"href":"https:\/\/vof-news.eu\/de\/wp-json\/wp\/v2\/media?parent=312768"}],"wp:term":[{"taxonomy":"category","embeddable":true,"href":"https:\/\/vof-news.eu\/de\/wp-json\/wp\/v2\/categories?post=312768"},{"taxonomy":"post_tag","embeddable":true,"href":"https:\/\/vof-news.eu\/de\/wp-json\/wp\/v2\/tags?post=312768"}],"curies":[{"name":"wp","href":"https:\/\/api.w.org\/{rel}","templated":true}]}}