{"id":312675,"date":"2026-01-02T11:29:58","date_gmt":"2026-01-02T08:29:58","guid":{"rendered":"https:\/\/vof-news.eu\/csu-fordert-ausreise-von-syrischen-und-ukrainischen-gefluchteten\/"},"modified":"2026-01-02T11:31:46","modified_gmt":"2026-01-02T08:31:46","slug":"csu-fordert-ausreise-von-syrischen-und-ukrainischen-gefluchteten","status":"publish","type":"post","link":"https:\/\/vof-news.eu\/de\/csu-fordert-ausreise-von-syrischen-und-ukrainischen-gefluchteten\/","title":{"rendered":"CSU fordert Ausreise von syrischen und ukrainischen Gefl\u00fcchteten"},"content":{"rendered":"<div>\n<p>Die <a href=\"https:\/\/www.zeit.de\/thema\/csu\" rel=\"nofollow\">CSU<\/a> im Bundestag will die <a href=\"https:\/\/www.zeit.de\/thema\/migration\" rel=\"nofollow\">Migrationspolitik<\/a>\u00a0weiter versch\u00e4rfen und die meisten syrischen Fl\u00fcchtlinge schnell zur\u00fcck<br \/>\nin ihre Heimat schicken. F\u00fcr die meisten Syrer mit vor\u00fcbergehendem<br \/>\nBleiberecht entfalle nach dem Ende des B\u00fcrgerkrieges der Schutzgrund,<br \/>\nhei\u00dft es in einem Positionspapier f\u00fcr die Klausur der CSU-Landesgruppe<br \/>\nim oberbayerischen Kloster Seeon. Der  berichtete \u00fcber das Papier.\n<\/p>\n<p>2026 m\u00fcsse es eine Abschiebeoffensive geben \u2013 &#8222;mit Linienfl\u00fcgen und auch nach Syrien und Afghanistan&#8220;, hei\u00dft es im<br \/>\nBeschlussentwurf f\u00fcr die Klausur der CSU-Abgeordneten weiter. Daf\u00fcr<br \/>\nsollten bundesweit Ausreisezentren und ein eigenes Abschiebeterminal am<br \/>\nFlughafen M\u00fcnchen geschaffen werden.\u00a0\n<\/p>\n<p>Der B\u00fcrgerkrieg in <a href=\"https:\/\/www.zeit.de\/thema\/syrien\" rel=\"nofollow\">Syrien<\/a> sei vorbei, das Land<br \/>\nbefinde sich im Wiederaufbau und werde dabei von Deutschland<br \/>\nunterst\u00fctzt. &#8222;Gleichzeitig entf\u00e4llt f\u00fcr die meisten Syrer, die aufgrund<br \/>\ndes Krieges ein vor\u00fcbergehendes Bleiberecht in Deutschland erhalten<br \/>\nhaben, ihr Schutzgrund. Sie werden in ihrer Heimat gebraucht&#8220;, zitierte die Zeitung aus dem Papier.\n<\/p>\n<p>F\u00fcr diejenigen, die nicht freiwillig ausreisen,<br \/>\n m\u00fcssten R\u00fcckf\u00fchrungen &#8222;schnellstm\u00f6glich eingeleitet werden&#8220;, fordert demnach die CSU-Landesgruppe. &#8222;Davon unabh\u00e4ngig m\u00fcssen in einem ersten Schritt<br \/>\nStraft\u00e4ter konsequent abgeschoben werden.&#8220; Wenn ein Fl\u00fcchtling in seinem Heimatland Urlaub mache,<br \/>\nsolle er &#8222;zuk\u00fcnftig automatisch seinen Schutzstatus verlieren, denn er<br \/>\nwiderlegt durch sein Handeln die eigene Schutzbed\u00fcrftigkeit&#8220;.\n<\/p>\n<h2>CSU beklagt &#8222;mafi\u00f6s gesteuerte Migrationsstr\u00f6me&#8220;<\/h2>\n<p>Auch bei ukrainischen Fl\u00fcchtlingen m\u00f6chte die<br \/>\nPartei einen h\u00e4rteren Kurs einschlagen. &#8222;Zudem werden wir darauf<br \/>\ndr\u00e4ngen, dass insbesondere wehrf\u00e4hige ukrainische M\u00e4nner ihren Beitrag<br \/>\nzur Verteidigung ihres Landes leisten&#8220;, hei\u00dft es im Papier.\u00a0\n<\/p>\n<p>Eine weitere Forderung der <span><a href=\"https:\/\/www.zeit.de\/thema\/csu\" rel=\"nofollow\">CSU<\/a><\/span>: &#8222;Wir fordern f\u00fcr<br \/>\nalle Asylbewerber unabh\u00e4ngig vom Herkunftsland die Heranziehung von<br \/>\nVerm\u00f6genswerten zur Deckung der Kosten f\u00fcr den Aufenthalt in<br \/>\nDeutschland.&#8220; Dies betreffe zumindest seit April 2025 neu eingereiste<br \/>\nUkrainer, die unter das Asylbewerberleistungsgesetz fallen.\n<\/p>\n<p>CSU-Landesgruppenchef Alexander Hoffmann sagte<br \/>\nder Zeitung: &#8222;Arbeitsmigration nach Deutschland darf keine<br \/>\nArmutsmigration sein. Daf\u00fcr wollen wir in der<br \/>\nEU-Freiz\u00fcgigkeitsrichtlinie den Arbeitnehmerbegriff versch\u00e4rfen, damit<br \/>\ndie Regelung echte Erwerbsarbeit abbildet, aber Sozialleistungsbezug<br \/>\nausschlie\u00dft.&#8220; Hoffmann sprach von &#8222;mafi\u00f6s gesteuerten Migrationsstr\u00f6men<br \/>\nnach Deutschland&#8220; und &#8222;bandenm\u00e4\u00dfigem Leistungsbetrug&#8220;, der &#8222;abgestellt&#8220;<br \/>\nwerden m\u00fcsse.\n<\/p>\n<\/div>\n","protected":false},"excerpt":{"rendered":"<p>Die CSU im Bundestag will die Migrationspolitik\u00a0weiter versch\u00e4rfen und die meisten syrischen Fl\u00fcchtlinge schnell zur\u00fcck in ihre Heimat schicken. F\u00fcr die meisten Syrer mit vor\u00fcbergehendem Bleiberecht entfalle nach dem Ende des B\u00fcrgerkrieges der Schutzgrund, hei\u00dft es in einem Positionspapier f\u00fcr die Klausur der CSU-Landesgruppe im oberbayerischen Kloster Seeon. Der berichtete \u00fcber das Papier. 2026 m\u00fcsse<\/p>\n","protected":false},"author":1,"featured_media":312677,"comment_status":"open","ping_status":"open","sticky":false,"template":"","format":"standard","meta":{"footnotes":""},"categories":[116],"tags":[],"class_list":["post-312675","post","type-post","status-publish","format-standard","has-post-thumbnail","hentry","category-war-chronicles-de"],"acf":[],"yoast_head":"<!-- This site is optimized with the Yoast SEO plugin v22.9 - https:\/\/yoast.com\/wordpress\/plugins\/seo\/ -->\n<title>CSU fordert Ausreise von syrischen und ukrainischen Gefl\u00fcchteten - vof-news.eu<\/title>\n<meta name=\"description\" content=\"Die CSU im Bundestag will die Migrationspolitik\u00a0weiter versch\u00e4rfen und die meisten syrischen Fl\u00fcchtlinge schnell zur\u00fcck\" \/>\n<meta name=\"robots\" content=\"noindex, follow, max-snippet:-1, max-image-preview:large, max-video-preview:-1\" \/>\n<meta property=\"og:locale\" content=\"de_DE\" \/>\n<meta property=\"og:type\" content=\"article\" \/>\n<meta property=\"og:title\" content=\"CSU fordert Ausreise von syrischen und ukrainischen Gefl\u00fcchteten - vof-news.eu\" \/>\n<meta property=\"og:description\" content=\"Die CSU im Bundestag will die Migrationspolitik\u00a0weiter versch\u00e4rfen und die meisten syrischen Fl\u00fcchtlinge schnell zur\u00fcck\" \/>\n<meta property=\"og:url\" content=\"https:\/\/vof-news.eu\/de\/csu-fordert-ausreise-von-syrischen-und-ukrainischen-gefluchteten\/\" \/>\n<meta property=\"og:site_name\" content=\"vof-news.eu\" \/>\n<meta property=\"article:published_time\" content=\"2026-01-02T08:29:58+00:00\" \/>\n<meta property=\"article:modified_time\" content=\"2026-01-02T08:31:46+00:00\" \/>\n<meta property=\"og:image\" content=\"https:\/\/vof-news.eu\/wp-content\/uploads\/2026\/01\/wide__1000x562-6.jpg\" \/>\n\t<meta property=\"og:image:width\" content=\"1000\" \/>\n\t<meta property=\"og:image:height\" content=\"562\" \/>\n\t<meta property=\"og:image:type\" content=\"image\/jpeg\" \/>\n<meta name=\"author\" content=\"Author\" \/>\n<meta name=\"twitter:card\" content=\"summary_large_image\" \/>\n<meta name=\"twitter:label1\" content=\"Verfasst von\" \/>\n\t<meta name=\"twitter:data1\" content=\"Author\" \/>\n\t<meta name=\"twitter:label2\" content=\"Gesch\u00e4tzte Lesezeit\" \/>\n\t<meta name=\"twitter:data2\" content=\"2\u00a0Minuten\" \/>\n<script type=\"application\/ld+json\" class=\"yoast-schema-graph\">{\"@context\":\"https:\/\/schema.org\",\"@graph\":[{\"@type\":\"WebPage\",\"@id\":\"https:\/\/vof-news.eu\/de\/csu-fordert-ausreise-von-syrischen-und-ukrainischen-gefluchteten\/\",\"url\":\"https:\/\/vof-news.eu\/de\/csu-fordert-ausreise-von-syrischen-und-ukrainischen-gefluchteten\/\",\"name\":\"CSU fordert Ausreise von syrischen und ukrainischen Gefl\u00fcchteten - vof-news.eu\",\"isPartOf\":{\"@id\":\"https:\/\/vof-news.eu\/de\/#website\"},\"primaryImageOfPage\":{\"@id\":\"https:\/\/vof-news.eu\/de\/csu-fordert-ausreise-von-syrischen-und-ukrainischen-gefluchteten\/#primaryimage\"},\"image\":{\"@id\":\"https:\/\/vof-news.eu\/de\/csu-fordert-ausreise-von-syrischen-und-ukrainischen-gefluchteten\/#primaryimage\"},\"thumbnailUrl\":\"https:\/\/vof-news.eu\/wp-content\/uploads\/2026\/01\/wide__1000x562-6.jpg\",\"datePublished\":\"2026-01-02T08:29:58+00:00\",\"dateModified\":\"2026-01-02T08:31:46+00:00\",\"author\":{\"@id\":\"https:\/\/vof-news.eu\/de\/#\/schema\/person\/f6a2a4309f0561835797fd8c19b333ed\"},\"description\":\"Die CSU im Bundestag will die Migrationspolitik\u00a0weiter versch\u00e4rfen und die meisten syrischen Fl\u00fcchtlinge schnell zur\u00fcck\",\"breadcrumb\":{\"@id\":\"https:\/\/vof-news.eu\/de\/csu-fordert-ausreise-von-syrischen-und-ukrainischen-gefluchteten\/#breadcrumb\"},\"inLanguage\":\"de\",\"potentialAction\":[{\"@type\":\"ReadAction\",\"target\":[\"https:\/\/vof-news.eu\/de\/csu-fordert-ausreise-von-syrischen-und-ukrainischen-gefluchteten\/\"]}]},{\"@type\":\"ImageObject\",\"inLanguage\":\"de\",\"@id\":\"https:\/\/vof-news.eu\/de\/csu-fordert-ausreise-von-syrischen-und-ukrainischen-gefluchteten\/#primaryimage\",\"url\":\"https:\/\/vof-news.eu\/wp-content\/uploads\/2026\/01\/wide__1000x562-6.jpg\",\"contentUrl\":\"https:\/\/vof-news.eu\/wp-content\/uploads\/2026\/01\/wide__1000x562-6.jpg\",\"width\":1000,\"height\":562},{\"@type\":\"BreadcrumbList\",\"@id\":\"https:\/\/vof-news.eu\/de\/csu-fordert-ausreise-von-syrischen-und-ukrainischen-gefluchteten\/#breadcrumb\",\"itemListElement\":[{\"@type\":\"ListItem\",\"position\":1,\"name\":\"Home\",\"item\":\"https:\/\/vof-news.eu\/de\/\"},{\"@type\":\"ListItem\",\"position\":2,\"name\":\"CSU fordert Ausreise von syrischen und ukrainischen Gefl\u00fcchteten\"}]},{\"@type\":\"WebSite\",\"@id\":\"https:\/\/vof-news.eu\/de\/#website\",\"url\":\"https:\/\/vof-news.eu\/de\/\",\"name\":\"vof-news.eu\",\"description\":\"\",\"potentialAction\":[{\"@type\":\"SearchAction\",\"target\":{\"@type\":\"EntryPoint\",\"urlTemplate\":\"https:\/\/vof-news.eu\/de\/?s={search_term_string}\"},\"query-input\":\"required name=search_term_string\"}],\"inLanguage\":\"de\"},{\"@type\":\"Person\",\"@id\":\"https:\/\/vof-news.eu\/de\/#\/schema\/person\/f6a2a4309f0561835797fd8c19b333ed\",\"name\":\"Author\",\"image\":{\"@type\":\"ImageObject\",\"inLanguage\":\"de\",\"@id\":\"https:\/\/vof-news.eu\/de\/#\/schema\/person\/image\/\",\"url\":\"https:\/\/secure.gravatar.com\/avatar\/b67e614b1b25b3e9c0c239efdd2fde5ab015b5affd6f1c3c85911ca4b384e790?s=96&d=mm&r=g\",\"contentUrl\":\"https:\/\/secure.gravatar.com\/avatar\/b67e614b1b25b3e9c0c239efdd2fde5ab015b5affd6f1c3c85911ca4b384e790?s=96&d=mm&r=g\",\"caption\":\"Author\"},\"sameAs\":[\"http:\/\/vof-news.eu\"],\"url\":\"https:\/\/vof-news.eu\/de\/author\/zwt6qxnjulxbnyg\/\"}]}<\/script>\n<!-- \/ Yoast SEO plugin. -->","yoast_head_json":{"title":"CSU fordert Ausreise von syrischen und ukrainischen Gefl\u00fcchteten - vof-news.eu","description":"Die CSU im Bundestag will die Migrationspolitik\u00a0weiter versch\u00e4rfen und die meisten syrischen Fl\u00fcchtlinge schnell zur\u00fcck","robots":{"index":"noindex","follow":"follow","max-snippet":"max-snippet:-1","max-image-preview":"max-image-preview:large","max-video-preview":"max-video-preview:-1"},"og_locale":"de_DE","og_type":"article","og_title":"CSU fordert Ausreise von syrischen und ukrainischen Gefl\u00fcchteten - vof-news.eu","og_description":"Die CSU im Bundestag will die Migrationspolitik\u00a0weiter versch\u00e4rfen und die meisten syrischen Fl\u00fcchtlinge schnell zur\u00fcck","og_url":"https:\/\/vof-news.eu\/de\/csu-fordert-ausreise-von-syrischen-und-ukrainischen-gefluchteten\/","og_site_name":"vof-news.eu","article_published_time":"2026-01-02T08:29:58+00:00","article_modified_time":"2026-01-02T08:31:46+00:00","og_image":[{"width":1000,"height":562,"url":"https:\/\/vof-news.eu\/wp-content\/uploads\/2026\/01\/wide__1000x562-6.jpg","type":"image\/jpeg"}],"author":"Author","twitter_card":"summary_large_image","twitter_misc":{"Verfasst von":"Author","Gesch\u00e4tzte Lesezeit":"2\u00a0Minuten"},"schema":{"@context":"https:\/\/schema.org","@graph":[{"@type":"WebPage","@id":"https:\/\/vof-news.eu\/de\/csu-fordert-ausreise-von-syrischen-und-ukrainischen-gefluchteten\/","url":"https:\/\/vof-news.eu\/de\/csu-fordert-ausreise-von-syrischen-und-ukrainischen-gefluchteten\/","name":"CSU fordert Ausreise von syrischen und ukrainischen Gefl\u00fcchteten - vof-news.eu","isPartOf":{"@id":"https:\/\/vof-news.eu\/de\/#website"},"primaryImageOfPage":{"@id":"https:\/\/vof-news.eu\/de\/csu-fordert-ausreise-von-syrischen-und-ukrainischen-gefluchteten\/#primaryimage"},"image":{"@id":"https:\/\/vof-news.eu\/de\/csu-fordert-ausreise-von-syrischen-und-ukrainischen-gefluchteten\/#primaryimage"},"thumbnailUrl":"https:\/\/vof-news.eu\/wp-content\/uploads\/2026\/01\/wide__1000x562-6.jpg","datePublished":"2026-01-02T08:29:58+00:00","dateModified":"2026-01-02T08:31:46+00:00","author":{"@id":"https:\/\/vof-news.eu\/de\/#\/schema\/person\/f6a2a4309f0561835797fd8c19b333ed"},"description":"Die CSU im Bundestag will die Migrationspolitik\u00a0weiter versch\u00e4rfen und die meisten syrischen Fl\u00fcchtlinge schnell zur\u00fcck","breadcrumb":{"@id":"https:\/\/vof-news.eu\/de\/csu-fordert-ausreise-von-syrischen-und-ukrainischen-gefluchteten\/#breadcrumb"},"inLanguage":"de","potentialAction":[{"@type":"ReadAction","target":["https:\/\/vof-news.eu\/de\/csu-fordert-ausreise-von-syrischen-und-ukrainischen-gefluchteten\/"]}]},{"@type":"ImageObject","inLanguage":"de","@id":"https:\/\/vof-news.eu\/de\/csu-fordert-ausreise-von-syrischen-und-ukrainischen-gefluchteten\/#primaryimage","url":"https:\/\/vof-news.eu\/wp-content\/uploads\/2026\/01\/wide__1000x562-6.jpg","contentUrl":"https:\/\/vof-news.eu\/wp-content\/uploads\/2026\/01\/wide__1000x562-6.jpg","width":1000,"height":562},{"@type":"BreadcrumbList","@id":"https:\/\/vof-news.eu\/de\/csu-fordert-ausreise-von-syrischen-und-ukrainischen-gefluchteten\/#breadcrumb","itemListElement":[{"@type":"ListItem","position":1,"name":"Home","item":"https:\/\/vof-news.eu\/de\/"},{"@type":"ListItem","position":2,"name":"CSU fordert Ausreise von syrischen und ukrainischen Gefl\u00fcchteten"}]},{"@type":"WebSite","@id":"https:\/\/vof-news.eu\/de\/#website","url":"https:\/\/vof-news.eu\/de\/","name":"vof-news.eu","description":"","potentialAction":[{"@type":"SearchAction","target":{"@type":"EntryPoint","urlTemplate":"https:\/\/vof-news.eu\/de\/?s={search_term_string}"},"query-input":"required name=search_term_string"}],"inLanguage":"de"},{"@type":"Person","@id":"https:\/\/vof-news.eu\/de\/#\/schema\/person\/f6a2a4309f0561835797fd8c19b333ed","name":"Author","image":{"@type":"ImageObject","inLanguage":"de","@id":"https:\/\/vof-news.eu\/de\/#\/schema\/person\/image\/","url":"https:\/\/secure.gravatar.com\/avatar\/b67e614b1b25b3e9c0c239efdd2fde5ab015b5affd6f1c3c85911ca4b384e790?s=96&d=mm&r=g","contentUrl":"https:\/\/secure.gravatar.com\/avatar\/b67e614b1b25b3e9c0c239efdd2fde5ab015b5affd6f1c3c85911ca4b384e790?s=96&d=mm&r=g","caption":"Author"},"sameAs":["http:\/\/vof-news.eu"],"url":"https:\/\/vof-news.eu\/de\/author\/zwt6qxnjulxbnyg\/"}]}},"yoast_meta":{"yoast_wpseo_title":"","yoast_wpseo_metadesc":"","yoast_wpseo_canonical":""},"_links":{"self":[{"href":"https:\/\/vof-news.eu\/de\/wp-json\/wp\/v2\/posts\/312675","targetHints":{"allow":["GET"]}}],"collection":[{"href":"https:\/\/vof-news.eu\/de\/wp-json\/wp\/v2\/posts"}],"about":[{"href":"https:\/\/vof-news.eu\/de\/wp-json\/wp\/v2\/types\/post"}],"author":[{"embeddable":true,"href":"https:\/\/vof-news.eu\/de\/wp-json\/wp\/v2\/users\/1"}],"replies":[{"embeddable":true,"href":"https:\/\/vof-news.eu\/de\/wp-json\/wp\/v2\/comments?post=312675"}],"version-history":[{"count":1,"href":"https:\/\/vof-news.eu\/de\/wp-json\/wp\/v2\/posts\/312675\/revisions"}],"predecessor-version":[{"id":312684,"href":"https:\/\/vof-news.eu\/de\/wp-json\/wp\/v2\/posts\/312675\/revisions\/312684"}],"wp:featuredmedia":[{"embeddable":true,"href":"https:\/\/vof-news.eu\/de\/wp-json\/wp\/v2\/media\/312677"}],"wp:attachment":[{"href":"https:\/\/vof-news.eu\/de\/wp-json\/wp\/v2\/media?parent=312675"}],"wp:term":[{"taxonomy":"category","embeddable":true,"href":"https:\/\/vof-news.eu\/de\/wp-json\/wp\/v2\/categories?post=312675"},{"taxonomy":"post_tag","embeddable":true,"href":"https:\/\/vof-news.eu\/de\/wp-json\/wp\/v2\/tags?post=312675"}],"curies":[{"name":"wp","href":"https:\/\/api.w.org\/{rel}","templated":true}]}}