{"id":312256,"date":"2025-12-31T17:29:19","date_gmt":"2025-12-31T14:29:19","guid":{"rendered":"https:\/\/vof-news.eu\/wer-hat-hier-einen-knall\/"},"modified":"2025-12-31T17:30:21","modified_gmt":"2025-12-31T14:30:21","slug":"wer-hat-hier-einen-knall","status":"publish","type":"post","link":"https:\/\/vof-news.eu\/de\/wer-hat-hier-einen-knall\/","title":{"rendered":"Wer hat hier einen Knall?"},"content":{"rendered":"<div>\n<p><strong>1. Gedanke: Ausgerechnet Sylt nimmt die B\u00f6llergefahr ernst<br \/><\/strong>\n<\/p>\n<p>Gen Nordwesten<br \/>\nrichten dieser Tage <a href=\"https:\/\/www.zeit.de\/gesellschaft\/2025-12\/boellerverbot-silvester-feuerwerk-pyrotechnik-faq#wie-steht-die-bevoelkerung-zu-einem-boellerverbot\" rel=\"nofollow\">die<br \/>\n63 Prozent im Lande ihre Blicke, die gegen das B\u00f6llern sind.<\/a> Dorthin, wo es<br \/>\nbald schon nicht mehr brutal knallen, sondern nur noch sanft plauzen wird. Denn<br \/>\ndie Niederlande haben <a href=\"https:\/\/www.zeit.de\/news\/2025-12\/30\/niederlaender-boellern-zum-letzten-mal\" rel=\"nofollow\">ein<br \/>\nB\u00f6llerverbot auf den Weg gebracht, das ab dem 1. Januar 2026 greift.<\/a><br \/>\nEinmal noch wird es dort also heftig rumsen, danach darf man als Privatperson<br \/>\nnur noch Feuerwerksk\u00f6rper des Kalibers F1 erwerben, sprich: in<br \/>\nKnallerbsengr\u00f6\u00dfe.\n<\/p>\n<p>So etwas,<br \/>\nh\u00f6rt man die 63 Prozent der Deutschen seufzen, w\u00e4re hier niemals m\u00f6glich! Eher<br \/>\nals das B\u00f6llerverbot kommt hierzulande doch ein Tempolimit! Und so weiter und<br \/>\nso selbstmitleidig. Dabei sind wir in Wahrheit mancherorts viel<br \/>\nfortschrittlicher als unsere niederl\u00e4ndischen Nachbarn. Noch weiter n\u00f6rdlich<br \/>\nn\u00e4mlich, hinter den Wellen des Wattenmeers, von D\u00fcnen eingerahmt, gibt es einen<br \/>\nOrt, der weiter, moderner, ja humanistischer als der Rest des Landes ist: Sylt.<br \/>\nAusgerechnet auf der durch vermeintlich versnobte Reiche und gr\u00f6lende Rechte<br \/>\nbei vielen in Verruf geratenen Insel <a href=\"https:\/\/www.zeit.de\/news\/2025-12\/30\/wo-boeller-und-raketen-in-schleswig-holstein-verboten-sind\" rel=\"nofollow\">herrscht<br \/>\nschon seit Jahrzehnten ein absolutes B\u00f6llerverbot,<\/a> das noch strenger als<br \/>\ndas in den Niederlanden ist. Nicht einmal Knallerbsen sind auf der friesischen<br \/>\nChampagner-Insel erlaubt; wer trotzdem heimlich z\u00fcndelt, muss mit <a href=\"https:\/\/gemeinde-sylt.de\/feuerwerksverbote-im-kreis-nf-und-auf-sylt\/\" rel=\"nofollow\">Geldbu\u00dfen<\/a> von bis zu 50.000 Euro rechnen.\n<\/p>\n<p>Zugegebenerma\u00dfen<br \/>\nist das Verbot nicht aus R\u00fccksicht auf traumatisierte Menschen und hellh\u00f6rige<br \/>\nTiere erlassen worden, sondern aus Sorge um die leicht entz\u00fcndlichen<br \/>\nReetd\u00e4cher, deren Erneuerung schon mal einen f\u00fcnfstelligen Betrag kostet. Und<br \/>\ngenauso sei zugegeben, dass Sylt nicht der einzige Ort im Reetdach-Norden ist,<br \/>\nan dem <span><a href=\"https:\/\/www.zeit.de\/thema\/silvester\" rel=\"nofollow\">Silvester<\/a><\/span> per Gesetz still begangen wird. Trotzdem: Wer noch nach einem<br \/>\nguten Neujahrsvorsatz sucht, kann doch die unerwartete Sylter<br \/>\nFortschrittlichkeit als Anlass nehmen, mit den eigenen Vorurteilen etwas<br \/>\nvorsichtiger herumzub\u00f6llern.\n<\/p>\n<p><strong>2. Gedanke: Friedrich Schiller w\u00fcrde das B\u00f6llern Profis \u00fcberlassen<\/strong>\n<\/p>\n<p>Dass man mit ein wenig Abstand die<br \/>\nDinge besser erkennt, gilt beim <span><a href=\"https:\/\/www.zeit.de\/thema\/feuerwerk\" rel=\"nofollow\">Feuerwerk<\/a><\/span> ja im ganz w\u00f6rtlichen Sinne: Ich<br \/>\nzumindest sehe Raketen lieber am Horizont aufsteigen, statt selbst in ihrem<br \/>\nrauchigen Schweif zu stehen. Das Anschauen ziehe ich dem Anz\u00fcnden klar vor,<br \/>\nweswegen ich auch kein Geld f\u00fcr Feuerwerk ausgebe \u2013 aber gerne davon<br \/>\nprofitiere, wenn andere es tun. Die anderen sind die Aktivb\u00f6llerer, ich aber bin<br \/>\nleidenschaftlicher Passivb\u00f6llerer.\n<\/p>\n<p>Dieses Verh\u00e4ltnis ist nat\u00fcrlich im<br \/>\nh\u00f6chsten Ma\u00dfe ungerecht. Doch anders als etwa der <a href=\"https:\/\/www.zeit.de\/news\/2024-04\/02\/cannabis-experte-haelt-gefahr-durch-passivrauchen-fuer-gering\" rel=\"nofollow\">Passivraucher<\/a><br \/>\nist der Passivb\u00f6llerer kein Kollateralgesch\u00e4digter, sondern ein Profiteur. Die<br \/>\nanderen tragen alle Kosten und Risiken, ich trage nur mein Sektglas. Sie<br \/>\nverlieren Geld und schlimmstenfalls Gliedma\u00dfen, ich gewinne einen h\u00fcbschen<br \/>\nAnblick. Die Aktivb\u00f6llerer haben es ja selbst so gewollt. Wenn es nach mir<br \/>\nginge, k\u00f6nnten sie gern die Seite wechseln und zu mir ins Publikum kommen, und<br \/>\ndas <span><a href=\"https:\/\/www.zeit.de\/thema\/silvester\" rel=\"nofollow\">B\u00f6llern<\/a><\/span> \u00fcberlassen wir dann vollst\u00e4ndig den Pyrotechnikern. So, wie es ja fr\u00fcher<br \/>\nauch der Fall war (zu diesen mittelalterlichen und neuzeitlichen Feuerwerken lesen<br \/>\nSie weiter unten mehr) und <a href=\"https:\/\/www.rnd.de\/panorama\/boellerverbot-in-diesen-laendern-ist-das-private-feuerwerk-untersagt-DEXVJ7U6URE55J3MOUCI4NVS7A.html\" rel=\"nofollow\">wie<br \/>\nes in L\u00e4ndern wie Frankreich weitestgehend selbstverst\u00e4ndlich ist<\/a>. Man<br \/>\nnennt es auch Arbeitsteilung, die Menschheit soll bisher recht gute Erfahrungen<br \/>\nmit diesem Prinzip gemacht haben.\n<\/p>\n<p>Dann versammeln wir uns in sicherer<br \/>\nEntfernung, schauen in den bunten Himmel, h\u00f6ren das Knallen und empfinden<br \/>\nvielleicht jene Form von Erhabenheit, <a href=\"https:\/\/www.zeit.de\/2005\/02\/L-Schiller-Briefe\" rel=\"nofollow\">die bereits Friedrich<br \/>\nSchiller beschrieben hat.<\/a> Denn was ist so ein Feuerwerk anderes als die<br \/>\nImitation eines erhabenen Naturereignisses, eine Art menschengemachter<br \/>\nVulkanausbruch? Wir stehen davor und sp\u00fcren mit unseren Sinnen, wie klein und<br \/>\nausgeliefert wir sind, aber zugleich wissen wir, dass uns nichts passieren<br \/>\nkann. &#8222;Beim Erhabenen&#8220;, schreibt Schiller, &#8222;stimmen<br \/>\nVernunft und Sinnlichkeit\u00a0\u00a0zusammen, und eben in diesem<br \/>\nWiderspruch zwischen beiden liegt der Zauber, womit es unser Gem\u00fct ergreift.&#8220; Ja,<br \/>\nSchiller w\u00e4re heute ein Passivb\u00f6llerer, ganz bestimmt.\n<\/p>\n<p><strong>3. Gedanke: Pyrotechnik kann friedensstiftend sein\u00a0<\/strong>\n<\/p>\n<p>Schwarzpulver ist naturgem\u00e4\u00df<br \/>\nzun\u00e4chst einmal laut und schmutzig. Bei genauerer Betrachtung aber entpuppt es<br \/>\nsich als philosophischer Knaller. Denn das explosive Material verdeutlicht auf<br \/>\ngeradezu grelle Weise die dialektische Bewegung der Geschichte. Einerseits bildete<br \/>\nes \u00fcber Jahrhunderte den Stoff, aus dem Kriege gemacht sind \u2013 und brachte<br \/>\ndementsprechend Tod und Verderben \u00fcber ganze Landstriche. Andererseits verk\u00f6rperte<br \/>\nes aber genauso die Auszeit vom st\u00e4ndigen Schlachten. Sei es im Zuge<br \/>\naristokratischer Zeremonien oder popul\u00e4rer Volksfeste: <a href=\"https:\/\/www.deutschlandfunk.de\/feuerwerk-geschichte-tradition-boellern-100.html\" rel=\"nofollow\">Beim<br \/>\nFeuerwerk mussten die B\u00fcchsenmacher ihre Expertise mal nicht f\u00fcrs T\u00f6ten<br \/>\neinsetzen<\/a>, sondern konnten mit friedlicher Unterhaltung gl\u00e4nzen. Es waren<br \/>\nalso die wenigen Momente, in denen ein barocker Waffenmeister mit gutem<br \/>\nGewissen sagen konnte: <a href=\"https:\/\/youtube.com\/shorts\/D3ky9T7haZ8?si=lX9olVuUpfe1JTBO\" rel=\"nofollow\">Pyrotechnik ist doch kein Verbrechen<\/a>!\n<\/p>\n<p>Besonders deutlich wurde diese friedensstiftende<br \/>\nKraft des Feuerwerks nach Ende des Drei\u00dfigj\u00e4hrigen Krieges. Als man 1650 den N\u00fcrnberger<br \/>\nFriedensexekutionskongress beging, auf dem die offen gebliebenen Fragen des<br \/>\nWestf\u00e4lischen Friedens gekl\u00e4rt wurden, <a href=\"https:\/\/www.staatsgalerie.de\/de\/sammlung-digital\/feuerwerk-zur-feier-des-friedens-nuernberg-1650-johann-ludwig-gottfried\" rel=\"nofollow\">beschloss<br \/>\nman die Veranstaltung mit einem pyrotechnischen Spektakel<\/a>. So erschien auf dem B\u00fchnenbild etwa ein<br \/>\n&#8222;Castell des Unfriedens&#8220;, das mittels einer Rakete in Brand geschossen wurde<br \/>\nund somit den Sieg der Eintracht \u00fcber die Zwietracht symbolisierte.\n<\/p>\n<p>Heute<br \/>\nbekommt man an Silvester von dieser friedensstiftenden Kraft des Feuerwerks<br \/>\nnicht mehr allzu viel mit. Dank der dialektischen Bewegung der Widerspr\u00fcche<br \/>\nherrscht in bundesdeutschen Gro\u00dfst\u00e4dten n\u00e4mlich wieder Krieg. So f\u00fchlt es sich<br \/>\nn\u00e4mlich an, wenn f\u00fcnf Meter neben einem eine Gro\u00dfpackung &#8222;Zombie Alarm&#8220;-B\u00f6ller<br \/>\ngez\u00fcndet wird. Und zumindest aus der Perspektive eines barocken<br \/>\nWaffenmeisters ist so ein unn\u00f6tiger Unfrieden nat\u00fcrlich ein Verbrechen.<\/p>\n<p>\n<\/p>\n<p><strong>4. Gedanke: B\u00f6ller sind M\u00e4nner<\/strong>\n<\/p>\n<p>Manche Menschen in<br \/>\nDeutschland reisen nach Polen oder Tschechien, um sich die richtig dicken,<br \/>\nhierzulande verbotenen Dinger zu kaufen. Andere <a href=\"https:\/\/www.mdr.de\/nachrichten\/thueringen\/feuerwerk-boeller-kunden-verkaufsstart-100.html\" rel=\"nofollow\">\u00fcbernachten gar auf Supermarkt-Parkpl\u00e4tzen<\/a>, um als Erste an die hei\u00dfe Ware zu kommen \u2013<br \/>\nund fast immer sind es: <span><a href=\"https:\/\/www.zeit.de\/thema\/maenner\" rel=\"nofollow\">M\u00e4nner<\/a><\/span>.\n<\/p>\n<p>Beim B\u00f6llern sind die<br \/>\nGeschlechterverh\u00e4ltnisse l\u00e4ngst einseitiger als in jedem Fu\u00dfballstadion. Es<br \/>\nsind M\u00e4nner, die <a href=\"https:\/\/www.instagram.com\/reel\/DS2yhrBCYIv\/\" rel=\"nofollow\">in den Kassenschlangen<\/a> und an den Z\u00fcndschn\u00fcren stehen; es sind M\u00e4nner,<br \/>\ndie <a href=\"https:\/\/www.tagesschau.de\/inland\/gesellschaft\/verkauf-feuerwerkskoerper-100.html\" rel=\"nofollow\">vergangenes Jahr 197 Millionen Euro f\u00fcr ihr<br \/>\nFeuerwerk ausgegeben<\/a> haben;<br \/>\nund es sind M\u00e4nner, die bestimmt auch dieses Jahr wieder einen neuen Unfallrekord<br \/>\naufstellen werden. In den Kliniken bereitet man sich schon vor: <a href=\"https:\/\/www.welt.de\/newsticker\/dpa_nt\/infoline_nt\/panorama_nt\/article249255236\/Klinik-Vor-allem-Maenner-durch-Feuerwerk-schwerverletzt.html?utm_source\" rel=\"nofollow\">97 Prozent der Feuerwerksverletzten<\/a> im Berliner Unfallkrankenhaus<br \/>\nwaren in der vergangenen Silvesternacht m\u00e4nnlich. In anderen St\u00e4dten sind die<br \/>\nZahlen \u00e4hnlich.\n<\/p>\n<p>Und w\u00e4hrend M\u00e4nner also<br \/>\noffensichtlich (selbst-)m\u00f6rderischen Spa\u00df an der Knallerei haben, nimmt <a href=\"https:\/\/taz.de\/Unfaelle-durch-Pyrotechnik-zu-Silvester\/!6141337\/\" rel=\"nofollow\">sie jede<br \/>\nzweite Frau als Bedrohung wahr<\/a>. Ich geh\u00f6re zu dieser H\u00e4lfte. Meine<br \/>\nFreundinnen und ich planen bereits Tage vorher die sicherste Route zum<br \/>\nSilvesterdinner. Erinnerungen an Abende, an denen M\u00e4nner &#8222;aus Spa\u00df&#8220; mit B\u00f6llern<br \/>\nauf uns zielten, pr\u00e4gen unser Sicherheitsgef\u00fchl dieser Tage. Es ist eine<br \/>\npatriarchale Raumbeanspruchung: Einige erlauben sich R\u00fccksichtslosigkeit und schr\u00e4nken<br \/>\nso die Freiheit vieler ein.\n<\/p>\n<p>B\u00f6llern wirkt wie ein Ritual m\u00e4nnlicher Selbstvergewisserung. Raketen und<br \/>\nB\u00f6ller als z\u00fcndende Phallussymbole, kleine Inszenierungen m\u00e4nnlicher Pr\u00e4senz.<br \/>\nSigmund Freud h\u00e4tte vermutlich angemerkt, dass sich hier der Trieb nicht nur als Lust<br \/>\nam Knall manifestiert, sondern als Versuch, Macht \u00f6ffentlich zur Schau zu<br \/>\nstellen. Hinzu kommt, dass Risikobereitschaft und die Unterdr\u00fcckung eigener<br \/>\nAngst Teile des traditionellen M\u00e4nnlichkeitsideals sind.\n<\/p>\n<p>Vielleicht erkl\u00e4ren<br \/>\nsich die aktuellen Verkaufsrekorde auch dadurch, dass aktuell m\u00e4nnliche<br \/>\nAutorit\u00e4t und Aggression zunehmend hinterfragt werden. Beim B\u00f6llern k\u00f6nnen sie zumindest<br \/>\nsymbolisch zelebriert werden. Doch mit dieser Party k\u00f6nnte auf absehbare Zeit<br \/>\nhoffentlich Schluss sein: Knapp die H\u00e4lfte der M\u00e4nner in Deutschland spricht sich mittlerweile<br \/>\nebenfalls f\u00fcr ein privates B\u00f6llerverbot aus. Tendenz steigend.\n<\/p>\n<\/div>\n","protected":false},"excerpt":{"rendered":"<p>1. Gedanke: Ausgerechnet Sylt nimmt die B\u00f6llergefahr ernst Gen Nordwesten richten dieser Tage die 63 Prozent im Lande ihre Blicke, die gegen das B\u00f6llern sind. Dorthin, wo es bald schon nicht mehr brutal knallen, sondern nur noch sanft plauzen wird. Denn die Niederlande haben ein B\u00f6llerverbot auf den Weg gebracht, das ab dem 1. Januar<\/p>\n","protected":false},"author":1,"featured_media":0,"comment_status":"open","ping_status":"open","sticky":false,"template":"","format":"standard","meta":{"footnotes":""},"categories":[64],"tags":[],"class_list":["post-312256","post","type-post","status-publish","format-standard","hentry","category-culture-de"],"acf":[],"yoast_head":"<!-- This site is optimized with the Yoast SEO plugin v22.9 - https:\/\/yoast.com\/wordpress\/plugins\/seo\/ -->\n<title>Wer hat hier einen Knall? - vof-news.eu<\/title>\n<meta name=\"description\" content=\"1. Gedanke: Ausgerechnet Sylt nimmt die B\u00f6llergefahr ernst\" \/>\n<meta name=\"robots\" content=\"noindex, follow, max-snippet:-1, max-image-preview:large, max-video-preview:-1\" \/>\n<meta property=\"og:locale\" content=\"de_DE\" \/>\n<meta property=\"og:type\" content=\"article\" \/>\n<meta property=\"og:title\" content=\"Wer hat hier einen Knall? - vof-news.eu\" \/>\n<meta property=\"og:description\" content=\"1. Gedanke: Ausgerechnet Sylt nimmt die B\u00f6llergefahr ernst\" \/>\n<meta property=\"og:url\" content=\"https:\/\/vof-news.eu\/de\/wer-hat-hier-einen-knall\/\" \/>\n<meta property=\"og:site_name\" content=\"vof-news.eu\" \/>\n<meta property=\"article:published_time\" content=\"2025-12-31T14:29:19+00:00\" \/>\n<meta property=\"article:modified_time\" content=\"2025-12-31T14:30:21+00:00\" \/>\n<meta name=\"author\" content=\"Author\" \/>\n<meta name=\"twitter:card\" content=\"summary_large_image\" \/>\n<meta name=\"twitter:label1\" content=\"Verfasst von\" \/>\n\t<meta name=\"twitter:data1\" content=\"Author\" \/>\n\t<meta name=\"twitter:label2\" content=\"Gesch\u00e4tzte Lesezeit\" \/>\n\t<meta name=\"twitter:data2\" content=\"6\u00a0Minuten\" \/>\n<script type=\"application\/ld+json\" class=\"yoast-schema-graph\">{\"@context\":\"https:\/\/schema.org\",\"@graph\":[{\"@type\":\"WebPage\",\"@id\":\"https:\/\/vof-news.eu\/de\/wer-hat-hier-einen-knall\/\",\"url\":\"https:\/\/vof-news.eu\/de\/wer-hat-hier-einen-knall\/\",\"name\":\"Wer hat hier einen Knall? - vof-news.eu\",\"isPartOf\":{\"@id\":\"https:\/\/vof-news.eu\/de\/#website\"},\"datePublished\":\"2025-12-31T14:29:19+00:00\",\"dateModified\":\"2025-12-31T14:30:21+00:00\",\"author\":{\"@id\":\"https:\/\/vof-news.eu\/de\/#\/schema\/person\/f6a2a4309f0561835797fd8c19b333ed\"},\"description\":\"1. Gedanke: Ausgerechnet Sylt nimmt die B\u00f6llergefahr ernst\",\"breadcrumb\":{\"@id\":\"https:\/\/vof-news.eu\/de\/wer-hat-hier-einen-knall\/#breadcrumb\"},\"inLanguage\":\"de\",\"potentialAction\":[{\"@type\":\"ReadAction\",\"target\":[\"https:\/\/vof-news.eu\/de\/wer-hat-hier-einen-knall\/\"]}]},{\"@type\":\"BreadcrumbList\",\"@id\":\"https:\/\/vof-news.eu\/de\/wer-hat-hier-einen-knall\/#breadcrumb\",\"itemListElement\":[{\"@type\":\"ListItem\",\"position\":1,\"name\":\"Home\",\"item\":\"https:\/\/vof-news.eu\/de\/\"},{\"@type\":\"ListItem\",\"position\":2,\"name\":\"Wer hat hier einen Knall?\"}]},{\"@type\":\"WebSite\",\"@id\":\"https:\/\/vof-news.eu\/de\/#website\",\"url\":\"https:\/\/vof-news.eu\/de\/\",\"name\":\"vof-news.eu\",\"description\":\"\",\"potentialAction\":[{\"@type\":\"SearchAction\",\"target\":{\"@type\":\"EntryPoint\",\"urlTemplate\":\"https:\/\/vof-news.eu\/de\/?s={search_term_string}\"},\"query-input\":\"required name=search_term_string\"}],\"inLanguage\":\"de\"},{\"@type\":\"Person\",\"@id\":\"https:\/\/vof-news.eu\/de\/#\/schema\/person\/f6a2a4309f0561835797fd8c19b333ed\",\"name\":\"Author\",\"image\":{\"@type\":\"ImageObject\",\"inLanguage\":\"de\",\"@id\":\"https:\/\/vof-news.eu\/de\/#\/schema\/person\/image\/\",\"url\":\"https:\/\/secure.gravatar.com\/avatar\/b67e614b1b25b3e9c0c239efdd2fde5ab015b5affd6f1c3c85911ca4b384e790?s=96&d=mm&r=g\",\"contentUrl\":\"https:\/\/secure.gravatar.com\/avatar\/b67e614b1b25b3e9c0c239efdd2fde5ab015b5affd6f1c3c85911ca4b384e790?s=96&d=mm&r=g\",\"caption\":\"Author\"},\"sameAs\":[\"http:\/\/vof-news.eu\"],\"url\":\"https:\/\/vof-news.eu\/de\/author\/zwt6qxnjulxbnyg\/\"}]}<\/script>\n<!-- \/ Yoast SEO plugin. -->","yoast_head_json":{"title":"Wer hat hier einen Knall? - vof-news.eu","description":"1. Gedanke: Ausgerechnet Sylt nimmt die B\u00f6llergefahr ernst","robots":{"index":"noindex","follow":"follow","max-snippet":"max-snippet:-1","max-image-preview":"max-image-preview:large","max-video-preview":"max-video-preview:-1"},"og_locale":"de_DE","og_type":"article","og_title":"Wer hat hier einen Knall? - vof-news.eu","og_description":"1. Gedanke: Ausgerechnet Sylt nimmt die B\u00f6llergefahr ernst","og_url":"https:\/\/vof-news.eu\/de\/wer-hat-hier-einen-knall\/","og_site_name":"vof-news.eu","article_published_time":"2025-12-31T14:29:19+00:00","article_modified_time":"2025-12-31T14:30:21+00:00","author":"Author","twitter_card":"summary_large_image","twitter_misc":{"Verfasst von":"Author","Gesch\u00e4tzte Lesezeit":"6\u00a0Minuten"},"schema":{"@context":"https:\/\/schema.org","@graph":[{"@type":"WebPage","@id":"https:\/\/vof-news.eu\/de\/wer-hat-hier-einen-knall\/","url":"https:\/\/vof-news.eu\/de\/wer-hat-hier-einen-knall\/","name":"Wer hat hier einen Knall? - vof-news.eu","isPartOf":{"@id":"https:\/\/vof-news.eu\/de\/#website"},"datePublished":"2025-12-31T14:29:19+00:00","dateModified":"2025-12-31T14:30:21+00:00","author":{"@id":"https:\/\/vof-news.eu\/de\/#\/schema\/person\/f6a2a4309f0561835797fd8c19b333ed"},"description":"1. Gedanke: Ausgerechnet Sylt nimmt die B\u00f6llergefahr ernst","breadcrumb":{"@id":"https:\/\/vof-news.eu\/de\/wer-hat-hier-einen-knall\/#breadcrumb"},"inLanguage":"de","potentialAction":[{"@type":"ReadAction","target":["https:\/\/vof-news.eu\/de\/wer-hat-hier-einen-knall\/"]}]},{"@type":"BreadcrumbList","@id":"https:\/\/vof-news.eu\/de\/wer-hat-hier-einen-knall\/#breadcrumb","itemListElement":[{"@type":"ListItem","position":1,"name":"Home","item":"https:\/\/vof-news.eu\/de\/"},{"@type":"ListItem","position":2,"name":"Wer hat hier einen Knall?"}]},{"@type":"WebSite","@id":"https:\/\/vof-news.eu\/de\/#website","url":"https:\/\/vof-news.eu\/de\/","name":"vof-news.eu","description":"","potentialAction":[{"@type":"SearchAction","target":{"@type":"EntryPoint","urlTemplate":"https:\/\/vof-news.eu\/de\/?s={search_term_string}"},"query-input":"required name=search_term_string"}],"inLanguage":"de"},{"@type":"Person","@id":"https:\/\/vof-news.eu\/de\/#\/schema\/person\/f6a2a4309f0561835797fd8c19b333ed","name":"Author","image":{"@type":"ImageObject","inLanguage":"de","@id":"https:\/\/vof-news.eu\/de\/#\/schema\/person\/image\/","url":"https:\/\/secure.gravatar.com\/avatar\/b67e614b1b25b3e9c0c239efdd2fde5ab015b5affd6f1c3c85911ca4b384e790?s=96&d=mm&r=g","contentUrl":"https:\/\/secure.gravatar.com\/avatar\/b67e614b1b25b3e9c0c239efdd2fde5ab015b5affd6f1c3c85911ca4b384e790?s=96&d=mm&r=g","caption":"Author"},"sameAs":["http:\/\/vof-news.eu"],"url":"https:\/\/vof-news.eu\/de\/author\/zwt6qxnjulxbnyg\/"}]}},"yoast_meta":{"yoast_wpseo_title":"","yoast_wpseo_metadesc":"","yoast_wpseo_canonical":""},"_links":{"self":[{"href":"https:\/\/vof-news.eu\/de\/wp-json\/wp\/v2\/posts\/312256","targetHints":{"allow":["GET"]}}],"collection":[{"href":"https:\/\/vof-news.eu\/de\/wp-json\/wp\/v2\/posts"}],"about":[{"href":"https:\/\/vof-news.eu\/de\/wp-json\/wp\/v2\/types\/post"}],"author":[{"embeddable":true,"href":"https:\/\/vof-news.eu\/de\/wp-json\/wp\/v2\/users\/1"}],"replies":[{"embeddable":true,"href":"https:\/\/vof-news.eu\/de\/wp-json\/wp\/v2\/comments?post=312256"}],"version-history":[{"count":1,"href":"https:\/\/vof-news.eu\/de\/wp-json\/wp\/v2\/posts\/312256\/revisions"}],"predecessor-version":[{"id":312266,"href":"https:\/\/vof-news.eu\/de\/wp-json\/wp\/v2\/posts\/312256\/revisions\/312266"}],"wp:attachment":[{"href":"https:\/\/vof-news.eu\/de\/wp-json\/wp\/v2\/media?parent=312256"}],"wp:term":[{"taxonomy":"category","embeddable":true,"href":"https:\/\/vof-news.eu\/de\/wp-json\/wp\/v2\/categories?post=312256"},{"taxonomy":"post_tag","embeddable":true,"href":"https:\/\/vof-news.eu\/de\/wp-json\/wp\/v2\/tags?post=312256"}],"curies":[{"name":"wp","href":"https:\/\/api.w.org\/{rel}","templated":true}]}}