{"id":312177,"date":"2025-12-31T09:28:29","date_gmt":"2025-12-31T06:28:29","guid":{"rendered":"https:\/\/vof-news.eu\/wolodymyr-selenskyj-kundigt-neuen-ukrainegipfel-an\/"},"modified":"2025-12-31T09:30:25","modified_gmt":"2025-12-31T06:30:25","slug":"wolodymyr-selenskyj-kundigt-neuen-ukrainegipfel-an","status":"publish","type":"post","link":"https:\/\/vof-news.eu\/de\/wolodymyr-selenskyj-kundigt-neuen-ukrainegipfel-an\/","title":{"rendered":"Wolodymyr Selenskyj k\u00fcndigt neuen Ukrainegipfel an"},"content":{"rendered":"<div>\n<p>Der ukrainische Pr\u00e4sident <a href=\"https:\/\/www.zeit.de\/thema\/wolodymyr-selenskyj\" rel=\"nofollow\">Wolodymyr Selenskyj<\/a> hat angek\u00fcndigt, dass die Verhandlungen zur Beendigung des von <a href=\"https:\/\/www.zeit.de\/thema\/russland\" rel=\"nofollow\">Russland <\/a>begonnen Kriegs Anfang Januar fortgesetzt werden. Geplant sei zun\u00e4chst ein Treffen der nationalen Sicherheitsberater aus der Koalition der Willigen am 3. Januar in der <span><a href=\"https:\/\/www.zeit.de\/politik\/ausland\/ukraine-krieg-news-liveblog\" rel=\"nofollow\">Ukraine<\/a><\/span>, schrieb Selenskyj bei Telegram. Am 6. Januar soll ein weiteres Treffen auf der Ebene der Staatschefs folgen.\n<\/p>\n<p>&#8222;Wir sind dem Team von Pr\u00e4sident Trump f\u00fcr die Bereitschaft dankbar, an beiden Formaten teilzunehmen&#8220;, sagte Selenskyj mit Blick auf <a href=\"https:\/\/www.zeit.de\/thema\/donald-trump\" rel=\"nofollow\">US-Pr\u00e4sident Donald Trump<\/a>. Als Koalition der Willigen verstehen sich westliche L\u00e4nder, die der Ukraine helfen.\n<\/p>\n<p>Kurz nach der Ank\u00fcndigung sagte Selenskyj zu Journalisten, Ziel des Treffens der Sicherheitsberater sei es, &#8222;alle Dokumente, Vorbereitungen und zus\u00e4tzlichen Punkte zu \u00fcberpr\u00fcfen&#8220;, bevor die Staats- und Regierungschefs am 6. Januar in Frankreich dar\u00fcber beraten werden. Die Sicherheitsberater der Verb\u00fcndeten w\u00fcrden sich dann am 7. Januar erneut treffen, um die &#8222;die Details zu verfeinern&#8220;. Die <a href=\"https:\/\/www.zeit.de\/politik\/ausland\/ukraine-krieg-news-liveblog\" rel=\"nofollow\">Ukraine<\/a>\u00a0hoffe auf ein Treffen mit Trump und den europ\u00e4ischen Staats- und Regierungschefs im Anschluss.\n<\/p>\n<p>Erst am Wochenende hatte Trump Selenskyj in Florida zu Gespr\u00e4chen \u00fcber ein Kriegsende empfangen. Obwohl sich beide Seiten anschlie\u00dfend optimistisch zum Fortgang der Verhandlungen gaben, wurden <a href=\"https:\/\/www.zeit.de\/politik\/ausland\/2025-12\/ukraine-verhandlungen-donald-trump-wolodymyr-selenykyj-florida-gxe\" rel=\"nofollow\">keine konkreten Fortschritte<\/a> bekannt.\n<\/p>\n<p><a href=\"https:\/\/www.zeit.de\/politik\/ausland\/ukraine-krieg-news-liveblog\" rel=\"nofollow\"><\/a>\n<\/p>\n<\/div>\n","protected":false},"excerpt":{"rendered":"<p>Der ukrainische Pr\u00e4sident Wolodymyr Selenskyj hat angek\u00fcndigt, dass die Verhandlungen zur Beendigung des von Russland begonnen Kriegs Anfang Januar fortgesetzt werden. Geplant sei zun\u00e4chst ein Treffen der nationalen Sicherheitsberater aus der Koalition der Willigen am 3. Januar in der Ukraine, schrieb Selenskyj bei Telegram. Am 6. Januar soll ein weiteres Treffen auf der Ebene der<\/p>\n","protected":false},"author":1,"featured_media":312178,"comment_status":"open","ping_status":"open","sticky":false,"template":"","format":"standard","meta":{"footnotes":""},"categories":[116],"tags":[],"class_list":["post-312177","post","type-post","status-publish","format-standard","has-post-thumbnail","hentry","category-war-chronicles-de"],"acf":[],"yoast_head":"<!-- This site is optimized with the Yoast SEO plugin v22.9 - https:\/\/yoast.com\/wordpress\/plugins\/seo\/ -->\n<title>Wolodymyr Selenskyj k\u00fcndigt neuen Ukrainegipfel an - vof-news.eu<\/title>\n<meta name=\"description\" content=\"Der ukrainische Pr\u00e4sident Wolodymyr Selenskyj hat angek\u00fcndigt, dass die Verhandlungen zur Beendigung des von Russland begonnen Kriegs Anfang Januar fortgesetzt werden. Geplant sei zun\u00e4chst ein Treffen der nationalen Sicherheitsberater aus der Koalition der Willigen am 3. Januar in der Ukraine, schrieb Selenskyj bei Telegram. Am 6. Januar soll ein weiteres Treffen auf der Ebene der Staatschefs folgen.\" \/>\n<meta name=\"robots\" content=\"noindex, follow, max-snippet:-1, max-image-preview:large, max-video-preview:-1\" \/>\n<meta property=\"og:locale\" content=\"de_DE\" \/>\n<meta property=\"og:type\" content=\"article\" \/>\n<meta property=\"og:title\" content=\"Wolodymyr Selenskyj k\u00fcndigt neuen Ukrainegipfel an - vof-news.eu\" \/>\n<meta property=\"og:description\" content=\"Der ukrainische Pr\u00e4sident Wolodymyr Selenskyj hat angek\u00fcndigt, dass die Verhandlungen zur Beendigung des von Russland begonnen Kriegs Anfang Januar fortgesetzt werden. Geplant sei zun\u00e4chst ein Treffen der nationalen Sicherheitsberater aus der Koalition der Willigen am 3. Januar in der Ukraine, schrieb Selenskyj bei Telegram. Am 6. Januar soll ein weiteres Treffen auf der Ebene der Staatschefs folgen.\" \/>\n<meta property=\"og:url\" content=\"https:\/\/vof-news.eu\/de\/wolodymyr-selenskyj-kundigt-neuen-ukrainegipfel-an\/\" \/>\n<meta property=\"og:site_name\" content=\"vof-news.eu\" \/>\n<meta property=\"article:published_time\" content=\"2025-12-31T06:28:29+00:00\" \/>\n<meta property=\"article:modified_time\" content=\"2025-12-31T06:30:25+00:00\" \/>\n<meta property=\"og:image\" content=\"https:\/\/vof-news.eu\/wp-content\/uploads\/2025\/12\/wide__1000x562-128.jpg\" \/>\n\t<meta property=\"og:image:width\" content=\"1000\" \/>\n\t<meta property=\"og:image:height\" content=\"562\" \/>\n\t<meta property=\"og:image:type\" content=\"image\/jpeg\" \/>\n<meta name=\"author\" content=\"Author\" \/>\n<meta name=\"twitter:card\" content=\"summary_large_image\" \/>\n<meta name=\"twitter:label1\" content=\"Verfasst von\" \/>\n\t<meta name=\"twitter:data1\" content=\"Author\" \/>\n\t<meta name=\"twitter:label2\" content=\"Gesch\u00e4tzte Lesezeit\" \/>\n\t<meta name=\"twitter:data2\" content=\"1\u00a0Minute\" \/>\n<script type=\"application\/ld+json\" class=\"yoast-schema-graph\">{\"@context\":\"https:\/\/schema.org\",\"@graph\":[{\"@type\":\"WebPage\",\"@id\":\"https:\/\/vof-news.eu\/de\/wolodymyr-selenskyj-kundigt-neuen-ukrainegipfel-an\/\",\"url\":\"https:\/\/vof-news.eu\/de\/wolodymyr-selenskyj-kundigt-neuen-ukrainegipfel-an\/\",\"name\":\"Wolodymyr Selenskyj k\u00fcndigt neuen Ukrainegipfel an - vof-news.eu\",\"isPartOf\":{\"@id\":\"https:\/\/vof-news.eu\/de\/#website\"},\"primaryImageOfPage\":{\"@id\":\"https:\/\/vof-news.eu\/de\/wolodymyr-selenskyj-kundigt-neuen-ukrainegipfel-an\/#primaryimage\"},\"image\":{\"@id\":\"https:\/\/vof-news.eu\/de\/wolodymyr-selenskyj-kundigt-neuen-ukrainegipfel-an\/#primaryimage\"},\"thumbnailUrl\":\"https:\/\/vof-news.eu\/wp-content\/uploads\/2025\/12\/wide__1000x562-128.jpg\",\"datePublished\":\"2025-12-31T06:28:29+00:00\",\"dateModified\":\"2025-12-31T06:30:25+00:00\",\"author\":{\"@id\":\"https:\/\/vof-news.eu\/de\/#\/schema\/person\/f6a2a4309f0561835797fd8c19b333ed\"},\"description\":\"Der ukrainische Pr\u00e4sident Wolodymyr Selenskyj hat angek\u00fcndigt, dass die Verhandlungen zur Beendigung des von Russland begonnen Kriegs Anfang Januar fortgesetzt werden. Geplant sei zun\u00e4chst ein Treffen der nationalen Sicherheitsberater aus der Koalition der Willigen am 3. Januar in der Ukraine, schrieb Selenskyj bei Telegram. Am 6. Januar soll ein weiteres Treffen auf der Ebene der Staatschefs folgen.\",\"breadcrumb\":{\"@id\":\"https:\/\/vof-news.eu\/de\/wolodymyr-selenskyj-kundigt-neuen-ukrainegipfel-an\/#breadcrumb\"},\"inLanguage\":\"de\",\"potentialAction\":[{\"@type\":\"ReadAction\",\"target\":[\"https:\/\/vof-news.eu\/de\/wolodymyr-selenskyj-kundigt-neuen-ukrainegipfel-an\/\"]}]},{\"@type\":\"ImageObject\",\"inLanguage\":\"de\",\"@id\":\"https:\/\/vof-news.eu\/de\/wolodymyr-selenskyj-kundigt-neuen-ukrainegipfel-an\/#primaryimage\",\"url\":\"https:\/\/vof-news.eu\/wp-content\/uploads\/2025\/12\/wide__1000x562-128.jpg\",\"contentUrl\":\"https:\/\/vof-news.eu\/wp-content\/uploads\/2025\/12\/wide__1000x562-128.jpg\",\"width\":1000,\"height\":562},{\"@type\":\"BreadcrumbList\",\"@id\":\"https:\/\/vof-news.eu\/de\/wolodymyr-selenskyj-kundigt-neuen-ukrainegipfel-an\/#breadcrumb\",\"itemListElement\":[{\"@type\":\"ListItem\",\"position\":1,\"name\":\"Home\",\"item\":\"https:\/\/vof-news.eu\/de\/\"},{\"@type\":\"ListItem\",\"position\":2,\"name\":\"Wolodymyr Selenskyj k\u00fcndigt neuen Ukrainegipfel an\"}]},{\"@type\":\"WebSite\",\"@id\":\"https:\/\/vof-news.eu\/de\/#website\",\"url\":\"https:\/\/vof-news.eu\/de\/\",\"name\":\"vof-news.eu\",\"description\":\"\",\"potentialAction\":[{\"@type\":\"SearchAction\",\"target\":{\"@type\":\"EntryPoint\",\"urlTemplate\":\"https:\/\/vof-news.eu\/de\/?s={search_term_string}\"},\"query-input\":\"required name=search_term_string\"}],\"inLanguage\":\"de\"},{\"@type\":\"Person\",\"@id\":\"https:\/\/vof-news.eu\/de\/#\/schema\/person\/f6a2a4309f0561835797fd8c19b333ed\",\"name\":\"Author\",\"image\":{\"@type\":\"ImageObject\",\"inLanguage\":\"de\",\"@id\":\"https:\/\/vof-news.eu\/de\/#\/schema\/person\/image\/\",\"url\":\"https:\/\/secure.gravatar.com\/avatar\/b67e614b1b25b3e9c0c239efdd2fde5ab015b5affd6f1c3c85911ca4b384e790?s=96&d=mm&r=g\",\"contentUrl\":\"https:\/\/secure.gravatar.com\/avatar\/b67e614b1b25b3e9c0c239efdd2fde5ab015b5affd6f1c3c85911ca4b384e790?s=96&d=mm&r=g\",\"caption\":\"Author\"},\"sameAs\":[\"http:\/\/vof-news.eu\"],\"url\":\"https:\/\/vof-news.eu\/de\/author\/zwt6qxnjulxbnyg\/\"}]}<\/script>\n<!-- \/ Yoast SEO plugin. -->","yoast_head_json":{"title":"Wolodymyr Selenskyj k\u00fcndigt neuen Ukrainegipfel an - vof-news.eu","description":"Der ukrainische Pr\u00e4sident Wolodymyr Selenskyj hat angek\u00fcndigt, dass die Verhandlungen zur Beendigung des von Russland begonnen Kriegs Anfang Januar fortgesetzt werden. Geplant sei zun\u00e4chst ein Treffen der nationalen Sicherheitsberater aus der Koalition der Willigen am 3. Januar in der Ukraine, schrieb Selenskyj bei Telegram. Am 6. Januar soll ein weiteres Treffen auf der Ebene der Staatschefs folgen.","robots":{"index":"noindex","follow":"follow","max-snippet":"max-snippet:-1","max-image-preview":"max-image-preview:large","max-video-preview":"max-video-preview:-1"},"og_locale":"de_DE","og_type":"article","og_title":"Wolodymyr Selenskyj k\u00fcndigt neuen Ukrainegipfel an - vof-news.eu","og_description":"Der ukrainische Pr\u00e4sident Wolodymyr Selenskyj hat angek\u00fcndigt, dass die Verhandlungen zur Beendigung des von Russland begonnen Kriegs Anfang Januar fortgesetzt werden. Geplant sei zun\u00e4chst ein Treffen der nationalen Sicherheitsberater aus der Koalition der Willigen am 3. Januar in der Ukraine, schrieb Selenskyj bei Telegram. Am 6. Januar soll ein weiteres Treffen auf der Ebene der Staatschefs folgen.","og_url":"https:\/\/vof-news.eu\/de\/wolodymyr-selenskyj-kundigt-neuen-ukrainegipfel-an\/","og_site_name":"vof-news.eu","article_published_time":"2025-12-31T06:28:29+00:00","article_modified_time":"2025-12-31T06:30:25+00:00","og_image":[{"width":1000,"height":562,"url":"https:\/\/vof-news.eu\/wp-content\/uploads\/2025\/12\/wide__1000x562-128.jpg","type":"image\/jpeg"}],"author":"Author","twitter_card":"summary_large_image","twitter_misc":{"Verfasst von":"Author","Gesch\u00e4tzte Lesezeit":"1\u00a0Minute"},"schema":{"@context":"https:\/\/schema.org","@graph":[{"@type":"WebPage","@id":"https:\/\/vof-news.eu\/de\/wolodymyr-selenskyj-kundigt-neuen-ukrainegipfel-an\/","url":"https:\/\/vof-news.eu\/de\/wolodymyr-selenskyj-kundigt-neuen-ukrainegipfel-an\/","name":"Wolodymyr Selenskyj k\u00fcndigt neuen Ukrainegipfel an - vof-news.eu","isPartOf":{"@id":"https:\/\/vof-news.eu\/de\/#website"},"primaryImageOfPage":{"@id":"https:\/\/vof-news.eu\/de\/wolodymyr-selenskyj-kundigt-neuen-ukrainegipfel-an\/#primaryimage"},"image":{"@id":"https:\/\/vof-news.eu\/de\/wolodymyr-selenskyj-kundigt-neuen-ukrainegipfel-an\/#primaryimage"},"thumbnailUrl":"https:\/\/vof-news.eu\/wp-content\/uploads\/2025\/12\/wide__1000x562-128.jpg","datePublished":"2025-12-31T06:28:29+00:00","dateModified":"2025-12-31T06:30:25+00:00","author":{"@id":"https:\/\/vof-news.eu\/de\/#\/schema\/person\/f6a2a4309f0561835797fd8c19b333ed"},"description":"Der ukrainische Pr\u00e4sident Wolodymyr Selenskyj hat angek\u00fcndigt, dass die Verhandlungen zur Beendigung des von Russland begonnen Kriegs Anfang Januar fortgesetzt werden. Geplant sei zun\u00e4chst ein Treffen der nationalen Sicherheitsberater aus der Koalition der Willigen am 3. Januar in der Ukraine, schrieb Selenskyj bei Telegram. Am 6. Januar soll ein weiteres Treffen auf der Ebene der Staatschefs folgen.","breadcrumb":{"@id":"https:\/\/vof-news.eu\/de\/wolodymyr-selenskyj-kundigt-neuen-ukrainegipfel-an\/#breadcrumb"},"inLanguage":"de","potentialAction":[{"@type":"ReadAction","target":["https:\/\/vof-news.eu\/de\/wolodymyr-selenskyj-kundigt-neuen-ukrainegipfel-an\/"]}]},{"@type":"ImageObject","inLanguage":"de","@id":"https:\/\/vof-news.eu\/de\/wolodymyr-selenskyj-kundigt-neuen-ukrainegipfel-an\/#primaryimage","url":"https:\/\/vof-news.eu\/wp-content\/uploads\/2025\/12\/wide__1000x562-128.jpg","contentUrl":"https:\/\/vof-news.eu\/wp-content\/uploads\/2025\/12\/wide__1000x562-128.jpg","width":1000,"height":562},{"@type":"BreadcrumbList","@id":"https:\/\/vof-news.eu\/de\/wolodymyr-selenskyj-kundigt-neuen-ukrainegipfel-an\/#breadcrumb","itemListElement":[{"@type":"ListItem","position":1,"name":"Home","item":"https:\/\/vof-news.eu\/de\/"},{"@type":"ListItem","position":2,"name":"Wolodymyr Selenskyj k\u00fcndigt neuen Ukrainegipfel an"}]},{"@type":"WebSite","@id":"https:\/\/vof-news.eu\/de\/#website","url":"https:\/\/vof-news.eu\/de\/","name":"vof-news.eu","description":"","potentialAction":[{"@type":"SearchAction","target":{"@type":"EntryPoint","urlTemplate":"https:\/\/vof-news.eu\/de\/?s={search_term_string}"},"query-input":"required name=search_term_string"}],"inLanguage":"de"},{"@type":"Person","@id":"https:\/\/vof-news.eu\/de\/#\/schema\/person\/f6a2a4309f0561835797fd8c19b333ed","name":"Author","image":{"@type":"ImageObject","inLanguage":"de","@id":"https:\/\/vof-news.eu\/de\/#\/schema\/person\/image\/","url":"https:\/\/secure.gravatar.com\/avatar\/b67e614b1b25b3e9c0c239efdd2fde5ab015b5affd6f1c3c85911ca4b384e790?s=96&d=mm&r=g","contentUrl":"https:\/\/secure.gravatar.com\/avatar\/b67e614b1b25b3e9c0c239efdd2fde5ab015b5affd6f1c3c85911ca4b384e790?s=96&d=mm&r=g","caption":"Author"},"sameAs":["http:\/\/vof-news.eu"],"url":"https:\/\/vof-news.eu\/de\/author\/zwt6qxnjulxbnyg\/"}]}},"yoast_meta":{"yoast_wpseo_title":"","yoast_wpseo_metadesc":"","yoast_wpseo_canonical":""},"_links":{"self":[{"href":"https:\/\/vof-news.eu\/de\/wp-json\/wp\/v2\/posts\/312177","targetHints":{"allow":["GET"]}}],"collection":[{"href":"https:\/\/vof-news.eu\/de\/wp-json\/wp\/v2\/posts"}],"about":[{"href":"https:\/\/vof-news.eu\/de\/wp-json\/wp\/v2\/types\/post"}],"author":[{"embeddable":true,"href":"https:\/\/vof-news.eu\/de\/wp-json\/wp\/v2\/users\/1"}],"replies":[{"embeddable":true,"href":"https:\/\/vof-news.eu\/de\/wp-json\/wp\/v2\/comments?post=312177"}],"version-history":[{"count":1,"href":"https:\/\/vof-news.eu\/de\/wp-json\/wp\/v2\/posts\/312177\/revisions"}],"predecessor-version":[{"id":312185,"href":"https:\/\/vof-news.eu\/de\/wp-json\/wp\/v2\/posts\/312177\/revisions\/312185"}],"wp:featuredmedia":[{"embeddable":true,"href":"https:\/\/vof-news.eu\/de\/wp-json\/wp\/v2\/media\/312178"}],"wp:attachment":[{"href":"https:\/\/vof-news.eu\/de\/wp-json\/wp\/v2\/media?parent=312177"}],"wp:term":[{"taxonomy":"category","embeddable":true,"href":"https:\/\/vof-news.eu\/de\/wp-json\/wp\/v2\/categories?post=312177"},{"taxonomy":"post_tag","embeddable":true,"href":"https:\/\/vof-news.eu\/de\/wp-json\/wp\/v2\/tags?post=312177"}],"curies":[{"name":"wp","href":"https:\/\/api.w.org\/{rel}","templated":true}]}}