{"id":311701,"date":"2025-12-29T13:29:19","date_gmt":"2025-12-29T10:29:19","guid":{"rendered":"https:\/\/vof-news.eu\/ukrainischer-prasident-will-friedensplan-binnen-eines-monats-abstimmen\/"},"modified":"2025-12-29T13:31:14","modified_gmt":"2025-12-29T10:31:14","slug":"ukrainischer-prasident-will-friedensplan-binnen-eines-monats-abstimmen","status":"publish","type":"post","link":"https:\/\/vof-news.eu\/de\/ukrainischer-prasident-will-friedensplan-binnen-eines-monats-abstimmen\/","title":{"rendered":"Ukrainischer Pr\u00e4sident will Friedensplan binnen eines Monats abstimmen"},"content":{"rendered":"<div>\n<p>Der ukrainische Pr\u00e4sident <span><a href=\"https:\/\/www.zeit.de\/thema\/wolodymyr-selenskyj\" rel=\"nofollow\">Wolodymyr Selenskyj<\/a><\/span> hofft, sich mit den USA und den europ\u00e4ischen Unterst\u00fctzerstaaten seines Landes bis Ende Januar auf einen endg\u00fcltigen Friedensplan zu einigen. Das ukrainische Verhandlungsteam arbeite daran, in den kommenden Wochen Gespr\u00e4che dar\u00fcber mit Delegationen der USA sowie der europ\u00e4ischen sogenannten Koalition der Willigen in der Ukraine zu organisieren, sagte Selenskyj in einem WhatsApp-Chat mit ukrainischen Journalisten.\n<\/p>\n<p>Ziel eines solchen Treffens w\u00e4re demnach, ein Dokument zu erarbeiten, das anschlie\u00dfend auf Ebene der Staats- und Regierungschefs abgesegnet werden k\u00f6nne. Dieses Dokument w\u00fcrde dann erstmals eine gemeinsame Position der <span><a href=\"https:\/\/www.zeit.de\/politik\/ausland\/ukraine-krieg-news-liveblog\" rel=\"nofollow\">Ukraine<\/a><\/span>, der USA und europ\u00e4ischer Staaten abbilden, mit der man anschlie\u00dfend in Verhandlungen mit Russland gehen k\u00f6nne. Die Ukraine sei bereit f\u00fcr Gespr\u00e4che mit Russland in jedem Format, sagte Selenskyj.\u00a0\n<\/p>\n<h2>Noch keine Einigkeit bei Sicherheitsgarantien<\/h2>\n<p>Grundlage der seit Wochen anhaltenden Beratungen ist der sogenannte 28-Punkte-Plan der <span><a href=\"https:\/\/www.zeit.de\/thema\/usa\" rel=\"nofollow\">USA<\/a><\/span> f\u00fcr ein Kriegsende, der im November nach Gespr\u00e4chen zwischen den USA und Russland ver\u00f6ffentlicht worden war. Inzwischen wurde das Dokument, das gr\u00f6\u00dftenteils russischen Forderungen entsprach, in zahlreichen Beratungen der USA mit der Ukraine sowie europ\u00e4ischen L\u00e4ndern \u00fcberarbeitet und auf 20 Punkte reduziert. Dieser Plan wiederum ist in Schl\u00fcsselfragen wie etwa der k\u00fcnftigen Grenzziehung in der Ukraine sowie der Ausgestaltung von westlichen Sicherheitsgarantien f\u00fcr das Land noch nicht endg\u00fcltig abgestimmt.\u00a0\n<\/p>\n<p>Ein Treffen Selenskyjs mit Trump in dessen Anwesen Mar-a-Lago in Florida am Sonntagabend hatte keine Einigung erbracht. Zwar sprachen im Anschluss beide Pr\u00e4sidenten von gro\u00dfen Fortschritten vor allem bei den diskutierten US-Sicherheitsgarantien f\u00fcr die Ukraine, Details nannten sie aber nicht.\u00a0\n<\/p>\n<p>Offen ist neben der konkreten Ausgestaltung der Sicherheitsvereinbarungen offenbar auch noch deren Laufzeit: So sagte Selenskyj ukrainischen Medien, er hoffe auf eine Laufzeit von bis zu 50 Jahren, wozu sich Trump demnach noch nicht endg\u00fcltig positioniert habe. Der US-Pr\u00e4sident habe Sicherheitsgarantien f\u00fcr einen Zeitraum von 15 Jahren angeboten.\u00a0\n<\/p>\n<p>Selenskyj hob zudem hervor, dass der Krieg ohne Sicherheitsgarantien nicht<br \/>\nals &#8222;wirklich beendet&#8220; gelten k\u00f6nne. &#8222;Wir k\u00f6nnen nicht anerkennen, dass<br \/>\ner zu Ende ist, denn mit einem solchen Nachbarn besteht weiterhin das<br \/>\nRisiko erneuter Aggression&#8220;, sagte der ukrainische Pr\u00e4sident. Erst sobald der<br \/>\n Krieg beendet sei und die Ukraine Sicherheitsgarantien erhalten habe, k\u00f6nne die Ukraine das Kriegsrecht aufheben \u2013 was wiederum eine notwendige Bedingung ist, um Pr\u00e4sidentschafts- und Parlamentswahlen abzuhalten. Diese sollen laut dem 20-Punkte-Plan schnellstm\u00f6glich nach Kriegsende organisiert werden.\u00a0\n<\/p>\n<h2>Selenskyj widerspricht Trump bei Waffenruhe<\/h2>\n<p>Ein weiterer Widerspruch ergibt sich nach Worten des ukrainischen Pr\u00e4sidenten \u00fcber das weitere Vorgehen auf dem Weg zu einem Friedensabkommen mit <span><a href=\"https:\/\/www.zeit.de\/thema\/russland\" rel=\"nofollow\">Russland<\/a><\/span>. So sagte Selenskyj, der 20-Punkte-Plan, den er im Januar abzuschlie\u00dfen hoffe, m\u00fcsse dem ukrainischen Volk zur Abstimmung vorgelegt werden. Grund daf\u00fcr d\u00fcrfte sein, dass der Plan Gebietsabtretungen der Ukraine enthalten k\u00f6nnte, die Selenskyj durch ein Referendum legitimieren m\u00f6chte.\u00a0\n<\/p>\n<p>Um eine solche Abstimmung zu organisieren, sei jedoch eine <span><a href=\"https:\/\/www.zeit.de\/thema\/waffenruhe\" rel=\"nofollow\">Waffenruhe<\/a><\/span> von mindestens 60 Tagen n\u00f6tig, sagte Selenskyj. Damit widersprach er einer \u00c4u\u00dferung Trumps vom Vortag, als der US-Pr\u00e4sident gesagt hatte, Ziel seiner Gespr\u00e4che mit der Ukraine sei keine zeitlich begrenzte Waffenruhe, sondern ein Ende des Krieges. Damit schloss sich Trump, der nach seinem Amtsantritt selbst eine Waffenruhe gefordert hatte, der Haltung Russlands an, das eine zeitlich begrenzte Waffenruhe ausschlie\u00dft. Die Ukraine wiederum bef\u00fcrchtet, dass Russland damit die Verhandlungen in die L\u00e4nge ziehen und w\u00e4hrenddessen weitere Gebiete erobern will.\u00a0\n<\/p>\n<p>Wie ein solches Referendum abgehalten werden kann, falls es doch zu einer Waffenruhe kommt, ist bislang v\u00f6llig unklar \u2013 etwa im Hinblick darauf, wie eine Beteiligung von Ukrainerinnen und Ukrainern, die auf russisch besetztem Gebiet leben, gew\u00e4hrleistet werden k\u00f6nnte. Dass es zu einer solchen Abstimmung kommt, gilt bislang daher als unwahrscheinlich. Das genaue Vorgehen auf dem Weg zu einem Kriegsende ist damit weiterhin noch offen.\n<\/p>\n<\/div>\n","protected":false},"excerpt":{"rendered":"<p>Der ukrainische Pr\u00e4sident Wolodymyr Selenskyj hofft, sich mit den USA und den europ\u00e4ischen Unterst\u00fctzerstaaten seines Landes bis Ende Januar auf einen endg\u00fcltigen Friedensplan zu einigen. Das ukrainische Verhandlungsteam arbeite daran, in den kommenden Wochen Gespr\u00e4che dar\u00fcber mit Delegationen der USA sowie der europ\u00e4ischen sogenannten Koalition der Willigen in der Ukraine zu organisieren, sagte Selenskyj in<\/p>\n","protected":false},"author":1,"featured_media":311702,"comment_status":"open","ping_status":"open","sticky":false,"template":"","format":"standard","meta":{"footnotes":""},"categories":[116],"tags":[],"class_list":["post-311701","post","type-post","status-publish","format-standard","has-post-thumbnail","hentry","category-war-chronicles-de"],"acf":[],"yoast_head":"<!-- This site is optimized with the Yoast SEO plugin v22.9 - https:\/\/yoast.com\/wordpress\/plugins\/seo\/ -->\n<title>Ukrainischer Pr\u00e4sident will Friedensplan binnen eines Monats abstimmen - vof-news.eu<\/title>\n<meta name=\"description\" content=\"Der ukrainische Pr\u00e4sident Wolodymyr Selenskyj hofft, sich mit den USA und den europ\u00e4ischen Unterst\u00fctzerstaaten seines Landes bis Ende Januar auf einen endg\u00fcltigen Friedensplan zu einigen. Das ukrainische Verhandlungsteam arbeite daran, in den kommenden Wochen Gespr\u00e4che dar\u00fcber mit Delegationen der USA sowie der europ\u00e4ischen sogenannten Koalition der Willigen in der Ukraine zu organisieren, sagte Selenskyj in einem WhatsApp-Chat mit ukrainischen Journalisten.\" \/>\n<meta name=\"robots\" content=\"noindex, follow, max-snippet:-1, max-image-preview:large, max-video-preview:-1\" \/>\n<meta property=\"og:locale\" content=\"de_DE\" \/>\n<meta property=\"og:type\" content=\"article\" \/>\n<meta property=\"og:title\" content=\"Ukrainischer Pr\u00e4sident will Friedensplan binnen eines Monats abstimmen - vof-news.eu\" \/>\n<meta property=\"og:description\" content=\"Der ukrainische Pr\u00e4sident Wolodymyr Selenskyj hofft, sich mit den USA und den europ\u00e4ischen Unterst\u00fctzerstaaten seines Landes bis Ende Januar auf einen endg\u00fcltigen Friedensplan zu einigen. Das ukrainische Verhandlungsteam arbeite daran, in den kommenden Wochen Gespr\u00e4che dar\u00fcber mit Delegationen der USA sowie der europ\u00e4ischen sogenannten Koalition der Willigen in der Ukraine zu organisieren, sagte Selenskyj in einem WhatsApp-Chat mit ukrainischen Journalisten.\" \/>\n<meta property=\"og:url\" content=\"https:\/\/vof-news.eu\/de\/ukrainischer-prasident-will-friedensplan-binnen-eines-monats-abstimmen\/\" \/>\n<meta property=\"og:site_name\" content=\"vof-news.eu\" \/>\n<meta property=\"article:published_time\" content=\"2025-12-29T10:29:19+00:00\" \/>\n<meta property=\"article:modified_time\" content=\"2025-12-29T10:31:14+00:00\" \/>\n<meta property=\"og:image\" content=\"https:\/\/vof-news.eu\/wp-content\/uploads\/2025\/12\/wide__1000x562-124.jpg\" \/>\n\t<meta property=\"og:image:width\" content=\"1000\" \/>\n\t<meta property=\"og:image:height\" content=\"562\" \/>\n\t<meta property=\"og:image:type\" content=\"image\/jpeg\" \/>\n<meta name=\"author\" content=\"Author\" \/>\n<meta name=\"twitter:card\" content=\"summary_large_image\" \/>\n<meta name=\"twitter:label1\" content=\"Verfasst von\" \/>\n\t<meta name=\"twitter:data1\" content=\"Author\" \/>\n\t<meta name=\"twitter:label2\" content=\"Gesch\u00e4tzte Lesezeit\" \/>\n\t<meta name=\"twitter:data2\" content=\"3\u00a0Minuten\" \/>\n<script type=\"application\/ld+json\" class=\"yoast-schema-graph\">{\"@context\":\"https:\/\/schema.org\",\"@graph\":[{\"@type\":\"WebPage\",\"@id\":\"https:\/\/vof-news.eu\/de\/ukrainischer-prasident-will-friedensplan-binnen-eines-monats-abstimmen\/\",\"url\":\"https:\/\/vof-news.eu\/de\/ukrainischer-prasident-will-friedensplan-binnen-eines-monats-abstimmen\/\",\"name\":\"Ukrainischer Pr\u00e4sident will Friedensplan binnen eines Monats abstimmen - vof-news.eu\",\"isPartOf\":{\"@id\":\"https:\/\/vof-news.eu\/de\/#website\"},\"primaryImageOfPage\":{\"@id\":\"https:\/\/vof-news.eu\/de\/ukrainischer-prasident-will-friedensplan-binnen-eines-monats-abstimmen\/#primaryimage\"},\"image\":{\"@id\":\"https:\/\/vof-news.eu\/de\/ukrainischer-prasident-will-friedensplan-binnen-eines-monats-abstimmen\/#primaryimage\"},\"thumbnailUrl\":\"https:\/\/vof-news.eu\/wp-content\/uploads\/2025\/12\/wide__1000x562-124.jpg\",\"datePublished\":\"2025-12-29T10:29:19+00:00\",\"dateModified\":\"2025-12-29T10:31:14+00:00\",\"author\":{\"@id\":\"https:\/\/vof-news.eu\/de\/#\/schema\/person\/f6a2a4309f0561835797fd8c19b333ed\"},\"description\":\"Der ukrainische Pr\u00e4sident Wolodymyr Selenskyj hofft, sich mit den USA und den europ\u00e4ischen Unterst\u00fctzerstaaten seines Landes bis Ende Januar auf einen endg\u00fcltigen Friedensplan zu einigen. Das ukrainische Verhandlungsteam arbeite daran, in den kommenden Wochen Gespr\u00e4che dar\u00fcber mit Delegationen der USA sowie der europ\u00e4ischen sogenannten Koalition der Willigen in der Ukraine zu organisieren, sagte Selenskyj in einem WhatsApp-Chat mit ukrainischen Journalisten.\",\"breadcrumb\":{\"@id\":\"https:\/\/vof-news.eu\/de\/ukrainischer-prasident-will-friedensplan-binnen-eines-monats-abstimmen\/#breadcrumb\"},\"inLanguage\":\"de\",\"potentialAction\":[{\"@type\":\"ReadAction\",\"target\":[\"https:\/\/vof-news.eu\/de\/ukrainischer-prasident-will-friedensplan-binnen-eines-monats-abstimmen\/\"]}]},{\"@type\":\"ImageObject\",\"inLanguage\":\"de\",\"@id\":\"https:\/\/vof-news.eu\/de\/ukrainischer-prasident-will-friedensplan-binnen-eines-monats-abstimmen\/#primaryimage\",\"url\":\"https:\/\/vof-news.eu\/wp-content\/uploads\/2025\/12\/wide__1000x562-124.jpg\",\"contentUrl\":\"https:\/\/vof-news.eu\/wp-content\/uploads\/2025\/12\/wide__1000x562-124.jpg\",\"width\":1000,\"height\":562},{\"@type\":\"BreadcrumbList\",\"@id\":\"https:\/\/vof-news.eu\/de\/ukrainischer-prasident-will-friedensplan-binnen-eines-monats-abstimmen\/#breadcrumb\",\"itemListElement\":[{\"@type\":\"ListItem\",\"position\":1,\"name\":\"Home\",\"item\":\"https:\/\/vof-news.eu\/de\/\"},{\"@type\":\"ListItem\",\"position\":2,\"name\":\"Ukrainischer Pr\u00e4sident will Friedensplan binnen eines Monats abstimmen\"}]},{\"@type\":\"WebSite\",\"@id\":\"https:\/\/vof-news.eu\/de\/#website\",\"url\":\"https:\/\/vof-news.eu\/de\/\",\"name\":\"vof-news.eu\",\"description\":\"\",\"potentialAction\":[{\"@type\":\"SearchAction\",\"target\":{\"@type\":\"EntryPoint\",\"urlTemplate\":\"https:\/\/vof-news.eu\/de\/?s={search_term_string}\"},\"query-input\":\"required name=search_term_string\"}],\"inLanguage\":\"de\"},{\"@type\":\"Person\",\"@id\":\"https:\/\/vof-news.eu\/de\/#\/schema\/person\/f6a2a4309f0561835797fd8c19b333ed\",\"name\":\"Author\",\"image\":{\"@type\":\"ImageObject\",\"inLanguage\":\"de\",\"@id\":\"https:\/\/vof-news.eu\/de\/#\/schema\/person\/image\/\",\"url\":\"https:\/\/secure.gravatar.com\/avatar\/b67e614b1b25b3e9c0c239efdd2fde5ab015b5affd6f1c3c85911ca4b384e790?s=96&d=mm&r=g\",\"contentUrl\":\"https:\/\/secure.gravatar.com\/avatar\/b67e614b1b25b3e9c0c239efdd2fde5ab015b5affd6f1c3c85911ca4b384e790?s=96&d=mm&r=g\",\"caption\":\"Author\"},\"sameAs\":[\"http:\/\/vof-news.eu\"],\"url\":\"https:\/\/vof-news.eu\/de\/author\/zwt6qxnjulxbnyg\/\"}]}<\/script>\n<!-- \/ Yoast SEO plugin. -->","yoast_head_json":{"title":"Ukrainischer Pr\u00e4sident will Friedensplan binnen eines Monats abstimmen - vof-news.eu","description":"Der ukrainische Pr\u00e4sident Wolodymyr Selenskyj hofft, sich mit den USA und den europ\u00e4ischen Unterst\u00fctzerstaaten seines Landes bis Ende Januar auf einen endg\u00fcltigen Friedensplan zu einigen. Das ukrainische Verhandlungsteam arbeite daran, in den kommenden Wochen Gespr\u00e4che dar\u00fcber mit Delegationen der USA sowie der europ\u00e4ischen sogenannten Koalition der Willigen in der Ukraine zu organisieren, sagte Selenskyj in einem WhatsApp-Chat mit ukrainischen Journalisten.","robots":{"index":"noindex","follow":"follow","max-snippet":"max-snippet:-1","max-image-preview":"max-image-preview:large","max-video-preview":"max-video-preview:-1"},"og_locale":"de_DE","og_type":"article","og_title":"Ukrainischer Pr\u00e4sident will Friedensplan binnen eines Monats abstimmen - vof-news.eu","og_description":"Der ukrainische Pr\u00e4sident Wolodymyr Selenskyj hofft, sich mit den USA und den europ\u00e4ischen Unterst\u00fctzerstaaten seines Landes bis Ende Januar auf einen endg\u00fcltigen Friedensplan zu einigen. Das ukrainische Verhandlungsteam arbeite daran, in den kommenden Wochen Gespr\u00e4che dar\u00fcber mit Delegationen der USA sowie der europ\u00e4ischen sogenannten Koalition der Willigen in der Ukraine zu organisieren, sagte Selenskyj in einem WhatsApp-Chat mit ukrainischen Journalisten.","og_url":"https:\/\/vof-news.eu\/de\/ukrainischer-prasident-will-friedensplan-binnen-eines-monats-abstimmen\/","og_site_name":"vof-news.eu","article_published_time":"2025-12-29T10:29:19+00:00","article_modified_time":"2025-12-29T10:31:14+00:00","og_image":[{"width":1000,"height":562,"url":"https:\/\/vof-news.eu\/wp-content\/uploads\/2025\/12\/wide__1000x562-124.jpg","type":"image\/jpeg"}],"author":"Author","twitter_card":"summary_large_image","twitter_misc":{"Verfasst von":"Author","Gesch\u00e4tzte Lesezeit":"3\u00a0Minuten"},"schema":{"@context":"https:\/\/schema.org","@graph":[{"@type":"WebPage","@id":"https:\/\/vof-news.eu\/de\/ukrainischer-prasident-will-friedensplan-binnen-eines-monats-abstimmen\/","url":"https:\/\/vof-news.eu\/de\/ukrainischer-prasident-will-friedensplan-binnen-eines-monats-abstimmen\/","name":"Ukrainischer Pr\u00e4sident will Friedensplan binnen eines Monats abstimmen - vof-news.eu","isPartOf":{"@id":"https:\/\/vof-news.eu\/de\/#website"},"primaryImageOfPage":{"@id":"https:\/\/vof-news.eu\/de\/ukrainischer-prasident-will-friedensplan-binnen-eines-monats-abstimmen\/#primaryimage"},"image":{"@id":"https:\/\/vof-news.eu\/de\/ukrainischer-prasident-will-friedensplan-binnen-eines-monats-abstimmen\/#primaryimage"},"thumbnailUrl":"https:\/\/vof-news.eu\/wp-content\/uploads\/2025\/12\/wide__1000x562-124.jpg","datePublished":"2025-12-29T10:29:19+00:00","dateModified":"2025-12-29T10:31:14+00:00","author":{"@id":"https:\/\/vof-news.eu\/de\/#\/schema\/person\/f6a2a4309f0561835797fd8c19b333ed"},"description":"Der ukrainische Pr\u00e4sident Wolodymyr Selenskyj hofft, sich mit den USA und den europ\u00e4ischen Unterst\u00fctzerstaaten seines Landes bis Ende Januar auf einen endg\u00fcltigen Friedensplan zu einigen. Das ukrainische Verhandlungsteam arbeite daran, in den kommenden Wochen Gespr\u00e4che dar\u00fcber mit Delegationen der USA sowie der europ\u00e4ischen sogenannten Koalition der Willigen in der Ukraine zu organisieren, sagte Selenskyj in einem WhatsApp-Chat mit ukrainischen Journalisten.","breadcrumb":{"@id":"https:\/\/vof-news.eu\/de\/ukrainischer-prasident-will-friedensplan-binnen-eines-monats-abstimmen\/#breadcrumb"},"inLanguage":"de","potentialAction":[{"@type":"ReadAction","target":["https:\/\/vof-news.eu\/de\/ukrainischer-prasident-will-friedensplan-binnen-eines-monats-abstimmen\/"]}]},{"@type":"ImageObject","inLanguage":"de","@id":"https:\/\/vof-news.eu\/de\/ukrainischer-prasident-will-friedensplan-binnen-eines-monats-abstimmen\/#primaryimage","url":"https:\/\/vof-news.eu\/wp-content\/uploads\/2025\/12\/wide__1000x562-124.jpg","contentUrl":"https:\/\/vof-news.eu\/wp-content\/uploads\/2025\/12\/wide__1000x562-124.jpg","width":1000,"height":562},{"@type":"BreadcrumbList","@id":"https:\/\/vof-news.eu\/de\/ukrainischer-prasident-will-friedensplan-binnen-eines-monats-abstimmen\/#breadcrumb","itemListElement":[{"@type":"ListItem","position":1,"name":"Home","item":"https:\/\/vof-news.eu\/de\/"},{"@type":"ListItem","position":2,"name":"Ukrainischer Pr\u00e4sident will Friedensplan binnen eines Monats abstimmen"}]},{"@type":"WebSite","@id":"https:\/\/vof-news.eu\/de\/#website","url":"https:\/\/vof-news.eu\/de\/","name":"vof-news.eu","description":"","potentialAction":[{"@type":"SearchAction","target":{"@type":"EntryPoint","urlTemplate":"https:\/\/vof-news.eu\/de\/?s={search_term_string}"},"query-input":"required name=search_term_string"}],"inLanguage":"de"},{"@type":"Person","@id":"https:\/\/vof-news.eu\/de\/#\/schema\/person\/f6a2a4309f0561835797fd8c19b333ed","name":"Author","image":{"@type":"ImageObject","inLanguage":"de","@id":"https:\/\/vof-news.eu\/de\/#\/schema\/person\/image\/","url":"https:\/\/secure.gravatar.com\/avatar\/b67e614b1b25b3e9c0c239efdd2fde5ab015b5affd6f1c3c85911ca4b384e790?s=96&d=mm&r=g","contentUrl":"https:\/\/secure.gravatar.com\/avatar\/b67e614b1b25b3e9c0c239efdd2fde5ab015b5affd6f1c3c85911ca4b384e790?s=96&d=mm&r=g","caption":"Author"},"sameAs":["http:\/\/vof-news.eu"],"url":"https:\/\/vof-news.eu\/de\/author\/zwt6qxnjulxbnyg\/"}]}},"yoast_meta":{"yoast_wpseo_title":"","yoast_wpseo_metadesc":"","yoast_wpseo_canonical":""},"_links":{"self":[{"href":"https:\/\/vof-news.eu\/de\/wp-json\/wp\/v2\/posts\/311701","targetHints":{"allow":["GET"]}}],"collection":[{"href":"https:\/\/vof-news.eu\/de\/wp-json\/wp\/v2\/posts"}],"about":[{"href":"https:\/\/vof-news.eu\/de\/wp-json\/wp\/v2\/types\/post"}],"author":[{"embeddable":true,"href":"https:\/\/vof-news.eu\/de\/wp-json\/wp\/v2\/users\/1"}],"replies":[{"embeddable":true,"href":"https:\/\/vof-news.eu\/de\/wp-json\/wp\/v2\/comments?post=311701"}],"version-history":[{"count":1,"href":"https:\/\/vof-news.eu\/de\/wp-json\/wp\/v2\/posts\/311701\/revisions"}],"predecessor-version":[{"id":311715,"href":"https:\/\/vof-news.eu\/de\/wp-json\/wp\/v2\/posts\/311701\/revisions\/311715"}],"wp:featuredmedia":[{"embeddable":true,"href":"https:\/\/vof-news.eu\/de\/wp-json\/wp\/v2\/media\/311702"}],"wp:attachment":[{"href":"https:\/\/vof-news.eu\/de\/wp-json\/wp\/v2\/media?parent=311701"}],"wp:term":[{"taxonomy":"category","embeddable":true,"href":"https:\/\/vof-news.eu\/de\/wp-json\/wp\/v2\/categories?post=311701"},{"taxonomy":"post_tag","embeddable":true,"href":"https:\/\/vof-news.eu\/de\/wp-json\/wp\/v2\/tags?post=311701"}],"curies":[{"name":"wp","href":"https:\/\/api.w.org\/{rel}","templated":true}]}}