{"id":311456,"date":"2025-12-28T17:28:11","date_gmt":"2025-12-28T14:28:11","guid":{"rendered":"https:\/\/vof-news.eu\/selenskyj-sieht-partner-bei-konfliktlosung-in-der-pflicht\/"},"modified":"2025-12-28T17:29:38","modified_gmt":"2025-12-28T14:29:38","slug":"selenskyj-sieht-partner-bei-konfliktlosung-in-der-pflicht","status":"publish","type":"post","link":"https:\/\/vof-news.eu\/de\/selenskyj-sieht-partner-bei-konfliktlosung-in-der-pflicht\/","title":{"rendered":"Selenskyj sieht Partner bei Konfliktl\u00f6sung in der Pflicht"},"content":{"rendered":"<div>\n<p>Vor seinem Treffen \u200bmit\u00a0US-Pr\u00e4sident Donald Trump hat der ukrainische Staatschef <span><a href=\"https:\/\/www.zeit.de\/thema\/wolodymyr-selenskyj\" rel=\"nofollow\">Wolodymyr\u00a0Selenskyj<\/a><\/span>\u00a0die Unterst\u00fctzer der Ukraine zu mehr Druck auf Russland\u00a0f\u00fcr eine L\u00f6sung im Krieg\u00a0aufgerufen. Die Ukraine \u200ctue alles, um den Krieg zu beenden, schrieb Selenskyj nach seiner Ankunft in den USA auf dem\u00a0Kurznachrichtendienst\u00a0Telegram, &#8222;ob es jedoch Entscheidungen geben wird, h\u00e4ngt von den Partnern ab&#8220;.\u00a0\n<\/p>\n<p>Selenskyj will mit <span><a href=\"https:\/\/www.zeit.de\/thema\/donald-trump\" rel=\"nofollow\">Trump<\/a><\/span> <a href=\"https:\/\/www.zeit.de\/politik\/ausland\/2025-12\/ukraine-usa-wolodymyr-selenskyj-donald-trump-treffen\" rel=\"nofollow\">\u00fcber Wege zur Beendigung des russischen Angriffskriegs sprechen.<\/a> Unter anderem soll es um das um\u00a0Schicksal der Industrieregion Donbass und die Zukunft des gr\u00f6\u00dften europ\u00e4ischen Kernkraftwerks Saporischschja gehen.\u00a0Der ukrainische Pr\u00e4sident und seine Delegation trafen am sp\u00e4ten Samstagabend in Florida ein, wie der stellvertretende ukrainische \u200bAu\u00dfenminister Serhij Kyslyzja auf X mitteilte. Das <a href=\"https:\/\/www.zeit.de\/politik\/ausland\/2025-12\/ukrainekrieg-wolodymyr-selenskyj-donald-trump-treffen-sonntag-gxe\" rel=\"nofollow\">bilaterale Treffen in Palm Beach im US-Bundesstaat Florida<\/a> soll nach Angaben der US-Regierung um 13.00 Uhr Ortszeit (19.00 Uhr MEZ) beginnen.\u00a0\n<\/p>\n<p>Nach dem Gespr\u00e4ch mit Trump will\u00a0Selenskyj\u00a0sich erneut mit den europ\u00e4ischen\u00a0Staats- und Regierungschefs\u00a0beraten. Die ukrainische Regierung\u00a0strebe damit eine st\u00e4rkere Position an, \u200cum eine Verschleppung des Krieges durch <span><a href=\"https:\/\/www.zeit.de\/thema\/russland\" rel=\"nofollow\">Russland<\/a><\/span> zu \u200bverhindern, teilte\u00a0Selenskyj\u00a0auf Telegram mit. Er habe bereits mit mehreren <a href=\"https:\/\/www.zeit.de\/politik\/ausland\/2025-12\/ukraine-selenskyj-trump-treffen-euopaeische-verbuendete-unterstuetzung\" rel=\"nofollow\">Partnern der Ukraine<\/a> gesprochen, um die \u2060Priorit\u00e4ten auf diplomatischem Wege abzustimmen.\n<\/p>\n<p>&#8222;Derzeit finden einige der aktivsten diplomatischen Tage des Jahres statt, und vieles kann noch vor Neujahr entschieden werden&#8220;, schrieb Selenskyj. Es m\u00fcssten alle Schritte ergriffen werden, um den Krieg zu beenden und Sicherheit f\u00fcr die <span><a href=\"https:\/\/www.zeit.de\/politik\/ausland\/ukraine-krieg-news-liveblog\" rel=\"nofollow\">Ukraine<\/a><\/span> zu gew\u00e4hrleisten. Alle Sanktionen und der politische Druck gegen Russland m\u00fcssten dabei aufrechterhalten werden.\n<\/p>\n<h2>Heftige russische Angriffe auf die Ukraine<\/h2>\n<p>Angesichts t\u00e4glicher russischer Angriffe brauche die Ukraine auch Raketen f\u00fcr die Flugabwehr, sagte Selenskyj. In dieser Woche hat Russland dem ukrainischen Pr\u00e4sidenten zufolge &#8222;mehr als 2.100 Angriffsdrohnen, etwa 800 Gleitbomben und 94 Raketen verschiedener Typen abgefeuert&#8220;. Demzufolge hatte Russland allein am Samstag Energieanlagen und zivile Infrastruktur mit etwa 500 Drohnen und 40 Raketen angegriffen, es kam zu Strom- und Heizungsausf\u00e4lle in Tausenden Haushalten. Reparaturteams, Energieversorger und der Katastrophenschutz seien weiter rund um die Uhr im Einsatz, um die Energieversorgung wiederherzustellen, sagte Selenskyj.\n<\/p>\n<h2>Putin erh\u00f6ht Druck auf Ukraine<\/h2>\n<p>Vor dem Treffen von Selenskyj und Trump hatte der russische Staatschef Wladimir Putin den Druck auf die Ukraine erh\u00f6ht. Alle Ziele in der Ukraine w\u00fcrden milit\u00e4risch erreicht, sollte die ukrainische Regierung keine friedliche L\u00f6sung des Konflikts anstreben. Die \u00c4u\u00dferungen folgten auf einen heftigen \u2060russischen Drohnen- und Raketenangriff.\u00a0 Am Sonntag meldete das russische Verteidigungsministerium in Moskau die Einnahme von weiteren Ortschaften in \u2060den Regionen Donezk und Saporischschja.\n<\/p>\n<\/p>\n<\/div>\n","protected":false},"excerpt":{"rendered":"<p>Vor seinem Treffen \u200bmit\u00a0US-Pr\u00e4sident Donald Trump hat der ukrainische Staatschef Wolodymyr\u00a0Selenskyj\u00a0die Unterst\u00fctzer der Ukraine zu mehr Druck auf Russland\u00a0f\u00fcr eine L\u00f6sung im Krieg\u00a0aufgerufen. Die Ukraine \u200ctue alles, um den Krieg zu beenden, schrieb Selenskyj nach seiner Ankunft in den USA auf dem\u00a0Kurznachrichtendienst\u00a0Telegram, &#8222;ob es jedoch Entscheidungen geben wird, h\u00e4ngt von den Partnern ab&#8220;.\u00a0 Selenskyj will<\/p>\n","protected":false},"author":1,"featured_media":311457,"comment_status":"open","ping_status":"open","sticky":false,"template":"","format":"standard","meta":{"footnotes":""},"categories":[116],"tags":[],"class_list":["post-311456","post","type-post","status-publish","format-standard","has-post-thumbnail","hentry","category-war-chronicles-de"],"acf":[],"yoast_head":"<!-- This site is optimized with the Yoast SEO plugin v22.9 - https:\/\/yoast.com\/wordpress\/plugins\/seo\/ -->\n<title>Selenskyj sieht Partner bei Konfliktl\u00f6sung in der Pflicht - vof-news.eu<\/title>\n<meta name=\"description\" content=\"Vor seinem Treffen \u200bmit\u00a0US-Pr\u00e4sident Donald Trump hat der ukrainische Staatschef Wolodymyr\u00a0Selenskyj\u00a0die Unterst\u00fctzer der Ukraine zu mehr Druck auf Russland\u00a0f\u00fcr eine L\u00f6sung im Krieg\u00a0aufgerufen. Die Ukraine \u200ctue alles, um den Krieg zu beenden, schrieb Selenskyj nach seiner Ankunft in den USA auf dem\u00a0Kurznachrichtendienst\u00a0Telegram, &quot;ob es jedoch Entscheidungen geben wird, h\u00e4ngt von den Partnern ab&quot;.\u00a0\" \/>\n<meta name=\"robots\" content=\"noindex, follow, max-snippet:-1, max-image-preview:large, max-video-preview:-1\" \/>\n<meta property=\"og:locale\" content=\"de_DE\" \/>\n<meta property=\"og:type\" content=\"article\" \/>\n<meta property=\"og:title\" content=\"Selenskyj sieht Partner bei Konfliktl\u00f6sung in der Pflicht - vof-news.eu\" \/>\n<meta property=\"og:description\" content=\"Vor seinem Treffen \u200bmit\u00a0US-Pr\u00e4sident Donald Trump hat der ukrainische Staatschef Wolodymyr\u00a0Selenskyj\u00a0die Unterst\u00fctzer der Ukraine zu mehr Druck auf Russland\u00a0f\u00fcr eine L\u00f6sung im Krieg\u00a0aufgerufen. Die Ukraine \u200ctue alles, um den Krieg zu beenden, schrieb Selenskyj nach seiner Ankunft in den USA auf dem\u00a0Kurznachrichtendienst\u00a0Telegram, &quot;ob es jedoch Entscheidungen geben wird, h\u00e4ngt von den Partnern ab&quot;.\u00a0\" \/>\n<meta property=\"og:url\" content=\"https:\/\/vof-news.eu\/de\/selenskyj-sieht-partner-bei-konfliktlosung-in-der-pflicht\/\" \/>\n<meta property=\"og:site_name\" content=\"vof-news.eu\" \/>\n<meta property=\"article:published_time\" content=\"2025-12-28T14:28:11+00:00\" \/>\n<meta property=\"article:modified_time\" content=\"2025-12-28T14:29:38+00:00\" \/>\n<meta property=\"og:image\" content=\"https:\/\/vof-news.eu\/wp-content\/uploads\/2025\/12\/wide__1000x562-115.jpg\" \/>\n\t<meta property=\"og:image:width\" content=\"1000\" \/>\n\t<meta property=\"og:image:height\" content=\"562\" \/>\n\t<meta property=\"og:image:type\" content=\"image\/jpeg\" \/>\n<meta name=\"author\" content=\"Author\" \/>\n<meta name=\"twitter:card\" content=\"summary_large_image\" \/>\n<meta name=\"twitter:label1\" content=\"Verfasst von\" \/>\n\t<meta name=\"twitter:data1\" content=\"Author\" \/>\n\t<meta name=\"twitter:label2\" content=\"Gesch\u00e4tzte Lesezeit\" \/>\n\t<meta name=\"twitter:data2\" content=\"2\u00a0Minuten\" \/>\n<script type=\"application\/ld+json\" class=\"yoast-schema-graph\">{\"@context\":\"https:\/\/schema.org\",\"@graph\":[{\"@type\":\"WebPage\",\"@id\":\"https:\/\/vof-news.eu\/de\/selenskyj-sieht-partner-bei-konfliktlosung-in-der-pflicht\/\",\"url\":\"https:\/\/vof-news.eu\/de\/selenskyj-sieht-partner-bei-konfliktlosung-in-der-pflicht\/\",\"name\":\"Selenskyj sieht Partner bei Konfliktl\u00f6sung in der Pflicht - vof-news.eu\",\"isPartOf\":{\"@id\":\"https:\/\/vof-news.eu\/de\/#website\"},\"primaryImageOfPage\":{\"@id\":\"https:\/\/vof-news.eu\/de\/selenskyj-sieht-partner-bei-konfliktlosung-in-der-pflicht\/#primaryimage\"},\"image\":{\"@id\":\"https:\/\/vof-news.eu\/de\/selenskyj-sieht-partner-bei-konfliktlosung-in-der-pflicht\/#primaryimage\"},\"thumbnailUrl\":\"https:\/\/vof-news.eu\/wp-content\/uploads\/2025\/12\/wide__1000x562-115.jpg\",\"datePublished\":\"2025-12-28T14:28:11+00:00\",\"dateModified\":\"2025-12-28T14:29:38+00:00\",\"author\":{\"@id\":\"https:\/\/vof-news.eu\/de\/#\/schema\/person\/f6a2a4309f0561835797fd8c19b333ed\"},\"description\":\"Vor seinem Treffen \u200bmit\u00a0US-Pr\u00e4sident Donald Trump hat der ukrainische Staatschef Wolodymyr\u00a0Selenskyj\u00a0die Unterst\u00fctzer der Ukraine zu mehr Druck auf Russland\u00a0f\u00fcr eine L\u00f6sung im Krieg\u00a0aufgerufen. Die Ukraine \u200ctue alles, um den Krieg zu beenden, schrieb Selenskyj nach seiner Ankunft in den USA auf dem\u00a0Kurznachrichtendienst\u00a0Telegram, \\\"ob es jedoch Entscheidungen geben wird, h\u00e4ngt von den Partnern ab\\\".\u00a0\",\"breadcrumb\":{\"@id\":\"https:\/\/vof-news.eu\/de\/selenskyj-sieht-partner-bei-konfliktlosung-in-der-pflicht\/#breadcrumb\"},\"inLanguage\":\"de\",\"potentialAction\":[{\"@type\":\"ReadAction\",\"target\":[\"https:\/\/vof-news.eu\/de\/selenskyj-sieht-partner-bei-konfliktlosung-in-der-pflicht\/\"]}]},{\"@type\":\"ImageObject\",\"inLanguage\":\"de\",\"@id\":\"https:\/\/vof-news.eu\/de\/selenskyj-sieht-partner-bei-konfliktlosung-in-der-pflicht\/#primaryimage\",\"url\":\"https:\/\/vof-news.eu\/wp-content\/uploads\/2025\/12\/wide__1000x562-115.jpg\",\"contentUrl\":\"https:\/\/vof-news.eu\/wp-content\/uploads\/2025\/12\/wide__1000x562-115.jpg\",\"width\":1000,\"height\":562},{\"@type\":\"BreadcrumbList\",\"@id\":\"https:\/\/vof-news.eu\/de\/selenskyj-sieht-partner-bei-konfliktlosung-in-der-pflicht\/#breadcrumb\",\"itemListElement\":[{\"@type\":\"ListItem\",\"position\":1,\"name\":\"Home\",\"item\":\"https:\/\/vof-news.eu\/de\/\"},{\"@type\":\"ListItem\",\"position\":2,\"name\":\"Selenskyj sieht Partner bei Konfliktl\u00f6sung in der Pflicht\"}]},{\"@type\":\"WebSite\",\"@id\":\"https:\/\/vof-news.eu\/de\/#website\",\"url\":\"https:\/\/vof-news.eu\/de\/\",\"name\":\"vof-news.eu\",\"description\":\"\",\"potentialAction\":[{\"@type\":\"SearchAction\",\"target\":{\"@type\":\"EntryPoint\",\"urlTemplate\":\"https:\/\/vof-news.eu\/de\/?s={search_term_string}\"},\"query-input\":\"required name=search_term_string\"}],\"inLanguage\":\"de\"},{\"@type\":\"Person\",\"@id\":\"https:\/\/vof-news.eu\/de\/#\/schema\/person\/f6a2a4309f0561835797fd8c19b333ed\",\"name\":\"Author\",\"image\":{\"@type\":\"ImageObject\",\"inLanguage\":\"de\",\"@id\":\"https:\/\/vof-news.eu\/de\/#\/schema\/person\/image\/\",\"url\":\"https:\/\/secure.gravatar.com\/avatar\/b67e614b1b25b3e9c0c239efdd2fde5ab015b5affd6f1c3c85911ca4b384e790?s=96&d=mm&r=g\",\"contentUrl\":\"https:\/\/secure.gravatar.com\/avatar\/b67e614b1b25b3e9c0c239efdd2fde5ab015b5affd6f1c3c85911ca4b384e790?s=96&d=mm&r=g\",\"caption\":\"Author\"},\"sameAs\":[\"http:\/\/vof-news.eu\"],\"url\":\"https:\/\/vof-news.eu\/de\/author\/zwt6qxnjulxbnyg\/\"}]}<\/script>\n<!-- \/ Yoast SEO plugin. -->","yoast_head_json":{"title":"Selenskyj sieht Partner bei Konfliktl\u00f6sung in der Pflicht - vof-news.eu","description":"Vor seinem Treffen \u200bmit\u00a0US-Pr\u00e4sident Donald Trump hat der ukrainische Staatschef Wolodymyr\u00a0Selenskyj\u00a0die Unterst\u00fctzer der Ukraine zu mehr Druck auf Russland\u00a0f\u00fcr eine L\u00f6sung im Krieg\u00a0aufgerufen. Die Ukraine \u200ctue alles, um den Krieg zu beenden, schrieb Selenskyj nach seiner Ankunft in den USA auf dem\u00a0Kurznachrichtendienst\u00a0Telegram, \"ob es jedoch Entscheidungen geben wird, h\u00e4ngt von den Partnern ab\".\u00a0","robots":{"index":"noindex","follow":"follow","max-snippet":"max-snippet:-1","max-image-preview":"max-image-preview:large","max-video-preview":"max-video-preview:-1"},"og_locale":"de_DE","og_type":"article","og_title":"Selenskyj sieht Partner bei Konfliktl\u00f6sung in der Pflicht - vof-news.eu","og_description":"Vor seinem Treffen \u200bmit\u00a0US-Pr\u00e4sident Donald Trump hat der ukrainische Staatschef Wolodymyr\u00a0Selenskyj\u00a0die Unterst\u00fctzer der Ukraine zu mehr Druck auf Russland\u00a0f\u00fcr eine L\u00f6sung im Krieg\u00a0aufgerufen. Die Ukraine \u200ctue alles, um den Krieg zu beenden, schrieb Selenskyj nach seiner Ankunft in den USA auf dem\u00a0Kurznachrichtendienst\u00a0Telegram, \"ob es jedoch Entscheidungen geben wird, h\u00e4ngt von den Partnern ab\".\u00a0","og_url":"https:\/\/vof-news.eu\/de\/selenskyj-sieht-partner-bei-konfliktlosung-in-der-pflicht\/","og_site_name":"vof-news.eu","article_published_time":"2025-12-28T14:28:11+00:00","article_modified_time":"2025-12-28T14:29:38+00:00","og_image":[{"width":1000,"height":562,"url":"https:\/\/vof-news.eu\/wp-content\/uploads\/2025\/12\/wide__1000x562-115.jpg","type":"image\/jpeg"}],"author":"Author","twitter_card":"summary_large_image","twitter_misc":{"Verfasst von":"Author","Gesch\u00e4tzte Lesezeit":"2\u00a0Minuten"},"schema":{"@context":"https:\/\/schema.org","@graph":[{"@type":"WebPage","@id":"https:\/\/vof-news.eu\/de\/selenskyj-sieht-partner-bei-konfliktlosung-in-der-pflicht\/","url":"https:\/\/vof-news.eu\/de\/selenskyj-sieht-partner-bei-konfliktlosung-in-der-pflicht\/","name":"Selenskyj sieht Partner bei Konfliktl\u00f6sung in der Pflicht - vof-news.eu","isPartOf":{"@id":"https:\/\/vof-news.eu\/de\/#website"},"primaryImageOfPage":{"@id":"https:\/\/vof-news.eu\/de\/selenskyj-sieht-partner-bei-konfliktlosung-in-der-pflicht\/#primaryimage"},"image":{"@id":"https:\/\/vof-news.eu\/de\/selenskyj-sieht-partner-bei-konfliktlosung-in-der-pflicht\/#primaryimage"},"thumbnailUrl":"https:\/\/vof-news.eu\/wp-content\/uploads\/2025\/12\/wide__1000x562-115.jpg","datePublished":"2025-12-28T14:28:11+00:00","dateModified":"2025-12-28T14:29:38+00:00","author":{"@id":"https:\/\/vof-news.eu\/de\/#\/schema\/person\/f6a2a4309f0561835797fd8c19b333ed"},"description":"Vor seinem Treffen \u200bmit\u00a0US-Pr\u00e4sident Donald Trump hat der ukrainische Staatschef Wolodymyr\u00a0Selenskyj\u00a0die Unterst\u00fctzer der Ukraine zu mehr Druck auf Russland\u00a0f\u00fcr eine L\u00f6sung im Krieg\u00a0aufgerufen. Die Ukraine \u200ctue alles, um den Krieg zu beenden, schrieb Selenskyj nach seiner Ankunft in den USA auf dem\u00a0Kurznachrichtendienst\u00a0Telegram, \"ob es jedoch Entscheidungen geben wird, h\u00e4ngt von den Partnern ab\".\u00a0","breadcrumb":{"@id":"https:\/\/vof-news.eu\/de\/selenskyj-sieht-partner-bei-konfliktlosung-in-der-pflicht\/#breadcrumb"},"inLanguage":"de","potentialAction":[{"@type":"ReadAction","target":["https:\/\/vof-news.eu\/de\/selenskyj-sieht-partner-bei-konfliktlosung-in-der-pflicht\/"]}]},{"@type":"ImageObject","inLanguage":"de","@id":"https:\/\/vof-news.eu\/de\/selenskyj-sieht-partner-bei-konfliktlosung-in-der-pflicht\/#primaryimage","url":"https:\/\/vof-news.eu\/wp-content\/uploads\/2025\/12\/wide__1000x562-115.jpg","contentUrl":"https:\/\/vof-news.eu\/wp-content\/uploads\/2025\/12\/wide__1000x562-115.jpg","width":1000,"height":562},{"@type":"BreadcrumbList","@id":"https:\/\/vof-news.eu\/de\/selenskyj-sieht-partner-bei-konfliktlosung-in-der-pflicht\/#breadcrumb","itemListElement":[{"@type":"ListItem","position":1,"name":"Home","item":"https:\/\/vof-news.eu\/de\/"},{"@type":"ListItem","position":2,"name":"Selenskyj sieht Partner bei Konfliktl\u00f6sung in der Pflicht"}]},{"@type":"WebSite","@id":"https:\/\/vof-news.eu\/de\/#website","url":"https:\/\/vof-news.eu\/de\/","name":"vof-news.eu","description":"","potentialAction":[{"@type":"SearchAction","target":{"@type":"EntryPoint","urlTemplate":"https:\/\/vof-news.eu\/de\/?s={search_term_string}"},"query-input":"required name=search_term_string"}],"inLanguage":"de"},{"@type":"Person","@id":"https:\/\/vof-news.eu\/de\/#\/schema\/person\/f6a2a4309f0561835797fd8c19b333ed","name":"Author","image":{"@type":"ImageObject","inLanguage":"de","@id":"https:\/\/vof-news.eu\/de\/#\/schema\/person\/image\/","url":"https:\/\/secure.gravatar.com\/avatar\/b67e614b1b25b3e9c0c239efdd2fde5ab015b5affd6f1c3c85911ca4b384e790?s=96&d=mm&r=g","contentUrl":"https:\/\/secure.gravatar.com\/avatar\/b67e614b1b25b3e9c0c239efdd2fde5ab015b5affd6f1c3c85911ca4b384e790?s=96&d=mm&r=g","caption":"Author"},"sameAs":["http:\/\/vof-news.eu"],"url":"https:\/\/vof-news.eu\/de\/author\/zwt6qxnjulxbnyg\/"}]}},"yoast_meta":{"yoast_wpseo_title":"","yoast_wpseo_metadesc":"","yoast_wpseo_canonical":""},"_links":{"self":[{"href":"https:\/\/vof-news.eu\/de\/wp-json\/wp\/v2\/posts\/311456","targetHints":{"allow":["GET"]}}],"collection":[{"href":"https:\/\/vof-news.eu\/de\/wp-json\/wp\/v2\/posts"}],"about":[{"href":"https:\/\/vof-news.eu\/de\/wp-json\/wp\/v2\/types\/post"}],"author":[{"embeddable":true,"href":"https:\/\/vof-news.eu\/de\/wp-json\/wp\/v2\/users\/1"}],"replies":[{"embeddable":true,"href":"https:\/\/vof-news.eu\/de\/wp-json\/wp\/v2\/comments?post=311456"}],"version-history":[{"count":1,"href":"https:\/\/vof-news.eu\/de\/wp-json\/wp\/v2\/posts\/311456\/revisions"}],"predecessor-version":[{"id":311463,"href":"https:\/\/vof-news.eu\/de\/wp-json\/wp\/v2\/posts\/311456\/revisions\/311463"}],"wp:featuredmedia":[{"embeddable":true,"href":"https:\/\/vof-news.eu\/de\/wp-json\/wp\/v2\/media\/311457"}],"wp:attachment":[{"href":"https:\/\/vof-news.eu\/de\/wp-json\/wp\/v2\/media?parent=311456"}],"wp:term":[{"taxonomy":"category","embeddable":true,"href":"https:\/\/vof-news.eu\/de\/wp-json\/wp\/v2\/categories?post=311456"},{"taxonomy":"post_tag","embeddable":true,"href":"https:\/\/vof-news.eu\/de\/wp-json\/wp\/v2\/tags?post=311456"}],"curies":[{"name":"wp","href":"https:\/\/api.w.org\/{rel}","templated":true}]}}