{"id":311344,"date":"2025-12-28T01:29:40","date_gmt":"2025-12-27T22:29:40","guid":{"rendered":"https:\/\/vof-news.eu\/wolodymyr-selenskyj-will-trump-auf-sicherheitsgarantien-festlegen-2\/"},"modified":"2025-12-28T01:31:18","modified_gmt":"2025-12-27T22:31:18","slug":"wolodymyr-selenskyj-will-trump-auf-sicherheitsgarantien-festlegen-2","status":"publish","type":"post","link":"https:\/\/vof-news.eu\/de\/wolodymyr-selenskyj-will-trump-auf-sicherheitsgarantien-festlegen-2\/","title":{"rendered":"Wolodymyr Selenskyj will Trump auf Sicherheitsgarantien festlegen"},"content":{"rendered":"<div>\n<p>Der ukrainische Pr\u00e4sident <span><a href=\"https:\/\/www.zeit.de\/thema\/wolodymyr-selenskyj\" rel=\"nofollow\">Wolodymyr Selenskyj<\/a><\/span> will bei seinem Treffen am Sonntag mit US-Pr\u00e4sident Donald Trump erneut deutlich machen, dass eine Kapitulation der <a href=\"https:\/\/www.zeit.de\/thema\/krieg-in-ukraine\" rel=\"nofollow\">Ukraine<\/a> nicht infrage kommt. Kernthema des Treffens seien die <a href=\"https:\/\/www.zeit.de\/politik\/ausland\/2025-08\/sicherheitsgarantien-ukraine-russland-nato-usa\" rel=\"nofollow\">Sicherheitsgarantien f\u00fcr die Ukraine<\/a> f\u00fcr den Fall eines Waffenstillstands, um vor einem neuen russischen Angriff dauerhaft gesch\u00fctzt zu sein. Das teilte Selenskyj auf Telegram mit.\u00a0\n<\/p>\n<p>Zuvor hatte er bereits\u00a0auf <a href=\"https:\/\/www.zeit.de\/politik\/ausland\/2025-12\/ukraine-krieg-wolodymyr-selenskyj-donald-trump-treffen-gxe\" rel=\"nofollow\">&#8222;rote Linien&#8220; der Ukraine<\/a> verwiesen. So schloss Selenskyj weiterhin kategorisch die von <span><a href=\"https:\/\/www.zeit.de\/thema\/donald-trump\" rel=\"nofollow\">Trump<\/a><\/span> geforderten <a href=\"https:\/\/www.zeit.de\/2025\/36\/gebietsabtretungen-ukraine-russland-frieden-wolodymyr-selenskyj\" rel=\"nofollow\">Gebietsabtretungen<\/a><br \/>\n jener Teile im Gebiet Donezk, die Russland bisher nicht kontrolliert,<br \/>\naus. Es gebe Kompromissvorschl\u00e4ge f\u00fcr die offenen<br \/>\nGebietsfragen, sagte er. Man werde keinen Diktatfrieden akzeptieren.\u00a0Russland zeige mit seinen t\u00e4glichen Luftangriffen, dass es kein<br \/>\nInteresse an einem Frieden habe, sagte Selenskyj. Deshalb wolle<br \/>\n er sich bei Trump f\u00fcr mehr Flugabwehrsysteme einsetzen.\n<\/p>\n<h2>Selenskyj fordert mehr Raketen f\u00fcr die Ukraine<\/h2>\n<p>Parallel gebe es <a href=\"https:\/\/www.zeit.de\/politik\/ausland\/2025-12\/ukraine-verhandlungen-berlin-friedrich-merz-wolodymyr-selenskyj-us-sicherheitsgarantien\" rel=\"nofollow\">Verhandlungen\u00a0mit\u00a0den Europ\u00e4ern\u00a0\u00fcber\u00a0Sicherheitsgarantien,<\/a> hie\u00df es in\u00a0Selenskyjs Mitteilung zudem. &#8222;Aber ehrlich gesagt, gibt es immer einen Geldmangel, besonders f\u00fcr die Produktion von Waffen und vor allem von Drohnen&#8220;, sagte er und bedankte sich f\u00fcr\u00a0weitere finanzielle Unterst\u00fctzung der EU.\n<\/p>\n<p>Auch mit\u00a0dem<br \/>\nUS-Pr\u00e4sidenten will Selenskyj am Sonntag \u00fcber Geld sprechen \u2013 und zwar \u00fcber\u00a0Investitionen f\u00fcr einen Wiederaufbau der<br \/>\n<span><a href=\"https:\/\/www.zeit.de\/politik\/ausland\/ukraine-krieg-news-liveblog\" rel=\"nofollow\">Ukraine<\/a><\/span> nach Beendigung des Krieges. Dazu m\u00fcssten Fonds gegr\u00fcndet werden. Die n\u00f6tigen Kosten<br \/>\nliegen Selenskyj zufolge bei 679 Milliarden Euro.\n<\/p>\n<p>\n<\/p>\n<\/div>\n","protected":false},"excerpt":{"rendered":"<p>Der ukrainische Pr\u00e4sident Wolodymyr Selenskyj will bei seinem Treffen am Sonntag mit US-Pr\u00e4sident Donald Trump erneut deutlich machen, dass eine Kapitulation der Ukraine nicht infrage kommt. Kernthema des Treffens seien die Sicherheitsgarantien f\u00fcr die Ukraine f\u00fcr den Fall eines Waffenstillstands, um vor einem neuen russischen Angriff dauerhaft gesch\u00fctzt zu sein. Das teilte Selenskyj auf Telegram<\/p>\n","protected":false},"author":1,"featured_media":311345,"comment_status":"open","ping_status":"open","sticky":false,"template":"","format":"standard","meta":{"footnotes":""},"categories":[116],"tags":[],"class_list":["post-311344","post","type-post","status-publish","format-standard","has-post-thumbnail","hentry","category-war-chronicles-de"],"acf":[],"yoast_head":"<!-- This site is optimized with the Yoast SEO plugin v22.9 - https:\/\/yoast.com\/wordpress\/plugins\/seo\/ -->\n<title>Wolodymyr Selenskyj will Trump auf Sicherheitsgarantien festlegen - vof-news.eu<\/title>\n<meta name=\"description\" content=\"Der ukrainische Pr\u00e4sident Wolodymyr Selenskyj will bei seinem Treffen am Sonntag mit US-Pr\u00e4sident Donald Trump erneut deutlich machen, dass eine Kapitulation der Ukraine nicht infrage kommt. Kernthema des Treffens seien die Sicherheitsgarantien f\u00fcr die Ukraine f\u00fcr den Fall eines Waffenstillstands, um vor einem neuen russischen Angriff dauerhaft gesch\u00fctzt zu sein. Das teilte Selenskyj auf Telegram mit.\u00a0\" \/>\n<meta name=\"robots\" content=\"noindex, follow, max-snippet:-1, max-image-preview:large, max-video-preview:-1\" \/>\n<meta property=\"og:locale\" content=\"de_DE\" \/>\n<meta property=\"og:type\" content=\"article\" \/>\n<meta property=\"og:title\" content=\"Wolodymyr Selenskyj will Trump auf Sicherheitsgarantien festlegen - vof-news.eu\" \/>\n<meta property=\"og:description\" content=\"Der ukrainische Pr\u00e4sident Wolodymyr Selenskyj will bei seinem Treffen am Sonntag mit US-Pr\u00e4sident Donald Trump erneut deutlich machen, dass eine Kapitulation der Ukraine nicht infrage kommt. Kernthema des Treffens seien die Sicherheitsgarantien f\u00fcr die Ukraine f\u00fcr den Fall eines Waffenstillstands, um vor einem neuen russischen Angriff dauerhaft gesch\u00fctzt zu sein. Das teilte Selenskyj auf Telegram mit.\u00a0\" \/>\n<meta property=\"og:url\" content=\"https:\/\/vof-news.eu\/de\/wolodymyr-selenskyj-will-trump-auf-sicherheitsgarantien-festlegen-2\/\" \/>\n<meta property=\"og:site_name\" content=\"vof-news.eu\" \/>\n<meta property=\"article:published_time\" content=\"2025-12-27T22:29:40+00:00\" \/>\n<meta property=\"article:modified_time\" content=\"2025-12-27T22:31:18+00:00\" \/>\n<meta property=\"og:image\" content=\"https:\/\/vof-news.eu\/wp-content\/uploads\/2025\/12\/wide__1000x562-114.jpg\" \/>\n\t<meta property=\"og:image:width\" content=\"1000\" \/>\n\t<meta property=\"og:image:height\" content=\"562\" \/>\n\t<meta property=\"og:image:type\" content=\"image\/jpeg\" \/>\n<meta name=\"author\" content=\"Author\" \/>\n<meta name=\"twitter:card\" content=\"summary_large_image\" \/>\n<meta name=\"twitter:label1\" content=\"Verfasst von\" \/>\n\t<meta name=\"twitter:data1\" content=\"Author\" \/>\n\t<meta name=\"twitter:label2\" content=\"Gesch\u00e4tzte Lesezeit\" \/>\n\t<meta name=\"twitter:data2\" content=\"1\u00a0Minute\" \/>\n<script type=\"application\/ld+json\" class=\"yoast-schema-graph\">{\"@context\":\"https:\/\/schema.org\",\"@graph\":[{\"@type\":\"WebPage\",\"@id\":\"https:\/\/vof-news.eu\/de\/wolodymyr-selenskyj-will-trump-auf-sicherheitsgarantien-festlegen-2\/\",\"url\":\"https:\/\/vof-news.eu\/de\/wolodymyr-selenskyj-will-trump-auf-sicherheitsgarantien-festlegen-2\/\",\"name\":\"Wolodymyr Selenskyj will Trump auf Sicherheitsgarantien festlegen - vof-news.eu\",\"isPartOf\":{\"@id\":\"https:\/\/vof-news.eu\/de\/#website\"},\"primaryImageOfPage\":{\"@id\":\"https:\/\/vof-news.eu\/de\/wolodymyr-selenskyj-will-trump-auf-sicherheitsgarantien-festlegen-2\/#primaryimage\"},\"image\":{\"@id\":\"https:\/\/vof-news.eu\/de\/wolodymyr-selenskyj-will-trump-auf-sicherheitsgarantien-festlegen-2\/#primaryimage\"},\"thumbnailUrl\":\"https:\/\/vof-news.eu\/wp-content\/uploads\/2025\/12\/wide__1000x562-114.jpg\",\"datePublished\":\"2025-12-27T22:29:40+00:00\",\"dateModified\":\"2025-12-27T22:31:18+00:00\",\"author\":{\"@id\":\"https:\/\/vof-news.eu\/de\/#\/schema\/person\/f6a2a4309f0561835797fd8c19b333ed\"},\"description\":\"Der ukrainische Pr\u00e4sident Wolodymyr Selenskyj will bei seinem Treffen am Sonntag mit US-Pr\u00e4sident Donald Trump erneut deutlich machen, dass eine Kapitulation der Ukraine nicht infrage kommt. Kernthema des Treffens seien die Sicherheitsgarantien f\u00fcr die Ukraine f\u00fcr den Fall eines Waffenstillstands, um vor einem neuen russischen Angriff dauerhaft gesch\u00fctzt zu sein. Das teilte Selenskyj auf Telegram mit.\u00a0\",\"breadcrumb\":{\"@id\":\"https:\/\/vof-news.eu\/de\/wolodymyr-selenskyj-will-trump-auf-sicherheitsgarantien-festlegen-2\/#breadcrumb\"},\"inLanguage\":\"de\",\"potentialAction\":[{\"@type\":\"ReadAction\",\"target\":[\"https:\/\/vof-news.eu\/de\/wolodymyr-selenskyj-will-trump-auf-sicherheitsgarantien-festlegen-2\/\"]}]},{\"@type\":\"ImageObject\",\"inLanguage\":\"de\",\"@id\":\"https:\/\/vof-news.eu\/de\/wolodymyr-selenskyj-will-trump-auf-sicherheitsgarantien-festlegen-2\/#primaryimage\",\"url\":\"https:\/\/vof-news.eu\/wp-content\/uploads\/2025\/12\/wide__1000x562-114.jpg\",\"contentUrl\":\"https:\/\/vof-news.eu\/wp-content\/uploads\/2025\/12\/wide__1000x562-114.jpg\",\"width\":1000,\"height\":562},{\"@type\":\"BreadcrumbList\",\"@id\":\"https:\/\/vof-news.eu\/de\/wolodymyr-selenskyj-will-trump-auf-sicherheitsgarantien-festlegen-2\/#breadcrumb\",\"itemListElement\":[{\"@type\":\"ListItem\",\"position\":1,\"name\":\"Home\",\"item\":\"https:\/\/vof-news.eu\/de\/\"},{\"@type\":\"ListItem\",\"position\":2,\"name\":\"Wolodymyr Selenskyj will Trump auf Sicherheitsgarantien festlegen\"}]},{\"@type\":\"WebSite\",\"@id\":\"https:\/\/vof-news.eu\/de\/#website\",\"url\":\"https:\/\/vof-news.eu\/de\/\",\"name\":\"vof-news.eu\",\"description\":\"\",\"potentialAction\":[{\"@type\":\"SearchAction\",\"target\":{\"@type\":\"EntryPoint\",\"urlTemplate\":\"https:\/\/vof-news.eu\/de\/?s={search_term_string}\"},\"query-input\":\"required name=search_term_string\"}],\"inLanguage\":\"de\"},{\"@type\":\"Person\",\"@id\":\"https:\/\/vof-news.eu\/de\/#\/schema\/person\/f6a2a4309f0561835797fd8c19b333ed\",\"name\":\"Author\",\"image\":{\"@type\":\"ImageObject\",\"inLanguage\":\"de\",\"@id\":\"https:\/\/vof-news.eu\/de\/#\/schema\/person\/image\/\",\"url\":\"https:\/\/secure.gravatar.com\/avatar\/b67e614b1b25b3e9c0c239efdd2fde5ab015b5affd6f1c3c85911ca4b384e790?s=96&d=mm&r=g\",\"contentUrl\":\"https:\/\/secure.gravatar.com\/avatar\/b67e614b1b25b3e9c0c239efdd2fde5ab015b5affd6f1c3c85911ca4b384e790?s=96&d=mm&r=g\",\"caption\":\"Author\"},\"sameAs\":[\"http:\/\/vof-news.eu\"],\"url\":\"https:\/\/vof-news.eu\/de\/author\/zwt6qxnjulxbnyg\/\"}]}<\/script>\n<!-- \/ Yoast SEO plugin. -->","yoast_head_json":{"title":"Wolodymyr Selenskyj will Trump auf Sicherheitsgarantien festlegen - vof-news.eu","description":"Der ukrainische Pr\u00e4sident Wolodymyr Selenskyj will bei seinem Treffen am Sonntag mit US-Pr\u00e4sident Donald Trump erneut deutlich machen, dass eine Kapitulation der Ukraine nicht infrage kommt. Kernthema des Treffens seien die Sicherheitsgarantien f\u00fcr die Ukraine f\u00fcr den Fall eines Waffenstillstands, um vor einem neuen russischen Angriff dauerhaft gesch\u00fctzt zu sein. Das teilte Selenskyj auf Telegram mit.\u00a0","robots":{"index":"noindex","follow":"follow","max-snippet":"max-snippet:-1","max-image-preview":"max-image-preview:large","max-video-preview":"max-video-preview:-1"},"og_locale":"de_DE","og_type":"article","og_title":"Wolodymyr Selenskyj will Trump auf Sicherheitsgarantien festlegen - vof-news.eu","og_description":"Der ukrainische Pr\u00e4sident Wolodymyr Selenskyj will bei seinem Treffen am Sonntag mit US-Pr\u00e4sident Donald Trump erneut deutlich machen, dass eine Kapitulation der Ukraine nicht infrage kommt. Kernthema des Treffens seien die Sicherheitsgarantien f\u00fcr die Ukraine f\u00fcr den Fall eines Waffenstillstands, um vor einem neuen russischen Angriff dauerhaft gesch\u00fctzt zu sein. Das teilte Selenskyj auf Telegram mit.\u00a0","og_url":"https:\/\/vof-news.eu\/de\/wolodymyr-selenskyj-will-trump-auf-sicherheitsgarantien-festlegen-2\/","og_site_name":"vof-news.eu","article_published_time":"2025-12-27T22:29:40+00:00","article_modified_time":"2025-12-27T22:31:18+00:00","og_image":[{"width":1000,"height":562,"url":"https:\/\/vof-news.eu\/wp-content\/uploads\/2025\/12\/wide__1000x562-114.jpg","type":"image\/jpeg"}],"author":"Author","twitter_card":"summary_large_image","twitter_misc":{"Verfasst von":"Author","Gesch\u00e4tzte Lesezeit":"1\u00a0Minute"},"schema":{"@context":"https:\/\/schema.org","@graph":[{"@type":"WebPage","@id":"https:\/\/vof-news.eu\/de\/wolodymyr-selenskyj-will-trump-auf-sicherheitsgarantien-festlegen-2\/","url":"https:\/\/vof-news.eu\/de\/wolodymyr-selenskyj-will-trump-auf-sicherheitsgarantien-festlegen-2\/","name":"Wolodymyr Selenskyj will Trump auf Sicherheitsgarantien festlegen - vof-news.eu","isPartOf":{"@id":"https:\/\/vof-news.eu\/de\/#website"},"primaryImageOfPage":{"@id":"https:\/\/vof-news.eu\/de\/wolodymyr-selenskyj-will-trump-auf-sicherheitsgarantien-festlegen-2\/#primaryimage"},"image":{"@id":"https:\/\/vof-news.eu\/de\/wolodymyr-selenskyj-will-trump-auf-sicherheitsgarantien-festlegen-2\/#primaryimage"},"thumbnailUrl":"https:\/\/vof-news.eu\/wp-content\/uploads\/2025\/12\/wide__1000x562-114.jpg","datePublished":"2025-12-27T22:29:40+00:00","dateModified":"2025-12-27T22:31:18+00:00","author":{"@id":"https:\/\/vof-news.eu\/de\/#\/schema\/person\/f6a2a4309f0561835797fd8c19b333ed"},"description":"Der ukrainische Pr\u00e4sident Wolodymyr Selenskyj will bei seinem Treffen am Sonntag mit US-Pr\u00e4sident Donald Trump erneut deutlich machen, dass eine Kapitulation der Ukraine nicht infrage kommt. Kernthema des Treffens seien die Sicherheitsgarantien f\u00fcr die Ukraine f\u00fcr den Fall eines Waffenstillstands, um vor einem neuen russischen Angriff dauerhaft gesch\u00fctzt zu sein. Das teilte Selenskyj auf Telegram mit.\u00a0","breadcrumb":{"@id":"https:\/\/vof-news.eu\/de\/wolodymyr-selenskyj-will-trump-auf-sicherheitsgarantien-festlegen-2\/#breadcrumb"},"inLanguage":"de","potentialAction":[{"@type":"ReadAction","target":["https:\/\/vof-news.eu\/de\/wolodymyr-selenskyj-will-trump-auf-sicherheitsgarantien-festlegen-2\/"]}]},{"@type":"ImageObject","inLanguage":"de","@id":"https:\/\/vof-news.eu\/de\/wolodymyr-selenskyj-will-trump-auf-sicherheitsgarantien-festlegen-2\/#primaryimage","url":"https:\/\/vof-news.eu\/wp-content\/uploads\/2025\/12\/wide__1000x562-114.jpg","contentUrl":"https:\/\/vof-news.eu\/wp-content\/uploads\/2025\/12\/wide__1000x562-114.jpg","width":1000,"height":562},{"@type":"BreadcrumbList","@id":"https:\/\/vof-news.eu\/de\/wolodymyr-selenskyj-will-trump-auf-sicherheitsgarantien-festlegen-2\/#breadcrumb","itemListElement":[{"@type":"ListItem","position":1,"name":"Home","item":"https:\/\/vof-news.eu\/de\/"},{"@type":"ListItem","position":2,"name":"Wolodymyr Selenskyj will Trump auf Sicherheitsgarantien festlegen"}]},{"@type":"WebSite","@id":"https:\/\/vof-news.eu\/de\/#website","url":"https:\/\/vof-news.eu\/de\/","name":"vof-news.eu","description":"","potentialAction":[{"@type":"SearchAction","target":{"@type":"EntryPoint","urlTemplate":"https:\/\/vof-news.eu\/de\/?s={search_term_string}"},"query-input":"required name=search_term_string"}],"inLanguage":"de"},{"@type":"Person","@id":"https:\/\/vof-news.eu\/de\/#\/schema\/person\/f6a2a4309f0561835797fd8c19b333ed","name":"Author","image":{"@type":"ImageObject","inLanguage":"de","@id":"https:\/\/vof-news.eu\/de\/#\/schema\/person\/image\/","url":"https:\/\/secure.gravatar.com\/avatar\/b67e614b1b25b3e9c0c239efdd2fde5ab015b5affd6f1c3c85911ca4b384e790?s=96&d=mm&r=g","contentUrl":"https:\/\/secure.gravatar.com\/avatar\/b67e614b1b25b3e9c0c239efdd2fde5ab015b5affd6f1c3c85911ca4b384e790?s=96&d=mm&r=g","caption":"Author"},"sameAs":["http:\/\/vof-news.eu"],"url":"https:\/\/vof-news.eu\/de\/author\/zwt6qxnjulxbnyg\/"}]}},"yoast_meta":{"yoast_wpseo_title":"","yoast_wpseo_metadesc":"","yoast_wpseo_canonical":""},"_links":{"self":[{"href":"https:\/\/vof-news.eu\/de\/wp-json\/wp\/v2\/posts\/311344","targetHints":{"allow":["GET"]}}],"collection":[{"href":"https:\/\/vof-news.eu\/de\/wp-json\/wp\/v2\/posts"}],"about":[{"href":"https:\/\/vof-news.eu\/de\/wp-json\/wp\/v2\/types\/post"}],"author":[{"embeddable":true,"href":"https:\/\/vof-news.eu\/de\/wp-json\/wp\/v2\/users\/1"}],"replies":[{"embeddable":true,"href":"https:\/\/vof-news.eu\/de\/wp-json\/wp\/v2\/comments?post=311344"}],"version-history":[{"count":1,"href":"https:\/\/vof-news.eu\/de\/wp-json\/wp\/v2\/posts\/311344\/revisions"}],"predecessor-version":[{"id":311351,"href":"https:\/\/vof-news.eu\/de\/wp-json\/wp\/v2\/posts\/311344\/revisions\/311351"}],"wp:featuredmedia":[{"embeddable":true,"href":"https:\/\/vof-news.eu\/de\/wp-json\/wp\/v2\/media\/311345"}],"wp:attachment":[{"href":"https:\/\/vof-news.eu\/de\/wp-json\/wp\/v2\/media?parent=311344"}],"wp:term":[{"taxonomy":"category","embeddable":true,"href":"https:\/\/vof-news.eu\/de\/wp-json\/wp\/v2\/categories?post=311344"},{"taxonomy":"post_tag","embeddable":true,"href":"https:\/\/vof-news.eu\/de\/wp-json\/wp\/v2\/tags?post=311344"}],"curies":[{"name":"wp","href":"https:\/\/api.w.org\/{rel}","templated":true}]}}