{"id":311336,"date":"2025-12-28T01:28:08","date_gmt":"2025-12-27T22:28:08","guid":{"rendered":"https:\/\/vof-news.eu\/verbundete-bekraftigen-unterstutzung-selenskyjs-vor-treffen-mit-trump\/"},"modified":"2025-12-28T01:29:06","modified_gmt":"2025-12-27T22:29:06","slug":"verbundete-bekraftigen-unterstutzung-selenskyjs-vor-treffen-mit-trump","status":"publish","type":"post","link":"https:\/\/vof-news.eu\/de\/verbundete-bekraftigen-unterstutzung-selenskyjs-vor-treffen-mit-trump\/","title":{"rendered":"Verb\u00fcndete bekr\u00e4ftigen Unterst\u00fctzung Selenskyjs vor Treffen mit Trump"},"content":{"rendered":"<div>\n<p>Angesichts des <a href=\"https:\/\/www.zeit.de\/politik\/ausland\/2025-12\/ukrainekrieg-wolodymyr-selenskyj-donald-trump-treffen-sonntag-gxe\" rel=\"nofollow\">bevorstehenden Treffens des\u00a0ukrainischen Pr\u00e4sidenten Wolodymyr Selenskyj mit\u00a0US-Pr\u00e4sident Donald Trump<\/a> haben die\u00a0europ\u00e4ischen Verb\u00fcndeten der <span><a href=\"https:\/\/www.zeit.de\/politik\/ausland\/ukraine-krieg-news-liveblog\" rel=\"nofollow\">Ukraine<\/a><\/span> ihre anhaltende Unterst\u00fctzung bekr\u00e4ftigt.\u00a0&#8222;Die elf Staats- und Regierungschefs aus Europa und Kanada sowie die<br \/>\nSpitzen von Nato und der EU sicherten der Ukraine ihre volle<br \/>\nUnterst\u00fctzung zu und unterstrichen, in enger Koordination mit den USA, f\u00fcr einen nachhaltigen und gerechten Frieden in der Ukraine<br \/>\neinzutreten&#8220;,\u00a0teilte der Sprecher der Bundesregierung,<br \/>\n Stefan Kornelius, mit.\u00a0\n<\/p>\n<p>Selenskyj hat Bundeskanzler Friedrich Merz (CDU) und weitere<br \/>\neurop\u00e4ische Staats- und Regierungschefs am Samstagabend \u00fcber den<br \/>\nVerhandlungsstand informiert, sagte Kornelius.\u00a0Selenskyj befindet sich auf dem Weg in die <span><a href=\"https:\/\/www.zeit.de\/thema\/usa\" rel=\"nofollow\">USA<\/a><\/span> und h\u00e4lt die sogenannte Berlin-Gruppe \u00fcber die Verhandlungen auf dem Laufenden, hie\u00df es zudem. Zuvor hatte\u00a0Merz auf Bitten Selenskyjs zu einer Telefonschalte im Format des j\u00fcngsten Berliner Treffens eingeladen, sagte eine Regierungssprecherin.\n<\/p>\n<h2>Macron fordert vollst\u00e4ndige Beteiligung der Europ\u00e4er an Friedensgespr\u00e4chen<\/h2>\n<p>Der franz\u00f6sische Pr\u00e4sident <span><a href=\"https:\/\/www.zeit.de\/thema\/emmanuel-macron\" rel=\"nofollow\">Emmanuel Macron<\/a><\/span> verurteilte die j\u00fcngsten russischen Angriffe auf die ukrainische Hauptstadt Kyjiw in dem Telefonat, hie\u00df es aus \u00c9lys\u00e9e-Kreisen. Diese verdeutlichten demnach den Kontrast zwischen der Bereitschaft der Ukraine, einen dauerhaften Frieden zu erreichen, und der Entschlossenheit Russlands, den Krieg fortzusetzen.\u00a0\n<\/p>\n<p><a href=\"https:\/\/www.zeit.de\/politik\/ausland\/2025-12\/europaeische-union-donald-trump-einfluss-5vor8\" rel=\"nofollow\">Die Europ\u00e4er<\/a>\u00a0m\u00fcssen vollst\u00e4ndig in die sie <a href=\"https:\/\/www.zeit.de\/politik\/ausland\/2025-05\/ukraine-diplomatie-europa-krieg-treffen-5vor8\" rel=\"nofollow\">betreffenden Diskussionen<\/a> eingebunden werden, forderte Macron. Man begr\u00fc\u00dft &#8222;alle Bem\u00fchungen, die zu unserem gemeinsamen Ziel f\u00fchren \u2013<br \/>\neinem gerechten und dauerhaften <a href=\"https:\/\/www.zeit.de\/politik\/ausland\/2024-09\/melitopol-ukraine-frauen-kollektiv-russland-besatzung\" rel=\"nofollow\">Frieden<\/a>, der die Souver\u00e4nit\u00e4t und<br \/>\nterritoriale Integrit\u00e4t der Ukraine wahrt&#8220;, schrieb <a href=\"https:\/\/www.zeit.de\/thema\/ursula-von-der-leyen\" rel=\"nofollow\">EU-Kommissionspr\u00e4sidentin Ursula von der Leyen<\/a> auf der Plattform X. Sie hatte ebenfalls an dem Gespr\u00e4ch teilgenommen.\n<\/p>\n<h2>Selenskyj will Trump auf Sicherheitsgarantien festlegen<\/h2>\n<p>Das Treffen zwischen Trump und Selenskyj ist f\u00fcr Sonntag angesetzt. Es soll im Bundesstaat Florida stattfinden.\u00a0Selenskyj teilte im Vorhinein auf Telegram mit, dass ein <a href=\"https:\/\/www.zeit.de\/politik\/ausland\/2025-12\/ukraine-usa-wolodymyr-selenskyj-donald-trump-treffen\" rel=\"nofollow\">Kernthema Sicherheitsgarantien<\/a> seien. Er verwies zudem auf <a href=\"https:\/\/www.zeit.de\/politik\/ausland\/2025-12\/ukraine-krieg-wolodymyr-selenskyj-donald-trump-treffen-gxe\" rel=\"nofollow\">&#8222;rote Linien&#8220; der Ukraine.<\/a>\u00a0\n<\/p>\n<p>Zudem soll es um die \u00fcberarbeitete Version des\u00a020-Punkte-Plans der USA zur Beendigung des Krieges gehen. Zwei der russischen Schl\u00fcsselforderungen, der R\u00fcckzug der ukrainischen<br \/>\nTruppen aus der ostukrainischen Donbass-Region und ein rechtlich<br \/>\nbindender Verzicht der Ukraine auf einen Nato-Beitritt, sind nicht<br \/>\nenthalten.\u00a0\n<\/p>\n<p>Eine vorherige Version des Plans aus November mit 28 Punkten hatte f\u00fcr Kritik gesorgt, da der Plan als russlandfreundlich galt. Nach Druck seitens der Ukraine sowie der europ\u00e4ischen Verb\u00fcndeten wurde der Text in den folgenden Wochen \u00fcberarbeitet.\u00a0\n<\/p>\n<\/div>\n","protected":false},"excerpt":{"rendered":"<p>Angesichts des bevorstehenden Treffens des\u00a0ukrainischen Pr\u00e4sidenten Wolodymyr Selenskyj mit\u00a0US-Pr\u00e4sident Donald Trump haben die\u00a0europ\u00e4ischen Verb\u00fcndeten der Ukraine ihre anhaltende Unterst\u00fctzung bekr\u00e4ftigt.\u00a0&#8222;Die elf Staats- und Regierungschefs aus Europa und Kanada sowie die Spitzen von Nato und der EU sicherten der Ukraine ihre volle Unterst\u00fctzung zu und unterstrichen, in enger Koordination mit den USA, f\u00fcr einen nachhaltigen und<\/p>\n","protected":false},"author":1,"featured_media":311337,"comment_status":"open","ping_status":"open","sticky":false,"template":"","format":"standard","meta":{"footnotes":""},"categories":[116],"tags":[],"class_list":["post-311336","post","type-post","status-publish","format-standard","has-post-thumbnail","hentry","category-war-chronicles-de"],"acf":[],"yoast_head":"<!-- This site is optimized with the Yoast SEO plugin v22.9 - https:\/\/yoast.com\/wordpress\/plugins\/seo\/ -->\n<title>Verb\u00fcndete bekr\u00e4ftigen Unterst\u00fctzung Selenskyjs vor Treffen mit Trump - vof-news.eu<\/title>\n<meta name=\"description\" content=\"Angesichts des bevorstehenden Treffens des\u00a0ukrainischen Pr\u00e4sidenten Wolodymyr Selenskyj mit\u00a0US-Pr\u00e4sident Donald Trump haben die\u00a0europ\u00e4ischen Verb\u00fcndeten der Ukraine ihre anhaltende Unterst\u00fctzung bekr\u00e4ftigt.\u00a0&quot;Die elf Staats- und Regierungschefs aus Europa und Kanada sowie die\" \/>\n<meta name=\"robots\" content=\"noindex, follow, max-snippet:-1, max-image-preview:large, max-video-preview:-1\" \/>\n<meta property=\"og:locale\" content=\"de_DE\" \/>\n<meta property=\"og:type\" content=\"article\" \/>\n<meta property=\"og:title\" content=\"Verb\u00fcndete bekr\u00e4ftigen Unterst\u00fctzung Selenskyjs vor Treffen mit Trump - vof-news.eu\" \/>\n<meta property=\"og:description\" content=\"Angesichts des bevorstehenden Treffens des\u00a0ukrainischen Pr\u00e4sidenten Wolodymyr Selenskyj mit\u00a0US-Pr\u00e4sident Donald Trump haben die\u00a0europ\u00e4ischen Verb\u00fcndeten der Ukraine ihre anhaltende Unterst\u00fctzung bekr\u00e4ftigt.\u00a0&quot;Die elf Staats- und Regierungschefs aus Europa und Kanada sowie die\" \/>\n<meta property=\"og:url\" content=\"https:\/\/vof-news.eu\/de\/verbundete-bekraftigen-unterstutzung-selenskyjs-vor-treffen-mit-trump\/\" \/>\n<meta property=\"og:site_name\" content=\"vof-news.eu\" \/>\n<meta property=\"article:published_time\" content=\"2025-12-27T22:28:08+00:00\" \/>\n<meta property=\"article:modified_time\" content=\"2025-12-27T22:29:06+00:00\" \/>\n<meta property=\"og:image\" content=\"https:\/\/vof-news.eu\/wp-content\/uploads\/2025\/12\/wide__1000x562-113.jpg\" \/>\n\t<meta property=\"og:image:width\" content=\"1000\" \/>\n\t<meta property=\"og:image:height\" content=\"562\" \/>\n\t<meta property=\"og:image:type\" content=\"image\/jpeg\" \/>\n<meta name=\"author\" content=\"Author\" \/>\n<meta name=\"twitter:card\" content=\"summary_large_image\" \/>\n<meta name=\"twitter:label1\" content=\"Verfasst von\" \/>\n\t<meta name=\"twitter:data1\" content=\"Author\" \/>\n\t<meta name=\"twitter:label2\" content=\"Gesch\u00e4tzte Lesezeit\" \/>\n\t<meta name=\"twitter:data2\" content=\"2\u00a0Minuten\" \/>\n<script type=\"application\/ld+json\" class=\"yoast-schema-graph\">{\"@context\":\"https:\/\/schema.org\",\"@graph\":[{\"@type\":\"WebPage\",\"@id\":\"https:\/\/vof-news.eu\/de\/verbundete-bekraftigen-unterstutzung-selenskyjs-vor-treffen-mit-trump\/\",\"url\":\"https:\/\/vof-news.eu\/de\/verbundete-bekraftigen-unterstutzung-selenskyjs-vor-treffen-mit-trump\/\",\"name\":\"Verb\u00fcndete bekr\u00e4ftigen Unterst\u00fctzung Selenskyjs vor Treffen mit Trump - vof-news.eu\",\"isPartOf\":{\"@id\":\"https:\/\/vof-news.eu\/de\/#website\"},\"primaryImageOfPage\":{\"@id\":\"https:\/\/vof-news.eu\/de\/verbundete-bekraftigen-unterstutzung-selenskyjs-vor-treffen-mit-trump\/#primaryimage\"},\"image\":{\"@id\":\"https:\/\/vof-news.eu\/de\/verbundete-bekraftigen-unterstutzung-selenskyjs-vor-treffen-mit-trump\/#primaryimage\"},\"thumbnailUrl\":\"https:\/\/vof-news.eu\/wp-content\/uploads\/2025\/12\/wide__1000x562-113.jpg\",\"datePublished\":\"2025-12-27T22:28:08+00:00\",\"dateModified\":\"2025-12-27T22:29:06+00:00\",\"author\":{\"@id\":\"https:\/\/vof-news.eu\/de\/#\/schema\/person\/f6a2a4309f0561835797fd8c19b333ed\"},\"description\":\"Angesichts des bevorstehenden Treffens des\u00a0ukrainischen Pr\u00e4sidenten Wolodymyr Selenskyj mit\u00a0US-Pr\u00e4sident Donald Trump haben die\u00a0europ\u00e4ischen Verb\u00fcndeten der Ukraine ihre anhaltende Unterst\u00fctzung bekr\u00e4ftigt.\u00a0\\\"Die elf Staats- und Regierungschefs aus Europa und Kanada sowie die\",\"breadcrumb\":{\"@id\":\"https:\/\/vof-news.eu\/de\/verbundete-bekraftigen-unterstutzung-selenskyjs-vor-treffen-mit-trump\/#breadcrumb\"},\"inLanguage\":\"de\",\"potentialAction\":[{\"@type\":\"ReadAction\",\"target\":[\"https:\/\/vof-news.eu\/de\/verbundete-bekraftigen-unterstutzung-selenskyjs-vor-treffen-mit-trump\/\"]}]},{\"@type\":\"ImageObject\",\"inLanguage\":\"de\",\"@id\":\"https:\/\/vof-news.eu\/de\/verbundete-bekraftigen-unterstutzung-selenskyjs-vor-treffen-mit-trump\/#primaryimage\",\"url\":\"https:\/\/vof-news.eu\/wp-content\/uploads\/2025\/12\/wide__1000x562-113.jpg\",\"contentUrl\":\"https:\/\/vof-news.eu\/wp-content\/uploads\/2025\/12\/wide__1000x562-113.jpg\",\"width\":1000,\"height\":562},{\"@type\":\"BreadcrumbList\",\"@id\":\"https:\/\/vof-news.eu\/de\/verbundete-bekraftigen-unterstutzung-selenskyjs-vor-treffen-mit-trump\/#breadcrumb\",\"itemListElement\":[{\"@type\":\"ListItem\",\"position\":1,\"name\":\"Home\",\"item\":\"https:\/\/vof-news.eu\/de\/\"},{\"@type\":\"ListItem\",\"position\":2,\"name\":\"Verb\u00fcndete bekr\u00e4ftigen Unterst\u00fctzung Selenskyjs vor Treffen mit Trump\"}]},{\"@type\":\"WebSite\",\"@id\":\"https:\/\/vof-news.eu\/de\/#website\",\"url\":\"https:\/\/vof-news.eu\/de\/\",\"name\":\"vof-news.eu\",\"description\":\"\",\"potentialAction\":[{\"@type\":\"SearchAction\",\"target\":{\"@type\":\"EntryPoint\",\"urlTemplate\":\"https:\/\/vof-news.eu\/de\/?s={search_term_string}\"},\"query-input\":\"required name=search_term_string\"}],\"inLanguage\":\"de\"},{\"@type\":\"Person\",\"@id\":\"https:\/\/vof-news.eu\/de\/#\/schema\/person\/f6a2a4309f0561835797fd8c19b333ed\",\"name\":\"Author\",\"image\":{\"@type\":\"ImageObject\",\"inLanguage\":\"de\",\"@id\":\"https:\/\/vof-news.eu\/de\/#\/schema\/person\/image\/\",\"url\":\"https:\/\/secure.gravatar.com\/avatar\/b67e614b1b25b3e9c0c239efdd2fde5ab015b5affd6f1c3c85911ca4b384e790?s=96&d=mm&r=g\",\"contentUrl\":\"https:\/\/secure.gravatar.com\/avatar\/b67e614b1b25b3e9c0c239efdd2fde5ab015b5affd6f1c3c85911ca4b384e790?s=96&d=mm&r=g\",\"caption\":\"Author\"},\"sameAs\":[\"http:\/\/vof-news.eu\"],\"url\":\"https:\/\/vof-news.eu\/de\/author\/zwt6qxnjulxbnyg\/\"}]}<\/script>\n<!-- \/ Yoast SEO plugin. -->","yoast_head_json":{"title":"Verb\u00fcndete bekr\u00e4ftigen Unterst\u00fctzung Selenskyjs vor Treffen mit Trump - vof-news.eu","description":"Angesichts des bevorstehenden Treffens des\u00a0ukrainischen Pr\u00e4sidenten Wolodymyr Selenskyj mit\u00a0US-Pr\u00e4sident Donald Trump haben die\u00a0europ\u00e4ischen Verb\u00fcndeten der Ukraine ihre anhaltende Unterst\u00fctzung bekr\u00e4ftigt.\u00a0\"Die elf Staats- und Regierungschefs aus Europa und Kanada sowie die","robots":{"index":"noindex","follow":"follow","max-snippet":"max-snippet:-1","max-image-preview":"max-image-preview:large","max-video-preview":"max-video-preview:-1"},"og_locale":"de_DE","og_type":"article","og_title":"Verb\u00fcndete bekr\u00e4ftigen Unterst\u00fctzung Selenskyjs vor Treffen mit Trump - vof-news.eu","og_description":"Angesichts des bevorstehenden Treffens des\u00a0ukrainischen Pr\u00e4sidenten Wolodymyr Selenskyj mit\u00a0US-Pr\u00e4sident Donald Trump haben die\u00a0europ\u00e4ischen Verb\u00fcndeten der Ukraine ihre anhaltende Unterst\u00fctzung bekr\u00e4ftigt.\u00a0\"Die elf Staats- und Regierungschefs aus Europa und Kanada sowie die","og_url":"https:\/\/vof-news.eu\/de\/verbundete-bekraftigen-unterstutzung-selenskyjs-vor-treffen-mit-trump\/","og_site_name":"vof-news.eu","article_published_time":"2025-12-27T22:28:08+00:00","article_modified_time":"2025-12-27T22:29:06+00:00","og_image":[{"width":1000,"height":562,"url":"https:\/\/vof-news.eu\/wp-content\/uploads\/2025\/12\/wide__1000x562-113.jpg","type":"image\/jpeg"}],"author":"Author","twitter_card":"summary_large_image","twitter_misc":{"Verfasst von":"Author","Gesch\u00e4tzte Lesezeit":"2\u00a0Minuten"},"schema":{"@context":"https:\/\/schema.org","@graph":[{"@type":"WebPage","@id":"https:\/\/vof-news.eu\/de\/verbundete-bekraftigen-unterstutzung-selenskyjs-vor-treffen-mit-trump\/","url":"https:\/\/vof-news.eu\/de\/verbundete-bekraftigen-unterstutzung-selenskyjs-vor-treffen-mit-trump\/","name":"Verb\u00fcndete bekr\u00e4ftigen Unterst\u00fctzung Selenskyjs vor Treffen mit Trump - vof-news.eu","isPartOf":{"@id":"https:\/\/vof-news.eu\/de\/#website"},"primaryImageOfPage":{"@id":"https:\/\/vof-news.eu\/de\/verbundete-bekraftigen-unterstutzung-selenskyjs-vor-treffen-mit-trump\/#primaryimage"},"image":{"@id":"https:\/\/vof-news.eu\/de\/verbundete-bekraftigen-unterstutzung-selenskyjs-vor-treffen-mit-trump\/#primaryimage"},"thumbnailUrl":"https:\/\/vof-news.eu\/wp-content\/uploads\/2025\/12\/wide__1000x562-113.jpg","datePublished":"2025-12-27T22:28:08+00:00","dateModified":"2025-12-27T22:29:06+00:00","author":{"@id":"https:\/\/vof-news.eu\/de\/#\/schema\/person\/f6a2a4309f0561835797fd8c19b333ed"},"description":"Angesichts des bevorstehenden Treffens des\u00a0ukrainischen Pr\u00e4sidenten Wolodymyr Selenskyj mit\u00a0US-Pr\u00e4sident Donald Trump haben die\u00a0europ\u00e4ischen Verb\u00fcndeten der Ukraine ihre anhaltende Unterst\u00fctzung bekr\u00e4ftigt.\u00a0\"Die elf Staats- und Regierungschefs aus Europa und Kanada sowie die","breadcrumb":{"@id":"https:\/\/vof-news.eu\/de\/verbundete-bekraftigen-unterstutzung-selenskyjs-vor-treffen-mit-trump\/#breadcrumb"},"inLanguage":"de","potentialAction":[{"@type":"ReadAction","target":["https:\/\/vof-news.eu\/de\/verbundete-bekraftigen-unterstutzung-selenskyjs-vor-treffen-mit-trump\/"]}]},{"@type":"ImageObject","inLanguage":"de","@id":"https:\/\/vof-news.eu\/de\/verbundete-bekraftigen-unterstutzung-selenskyjs-vor-treffen-mit-trump\/#primaryimage","url":"https:\/\/vof-news.eu\/wp-content\/uploads\/2025\/12\/wide__1000x562-113.jpg","contentUrl":"https:\/\/vof-news.eu\/wp-content\/uploads\/2025\/12\/wide__1000x562-113.jpg","width":1000,"height":562},{"@type":"BreadcrumbList","@id":"https:\/\/vof-news.eu\/de\/verbundete-bekraftigen-unterstutzung-selenskyjs-vor-treffen-mit-trump\/#breadcrumb","itemListElement":[{"@type":"ListItem","position":1,"name":"Home","item":"https:\/\/vof-news.eu\/de\/"},{"@type":"ListItem","position":2,"name":"Verb\u00fcndete bekr\u00e4ftigen Unterst\u00fctzung Selenskyjs vor Treffen mit Trump"}]},{"@type":"WebSite","@id":"https:\/\/vof-news.eu\/de\/#website","url":"https:\/\/vof-news.eu\/de\/","name":"vof-news.eu","description":"","potentialAction":[{"@type":"SearchAction","target":{"@type":"EntryPoint","urlTemplate":"https:\/\/vof-news.eu\/de\/?s={search_term_string}"},"query-input":"required name=search_term_string"}],"inLanguage":"de"},{"@type":"Person","@id":"https:\/\/vof-news.eu\/de\/#\/schema\/person\/f6a2a4309f0561835797fd8c19b333ed","name":"Author","image":{"@type":"ImageObject","inLanguage":"de","@id":"https:\/\/vof-news.eu\/de\/#\/schema\/person\/image\/","url":"https:\/\/secure.gravatar.com\/avatar\/b67e614b1b25b3e9c0c239efdd2fde5ab015b5affd6f1c3c85911ca4b384e790?s=96&d=mm&r=g","contentUrl":"https:\/\/secure.gravatar.com\/avatar\/b67e614b1b25b3e9c0c239efdd2fde5ab015b5affd6f1c3c85911ca4b384e790?s=96&d=mm&r=g","caption":"Author"},"sameAs":["http:\/\/vof-news.eu"],"url":"https:\/\/vof-news.eu\/de\/author\/zwt6qxnjulxbnyg\/"}]}},"yoast_meta":{"yoast_wpseo_title":"","yoast_wpseo_metadesc":"","yoast_wpseo_canonical":""},"_links":{"self":[{"href":"https:\/\/vof-news.eu\/de\/wp-json\/wp\/v2\/posts\/311336","targetHints":{"allow":["GET"]}}],"collection":[{"href":"https:\/\/vof-news.eu\/de\/wp-json\/wp\/v2\/posts"}],"about":[{"href":"https:\/\/vof-news.eu\/de\/wp-json\/wp\/v2\/types\/post"}],"author":[{"embeddable":true,"href":"https:\/\/vof-news.eu\/de\/wp-json\/wp\/v2\/users\/1"}],"replies":[{"embeddable":true,"href":"https:\/\/vof-news.eu\/de\/wp-json\/wp\/v2\/comments?post=311336"}],"version-history":[{"count":1,"href":"https:\/\/vof-news.eu\/de\/wp-json\/wp\/v2\/posts\/311336\/revisions"}],"predecessor-version":[{"id":311343,"href":"https:\/\/vof-news.eu\/de\/wp-json\/wp\/v2\/posts\/311336\/revisions\/311343"}],"wp:featuredmedia":[{"embeddable":true,"href":"https:\/\/vof-news.eu\/de\/wp-json\/wp\/v2\/media\/311337"}],"wp:attachment":[{"href":"https:\/\/vof-news.eu\/de\/wp-json\/wp\/v2\/media?parent=311336"}],"wp:term":[{"taxonomy":"category","embeddable":true,"href":"https:\/\/vof-news.eu\/de\/wp-json\/wp\/v2\/categories?post=311336"},{"taxonomy":"post_tag","embeddable":true,"href":"https:\/\/vof-news.eu\/de\/wp-json\/wp\/v2\/tags?post=311336"}],"curies":[{"name":"wp","href":"https:\/\/api.w.org\/{rel}","templated":true}]}}