{"id":311275,"date":"2025-12-27T17:29:51","date_gmt":"2025-12-27T14:29:51","guid":{"rendered":"https:\/\/vof-news.eu\/selenskyj-verweist-vor-treffen-mit-trump-auf-rote-linien\/"},"modified":"2025-12-27T17:31:55","modified_gmt":"2025-12-27T14:31:55","slug":"selenskyj-verweist-vor-treffen-mit-trump-auf-rote-linien","status":"publish","type":"post","link":"https:\/\/vof-news.eu\/de\/selenskyj-verweist-vor-treffen-mit-trump-auf-rote-linien\/","title":{"rendered":"Selenskyj verweist vor Treffen mit Trump auf &#8222;rote Linien&#8220;"},"content":{"rendered":"<div>\n<p>In den Verhandlungen um einen m\u00f6glichen Friedensplan mit Russland ist der ukrainische Pr\u00e4sident <span><a href=\"https:\/\/www.zeit.de\/thema\/wolodymyr-selenskyj\" rel=\"nofollow\">Wolodymyr\u00a0Selenskyj<\/a><\/span> zu einem Treffen mit US-Pr\u00e4sident Donald Trump in die USA aufgebrochen. Unterwegs sprach er \u00fcber eine Messenger-App mit Journalisten. Mit Blick auf die Gespr\u00e4che mit Trump \u00fcber einen Friedensplan erkl\u00e4rte er, die Ukraine habe ihre &#8222;roten Linien&#8220;. Er sei aber \u200dsicher, dass ein Kompromiss gefunden werden k\u00f6nne. Zuletzt hatten sich die beiden Staatschefs\u00a0<a href=\"https:\/\/www.zeit.de\/politik\/ausland\/2025-12\/ukraine-friedensverhandlungen-donald-trump-wolodymyr-selenskyj-gxe\" rel=\"nofollow\">widerspr\u00fcchlich \u00fcber den Verhandlungsstand<\/a>\u00a0ge\u00e4u\u00dfert.\n<\/p>\n<p>Zudem soll vor dem Treffen in den USA noch ein Gespr\u00e4ch des ukrainischen Pr\u00e4sidenten mit seinen Verb\u00fcndeten stattfinden. &#8222;Unterwegs werden wir einen Zwischenstopp in Kanada einlegen&#8220;, sagte Selenskyj. &#8222;Ich werde mich mit dem kanadischen Premierminister Carney treffen. Gemeinsam planen wir, online mit europ\u00e4ischen Staats- und Regierungschefs zu sprechen.&#8220;\u00a0Am Sonntag will der ukrainische Pr\u00e4sident dann mit <span><a href=\"https:\/\/www.zeit.de\/thema\/donald-trump\" rel=\"nofollow\">Trump<\/a><\/span> auf dessen privatem Anwesen Mar-a-Lago in Florida \u00fcber eine von der ukrainischen Seite \u00fcberarbeitete Version des US-Plans zur Beendigung des Krieges sprechen.\n<\/p>\n<h2>Selenskyj fordert US-Sicherheitsgarantien<\/h2>\n<p>Selenskyj betonte abermals die Bedeutung von US-Sicherheitsgarantien f\u00fcr den Friedensprozess. Sie seien der Schl\u00fcssel zum Frieden, sagte er. Der Umfang solcher Garantien h\u00e4nge davon ab, was US-Pr\u00e4sident Donald Trump anzubieten bereit sei. Er hoffe auf einen Kompromiss, sagte Selenskyj.\n<\/p>\n<p>Die USA hatten im November einen 28-Punkte-Plan vorgelegt. In seiner urspr\u00fcnglichen Fassung kam dieser zahlreichen Forderungen Russlands entgegen und beinhaltete etwa umfangreiche Gebietsabtretungen der <span><a href=\"https:\/\/www.zeit.de\/politik\/ausland\/ukraine-krieg-news-liveblog\" rel=\"nofollow\">Ukraine<\/a><\/span>. Nach Protest von der Regierung in Kyjiw und von den europ\u00e4ischen Staats- und Regierungschefs fanden in den vergangenen Wochen schlie\u00dflich mehrere Gespr\u00e4che zwischen Vertretern der USA, der Ukraine sowie den europ\u00e4ischen Verb\u00fcndeten statt. Die ukrainische Seite \u00fcbermittelte inzwischen eine <a href=\"https:\/\/www.zeit.de\/politik\/ausland\/2025-12\/ukraine-krieg-russland-friendsplan-gxe\" rel=\"nofollow\">\u00fcberarbeitete Version an die Regierung in Washington<\/a>. Insbesondere um die Frage von Sicherheitsgarantien gibt es Streitpunkte.\n<\/p>\n<p>Auch zwischen Vertretern der USA und <span><a href=\"https:\/\/www.zeit.de\/thema\/russland\" rel=\"nofollow\">Russlands<\/a><\/span> hatte es zuletzt Treffen gegeben.\u00a0\n<\/p>\n<\/p>\n<\/div>\n","protected":false},"excerpt":{"rendered":"<p>In den Verhandlungen um einen m\u00f6glichen Friedensplan mit Russland ist der ukrainische Pr\u00e4sident Wolodymyr\u00a0Selenskyj zu einem Treffen mit US-Pr\u00e4sident Donald Trump in die USA aufgebrochen. Unterwegs sprach er \u00fcber eine Messenger-App mit Journalisten. Mit Blick auf die Gespr\u00e4che mit Trump \u00fcber einen Friedensplan erkl\u00e4rte er, die Ukraine habe ihre &#8222;roten Linien&#8220;. Er sei aber \u200dsicher,<\/p>\n","protected":false},"author":1,"featured_media":311277,"comment_status":"open","ping_status":"open","sticky":false,"template":"","format":"standard","meta":{"footnotes":""},"categories":[116],"tags":[],"class_list":["post-311275","post","type-post","status-publish","format-standard","has-post-thumbnail","hentry","category-war-chronicles-de"],"acf":[],"yoast_head":"<!-- This site is optimized with the Yoast SEO plugin v22.9 - https:\/\/yoast.com\/wordpress\/plugins\/seo\/ -->\n<title>Selenskyj verweist vor Treffen mit Trump auf &quot;rote Linien&quot; - vof-news.eu<\/title>\n<meta name=\"description\" content=\"In den Verhandlungen um einen m\u00f6glichen Friedensplan mit Russland ist der ukrainische Pr\u00e4sident Wolodymyr\u00a0Selenskyj zu einem Treffen mit US-Pr\u00e4sident Donald Trump in die USA aufgebrochen. Unterwegs sprach er \u00fcber eine Messenger-App mit Journalisten. Mit Blick auf die Gespr\u00e4che mit Trump \u00fcber einen Friedensplan erkl\u00e4rte er, die Ukraine habe ihre &quot;roten Linien&quot;. Er sei aber \u200dsicher, dass ein Kompromiss gefunden werden k\u00f6nne. Zuletzt hatten sich die beiden Staatschefs\u00a0widerspr\u00fcchlich \u00fcber den Verhandlungsstand\u00a0ge\u00e4u\u00dfert.\" \/>\n<meta name=\"robots\" content=\"noindex, follow, max-snippet:-1, max-image-preview:large, max-video-preview:-1\" \/>\n<meta property=\"og:locale\" content=\"de_DE\" \/>\n<meta property=\"og:type\" content=\"article\" \/>\n<meta property=\"og:title\" content=\"Selenskyj verweist vor Treffen mit Trump auf &quot;rote Linien&quot; - vof-news.eu\" \/>\n<meta property=\"og:description\" content=\"In den Verhandlungen um einen m\u00f6glichen Friedensplan mit Russland ist der ukrainische Pr\u00e4sident Wolodymyr\u00a0Selenskyj zu einem Treffen mit US-Pr\u00e4sident Donald Trump in die USA aufgebrochen. Unterwegs sprach er \u00fcber eine Messenger-App mit Journalisten. Mit Blick auf die Gespr\u00e4che mit Trump \u00fcber einen Friedensplan erkl\u00e4rte er, die Ukraine habe ihre &quot;roten Linien&quot;. Er sei aber \u200dsicher, dass ein Kompromiss gefunden werden k\u00f6nne. Zuletzt hatten sich die beiden Staatschefs\u00a0widerspr\u00fcchlich \u00fcber den Verhandlungsstand\u00a0ge\u00e4u\u00dfert.\" \/>\n<meta property=\"og:url\" content=\"https:\/\/vof-news.eu\/de\/selenskyj-verweist-vor-treffen-mit-trump-auf-rote-linien\/\" \/>\n<meta property=\"og:site_name\" content=\"vof-news.eu\" \/>\n<meta property=\"article:published_time\" content=\"2025-12-27T14:29:51+00:00\" \/>\n<meta property=\"article:modified_time\" content=\"2025-12-27T14:31:55+00:00\" \/>\n<meta property=\"og:image\" content=\"https:\/\/vof-news.eu\/wp-content\/uploads\/2025\/12\/wide__1000x562-110.jpg\" \/>\n\t<meta property=\"og:image:width\" content=\"1000\" \/>\n\t<meta property=\"og:image:height\" content=\"562\" \/>\n\t<meta property=\"og:image:type\" content=\"image\/jpeg\" \/>\n<meta name=\"author\" content=\"Author\" \/>\n<meta name=\"twitter:card\" content=\"summary_large_image\" \/>\n<meta name=\"twitter:label1\" content=\"Verfasst von\" \/>\n\t<meta name=\"twitter:data1\" content=\"Author\" \/>\n\t<meta name=\"twitter:label2\" content=\"Gesch\u00e4tzte Lesezeit\" \/>\n\t<meta name=\"twitter:data2\" content=\"2\u00a0Minuten\" \/>\n<script type=\"application\/ld+json\" class=\"yoast-schema-graph\">{\"@context\":\"https:\/\/schema.org\",\"@graph\":[{\"@type\":\"WebPage\",\"@id\":\"https:\/\/vof-news.eu\/de\/selenskyj-verweist-vor-treffen-mit-trump-auf-rote-linien\/\",\"url\":\"https:\/\/vof-news.eu\/de\/selenskyj-verweist-vor-treffen-mit-trump-auf-rote-linien\/\",\"name\":\"Selenskyj verweist vor Treffen mit Trump auf \\\"rote Linien\\\" - vof-news.eu\",\"isPartOf\":{\"@id\":\"https:\/\/vof-news.eu\/de\/#website\"},\"primaryImageOfPage\":{\"@id\":\"https:\/\/vof-news.eu\/de\/selenskyj-verweist-vor-treffen-mit-trump-auf-rote-linien\/#primaryimage\"},\"image\":{\"@id\":\"https:\/\/vof-news.eu\/de\/selenskyj-verweist-vor-treffen-mit-trump-auf-rote-linien\/#primaryimage\"},\"thumbnailUrl\":\"https:\/\/vof-news.eu\/wp-content\/uploads\/2025\/12\/wide__1000x562-110.jpg\",\"datePublished\":\"2025-12-27T14:29:51+00:00\",\"dateModified\":\"2025-12-27T14:31:55+00:00\",\"author\":{\"@id\":\"https:\/\/vof-news.eu\/de\/#\/schema\/person\/f6a2a4309f0561835797fd8c19b333ed\"},\"description\":\"In den Verhandlungen um einen m\u00f6glichen Friedensplan mit Russland ist der ukrainische Pr\u00e4sident Wolodymyr\u00a0Selenskyj zu einem Treffen mit US-Pr\u00e4sident Donald Trump in die USA aufgebrochen. Unterwegs sprach er \u00fcber eine Messenger-App mit Journalisten. Mit Blick auf die Gespr\u00e4che mit Trump \u00fcber einen Friedensplan erkl\u00e4rte er, die Ukraine habe ihre \\\"roten Linien\\\". Er sei aber \u200dsicher, dass ein Kompromiss gefunden werden k\u00f6nne. Zuletzt hatten sich die beiden Staatschefs\u00a0widerspr\u00fcchlich \u00fcber den Verhandlungsstand\u00a0ge\u00e4u\u00dfert.\",\"breadcrumb\":{\"@id\":\"https:\/\/vof-news.eu\/de\/selenskyj-verweist-vor-treffen-mit-trump-auf-rote-linien\/#breadcrumb\"},\"inLanguage\":\"de\",\"potentialAction\":[{\"@type\":\"ReadAction\",\"target\":[\"https:\/\/vof-news.eu\/de\/selenskyj-verweist-vor-treffen-mit-trump-auf-rote-linien\/\"]}]},{\"@type\":\"ImageObject\",\"inLanguage\":\"de\",\"@id\":\"https:\/\/vof-news.eu\/de\/selenskyj-verweist-vor-treffen-mit-trump-auf-rote-linien\/#primaryimage\",\"url\":\"https:\/\/vof-news.eu\/wp-content\/uploads\/2025\/12\/wide__1000x562-110.jpg\",\"contentUrl\":\"https:\/\/vof-news.eu\/wp-content\/uploads\/2025\/12\/wide__1000x562-110.jpg\",\"width\":1000,\"height\":562},{\"@type\":\"BreadcrumbList\",\"@id\":\"https:\/\/vof-news.eu\/de\/selenskyj-verweist-vor-treffen-mit-trump-auf-rote-linien\/#breadcrumb\",\"itemListElement\":[{\"@type\":\"ListItem\",\"position\":1,\"name\":\"Home\",\"item\":\"https:\/\/vof-news.eu\/de\/\"},{\"@type\":\"ListItem\",\"position\":2,\"name\":\"Selenskyj verweist vor Treffen mit Trump auf &#8220;rote Linien&#8221;\"}]},{\"@type\":\"WebSite\",\"@id\":\"https:\/\/vof-news.eu\/de\/#website\",\"url\":\"https:\/\/vof-news.eu\/de\/\",\"name\":\"vof-news.eu\",\"description\":\"\",\"potentialAction\":[{\"@type\":\"SearchAction\",\"target\":{\"@type\":\"EntryPoint\",\"urlTemplate\":\"https:\/\/vof-news.eu\/de\/?s={search_term_string}\"},\"query-input\":\"required name=search_term_string\"}],\"inLanguage\":\"de\"},{\"@type\":\"Person\",\"@id\":\"https:\/\/vof-news.eu\/de\/#\/schema\/person\/f6a2a4309f0561835797fd8c19b333ed\",\"name\":\"Author\",\"image\":{\"@type\":\"ImageObject\",\"inLanguage\":\"de\",\"@id\":\"https:\/\/vof-news.eu\/de\/#\/schema\/person\/image\/\",\"url\":\"https:\/\/secure.gravatar.com\/avatar\/b67e614b1b25b3e9c0c239efdd2fde5ab015b5affd6f1c3c85911ca4b384e790?s=96&d=mm&r=g\",\"contentUrl\":\"https:\/\/secure.gravatar.com\/avatar\/b67e614b1b25b3e9c0c239efdd2fde5ab015b5affd6f1c3c85911ca4b384e790?s=96&d=mm&r=g\",\"caption\":\"Author\"},\"sameAs\":[\"http:\/\/vof-news.eu\"],\"url\":\"https:\/\/vof-news.eu\/de\/author\/zwt6qxnjulxbnyg\/\"}]}<\/script>\n<!-- \/ Yoast SEO plugin. -->","yoast_head_json":{"title":"Selenskyj verweist vor Treffen mit Trump auf \"rote Linien\" - vof-news.eu","description":"In den Verhandlungen um einen m\u00f6glichen Friedensplan mit Russland ist der ukrainische Pr\u00e4sident Wolodymyr\u00a0Selenskyj zu einem Treffen mit US-Pr\u00e4sident Donald Trump in die USA aufgebrochen. Unterwegs sprach er \u00fcber eine Messenger-App mit Journalisten. Mit Blick auf die Gespr\u00e4che mit Trump \u00fcber einen Friedensplan erkl\u00e4rte er, die Ukraine habe ihre \"roten Linien\". Er sei aber \u200dsicher, dass ein Kompromiss gefunden werden k\u00f6nne. Zuletzt hatten sich die beiden Staatschefs\u00a0widerspr\u00fcchlich \u00fcber den Verhandlungsstand\u00a0ge\u00e4u\u00dfert.","robots":{"index":"noindex","follow":"follow","max-snippet":"max-snippet:-1","max-image-preview":"max-image-preview:large","max-video-preview":"max-video-preview:-1"},"og_locale":"de_DE","og_type":"article","og_title":"Selenskyj verweist vor Treffen mit Trump auf \"rote Linien\" - vof-news.eu","og_description":"In den Verhandlungen um einen m\u00f6glichen Friedensplan mit Russland ist der ukrainische Pr\u00e4sident Wolodymyr\u00a0Selenskyj zu einem Treffen mit US-Pr\u00e4sident Donald Trump in die USA aufgebrochen. Unterwegs sprach er \u00fcber eine Messenger-App mit Journalisten. Mit Blick auf die Gespr\u00e4che mit Trump \u00fcber einen Friedensplan erkl\u00e4rte er, die Ukraine habe ihre \"roten Linien\". Er sei aber \u200dsicher, dass ein Kompromiss gefunden werden k\u00f6nne. Zuletzt hatten sich die beiden Staatschefs\u00a0widerspr\u00fcchlich \u00fcber den Verhandlungsstand\u00a0ge\u00e4u\u00dfert.","og_url":"https:\/\/vof-news.eu\/de\/selenskyj-verweist-vor-treffen-mit-trump-auf-rote-linien\/","og_site_name":"vof-news.eu","article_published_time":"2025-12-27T14:29:51+00:00","article_modified_time":"2025-12-27T14:31:55+00:00","og_image":[{"width":1000,"height":562,"url":"https:\/\/vof-news.eu\/wp-content\/uploads\/2025\/12\/wide__1000x562-110.jpg","type":"image\/jpeg"}],"author":"Author","twitter_card":"summary_large_image","twitter_misc":{"Verfasst von":"Author","Gesch\u00e4tzte Lesezeit":"2\u00a0Minuten"},"schema":{"@context":"https:\/\/schema.org","@graph":[{"@type":"WebPage","@id":"https:\/\/vof-news.eu\/de\/selenskyj-verweist-vor-treffen-mit-trump-auf-rote-linien\/","url":"https:\/\/vof-news.eu\/de\/selenskyj-verweist-vor-treffen-mit-trump-auf-rote-linien\/","name":"Selenskyj verweist vor Treffen mit Trump auf \"rote Linien\" - vof-news.eu","isPartOf":{"@id":"https:\/\/vof-news.eu\/de\/#website"},"primaryImageOfPage":{"@id":"https:\/\/vof-news.eu\/de\/selenskyj-verweist-vor-treffen-mit-trump-auf-rote-linien\/#primaryimage"},"image":{"@id":"https:\/\/vof-news.eu\/de\/selenskyj-verweist-vor-treffen-mit-trump-auf-rote-linien\/#primaryimage"},"thumbnailUrl":"https:\/\/vof-news.eu\/wp-content\/uploads\/2025\/12\/wide__1000x562-110.jpg","datePublished":"2025-12-27T14:29:51+00:00","dateModified":"2025-12-27T14:31:55+00:00","author":{"@id":"https:\/\/vof-news.eu\/de\/#\/schema\/person\/f6a2a4309f0561835797fd8c19b333ed"},"description":"In den Verhandlungen um einen m\u00f6glichen Friedensplan mit Russland ist der ukrainische Pr\u00e4sident Wolodymyr\u00a0Selenskyj zu einem Treffen mit US-Pr\u00e4sident Donald Trump in die USA aufgebrochen. Unterwegs sprach er \u00fcber eine Messenger-App mit Journalisten. Mit Blick auf die Gespr\u00e4che mit Trump \u00fcber einen Friedensplan erkl\u00e4rte er, die Ukraine habe ihre \"roten Linien\". Er sei aber \u200dsicher, dass ein Kompromiss gefunden werden k\u00f6nne. Zuletzt hatten sich die beiden Staatschefs\u00a0widerspr\u00fcchlich \u00fcber den Verhandlungsstand\u00a0ge\u00e4u\u00dfert.","breadcrumb":{"@id":"https:\/\/vof-news.eu\/de\/selenskyj-verweist-vor-treffen-mit-trump-auf-rote-linien\/#breadcrumb"},"inLanguage":"de","potentialAction":[{"@type":"ReadAction","target":["https:\/\/vof-news.eu\/de\/selenskyj-verweist-vor-treffen-mit-trump-auf-rote-linien\/"]}]},{"@type":"ImageObject","inLanguage":"de","@id":"https:\/\/vof-news.eu\/de\/selenskyj-verweist-vor-treffen-mit-trump-auf-rote-linien\/#primaryimage","url":"https:\/\/vof-news.eu\/wp-content\/uploads\/2025\/12\/wide__1000x562-110.jpg","contentUrl":"https:\/\/vof-news.eu\/wp-content\/uploads\/2025\/12\/wide__1000x562-110.jpg","width":1000,"height":562},{"@type":"BreadcrumbList","@id":"https:\/\/vof-news.eu\/de\/selenskyj-verweist-vor-treffen-mit-trump-auf-rote-linien\/#breadcrumb","itemListElement":[{"@type":"ListItem","position":1,"name":"Home","item":"https:\/\/vof-news.eu\/de\/"},{"@type":"ListItem","position":2,"name":"Selenskyj verweist vor Treffen mit Trump auf &#8220;rote Linien&#8221;"}]},{"@type":"WebSite","@id":"https:\/\/vof-news.eu\/de\/#website","url":"https:\/\/vof-news.eu\/de\/","name":"vof-news.eu","description":"","potentialAction":[{"@type":"SearchAction","target":{"@type":"EntryPoint","urlTemplate":"https:\/\/vof-news.eu\/de\/?s={search_term_string}"},"query-input":"required name=search_term_string"}],"inLanguage":"de"},{"@type":"Person","@id":"https:\/\/vof-news.eu\/de\/#\/schema\/person\/f6a2a4309f0561835797fd8c19b333ed","name":"Author","image":{"@type":"ImageObject","inLanguage":"de","@id":"https:\/\/vof-news.eu\/de\/#\/schema\/person\/image\/","url":"https:\/\/secure.gravatar.com\/avatar\/b67e614b1b25b3e9c0c239efdd2fde5ab015b5affd6f1c3c85911ca4b384e790?s=96&d=mm&r=g","contentUrl":"https:\/\/secure.gravatar.com\/avatar\/b67e614b1b25b3e9c0c239efdd2fde5ab015b5affd6f1c3c85911ca4b384e790?s=96&d=mm&r=g","caption":"Author"},"sameAs":["http:\/\/vof-news.eu"],"url":"https:\/\/vof-news.eu\/de\/author\/zwt6qxnjulxbnyg\/"}]}},"yoast_meta":{"yoast_wpseo_title":"","yoast_wpseo_metadesc":"","yoast_wpseo_canonical":""},"_links":{"self":[{"href":"https:\/\/vof-news.eu\/de\/wp-json\/wp\/v2\/posts\/311275","targetHints":{"allow":["GET"]}}],"collection":[{"href":"https:\/\/vof-news.eu\/de\/wp-json\/wp\/v2\/posts"}],"about":[{"href":"https:\/\/vof-news.eu\/de\/wp-json\/wp\/v2\/types\/post"}],"author":[{"embeddable":true,"href":"https:\/\/vof-news.eu\/de\/wp-json\/wp\/v2\/users\/1"}],"replies":[{"embeddable":true,"href":"https:\/\/vof-news.eu\/de\/wp-json\/wp\/v2\/comments?post=311275"}],"version-history":[{"count":1,"href":"https:\/\/vof-news.eu\/de\/wp-json\/wp\/v2\/posts\/311275\/revisions"}],"predecessor-version":[{"id":311284,"href":"https:\/\/vof-news.eu\/de\/wp-json\/wp\/v2\/posts\/311275\/revisions\/311284"}],"wp:featuredmedia":[{"embeddable":true,"href":"https:\/\/vof-news.eu\/de\/wp-json\/wp\/v2\/media\/311277"}],"wp:attachment":[{"href":"https:\/\/vof-news.eu\/de\/wp-json\/wp\/v2\/media?parent=311275"}],"wp:term":[{"taxonomy":"category","embeddable":true,"href":"https:\/\/vof-news.eu\/de\/wp-json\/wp\/v2\/categories?post=311275"},{"taxonomy":"post_tag","embeddable":true,"href":"https:\/\/vof-news.eu\/de\/wp-json\/wp\/v2\/tags?post=311275"}],"curies":[{"name":"wp","href":"https:\/\/api.w.org\/{rel}","templated":true}]}}