{"id":311069,"date":"2025-12-26T17:28:09","date_gmt":"2025-12-26T14:28:09","guid":{"rendered":"https:\/\/vof-news.eu\/wolodymyr-selenskyj-kundigt-gesprach-mit-donald-trump-an\/"},"modified":"2025-12-26T17:29:19","modified_gmt":"2025-12-26T14:29:19","slug":"wolodymyr-selenskyj-kundigt-gesprach-mit-donald-trump-an","status":"publish","type":"post","link":"https:\/\/vof-news.eu\/de\/wolodymyr-selenskyj-kundigt-gesprach-mit-donald-trump-an\/","title":{"rendered":"Wolodymyr Selenskyj k\u00fcndigt Gespr\u00e4ch mit Donald Trump an"},"content":{"rendered":"<div>\n<p>Der ukrainische Pr\u00e4sident <span><a href=\"https:\/\/www.zeit.de\/thema\/wolodymyr-selenskyj\" rel=\"nofollow\">Wolodymyr Selenskyj<\/a><\/span> will sich am Sonntag mit seinem US-Amtskollegen Donald Trump treffen.\u00a0Das berichtet die Nachrichtenagentur Reuters unter Berufung auf Selenskyj. Bei dem Treffen sollen demnach Fragen des Territoriums und m\u00f6gliche Sicherheitsgarantien besprochen werden.\u00a0\n<\/p>\n<p>&#8222;Dieses Treffen hat insbesondere den Zweck, alles so weit wie m\u00f6glich zum Abschluss zu bringen&#8220;, sagte der ukrainische Pr\u00e4sident. Zudem wolle er er\u00f6rtern, wie zus\u00e4tzlicher Druck auf Russland ausge\u00fcbt werden k\u00f6nne.\u00a0Ein 20-Punkte-Friedensplan sei zu \u200d90 Prozent fertig, sagte Selenskyj weiter. Ob bei dem Treffen Abkommen unterzeichnet werden, sei \u200baber unklar.\u00a0\n<\/p>\n<p><span><a href=\"https:\/\/www.zeit.de\/thema\/donald-trump\" rel=\"nofollow\">Trump<\/a><\/span> hatte zuvor gesagt, er wolle sich nur mit Selenskyj treffen, wenn ein Deal in Reichweite sei.\u00a0Das Nachrichtenportal \u00a0berichtete, das Gespr\u00e4ch solle in\u00a0Trumps Residenz Mar-a-Lago in Florida stattfinden.\n<\/p>\n<p>Selenskyj hatte am Morgen angek\u00fcndigt, sich &#8222;in naher Zukunft&#8220; mit Trump treffen zu wollen. &#8222;Wir verlieren keinen einzigen Tag&#8220;, schrieb Selenskyj auf X. Noch vor dem Jahreswechsel k\u00f6nne &#8222;vieles entschieden werden&#8220;.\n<\/p>\n<h2>Vermehrt diplomatische Anstrengungen f\u00fcr Frieden<\/h2>\n<p>In den vergangenen Wochen hat es verst\u00e4rkte diplomatische Anstrengungen gegeben, den <a href=\"https:\/\/www.zeit.de\/gesellschaft\/zeitgeschehen\/2025-12\/ukraine-russland-krieg-weihnachten-drohnen-tote-gxe\" rel=\"nofollow\">russischen Angriffskrieg gegen die Ukraine<\/a> zu beenden. Trumps\u00a0Verhandlungsteam, bestehend aus dem Sondergesandten Steve Witkoff und Trumps Schwiegersohn Jared Kushner, f\u00fchrte intensive Gespr\u00e4che mit den ukrainischen Unterh\u00e4ndlern. Selenskyj telefonierte am Donnerstag ebenfalls mit Witkoff und Kushner.\n<\/p>\n<p>An Heiligabend machte Selenskyj nach langer Geheimhaltung <a href=\"https:\/\/www.zeit.de\/politik\/ausland\/2025-12\/ukraine-krieg-russland-friendsplan-gxe\" rel=\"nofollow\">einen Plan \u00f6ffentlich, der 20 Punkte umfasst und den Weg zu einem Frieden ebnen<\/a> soll. Er sieht unter anderem Sicherheitsgarantien f\u00fcr die <span><a href=\"https:\/\/www.zeit.de\/politik\/ausland\/ukraine-krieg-news-liveblog\" rel=\"nofollow\">Ukraine<\/a><\/span> vor, die der<br \/>\nBeistandsklausel aus Artikel 5 des Nato-Vertrags \u00e4hneln.\u00a0\n<\/p>\n<p>Die russischen Reaktionen auf die Verhandlungen an verschiedenen Orten waren jeweils verhalten. Ein Hauptstreitpunkt ist weiterhin, dass die Regierung in Moskau die nicht vollst\u00e4ndig eroberten Gebiete Donezk und Luhansk im Donbass beansprucht. Die ukrainische Armee verteidigt sich dort und will sich aus den Gebieten nicht zur\u00fcckziehen.\n<\/p>\n<\/p>\n<\/div>\n","protected":false},"excerpt":{"rendered":"<p>Der ukrainische Pr\u00e4sident Wolodymyr Selenskyj will sich am Sonntag mit seinem US-Amtskollegen Donald Trump treffen.\u00a0Das berichtet die Nachrichtenagentur Reuters unter Berufung auf Selenskyj. Bei dem Treffen sollen demnach Fragen des Territoriums und m\u00f6gliche Sicherheitsgarantien besprochen werden.\u00a0 &#8222;Dieses Treffen hat insbesondere den Zweck, alles so weit wie m\u00f6glich zum Abschluss zu bringen&#8220;, sagte der ukrainische Pr\u00e4sident.<\/p>\n","protected":false},"author":1,"featured_media":311070,"comment_status":"open","ping_status":"open","sticky":false,"template":"","format":"standard","meta":{"footnotes":""},"categories":[116],"tags":[],"class_list":["post-311069","post","type-post","status-publish","format-standard","has-post-thumbnail","hentry","category-war-chronicles-de"],"acf":[],"yoast_head":"<!-- This site is optimized with the Yoast SEO plugin v22.9 - https:\/\/yoast.com\/wordpress\/plugins\/seo\/ -->\n<title>Wolodymyr Selenskyj k\u00fcndigt Gespr\u00e4ch mit Donald Trump an - vof-news.eu<\/title>\n<meta name=\"description\" content=\"Der ukrainische Pr\u00e4sident Wolodymyr Selenskyj will sich am Sonntag mit seinem US-Amtskollegen Donald Trump treffen.\u00a0Das berichtet die Nachrichtenagentur Reuters unter Berufung auf Selenskyj. Bei dem Treffen sollen demnach Fragen des Territoriums und m\u00f6gliche Sicherheitsgarantien besprochen werden.\u00a0\" \/>\n<meta name=\"robots\" content=\"noindex, follow, max-snippet:-1, max-image-preview:large, max-video-preview:-1\" \/>\n<meta property=\"og:locale\" content=\"de_DE\" \/>\n<meta property=\"og:type\" content=\"article\" \/>\n<meta property=\"og:title\" content=\"Wolodymyr Selenskyj k\u00fcndigt Gespr\u00e4ch mit Donald Trump an - vof-news.eu\" \/>\n<meta property=\"og:description\" content=\"Der ukrainische Pr\u00e4sident Wolodymyr Selenskyj will sich am Sonntag mit seinem US-Amtskollegen Donald Trump treffen.\u00a0Das berichtet die Nachrichtenagentur Reuters unter Berufung auf Selenskyj. Bei dem Treffen sollen demnach Fragen des Territoriums und m\u00f6gliche Sicherheitsgarantien besprochen werden.\u00a0\" \/>\n<meta property=\"og:url\" content=\"https:\/\/vof-news.eu\/de\/wolodymyr-selenskyj-kundigt-gesprach-mit-donald-trump-an\/\" \/>\n<meta property=\"og:site_name\" content=\"vof-news.eu\" \/>\n<meta property=\"article:published_time\" content=\"2025-12-26T14:28:09+00:00\" \/>\n<meta property=\"article:modified_time\" content=\"2025-12-26T14:29:19+00:00\" \/>\n<meta property=\"og:image\" content=\"https:\/\/vof-news.eu\/wp-content\/uploads\/2025\/12\/wide__1000x562-106.jpg\" \/>\n\t<meta property=\"og:image:width\" content=\"1000\" \/>\n\t<meta property=\"og:image:height\" content=\"562\" \/>\n\t<meta property=\"og:image:type\" content=\"image\/jpeg\" \/>\n<meta name=\"author\" content=\"Author\" \/>\n<meta name=\"twitter:card\" content=\"summary_large_image\" \/>\n<meta name=\"twitter:label1\" content=\"Verfasst von\" \/>\n\t<meta name=\"twitter:data1\" content=\"Author\" \/>\n\t<meta name=\"twitter:label2\" content=\"Gesch\u00e4tzte Lesezeit\" \/>\n\t<meta name=\"twitter:data2\" content=\"2\u00a0Minuten\" \/>\n<script type=\"application\/ld+json\" class=\"yoast-schema-graph\">{\"@context\":\"https:\/\/schema.org\",\"@graph\":[{\"@type\":\"WebPage\",\"@id\":\"https:\/\/vof-news.eu\/de\/wolodymyr-selenskyj-kundigt-gesprach-mit-donald-trump-an\/\",\"url\":\"https:\/\/vof-news.eu\/de\/wolodymyr-selenskyj-kundigt-gesprach-mit-donald-trump-an\/\",\"name\":\"Wolodymyr Selenskyj k\u00fcndigt Gespr\u00e4ch mit Donald Trump an - vof-news.eu\",\"isPartOf\":{\"@id\":\"https:\/\/vof-news.eu\/de\/#website\"},\"primaryImageOfPage\":{\"@id\":\"https:\/\/vof-news.eu\/de\/wolodymyr-selenskyj-kundigt-gesprach-mit-donald-trump-an\/#primaryimage\"},\"image\":{\"@id\":\"https:\/\/vof-news.eu\/de\/wolodymyr-selenskyj-kundigt-gesprach-mit-donald-trump-an\/#primaryimage\"},\"thumbnailUrl\":\"https:\/\/vof-news.eu\/wp-content\/uploads\/2025\/12\/wide__1000x562-106.jpg\",\"datePublished\":\"2025-12-26T14:28:09+00:00\",\"dateModified\":\"2025-12-26T14:29:19+00:00\",\"author\":{\"@id\":\"https:\/\/vof-news.eu\/de\/#\/schema\/person\/f6a2a4309f0561835797fd8c19b333ed\"},\"description\":\"Der ukrainische Pr\u00e4sident Wolodymyr Selenskyj will sich am Sonntag mit seinem US-Amtskollegen Donald Trump treffen.\u00a0Das berichtet die Nachrichtenagentur Reuters unter Berufung auf Selenskyj. Bei dem Treffen sollen demnach Fragen des Territoriums und m\u00f6gliche Sicherheitsgarantien besprochen werden.\u00a0\",\"breadcrumb\":{\"@id\":\"https:\/\/vof-news.eu\/de\/wolodymyr-selenskyj-kundigt-gesprach-mit-donald-trump-an\/#breadcrumb\"},\"inLanguage\":\"de\",\"potentialAction\":[{\"@type\":\"ReadAction\",\"target\":[\"https:\/\/vof-news.eu\/de\/wolodymyr-selenskyj-kundigt-gesprach-mit-donald-trump-an\/\"]}]},{\"@type\":\"ImageObject\",\"inLanguage\":\"de\",\"@id\":\"https:\/\/vof-news.eu\/de\/wolodymyr-selenskyj-kundigt-gesprach-mit-donald-trump-an\/#primaryimage\",\"url\":\"https:\/\/vof-news.eu\/wp-content\/uploads\/2025\/12\/wide__1000x562-106.jpg\",\"contentUrl\":\"https:\/\/vof-news.eu\/wp-content\/uploads\/2025\/12\/wide__1000x562-106.jpg\",\"width\":1000,\"height\":562},{\"@type\":\"BreadcrumbList\",\"@id\":\"https:\/\/vof-news.eu\/de\/wolodymyr-selenskyj-kundigt-gesprach-mit-donald-trump-an\/#breadcrumb\",\"itemListElement\":[{\"@type\":\"ListItem\",\"position\":1,\"name\":\"Home\",\"item\":\"https:\/\/vof-news.eu\/de\/\"},{\"@type\":\"ListItem\",\"position\":2,\"name\":\"Wolodymyr Selenskyj k\u00fcndigt Gespr\u00e4ch mit Donald Trump an\"}]},{\"@type\":\"WebSite\",\"@id\":\"https:\/\/vof-news.eu\/de\/#website\",\"url\":\"https:\/\/vof-news.eu\/de\/\",\"name\":\"vof-news.eu\",\"description\":\"\",\"potentialAction\":[{\"@type\":\"SearchAction\",\"target\":{\"@type\":\"EntryPoint\",\"urlTemplate\":\"https:\/\/vof-news.eu\/de\/?s={search_term_string}\"},\"query-input\":\"required name=search_term_string\"}],\"inLanguage\":\"de\"},{\"@type\":\"Person\",\"@id\":\"https:\/\/vof-news.eu\/de\/#\/schema\/person\/f6a2a4309f0561835797fd8c19b333ed\",\"name\":\"Author\",\"image\":{\"@type\":\"ImageObject\",\"inLanguage\":\"de\",\"@id\":\"https:\/\/vof-news.eu\/de\/#\/schema\/person\/image\/\",\"url\":\"https:\/\/secure.gravatar.com\/avatar\/b67e614b1b25b3e9c0c239efdd2fde5ab015b5affd6f1c3c85911ca4b384e790?s=96&d=mm&r=g\",\"contentUrl\":\"https:\/\/secure.gravatar.com\/avatar\/b67e614b1b25b3e9c0c239efdd2fde5ab015b5affd6f1c3c85911ca4b384e790?s=96&d=mm&r=g\",\"caption\":\"Author\"},\"sameAs\":[\"http:\/\/vof-news.eu\"],\"url\":\"https:\/\/vof-news.eu\/de\/author\/zwt6qxnjulxbnyg\/\"}]}<\/script>\n<!-- \/ Yoast SEO plugin. -->","yoast_head_json":{"title":"Wolodymyr Selenskyj k\u00fcndigt Gespr\u00e4ch mit Donald Trump an - vof-news.eu","description":"Der ukrainische Pr\u00e4sident Wolodymyr Selenskyj will sich am Sonntag mit seinem US-Amtskollegen Donald Trump treffen.\u00a0Das berichtet die Nachrichtenagentur Reuters unter Berufung auf Selenskyj. Bei dem Treffen sollen demnach Fragen des Territoriums und m\u00f6gliche Sicherheitsgarantien besprochen werden.\u00a0","robots":{"index":"noindex","follow":"follow","max-snippet":"max-snippet:-1","max-image-preview":"max-image-preview:large","max-video-preview":"max-video-preview:-1"},"og_locale":"de_DE","og_type":"article","og_title":"Wolodymyr Selenskyj k\u00fcndigt Gespr\u00e4ch mit Donald Trump an - vof-news.eu","og_description":"Der ukrainische Pr\u00e4sident Wolodymyr Selenskyj will sich am Sonntag mit seinem US-Amtskollegen Donald Trump treffen.\u00a0Das berichtet die Nachrichtenagentur Reuters unter Berufung auf Selenskyj. Bei dem Treffen sollen demnach Fragen des Territoriums und m\u00f6gliche Sicherheitsgarantien besprochen werden.\u00a0","og_url":"https:\/\/vof-news.eu\/de\/wolodymyr-selenskyj-kundigt-gesprach-mit-donald-trump-an\/","og_site_name":"vof-news.eu","article_published_time":"2025-12-26T14:28:09+00:00","article_modified_time":"2025-12-26T14:29:19+00:00","og_image":[{"width":1000,"height":562,"url":"https:\/\/vof-news.eu\/wp-content\/uploads\/2025\/12\/wide__1000x562-106.jpg","type":"image\/jpeg"}],"author":"Author","twitter_card":"summary_large_image","twitter_misc":{"Verfasst von":"Author","Gesch\u00e4tzte Lesezeit":"2\u00a0Minuten"},"schema":{"@context":"https:\/\/schema.org","@graph":[{"@type":"WebPage","@id":"https:\/\/vof-news.eu\/de\/wolodymyr-selenskyj-kundigt-gesprach-mit-donald-trump-an\/","url":"https:\/\/vof-news.eu\/de\/wolodymyr-selenskyj-kundigt-gesprach-mit-donald-trump-an\/","name":"Wolodymyr Selenskyj k\u00fcndigt Gespr\u00e4ch mit Donald Trump an - vof-news.eu","isPartOf":{"@id":"https:\/\/vof-news.eu\/de\/#website"},"primaryImageOfPage":{"@id":"https:\/\/vof-news.eu\/de\/wolodymyr-selenskyj-kundigt-gesprach-mit-donald-trump-an\/#primaryimage"},"image":{"@id":"https:\/\/vof-news.eu\/de\/wolodymyr-selenskyj-kundigt-gesprach-mit-donald-trump-an\/#primaryimage"},"thumbnailUrl":"https:\/\/vof-news.eu\/wp-content\/uploads\/2025\/12\/wide__1000x562-106.jpg","datePublished":"2025-12-26T14:28:09+00:00","dateModified":"2025-12-26T14:29:19+00:00","author":{"@id":"https:\/\/vof-news.eu\/de\/#\/schema\/person\/f6a2a4309f0561835797fd8c19b333ed"},"description":"Der ukrainische Pr\u00e4sident Wolodymyr Selenskyj will sich am Sonntag mit seinem US-Amtskollegen Donald Trump treffen.\u00a0Das berichtet die Nachrichtenagentur Reuters unter Berufung auf Selenskyj. Bei dem Treffen sollen demnach Fragen des Territoriums und m\u00f6gliche Sicherheitsgarantien besprochen werden.\u00a0","breadcrumb":{"@id":"https:\/\/vof-news.eu\/de\/wolodymyr-selenskyj-kundigt-gesprach-mit-donald-trump-an\/#breadcrumb"},"inLanguage":"de","potentialAction":[{"@type":"ReadAction","target":["https:\/\/vof-news.eu\/de\/wolodymyr-selenskyj-kundigt-gesprach-mit-donald-trump-an\/"]}]},{"@type":"ImageObject","inLanguage":"de","@id":"https:\/\/vof-news.eu\/de\/wolodymyr-selenskyj-kundigt-gesprach-mit-donald-trump-an\/#primaryimage","url":"https:\/\/vof-news.eu\/wp-content\/uploads\/2025\/12\/wide__1000x562-106.jpg","contentUrl":"https:\/\/vof-news.eu\/wp-content\/uploads\/2025\/12\/wide__1000x562-106.jpg","width":1000,"height":562},{"@type":"BreadcrumbList","@id":"https:\/\/vof-news.eu\/de\/wolodymyr-selenskyj-kundigt-gesprach-mit-donald-trump-an\/#breadcrumb","itemListElement":[{"@type":"ListItem","position":1,"name":"Home","item":"https:\/\/vof-news.eu\/de\/"},{"@type":"ListItem","position":2,"name":"Wolodymyr Selenskyj k\u00fcndigt Gespr\u00e4ch mit Donald Trump an"}]},{"@type":"WebSite","@id":"https:\/\/vof-news.eu\/de\/#website","url":"https:\/\/vof-news.eu\/de\/","name":"vof-news.eu","description":"","potentialAction":[{"@type":"SearchAction","target":{"@type":"EntryPoint","urlTemplate":"https:\/\/vof-news.eu\/de\/?s={search_term_string}"},"query-input":"required name=search_term_string"}],"inLanguage":"de"},{"@type":"Person","@id":"https:\/\/vof-news.eu\/de\/#\/schema\/person\/f6a2a4309f0561835797fd8c19b333ed","name":"Author","image":{"@type":"ImageObject","inLanguage":"de","@id":"https:\/\/vof-news.eu\/de\/#\/schema\/person\/image\/","url":"https:\/\/secure.gravatar.com\/avatar\/b67e614b1b25b3e9c0c239efdd2fde5ab015b5affd6f1c3c85911ca4b384e790?s=96&d=mm&r=g","contentUrl":"https:\/\/secure.gravatar.com\/avatar\/b67e614b1b25b3e9c0c239efdd2fde5ab015b5affd6f1c3c85911ca4b384e790?s=96&d=mm&r=g","caption":"Author"},"sameAs":["http:\/\/vof-news.eu"],"url":"https:\/\/vof-news.eu\/de\/author\/zwt6qxnjulxbnyg\/"}]}},"yoast_meta":{"yoast_wpseo_title":"","yoast_wpseo_metadesc":"","yoast_wpseo_canonical":""},"_links":{"self":[{"href":"https:\/\/vof-news.eu\/de\/wp-json\/wp\/v2\/posts\/311069","targetHints":{"allow":["GET"]}}],"collection":[{"href":"https:\/\/vof-news.eu\/de\/wp-json\/wp\/v2\/posts"}],"about":[{"href":"https:\/\/vof-news.eu\/de\/wp-json\/wp\/v2\/types\/post"}],"author":[{"embeddable":true,"href":"https:\/\/vof-news.eu\/de\/wp-json\/wp\/v2\/users\/1"}],"replies":[{"embeddable":true,"href":"https:\/\/vof-news.eu\/de\/wp-json\/wp\/v2\/comments?post=311069"}],"version-history":[{"count":1,"href":"https:\/\/vof-news.eu\/de\/wp-json\/wp\/v2\/posts\/311069\/revisions"}],"predecessor-version":[{"id":311076,"href":"https:\/\/vof-news.eu\/de\/wp-json\/wp\/v2\/posts\/311069\/revisions\/311076"}],"wp:featuredmedia":[{"embeddable":true,"href":"https:\/\/vof-news.eu\/de\/wp-json\/wp\/v2\/media\/311070"}],"wp:attachment":[{"href":"https:\/\/vof-news.eu\/de\/wp-json\/wp\/v2\/media?parent=311069"}],"wp:term":[{"taxonomy":"category","embeddable":true,"href":"https:\/\/vof-news.eu\/de\/wp-json\/wp\/v2\/categories?post=311069"},{"taxonomy":"post_tag","embeddable":true,"href":"https:\/\/vof-news.eu\/de\/wp-json\/wp\/v2\/tags?post=311069"}],"curies":[{"name":"wp","href":"https:\/\/api.w.org\/{rel}","templated":true}]}}