{"id":310871,"date":"2025-12-26T05:30:12","date_gmt":"2025-12-26T02:30:12","guid":{"rendered":"https:\/\/vof-news.eu\/manfred-weber-will-bundeswehr-unter-europaischer-flagge-in-der-ukraine\/"},"modified":"2025-12-26T05:31:41","modified_gmt":"2025-12-26T02:31:41","slug":"manfred-weber-will-bundeswehr-unter-europaischer-flagge-in-der-ukraine","status":"publish","type":"post","link":"https:\/\/vof-news.eu\/de\/manfred-weber-will-bundeswehr-unter-europaischer-flagge-in-der-ukraine\/","title":{"rendered":"Manfred Weber will Bundeswehr unter europ\u00e4ischer Flagge in der Ukraine"},"content":{"rendered":"<div>\n<p><span><a href=\"https:\/\/www.zeit.de\/thema\/manfred-weber\" rel=\"nofollow\">Manfred Weber<\/a><\/span>, der Chef der konservativen EVP-Fraktion im<br \/>\nEuropaparlament, hat sich daf\u00fcr ausgesprochen, deutsche Soldaten an der Absicherung einer Friedensl\u00f6sung in der<br \/>\nUkraine zu beteiligen. &#8222;Ich w\u00fcnsche mir Soldaten mit der europ\u00e4ischen<br \/>\nFlagge auf der Uniform, die gemeinsam mit unseren ukrainischen Freunden<br \/>\nden Frieden sichern&#8220;, sagte der CSU-Politiker den Zeitungen der Funke-Mediengruppe. &#8222;Wir k\u00f6nnen nicht ernsthaft erwarten, dass Trump eine<br \/>\nFriedensl\u00f6sung allein mit amerikanischen GIs absichert. Und wenn wir<br \/>\n\u00fcber europ\u00e4ische Truppen reden, kann Deutschland nicht au\u00dfen vor<br \/>\nbleiben&#8220;, sagte Weber mit Hinweis auf US-Pr\u00e4sident Donald<br \/>\nTrump.\u00a0\n<\/p>\n<p>F\u00fcr die Sicherheit<br \/>\nder <span><a href=\"https:\/\/www.zeit.de\/politik\/ausland\/ukraine-krieg-news-liveblog\" rel=\"nofollow\">Ukraine<\/a><\/span> m\u00fcsse Europa Verantwortung \u00fcbernehmen, sagte der CSU-Politiker. &#8222;Nach einem Waffenstillstands-<br \/>\noder Friedensabkommen muss an der Sicherheitslinie die europ\u00e4ische<br \/>\nFlagge wehen.&#8220;\n<\/p>\n<p>Nach den Ukrainegespr\u00e4chen in Berlin hatten die Staats- und Regierungschefs\u00a0<a href=\"https:\/\/www.zeit.de\/politik\/ausland\/2025-12\/friedensverhandlungen-berlin-ukraine-krieg-europaeische-union\" rel=\"nofollow\">der EU<\/a>\u00a0eine multinationale Truppe zur\u00a0<a href=\"https:\/\/www.zeit.de\/politik\/ausland\/2025-12\/ukraine-verhandlungen-berlin-friedrich-merz-wolodymyr-selenskyj-us-sicherheitsgarantien\" rel=\"nofollow\">Absicherung eines Waffenstillstands<\/a>\u00a0in der Ukraine in Aussicht gestellt.\u00a0Die von den Europ\u00e4ern gef\u00fchrte und den\u00a0<a href=\"https:\/\/www.zeit.de\/thema\/usa\" rel=\"nofollow\">USA<\/a>\u00a0unterst\u00fctzte Truppe soll die Streitkr\u00e4fte des Landes unterst\u00fctzen sowie die Sicherheit des Luftraums und der Meere gew\u00e4hrleisten. Wie sich Deutschland einbringen k\u00f6nnte, ist bisher jedoch unklar. Bundeskanzler <a href=\"https:\/\/www.zeit.de\/politik\/deutschland\/2025-12\/ukarinekrieg-friedrich-merz-internationalle-truppe\" rel=\"nofollow\">Friedrich Merz\u00a0und Vizekanzler und\u00a0SPD-Vorsitzende Lars Klingbeil \u00e4u\u00dferten sich bisher zur\u00fcckhaltend<\/a> zur Frage einer Beteiligung deutscher Soldaten an der Friedenssicherung.\n<\/p>\n<h2>2025 als &#8222;Wendejahr in der Geschichte&#8220;<\/h2>\n<p>Die M\u00f6glichkeit eines baldigen Waffenstillstands bewertete Weber gegen\u00fcber den Funke-Zeitungen allerdings skeptisch. &#8222;Putin<br \/>\nf\u00fchrt uns an der Nase herum. Bis heute sitzt er im Kreml und freut sich,<br \/>\n wie der Westen sich streitet und spaltet&#8220;, sagte der Partei- und Fraktionschef der <span><a href=\"https:\/\/www.zeit.de\/thema\/europaeische-volkspartei\" rel=\"nofollow\">Europ\u00e4ischen Volkspartei<\/a><\/span>. Der<br \/>\n russische Pr\u00e4sident Wladimir Putin habe Zehntausende junge Soldaten in<br \/>\nden Tod geschickt. Weber k\u00f6nne nicht erkennen, &#8222;dass Putin den Weg des<br \/>\nFriedens geht&#8220;, sagte er. Frieden werde es nur geben, wenn die<br \/>\nEurop\u00e4er St\u00e4rke zeigen und mit einer Stimme sprechen.\u00a0\n<\/p>\n<p>Weber rief die Europ\u00e4ische Union auf, mit einer neuen Sicherheitsstrategie<br \/>\n auf die <a href=\"https:\/\/www.zeit.de\/politik\/ausland\/2025-12\/us-sicherheitsdoktrin-james-david-vance-europa-demokratie-politische-mitte-spaltung\" rel=\"nofollow\">Abkehr der USA von Europa<\/a> zu reagieren. &#8222;2025 ist ein<br \/>\nWendejahr in der Geschichte&#8220;, das zeige auch Trumps Sicherheitsstrategie, sagte Weber den Zeitungen. <span><a href=\"https:\/\/www.zeit.de\/thema\/europa\" rel=\"nofollow\">Europa<\/a><\/span> m\u00fcsse &#8222;aufh\u00f6ren, unsere Politik aus Washingtoner Papieren heraus zu gestalten&#8220;, sagte Weber. &#8222;Wir m\u00fcssen unsere eigene<br \/>\nSicherheitsstrategie schreiben, die Architektur Europas auf den<br \/>\nPr\u00fcfstand stellen und endlich selbstbewusst handeln.&#8220;\n<\/p>\n<\/div>\n","protected":false},"excerpt":{"rendered":"<p>Manfred Weber, der Chef der konservativen EVP-Fraktion im Europaparlament, hat sich daf\u00fcr ausgesprochen, deutsche Soldaten an der Absicherung einer Friedensl\u00f6sung in der Ukraine zu beteiligen. &#8222;Ich w\u00fcnsche mir Soldaten mit der europ\u00e4ischen Flagge auf der Uniform, die gemeinsam mit unseren ukrainischen Freunden den Frieden sichern&#8220;, sagte der CSU-Politiker den Zeitungen der Funke-Mediengruppe. &#8222;Wir k\u00f6nnen nicht<\/p>\n","protected":false},"author":1,"featured_media":310872,"comment_status":"open","ping_status":"open","sticky":false,"template":"","format":"standard","meta":{"footnotes":""},"categories":[116],"tags":[],"class_list":["post-310871","post","type-post","status-publish","format-standard","has-post-thumbnail","hentry","category-war-chronicles-de"],"acf":[],"yoast_head":"<!-- This site is optimized with the Yoast SEO plugin v22.9 - https:\/\/yoast.com\/wordpress\/plugins\/seo\/ -->\n<title>Manfred Weber will Bundeswehr unter europ\u00e4ischer Flagge in der Ukraine - vof-news.eu<\/title>\n<meta name=\"description\" content=\"Manfred Weber, der Chef der konservativen EVP-Fraktion im\" \/>\n<meta name=\"robots\" content=\"noindex, follow, max-snippet:-1, max-image-preview:large, max-video-preview:-1\" \/>\n<meta property=\"og:locale\" content=\"de_DE\" \/>\n<meta property=\"og:type\" content=\"article\" \/>\n<meta property=\"og:title\" content=\"Manfred Weber will Bundeswehr unter europ\u00e4ischer Flagge in der Ukraine - vof-news.eu\" \/>\n<meta property=\"og:description\" content=\"Manfred Weber, der Chef der konservativen EVP-Fraktion im\" \/>\n<meta property=\"og:url\" content=\"https:\/\/vof-news.eu\/de\/manfred-weber-will-bundeswehr-unter-europaischer-flagge-in-der-ukraine\/\" \/>\n<meta property=\"og:site_name\" content=\"vof-news.eu\" \/>\n<meta property=\"article:published_time\" content=\"2025-12-26T02:30:12+00:00\" \/>\n<meta property=\"article:modified_time\" content=\"2025-12-26T02:31:41+00:00\" \/>\n<meta property=\"og:image\" content=\"https:\/\/vof-news.eu\/wp-content\/uploads\/2025\/12\/wide__1000x562-105.jpg\" \/>\n\t<meta property=\"og:image:width\" content=\"1000\" \/>\n\t<meta property=\"og:image:height\" content=\"562\" \/>\n\t<meta property=\"og:image:type\" content=\"image\/jpeg\" \/>\n<meta name=\"author\" content=\"Author\" \/>\n<meta name=\"twitter:card\" content=\"summary_large_image\" \/>\n<meta name=\"twitter:label1\" content=\"Verfasst von\" \/>\n\t<meta name=\"twitter:data1\" content=\"Author\" \/>\n\t<meta name=\"twitter:label2\" content=\"Gesch\u00e4tzte Lesezeit\" \/>\n\t<meta name=\"twitter:data2\" content=\"2\u00a0Minuten\" \/>\n<script type=\"application\/ld+json\" class=\"yoast-schema-graph\">{\"@context\":\"https:\/\/schema.org\",\"@graph\":[{\"@type\":\"WebPage\",\"@id\":\"https:\/\/vof-news.eu\/de\/manfred-weber-will-bundeswehr-unter-europaischer-flagge-in-der-ukraine\/\",\"url\":\"https:\/\/vof-news.eu\/de\/manfred-weber-will-bundeswehr-unter-europaischer-flagge-in-der-ukraine\/\",\"name\":\"Manfred Weber will Bundeswehr unter europ\u00e4ischer Flagge in der Ukraine - vof-news.eu\",\"isPartOf\":{\"@id\":\"https:\/\/vof-news.eu\/de\/#website\"},\"primaryImageOfPage\":{\"@id\":\"https:\/\/vof-news.eu\/de\/manfred-weber-will-bundeswehr-unter-europaischer-flagge-in-der-ukraine\/#primaryimage\"},\"image\":{\"@id\":\"https:\/\/vof-news.eu\/de\/manfred-weber-will-bundeswehr-unter-europaischer-flagge-in-der-ukraine\/#primaryimage\"},\"thumbnailUrl\":\"https:\/\/vof-news.eu\/wp-content\/uploads\/2025\/12\/wide__1000x562-105.jpg\",\"datePublished\":\"2025-12-26T02:30:12+00:00\",\"dateModified\":\"2025-12-26T02:31:41+00:00\",\"author\":{\"@id\":\"https:\/\/vof-news.eu\/de\/#\/schema\/person\/f6a2a4309f0561835797fd8c19b333ed\"},\"description\":\"Manfred Weber, der Chef der konservativen EVP-Fraktion im\",\"breadcrumb\":{\"@id\":\"https:\/\/vof-news.eu\/de\/manfred-weber-will-bundeswehr-unter-europaischer-flagge-in-der-ukraine\/#breadcrumb\"},\"inLanguage\":\"de\",\"potentialAction\":[{\"@type\":\"ReadAction\",\"target\":[\"https:\/\/vof-news.eu\/de\/manfred-weber-will-bundeswehr-unter-europaischer-flagge-in-der-ukraine\/\"]}]},{\"@type\":\"ImageObject\",\"inLanguage\":\"de\",\"@id\":\"https:\/\/vof-news.eu\/de\/manfred-weber-will-bundeswehr-unter-europaischer-flagge-in-der-ukraine\/#primaryimage\",\"url\":\"https:\/\/vof-news.eu\/wp-content\/uploads\/2025\/12\/wide__1000x562-105.jpg\",\"contentUrl\":\"https:\/\/vof-news.eu\/wp-content\/uploads\/2025\/12\/wide__1000x562-105.jpg\",\"width\":1000,\"height\":562},{\"@type\":\"BreadcrumbList\",\"@id\":\"https:\/\/vof-news.eu\/de\/manfred-weber-will-bundeswehr-unter-europaischer-flagge-in-der-ukraine\/#breadcrumb\",\"itemListElement\":[{\"@type\":\"ListItem\",\"position\":1,\"name\":\"Home\",\"item\":\"https:\/\/vof-news.eu\/de\/\"},{\"@type\":\"ListItem\",\"position\":2,\"name\":\"Manfred Weber will Bundeswehr unter europ\u00e4ischer Flagge in der Ukraine\"}]},{\"@type\":\"WebSite\",\"@id\":\"https:\/\/vof-news.eu\/de\/#website\",\"url\":\"https:\/\/vof-news.eu\/de\/\",\"name\":\"vof-news.eu\",\"description\":\"\",\"potentialAction\":[{\"@type\":\"SearchAction\",\"target\":{\"@type\":\"EntryPoint\",\"urlTemplate\":\"https:\/\/vof-news.eu\/de\/?s={search_term_string}\"},\"query-input\":\"required name=search_term_string\"}],\"inLanguage\":\"de\"},{\"@type\":\"Person\",\"@id\":\"https:\/\/vof-news.eu\/de\/#\/schema\/person\/f6a2a4309f0561835797fd8c19b333ed\",\"name\":\"Author\",\"image\":{\"@type\":\"ImageObject\",\"inLanguage\":\"de\",\"@id\":\"https:\/\/vof-news.eu\/de\/#\/schema\/person\/image\/\",\"url\":\"https:\/\/secure.gravatar.com\/avatar\/b67e614b1b25b3e9c0c239efdd2fde5ab015b5affd6f1c3c85911ca4b384e790?s=96&d=mm&r=g\",\"contentUrl\":\"https:\/\/secure.gravatar.com\/avatar\/b67e614b1b25b3e9c0c239efdd2fde5ab015b5affd6f1c3c85911ca4b384e790?s=96&d=mm&r=g\",\"caption\":\"Author\"},\"sameAs\":[\"http:\/\/vof-news.eu\"],\"url\":\"https:\/\/vof-news.eu\/de\/author\/zwt6qxnjulxbnyg\/\"}]}<\/script>\n<!-- \/ Yoast SEO plugin. -->","yoast_head_json":{"title":"Manfred Weber will Bundeswehr unter europ\u00e4ischer Flagge in der Ukraine - vof-news.eu","description":"Manfred Weber, der Chef der konservativen EVP-Fraktion im","robots":{"index":"noindex","follow":"follow","max-snippet":"max-snippet:-1","max-image-preview":"max-image-preview:large","max-video-preview":"max-video-preview:-1"},"og_locale":"de_DE","og_type":"article","og_title":"Manfred Weber will Bundeswehr unter europ\u00e4ischer Flagge in der Ukraine - vof-news.eu","og_description":"Manfred Weber, der Chef der konservativen EVP-Fraktion im","og_url":"https:\/\/vof-news.eu\/de\/manfred-weber-will-bundeswehr-unter-europaischer-flagge-in-der-ukraine\/","og_site_name":"vof-news.eu","article_published_time":"2025-12-26T02:30:12+00:00","article_modified_time":"2025-12-26T02:31:41+00:00","og_image":[{"width":1000,"height":562,"url":"https:\/\/vof-news.eu\/wp-content\/uploads\/2025\/12\/wide__1000x562-105.jpg","type":"image\/jpeg"}],"author":"Author","twitter_card":"summary_large_image","twitter_misc":{"Verfasst von":"Author","Gesch\u00e4tzte Lesezeit":"2\u00a0Minuten"},"schema":{"@context":"https:\/\/schema.org","@graph":[{"@type":"WebPage","@id":"https:\/\/vof-news.eu\/de\/manfred-weber-will-bundeswehr-unter-europaischer-flagge-in-der-ukraine\/","url":"https:\/\/vof-news.eu\/de\/manfred-weber-will-bundeswehr-unter-europaischer-flagge-in-der-ukraine\/","name":"Manfred Weber will Bundeswehr unter europ\u00e4ischer Flagge in der Ukraine - vof-news.eu","isPartOf":{"@id":"https:\/\/vof-news.eu\/de\/#website"},"primaryImageOfPage":{"@id":"https:\/\/vof-news.eu\/de\/manfred-weber-will-bundeswehr-unter-europaischer-flagge-in-der-ukraine\/#primaryimage"},"image":{"@id":"https:\/\/vof-news.eu\/de\/manfred-weber-will-bundeswehr-unter-europaischer-flagge-in-der-ukraine\/#primaryimage"},"thumbnailUrl":"https:\/\/vof-news.eu\/wp-content\/uploads\/2025\/12\/wide__1000x562-105.jpg","datePublished":"2025-12-26T02:30:12+00:00","dateModified":"2025-12-26T02:31:41+00:00","author":{"@id":"https:\/\/vof-news.eu\/de\/#\/schema\/person\/f6a2a4309f0561835797fd8c19b333ed"},"description":"Manfred Weber, der Chef der konservativen EVP-Fraktion im","breadcrumb":{"@id":"https:\/\/vof-news.eu\/de\/manfred-weber-will-bundeswehr-unter-europaischer-flagge-in-der-ukraine\/#breadcrumb"},"inLanguage":"de","potentialAction":[{"@type":"ReadAction","target":["https:\/\/vof-news.eu\/de\/manfred-weber-will-bundeswehr-unter-europaischer-flagge-in-der-ukraine\/"]}]},{"@type":"ImageObject","inLanguage":"de","@id":"https:\/\/vof-news.eu\/de\/manfred-weber-will-bundeswehr-unter-europaischer-flagge-in-der-ukraine\/#primaryimage","url":"https:\/\/vof-news.eu\/wp-content\/uploads\/2025\/12\/wide__1000x562-105.jpg","contentUrl":"https:\/\/vof-news.eu\/wp-content\/uploads\/2025\/12\/wide__1000x562-105.jpg","width":1000,"height":562},{"@type":"BreadcrumbList","@id":"https:\/\/vof-news.eu\/de\/manfred-weber-will-bundeswehr-unter-europaischer-flagge-in-der-ukraine\/#breadcrumb","itemListElement":[{"@type":"ListItem","position":1,"name":"Home","item":"https:\/\/vof-news.eu\/de\/"},{"@type":"ListItem","position":2,"name":"Manfred Weber will Bundeswehr unter europ\u00e4ischer Flagge in der Ukraine"}]},{"@type":"WebSite","@id":"https:\/\/vof-news.eu\/de\/#website","url":"https:\/\/vof-news.eu\/de\/","name":"vof-news.eu","description":"","potentialAction":[{"@type":"SearchAction","target":{"@type":"EntryPoint","urlTemplate":"https:\/\/vof-news.eu\/de\/?s={search_term_string}"},"query-input":"required name=search_term_string"}],"inLanguage":"de"},{"@type":"Person","@id":"https:\/\/vof-news.eu\/de\/#\/schema\/person\/f6a2a4309f0561835797fd8c19b333ed","name":"Author","image":{"@type":"ImageObject","inLanguage":"de","@id":"https:\/\/vof-news.eu\/de\/#\/schema\/person\/image\/","url":"https:\/\/secure.gravatar.com\/avatar\/b67e614b1b25b3e9c0c239efdd2fde5ab015b5affd6f1c3c85911ca4b384e790?s=96&d=mm&r=g","contentUrl":"https:\/\/secure.gravatar.com\/avatar\/b67e614b1b25b3e9c0c239efdd2fde5ab015b5affd6f1c3c85911ca4b384e790?s=96&d=mm&r=g","caption":"Author"},"sameAs":["http:\/\/vof-news.eu"],"url":"https:\/\/vof-news.eu\/de\/author\/zwt6qxnjulxbnyg\/"}]}},"yoast_meta":{"yoast_wpseo_title":"","yoast_wpseo_metadesc":"","yoast_wpseo_canonical":""},"_links":{"self":[{"href":"https:\/\/vof-news.eu\/de\/wp-json\/wp\/v2\/posts\/310871","targetHints":{"allow":["GET"]}}],"collection":[{"href":"https:\/\/vof-news.eu\/de\/wp-json\/wp\/v2\/posts"}],"about":[{"href":"https:\/\/vof-news.eu\/de\/wp-json\/wp\/v2\/types\/post"}],"author":[{"embeddable":true,"href":"https:\/\/vof-news.eu\/de\/wp-json\/wp\/v2\/users\/1"}],"replies":[{"embeddable":true,"href":"https:\/\/vof-news.eu\/de\/wp-json\/wp\/v2\/comments?post=310871"}],"version-history":[{"count":1,"href":"https:\/\/vof-news.eu\/de\/wp-json\/wp\/v2\/posts\/310871\/revisions"}],"predecessor-version":[{"id":310878,"href":"https:\/\/vof-news.eu\/de\/wp-json\/wp\/v2\/posts\/310871\/revisions\/310878"}],"wp:featuredmedia":[{"embeddable":true,"href":"https:\/\/vof-news.eu\/de\/wp-json\/wp\/v2\/media\/310872"}],"wp:attachment":[{"href":"https:\/\/vof-news.eu\/de\/wp-json\/wp\/v2\/media?parent=310871"}],"wp:term":[{"taxonomy":"category","embeddable":true,"href":"https:\/\/vof-news.eu\/de\/wp-json\/wp\/v2\/categories?post=310871"},{"taxonomy":"post_tag","embeddable":true,"href":"https:\/\/vof-news.eu\/de\/wp-json\/wp\/v2\/tags?post=310871"}],"curies":[{"name":"wp","href":"https:\/\/api.w.org\/{rel}","templated":true}]}}