{"id":310863,"date":"2025-12-26T05:28:08","date_gmt":"2025-12-26T02:28:08","guid":{"rendered":"https:\/\/vof-news.eu\/russischer-regimekritiker-udalzow-zu-sechs-jahren-haft-verurteilt\/"},"modified":"2025-12-26T05:29:34","modified_gmt":"2025-12-26T02:29:34","slug":"russischer-regimekritiker-udalzow-zu-sechs-jahren-haft-verurteilt","status":"publish","type":"post","link":"https:\/\/vof-news.eu\/de\/russischer-regimekritiker-udalzow-zu-sechs-jahren-haft-verurteilt\/","title":{"rendered":"Russischer Regimekritiker Udalzow zu sechs Jahren Haft verurteilt"},"content":{"rendered":"<div>\n<p>Ein Gericht in <span><a href=\"https:\/\/www.zeit.de\/thema\/moskau\" rel=\"nofollow\">Moskau<\/a><\/span> hat den linksgerichteten russischen Regimekritiker Sergej Udalzow zu sechs Jahren Haft verurteilt. Udalzow wird &#8222;Rechtfertigung von Terrorismus&#8220; zur Last<br \/>\ngelegt, berichteten \u00f6rtliche Medien am Donnerstag. Der 48-J\u00e4hrige<br \/>\nsoll seine Strafe demnach in einer Hochsicherheitsstrafkolonie verb\u00fc\u00dfen.\n<\/p>\n<p>Udalzow, der seit Januar 2024 in<br \/>\nUntersuchungshaft sitzt, will gegen das Urteil Berufung einlegen. Er<br \/>\nhabe zudem angek\u00fcndigt, in den Hungerstreik zu treten, berichtete die<br \/>\nNachrichtenagentur Interfax.\n<\/p>\n<p>Seit Beginn des Angriffskriegs in der Ukraine im<br \/>\nJahr 2022 geht Moskau vehement gegen Oppositionelle vor und schr\u00e4nkt<br \/>\ndie freie Meinungs\u00e4u\u00dferung ein. Menschen, die nicht der offiziellen<br \/>\nLinie folgen, werfen die Beh\u00f6rden h\u00e4ufig &#8222;Rechtfertigung von<br \/>\nTerrorismus&#8220; vor. Die genauen Vorw\u00fcrfe gegen Udalzow sind geheim,<br \/>\n aber er hatte bei einer fr\u00fcheren Gerichtsverhandlung gesagt, ihm werde<br \/>\n die Unterst\u00fctzung marxistischer Aktivisten im Internet vorgeworfen. Udalzow hatte \u00f6ffentlich gesagt, er unterst\u00fctze die russische Offensive in der Ukraine und erkl\u00e4rt, er lehne Putin<br \/>\naus patriotischen Gr\u00fcnden ab.\u00a0\n<\/p>\n<p>Udalzow war einer der Oppositionellen, die bei<br \/>\nMassenprotesten gegen die Wiederwahl von Pr\u00e4sident <span><a href=\"https:\/\/www.zeit.de\/thema\/wladimir-putin\" rel=\"nofollow\">Wladimir Putin<\/a><\/span> im<br \/>\nJahr 2012 das Wort ergriffen hatten. 2014 wurde er wegen der<br \/>\nOrganisation von &#8222;Massenaufst\u00e4nden&#8220; zu drei Jahren Haft verurteilt. <a href=\"https:\/\/www.zeit.de\/gesellschaft\/zeitgeschehen\/2017-08\/russland-sergej-udalzow-freilassung-aus-haft\" rel=\"nofollow\">Im August 2017 war er aus dem Straflager bei Tambow entlassen<\/a>\u00a0worden.\u00a0\n<\/p>\n<\/div>\n","protected":false},"excerpt":{"rendered":"<p>Ein Gericht in Moskau hat den linksgerichteten russischen Regimekritiker Sergej Udalzow zu sechs Jahren Haft verurteilt. Udalzow wird &#8222;Rechtfertigung von Terrorismus&#8220; zur Last gelegt, berichteten \u00f6rtliche Medien am Donnerstag. Der 48-J\u00e4hrige soll seine Strafe demnach in einer Hochsicherheitsstrafkolonie verb\u00fc\u00dfen. Udalzow, der seit Januar 2024 in Untersuchungshaft sitzt, will gegen das Urteil Berufung einlegen. Er habe<\/p>\n","protected":false},"author":1,"featured_media":310864,"comment_status":"open","ping_status":"open","sticky":false,"template":"","format":"standard","meta":{"footnotes":""},"categories":[116],"tags":[],"class_list":["post-310863","post","type-post","status-publish","format-standard","has-post-thumbnail","hentry","category-war-chronicles-de"],"acf":[],"yoast_head":"<!-- This site is optimized with the Yoast SEO plugin v22.9 - https:\/\/yoast.com\/wordpress\/plugins\/seo\/ -->\n<title>Russischer Regimekritiker Udalzow zu sechs Jahren Haft verurteilt - vof-news.eu<\/title>\n<meta name=\"description\" content=\"Ein Gericht in Moskau hat den linksgerichteten russischen Regimekritiker Sergej Udalzow zu sechs Jahren Haft verurteilt. Udalzow wird &quot;Rechtfertigung von Terrorismus&quot; zur Last\" \/>\n<meta name=\"robots\" content=\"noindex, follow, max-snippet:-1, max-image-preview:large, max-video-preview:-1\" \/>\n<meta property=\"og:locale\" content=\"de_DE\" \/>\n<meta property=\"og:type\" content=\"article\" \/>\n<meta property=\"og:title\" content=\"Russischer Regimekritiker Udalzow zu sechs Jahren Haft verurteilt - vof-news.eu\" \/>\n<meta property=\"og:description\" content=\"Ein Gericht in Moskau hat den linksgerichteten russischen Regimekritiker Sergej Udalzow zu sechs Jahren Haft verurteilt. Udalzow wird &quot;Rechtfertigung von Terrorismus&quot; zur Last\" \/>\n<meta property=\"og:url\" content=\"https:\/\/vof-news.eu\/de\/russischer-regimekritiker-udalzow-zu-sechs-jahren-haft-verurteilt\/\" \/>\n<meta property=\"og:site_name\" content=\"vof-news.eu\" \/>\n<meta property=\"article:published_time\" content=\"2025-12-26T02:28:08+00:00\" \/>\n<meta property=\"article:modified_time\" content=\"2025-12-26T02:29:34+00:00\" \/>\n<meta property=\"og:image\" content=\"https:\/\/vof-news.eu\/wp-content\/uploads\/2025\/12\/wide__1000x562-104.jpg\" \/>\n\t<meta property=\"og:image:width\" content=\"1000\" \/>\n\t<meta property=\"og:image:height\" content=\"562\" \/>\n\t<meta property=\"og:image:type\" content=\"image\/jpeg\" \/>\n<meta name=\"author\" content=\"Author\" \/>\n<meta name=\"twitter:card\" content=\"summary_large_image\" \/>\n<meta name=\"twitter:label1\" content=\"Verfasst von\" \/>\n\t<meta name=\"twitter:data1\" content=\"Author\" \/>\n\t<meta name=\"twitter:label2\" content=\"Gesch\u00e4tzte Lesezeit\" \/>\n\t<meta name=\"twitter:data2\" content=\"1\u00a0Minute\" \/>\n<script type=\"application\/ld+json\" class=\"yoast-schema-graph\">{\"@context\":\"https:\/\/schema.org\",\"@graph\":[{\"@type\":\"WebPage\",\"@id\":\"https:\/\/vof-news.eu\/de\/russischer-regimekritiker-udalzow-zu-sechs-jahren-haft-verurteilt\/\",\"url\":\"https:\/\/vof-news.eu\/de\/russischer-regimekritiker-udalzow-zu-sechs-jahren-haft-verurteilt\/\",\"name\":\"Russischer Regimekritiker Udalzow zu sechs Jahren Haft verurteilt - vof-news.eu\",\"isPartOf\":{\"@id\":\"https:\/\/vof-news.eu\/de\/#website\"},\"primaryImageOfPage\":{\"@id\":\"https:\/\/vof-news.eu\/de\/russischer-regimekritiker-udalzow-zu-sechs-jahren-haft-verurteilt\/#primaryimage\"},\"image\":{\"@id\":\"https:\/\/vof-news.eu\/de\/russischer-regimekritiker-udalzow-zu-sechs-jahren-haft-verurteilt\/#primaryimage\"},\"thumbnailUrl\":\"https:\/\/vof-news.eu\/wp-content\/uploads\/2025\/12\/wide__1000x562-104.jpg\",\"datePublished\":\"2025-12-26T02:28:08+00:00\",\"dateModified\":\"2025-12-26T02:29:34+00:00\",\"author\":{\"@id\":\"https:\/\/vof-news.eu\/de\/#\/schema\/person\/f6a2a4309f0561835797fd8c19b333ed\"},\"description\":\"Ein Gericht in Moskau hat den linksgerichteten russischen Regimekritiker Sergej Udalzow zu sechs Jahren Haft verurteilt. Udalzow wird \\\"Rechtfertigung von Terrorismus\\\" zur Last\",\"breadcrumb\":{\"@id\":\"https:\/\/vof-news.eu\/de\/russischer-regimekritiker-udalzow-zu-sechs-jahren-haft-verurteilt\/#breadcrumb\"},\"inLanguage\":\"de\",\"potentialAction\":[{\"@type\":\"ReadAction\",\"target\":[\"https:\/\/vof-news.eu\/de\/russischer-regimekritiker-udalzow-zu-sechs-jahren-haft-verurteilt\/\"]}]},{\"@type\":\"ImageObject\",\"inLanguage\":\"de\",\"@id\":\"https:\/\/vof-news.eu\/de\/russischer-regimekritiker-udalzow-zu-sechs-jahren-haft-verurteilt\/#primaryimage\",\"url\":\"https:\/\/vof-news.eu\/wp-content\/uploads\/2025\/12\/wide__1000x562-104.jpg\",\"contentUrl\":\"https:\/\/vof-news.eu\/wp-content\/uploads\/2025\/12\/wide__1000x562-104.jpg\",\"width\":1000,\"height\":562},{\"@type\":\"BreadcrumbList\",\"@id\":\"https:\/\/vof-news.eu\/de\/russischer-regimekritiker-udalzow-zu-sechs-jahren-haft-verurteilt\/#breadcrumb\",\"itemListElement\":[{\"@type\":\"ListItem\",\"position\":1,\"name\":\"Home\",\"item\":\"https:\/\/vof-news.eu\/de\/\"},{\"@type\":\"ListItem\",\"position\":2,\"name\":\"Russischer Regimekritiker Udalzow zu sechs Jahren Haft verurteilt\"}]},{\"@type\":\"WebSite\",\"@id\":\"https:\/\/vof-news.eu\/de\/#website\",\"url\":\"https:\/\/vof-news.eu\/de\/\",\"name\":\"vof-news.eu\",\"description\":\"\",\"potentialAction\":[{\"@type\":\"SearchAction\",\"target\":{\"@type\":\"EntryPoint\",\"urlTemplate\":\"https:\/\/vof-news.eu\/de\/?s={search_term_string}\"},\"query-input\":\"required name=search_term_string\"}],\"inLanguage\":\"de\"},{\"@type\":\"Person\",\"@id\":\"https:\/\/vof-news.eu\/de\/#\/schema\/person\/f6a2a4309f0561835797fd8c19b333ed\",\"name\":\"Author\",\"image\":{\"@type\":\"ImageObject\",\"inLanguage\":\"de\",\"@id\":\"https:\/\/vof-news.eu\/de\/#\/schema\/person\/image\/\",\"url\":\"https:\/\/secure.gravatar.com\/avatar\/b67e614b1b25b3e9c0c239efdd2fde5ab015b5affd6f1c3c85911ca4b384e790?s=96&d=mm&r=g\",\"contentUrl\":\"https:\/\/secure.gravatar.com\/avatar\/b67e614b1b25b3e9c0c239efdd2fde5ab015b5affd6f1c3c85911ca4b384e790?s=96&d=mm&r=g\",\"caption\":\"Author\"},\"sameAs\":[\"http:\/\/vof-news.eu\"],\"url\":\"https:\/\/vof-news.eu\/de\/author\/zwt6qxnjulxbnyg\/\"}]}<\/script>\n<!-- \/ Yoast SEO plugin. -->","yoast_head_json":{"title":"Russischer Regimekritiker Udalzow zu sechs Jahren Haft verurteilt - vof-news.eu","description":"Ein Gericht in Moskau hat den linksgerichteten russischen Regimekritiker Sergej Udalzow zu sechs Jahren Haft verurteilt. Udalzow wird \"Rechtfertigung von Terrorismus\" zur Last","robots":{"index":"noindex","follow":"follow","max-snippet":"max-snippet:-1","max-image-preview":"max-image-preview:large","max-video-preview":"max-video-preview:-1"},"og_locale":"de_DE","og_type":"article","og_title":"Russischer Regimekritiker Udalzow zu sechs Jahren Haft verurteilt - vof-news.eu","og_description":"Ein Gericht in Moskau hat den linksgerichteten russischen Regimekritiker Sergej Udalzow zu sechs Jahren Haft verurteilt. Udalzow wird \"Rechtfertigung von Terrorismus\" zur Last","og_url":"https:\/\/vof-news.eu\/de\/russischer-regimekritiker-udalzow-zu-sechs-jahren-haft-verurteilt\/","og_site_name":"vof-news.eu","article_published_time":"2025-12-26T02:28:08+00:00","article_modified_time":"2025-12-26T02:29:34+00:00","og_image":[{"width":1000,"height":562,"url":"https:\/\/vof-news.eu\/wp-content\/uploads\/2025\/12\/wide__1000x562-104.jpg","type":"image\/jpeg"}],"author":"Author","twitter_card":"summary_large_image","twitter_misc":{"Verfasst von":"Author","Gesch\u00e4tzte Lesezeit":"1\u00a0Minute"},"schema":{"@context":"https:\/\/schema.org","@graph":[{"@type":"WebPage","@id":"https:\/\/vof-news.eu\/de\/russischer-regimekritiker-udalzow-zu-sechs-jahren-haft-verurteilt\/","url":"https:\/\/vof-news.eu\/de\/russischer-regimekritiker-udalzow-zu-sechs-jahren-haft-verurteilt\/","name":"Russischer Regimekritiker Udalzow zu sechs Jahren Haft verurteilt - vof-news.eu","isPartOf":{"@id":"https:\/\/vof-news.eu\/de\/#website"},"primaryImageOfPage":{"@id":"https:\/\/vof-news.eu\/de\/russischer-regimekritiker-udalzow-zu-sechs-jahren-haft-verurteilt\/#primaryimage"},"image":{"@id":"https:\/\/vof-news.eu\/de\/russischer-regimekritiker-udalzow-zu-sechs-jahren-haft-verurteilt\/#primaryimage"},"thumbnailUrl":"https:\/\/vof-news.eu\/wp-content\/uploads\/2025\/12\/wide__1000x562-104.jpg","datePublished":"2025-12-26T02:28:08+00:00","dateModified":"2025-12-26T02:29:34+00:00","author":{"@id":"https:\/\/vof-news.eu\/de\/#\/schema\/person\/f6a2a4309f0561835797fd8c19b333ed"},"description":"Ein Gericht in Moskau hat den linksgerichteten russischen Regimekritiker Sergej Udalzow zu sechs Jahren Haft verurteilt. Udalzow wird \"Rechtfertigung von Terrorismus\" zur Last","breadcrumb":{"@id":"https:\/\/vof-news.eu\/de\/russischer-regimekritiker-udalzow-zu-sechs-jahren-haft-verurteilt\/#breadcrumb"},"inLanguage":"de","potentialAction":[{"@type":"ReadAction","target":["https:\/\/vof-news.eu\/de\/russischer-regimekritiker-udalzow-zu-sechs-jahren-haft-verurteilt\/"]}]},{"@type":"ImageObject","inLanguage":"de","@id":"https:\/\/vof-news.eu\/de\/russischer-regimekritiker-udalzow-zu-sechs-jahren-haft-verurteilt\/#primaryimage","url":"https:\/\/vof-news.eu\/wp-content\/uploads\/2025\/12\/wide__1000x562-104.jpg","contentUrl":"https:\/\/vof-news.eu\/wp-content\/uploads\/2025\/12\/wide__1000x562-104.jpg","width":1000,"height":562},{"@type":"BreadcrumbList","@id":"https:\/\/vof-news.eu\/de\/russischer-regimekritiker-udalzow-zu-sechs-jahren-haft-verurteilt\/#breadcrumb","itemListElement":[{"@type":"ListItem","position":1,"name":"Home","item":"https:\/\/vof-news.eu\/de\/"},{"@type":"ListItem","position":2,"name":"Russischer Regimekritiker Udalzow zu sechs Jahren Haft verurteilt"}]},{"@type":"WebSite","@id":"https:\/\/vof-news.eu\/de\/#website","url":"https:\/\/vof-news.eu\/de\/","name":"vof-news.eu","description":"","potentialAction":[{"@type":"SearchAction","target":{"@type":"EntryPoint","urlTemplate":"https:\/\/vof-news.eu\/de\/?s={search_term_string}"},"query-input":"required name=search_term_string"}],"inLanguage":"de"},{"@type":"Person","@id":"https:\/\/vof-news.eu\/de\/#\/schema\/person\/f6a2a4309f0561835797fd8c19b333ed","name":"Author","image":{"@type":"ImageObject","inLanguage":"de","@id":"https:\/\/vof-news.eu\/de\/#\/schema\/person\/image\/","url":"https:\/\/secure.gravatar.com\/avatar\/b67e614b1b25b3e9c0c239efdd2fde5ab015b5affd6f1c3c85911ca4b384e790?s=96&d=mm&r=g","contentUrl":"https:\/\/secure.gravatar.com\/avatar\/b67e614b1b25b3e9c0c239efdd2fde5ab015b5affd6f1c3c85911ca4b384e790?s=96&d=mm&r=g","caption":"Author"},"sameAs":["http:\/\/vof-news.eu"],"url":"https:\/\/vof-news.eu\/de\/author\/zwt6qxnjulxbnyg\/"}]}},"yoast_meta":{"yoast_wpseo_title":"","yoast_wpseo_metadesc":"","yoast_wpseo_canonical":""},"_links":{"self":[{"href":"https:\/\/vof-news.eu\/de\/wp-json\/wp\/v2\/posts\/310863","targetHints":{"allow":["GET"]}}],"collection":[{"href":"https:\/\/vof-news.eu\/de\/wp-json\/wp\/v2\/posts"}],"about":[{"href":"https:\/\/vof-news.eu\/de\/wp-json\/wp\/v2\/types\/post"}],"author":[{"embeddable":true,"href":"https:\/\/vof-news.eu\/de\/wp-json\/wp\/v2\/users\/1"}],"replies":[{"embeddable":true,"href":"https:\/\/vof-news.eu\/de\/wp-json\/wp\/v2\/comments?post=310863"}],"version-history":[{"count":1,"href":"https:\/\/vof-news.eu\/de\/wp-json\/wp\/v2\/posts\/310863\/revisions"}],"predecessor-version":[{"id":310870,"href":"https:\/\/vof-news.eu\/de\/wp-json\/wp\/v2\/posts\/310863\/revisions\/310870"}],"wp:featuredmedia":[{"embeddable":true,"href":"https:\/\/vof-news.eu\/de\/wp-json\/wp\/v2\/media\/310864"}],"wp:attachment":[{"href":"https:\/\/vof-news.eu\/de\/wp-json\/wp\/v2\/media?parent=310863"}],"wp:term":[{"taxonomy":"category","embeddable":true,"href":"https:\/\/vof-news.eu\/de\/wp-json\/wp\/v2\/categories?post=310863"},{"taxonomy":"post_tag","embeddable":true,"href":"https:\/\/vof-news.eu\/de\/wp-json\/wp\/v2\/tags?post=310863"}],"curies":[{"name":"wp","href":"https:\/\/api.w.org\/{rel}","templated":true}]}}