{"id":310790,"date":"2025-12-25T17:28:40","date_gmt":"2025-12-25T14:28:40","guid":{"rendered":"https:\/\/vof-news.eu\/tote-und-verletzte-an-weihnachten-in-der-ukraine\/"},"modified":"2025-12-25T17:30:21","modified_gmt":"2025-12-25T14:30:21","slug":"tote-und-verletzte-an-weihnachten-in-der-ukraine","status":"publish","type":"post","link":"https:\/\/vof-news.eu\/de\/tote-und-verletzte-an-weihnachten-in-der-ukraine\/","title":{"rendered":"Tote und Verletzte an Weihnachten in der Ukraine"},"content":{"rendered":"<div>\n<p>Durch russische Drohnenangriffe auf die <span><a href=\"https:\/\/www.zeit.de\/thema\/krieg-in-ukraine\" rel=\"nofollow\">Ukraine<\/a><\/span> sind auch an Weihnachten mehrere Menschen get\u00f6tet und verletzt worden. Die ukrainischen Beh\u00f6rden meldeten einen Toten und zwei Verletzte in der Region Odessa am Schwarzen Meer sowie einen Toten und 15 Verletzte bei Charkiw. Auch im Gebiet Tschernihiw seien zwei Menschen durch einen Drohnenangriff gestorben.\u00a0Einen Vorsto\u00df von Bundeskanzler Friedrich Merz, den Beschuss \u00fcber Weihnachten einzustellen, hatte Russland zuvor abgelehnt.\u00a0\n<\/p>\n<p>Insgesamt habe <span><a href=\"https:\/\/www.zeit.de\/thema\/russland\" rel=\"nofollow\">Russland<\/a><\/span> in der Nacht mit rund 131 Drohnen angegriffen, von denen 106 abgefangen werden konnten. Infolge der Angriffe kam es dem Energieministerium zufolge zu zahlreichen Notabschaltungen und Stromausf\u00e4llen.\u00a0\n<\/p>\n<h2>Ukrainische Angriffe auf Energiestruktur<\/h2>\n<p>Insgesamt habe Russland in der Nacht mit rund 131 <span><a href=\"https:\/\/www.zeit.de\/thema\/drohne\" rel=\"nofollow\">Drohnen<\/a><\/span> angegriffen, von denen 106 abgefangen werden konnten. Vor allem die Ausf\u00e4lle von Strom und Heizung seien in der kalten Jahreszeit f\u00fcr viele Menschen besonders bedrohlich. Die ukrainische F\u00fchrung wirft Russland vor, gezielt zivile Infrastruktur anzugreifen.\u00a0\n<\/p>\n<p>Die seit bald vier Jahren von Russland angegriffene Ukraine f\u00fchrte ihrerseits Drohnenangriffe in Russland durch. Dabei konzentrierte sie sich auf den\u00a0Energiesektor. So wurden in der Hafenstadt Temrjuk in der Region Krasnodar zwei \u00d6ltanks durch ukrainische Drohnen in Brand gesteckt. Das Feuer habe sich auf bis zu 2.000 Quadratmeter ausgeweitet, die L\u00f6scharbeiten dauerten an, teilten die Beh\u00f6rden der Region mit.\u00a0Berichte \u00fcber Tote oder Verletzte gab es zun\u00e4chst nicht.\u00a0\n<\/p>\n<p>Dar\u00fcber hinaus griff die Ukraine eine Gasverarbeitungsanlage in \u2060der Region Orenburg an, wie der ukrainische Inlandsgeheimdienst mitteilte. Ein Vertreter des SBU sagte der Nachrichtenagentur Reuters, man werde sich weiter &#8222;systematisch&#8220; auf den \u00d6l- und Gassektor konzentrieren. Damit wolle man den russischen Haushalt st\u00f6ren und die Logistik und Treibstoffversorgung der Armee erschweren. Am Nachmittag meldete der ukrainische Generalstab einen weiteren Angriff auf die \u00d6lraffinerie Nowoschachtinsk in der russischen Region Rostow.\u00a0Die Raffinerie gilt als einer der gr\u00f6\u00dften Lieferanten von \u00d6lprodukten in S\u00fcdrussland und soll nach Darstellung der ukrainischen Regierung an der Versorgung der russischen Streitkr\u00e4fte beteiligt sein.\n<\/p>\n<h2>Russland lehnte Waffenruhe \u00fcber Weihnachten ab<\/h2>\n<p>Russland warf der Ukraine vor, einen humanit\u00e4ren Hilfskonvoi in der russischen Teilrepublik Dagestan angegriffen zu haben. Dabei seien drei Menschen get\u00f6tet worden, teilte Russlands Republikchef Sergei Melikow bei Telegram mit. Eine weitere Person sei verletzt worden. Der Konvoi sei in der russischen Grenzregion zur Ukraine unterwegs gewesen, um Bed\u00fcrftigen mit zwei Lastwagen humanit\u00e4re Hilfsg\u00fcter zu bringen. Die Angaben lassen sich nicht unabh\u00e4ngig \u00fcberpr\u00fcfen.\n<\/p>\n<p>Sowohl in Russland als auch der Ukraine feiern viele Christen nach orthodoxem Brauch erst am 7. Januar. Vor den Feiertagen hatte es dennoch <a href=\"https:\/\/www.zeit.de\/politik\/ausland\/2025-12\/papst-leo-waffenruhe-weihnachten-bitte-gxe\" rel=\"nofollow\">Bem\u00fchungen gegeben<\/a>, eine Waffenruhe um den 24. Dezember herum zu erreichen. Diese <a href=\"https:\/\/www.zeit.de\/news\/2025-12\/16\/europaeer-bieten-schutztruppe-fuer-ukraine-an\" rel=\"nofollow\">hatte Russland abgelehnt<\/a>.\n<\/p>\n<\/p>\n<\/div>\n","protected":false},"excerpt":{"rendered":"<p>Durch russische Drohnenangriffe auf die Ukraine sind auch an Weihnachten mehrere Menschen get\u00f6tet und verletzt worden. Die ukrainischen Beh\u00f6rden meldeten einen Toten und zwei Verletzte in der Region Odessa am Schwarzen Meer sowie einen Toten und 15 Verletzte bei Charkiw. Auch im Gebiet Tschernihiw seien zwei Menschen durch einen Drohnenangriff gestorben.\u00a0Einen Vorsto\u00df von Bundeskanzler Friedrich<\/p>\n","protected":false},"author":1,"featured_media":310791,"comment_status":"open","ping_status":"open","sticky":false,"template":"","format":"standard","meta":{"footnotes":""},"categories":[116],"tags":[],"class_list":["post-310790","post","type-post","status-publish","format-standard","has-post-thumbnail","hentry","category-war-chronicles-de"],"acf":[],"yoast_head":"<!-- This site is optimized with the Yoast SEO plugin v22.9 - https:\/\/yoast.com\/wordpress\/plugins\/seo\/ -->\n<title>Tote und Verletzte an Weihnachten in der Ukraine - vof-news.eu<\/title>\n<meta name=\"description\" content=\"Durch russische Drohnenangriffe auf die Ukraine sind auch an Weihnachten mehrere Menschen get\u00f6tet und verletzt worden. Die ukrainischen Beh\u00f6rden meldeten einen Toten und zwei Verletzte in der Region Odessa am Schwarzen Meer sowie einen Toten und 15 Verletzte bei Charkiw. Auch im Gebiet Tschernihiw seien zwei Menschen durch einen Drohnenangriff gestorben.\u00a0Einen Vorsto\u00df von Bundeskanzler Friedrich Merz, den Beschuss \u00fcber Weihnachten einzustellen, hatte Russland zuvor abgelehnt.\u00a0\" \/>\n<meta name=\"robots\" content=\"noindex, follow, max-snippet:-1, max-image-preview:large, max-video-preview:-1\" \/>\n<meta property=\"og:locale\" content=\"de_DE\" \/>\n<meta property=\"og:type\" content=\"article\" \/>\n<meta property=\"og:title\" content=\"Tote und Verletzte an Weihnachten in der Ukraine - vof-news.eu\" \/>\n<meta property=\"og:description\" content=\"Durch russische Drohnenangriffe auf die Ukraine sind auch an Weihnachten mehrere Menschen get\u00f6tet und verletzt worden. Die ukrainischen Beh\u00f6rden meldeten einen Toten und zwei Verletzte in der Region Odessa am Schwarzen Meer sowie einen Toten und 15 Verletzte bei Charkiw. Auch im Gebiet Tschernihiw seien zwei Menschen durch einen Drohnenangriff gestorben.\u00a0Einen Vorsto\u00df von Bundeskanzler Friedrich Merz, den Beschuss \u00fcber Weihnachten einzustellen, hatte Russland zuvor abgelehnt.\u00a0\" \/>\n<meta property=\"og:url\" content=\"https:\/\/vof-news.eu\/de\/tote-und-verletzte-an-weihnachten-in-der-ukraine\/\" \/>\n<meta property=\"og:site_name\" content=\"vof-news.eu\" \/>\n<meta property=\"article:published_time\" content=\"2025-12-25T14:28:40+00:00\" \/>\n<meta property=\"article:modified_time\" content=\"2025-12-25T14:30:21+00:00\" \/>\n<meta property=\"og:image\" content=\"https:\/\/vof-news.eu\/wp-content\/uploads\/2025\/12\/wide__1000x562-103.jpg\" \/>\n\t<meta property=\"og:image:width\" content=\"1000\" \/>\n\t<meta property=\"og:image:height\" content=\"562\" \/>\n\t<meta property=\"og:image:type\" content=\"image\/jpeg\" \/>\n<meta name=\"author\" content=\"Author\" \/>\n<meta name=\"twitter:card\" content=\"summary_large_image\" \/>\n<meta name=\"twitter:label1\" content=\"Verfasst von\" \/>\n\t<meta name=\"twitter:data1\" content=\"Author\" \/>\n\t<meta name=\"twitter:label2\" content=\"Gesch\u00e4tzte Lesezeit\" \/>\n\t<meta name=\"twitter:data2\" content=\"2\u00a0Minuten\" \/>\n<script type=\"application\/ld+json\" class=\"yoast-schema-graph\">{\"@context\":\"https:\/\/schema.org\",\"@graph\":[{\"@type\":\"WebPage\",\"@id\":\"https:\/\/vof-news.eu\/de\/tote-und-verletzte-an-weihnachten-in-der-ukraine\/\",\"url\":\"https:\/\/vof-news.eu\/de\/tote-und-verletzte-an-weihnachten-in-der-ukraine\/\",\"name\":\"Tote und Verletzte an Weihnachten in der Ukraine - vof-news.eu\",\"isPartOf\":{\"@id\":\"https:\/\/vof-news.eu\/de\/#website\"},\"primaryImageOfPage\":{\"@id\":\"https:\/\/vof-news.eu\/de\/tote-und-verletzte-an-weihnachten-in-der-ukraine\/#primaryimage\"},\"image\":{\"@id\":\"https:\/\/vof-news.eu\/de\/tote-und-verletzte-an-weihnachten-in-der-ukraine\/#primaryimage\"},\"thumbnailUrl\":\"https:\/\/vof-news.eu\/wp-content\/uploads\/2025\/12\/wide__1000x562-103.jpg\",\"datePublished\":\"2025-12-25T14:28:40+00:00\",\"dateModified\":\"2025-12-25T14:30:21+00:00\",\"author\":{\"@id\":\"https:\/\/vof-news.eu\/de\/#\/schema\/person\/f6a2a4309f0561835797fd8c19b333ed\"},\"description\":\"Durch russische Drohnenangriffe auf die Ukraine sind auch an Weihnachten mehrere Menschen get\u00f6tet und verletzt worden. Die ukrainischen Beh\u00f6rden meldeten einen Toten und zwei Verletzte in der Region Odessa am Schwarzen Meer sowie einen Toten und 15 Verletzte bei Charkiw. Auch im Gebiet Tschernihiw seien zwei Menschen durch einen Drohnenangriff gestorben.\u00a0Einen Vorsto\u00df von Bundeskanzler Friedrich Merz, den Beschuss \u00fcber Weihnachten einzustellen, hatte Russland zuvor abgelehnt.\u00a0\",\"breadcrumb\":{\"@id\":\"https:\/\/vof-news.eu\/de\/tote-und-verletzte-an-weihnachten-in-der-ukraine\/#breadcrumb\"},\"inLanguage\":\"de\",\"potentialAction\":[{\"@type\":\"ReadAction\",\"target\":[\"https:\/\/vof-news.eu\/de\/tote-und-verletzte-an-weihnachten-in-der-ukraine\/\"]}]},{\"@type\":\"ImageObject\",\"inLanguage\":\"de\",\"@id\":\"https:\/\/vof-news.eu\/de\/tote-und-verletzte-an-weihnachten-in-der-ukraine\/#primaryimage\",\"url\":\"https:\/\/vof-news.eu\/wp-content\/uploads\/2025\/12\/wide__1000x562-103.jpg\",\"contentUrl\":\"https:\/\/vof-news.eu\/wp-content\/uploads\/2025\/12\/wide__1000x562-103.jpg\",\"width\":1000,\"height\":562},{\"@type\":\"BreadcrumbList\",\"@id\":\"https:\/\/vof-news.eu\/de\/tote-und-verletzte-an-weihnachten-in-der-ukraine\/#breadcrumb\",\"itemListElement\":[{\"@type\":\"ListItem\",\"position\":1,\"name\":\"Home\",\"item\":\"https:\/\/vof-news.eu\/de\/\"},{\"@type\":\"ListItem\",\"position\":2,\"name\":\"Tote und Verletzte an Weihnachten in der Ukraine\"}]},{\"@type\":\"WebSite\",\"@id\":\"https:\/\/vof-news.eu\/de\/#website\",\"url\":\"https:\/\/vof-news.eu\/de\/\",\"name\":\"vof-news.eu\",\"description\":\"\",\"potentialAction\":[{\"@type\":\"SearchAction\",\"target\":{\"@type\":\"EntryPoint\",\"urlTemplate\":\"https:\/\/vof-news.eu\/de\/?s={search_term_string}\"},\"query-input\":\"required name=search_term_string\"}],\"inLanguage\":\"de\"},{\"@type\":\"Person\",\"@id\":\"https:\/\/vof-news.eu\/de\/#\/schema\/person\/f6a2a4309f0561835797fd8c19b333ed\",\"name\":\"Author\",\"image\":{\"@type\":\"ImageObject\",\"inLanguage\":\"de\",\"@id\":\"https:\/\/vof-news.eu\/de\/#\/schema\/person\/image\/\",\"url\":\"https:\/\/secure.gravatar.com\/avatar\/b67e614b1b25b3e9c0c239efdd2fde5ab015b5affd6f1c3c85911ca4b384e790?s=96&d=mm&r=g\",\"contentUrl\":\"https:\/\/secure.gravatar.com\/avatar\/b67e614b1b25b3e9c0c239efdd2fde5ab015b5affd6f1c3c85911ca4b384e790?s=96&d=mm&r=g\",\"caption\":\"Author\"},\"sameAs\":[\"http:\/\/vof-news.eu\"],\"url\":\"https:\/\/vof-news.eu\/de\/author\/zwt6qxnjulxbnyg\/\"}]}<\/script>\n<!-- \/ Yoast SEO plugin. -->","yoast_head_json":{"title":"Tote und Verletzte an Weihnachten in der Ukraine - vof-news.eu","description":"Durch russische Drohnenangriffe auf die Ukraine sind auch an Weihnachten mehrere Menschen get\u00f6tet und verletzt worden. Die ukrainischen Beh\u00f6rden meldeten einen Toten und zwei Verletzte in der Region Odessa am Schwarzen Meer sowie einen Toten und 15 Verletzte bei Charkiw. Auch im Gebiet Tschernihiw seien zwei Menschen durch einen Drohnenangriff gestorben.\u00a0Einen Vorsto\u00df von Bundeskanzler Friedrich Merz, den Beschuss \u00fcber Weihnachten einzustellen, hatte Russland zuvor abgelehnt.\u00a0","robots":{"index":"noindex","follow":"follow","max-snippet":"max-snippet:-1","max-image-preview":"max-image-preview:large","max-video-preview":"max-video-preview:-1"},"og_locale":"de_DE","og_type":"article","og_title":"Tote und Verletzte an Weihnachten in der Ukraine - vof-news.eu","og_description":"Durch russische Drohnenangriffe auf die Ukraine sind auch an Weihnachten mehrere Menschen get\u00f6tet und verletzt worden. Die ukrainischen Beh\u00f6rden meldeten einen Toten und zwei Verletzte in der Region Odessa am Schwarzen Meer sowie einen Toten und 15 Verletzte bei Charkiw. Auch im Gebiet Tschernihiw seien zwei Menschen durch einen Drohnenangriff gestorben.\u00a0Einen Vorsto\u00df von Bundeskanzler Friedrich Merz, den Beschuss \u00fcber Weihnachten einzustellen, hatte Russland zuvor abgelehnt.\u00a0","og_url":"https:\/\/vof-news.eu\/de\/tote-und-verletzte-an-weihnachten-in-der-ukraine\/","og_site_name":"vof-news.eu","article_published_time":"2025-12-25T14:28:40+00:00","article_modified_time":"2025-12-25T14:30:21+00:00","og_image":[{"width":1000,"height":562,"url":"https:\/\/vof-news.eu\/wp-content\/uploads\/2025\/12\/wide__1000x562-103.jpg","type":"image\/jpeg"}],"author":"Author","twitter_card":"summary_large_image","twitter_misc":{"Verfasst von":"Author","Gesch\u00e4tzte Lesezeit":"2\u00a0Minuten"},"schema":{"@context":"https:\/\/schema.org","@graph":[{"@type":"WebPage","@id":"https:\/\/vof-news.eu\/de\/tote-und-verletzte-an-weihnachten-in-der-ukraine\/","url":"https:\/\/vof-news.eu\/de\/tote-und-verletzte-an-weihnachten-in-der-ukraine\/","name":"Tote und Verletzte an Weihnachten in der Ukraine - vof-news.eu","isPartOf":{"@id":"https:\/\/vof-news.eu\/de\/#website"},"primaryImageOfPage":{"@id":"https:\/\/vof-news.eu\/de\/tote-und-verletzte-an-weihnachten-in-der-ukraine\/#primaryimage"},"image":{"@id":"https:\/\/vof-news.eu\/de\/tote-und-verletzte-an-weihnachten-in-der-ukraine\/#primaryimage"},"thumbnailUrl":"https:\/\/vof-news.eu\/wp-content\/uploads\/2025\/12\/wide__1000x562-103.jpg","datePublished":"2025-12-25T14:28:40+00:00","dateModified":"2025-12-25T14:30:21+00:00","author":{"@id":"https:\/\/vof-news.eu\/de\/#\/schema\/person\/f6a2a4309f0561835797fd8c19b333ed"},"description":"Durch russische Drohnenangriffe auf die Ukraine sind auch an Weihnachten mehrere Menschen get\u00f6tet und verletzt worden. Die ukrainischen Beh\u00f6rden meldeten einen Toten und zwei Verletzte in der Region Odessa am Schwarzen Meer sowie einen Toten und 15 Verletzte bei Charkiw. Auch im Gebiet Tschernihiw seien zwei Menschen durch einen Drohnenangriff gestorben.\u00a0Einen Vorsto\u00df von Bundeskanzler Friedrich Merz, den Beschuss \u00fcber Weihnachten einzustellen, hatte Russland zuvor abgelehnt.\u00a0","breadcrumb":{"@id":"https:\/\/vof-news.eu\/de\/tote-und-verletzte-an-weihnachten-in-der-ukraine\/#breadcrumb"},"inLanguage":"de","potentialAction":[{"@type":"ReadAction","target":["https:\/\/vof-news.eu\/de\/tote-und-verletzte-an-weihnachten-in-der-ukraine\/"]}]},{"@type":"ImageObject","inLanguage":"de","@id":"https:\/\/vof-news.eu\/de\/tote-und-verletzte-an-weihnachten-in-der-ukraine\/#primaryimage","url":"https:\/\/vof-news.eu\/wp-content\/uploads\/2025\/12\/wide__1000x562-103.jpg","contentUrl":"https:\/\/vof-news.eu\/wp-content\/uploads\/2025\/12\/wide__1000x562-103.jpg","width":1000,"height":562},{"@type":"BreadcrumbList","@id":"https:\/\/vof-news.eu\/de\/tote-und-verletzte-an-weihnachten-in-der-ukraine\/#breadcrumb","itemListElement":[{"@type":"ListItem","position":1,"name":"Home","item":"https:\/\/vof-news.eu\/de\/"},{"@type":"ListItem","position":2,"name":"Tote und Verletzte an Weihnachten in der Ukraine"}]},{"@type":"WebSite","@id":"https:\/\/vof-news.eu\/de\/#website","url":"https:\/\/vof-news.eu\/de\/","name":"vof-news.eu","description":"","potentialAction":[{"@type":"SearchAction","target":{"@type":"EntryPoint","urlTemplate":"https:\/\/vof-news.eu\/de\/?s={search_term_string}"},"query-input":"required name=search_term_string"}],"inLanguage":"de"},{"@type":"Person","@id":"https:\/\/vof-news.eu\/de\/#\/schema\/person\/f6a2a4309f0561835797fd8c19b333ed","name":"Author","image":{"@type":"ImageObject","inLanguage":"de","@id":"https:\/\/vof-news.eu\/de\/#\/schema\/person\/image\/","url":"https:\/\/secure.gravatar.com\/avatar\/b67e614b1b25b3e9c0c239efdd2fde5ab015b5affd6f1c3c85911ca4b384e790?s=96&d=mm&r=g","contentUrl":"https:\/\/secure.gravatar.com\/avatar\/b67e614b1b25b3e9c0c239efdd2fde5ab015b5affd6f1c3c85911ca4b384e790?s=96&d=mm&r=g","caption":"Author"},"sameAs":["http:\/\/vof-news.eu"],"url":"https:\/\/vof-news.eu\/de\/author\/zwt6qxnjulxbnyg\/"}]}},"yoast_meta":{"yoast_wpseo_title":"","yoast_wpseo_metadesc":"","yoast_wpseo_canonical":""},"_links":{"self":[{"href":"https:\/\/vof-news.eu\/de\/wp-json\/wp\/v2\/posts\/310790","targetHints":{"allow":["GET"]}}],"collection":[{"href":"https:\/\/vof-news.eu\/de\/wp-json\/wp\/v2\/posts"}],"about":[{"href":"https:\/\/vof-news.eu\/de\/wp-json\/wp\/v2\/types\/post"}],"author":[{"embeddable":true,"href":"https:\/\/vof-news.eu\/de\/wp-json\/wp\/v2\/users\/1"}],"replies":[{"embeddable":true,"href":"https:\/\/vof-news.eu\/de\/wp-json\/wp\/v2\/comments?post=310790"}],"version-history":[{"count":1,"href":"https:\/\/vof-news.eu\/de\/wp-json\/wp\/v2\/posts\/310790\/revisions"}],"predecessor-version":[{"id":310797,"href":"https:\/\/vof-news.eu\/de\/wp-json\/wp\/v2\/posts\/310790\/revisions\/310797"}],"wp:featuredmedia":[{"embeddable":true,"href":"https:\/\/vof-news.eu\/de\/wp-json\/wp\/v2\/media\/310791"}],"wp:attachment":[{"href":"https:\/\/vof-news.eu\/de\/wp-json\/wp\/v2\/media?parent=310790"}],"wp:term":[{"taxonomy":"category","embeddable":true,"href":"https:\/\/vof-news.eu\/de\/wp-json\/wp\/v2\/categories?post=310790"},{"taxonomy":"post_tag","embeddable":true,"href":"https:\/\/vof-news.eu\/de\/wp-json\/wp\/v2\/tags?post=310790"}],"curies":[{"name":"wp","href":"https:\/\/api.w.org\/{rel}","templated":true}]}}