{"id":310650,"date":"2025-12-24T15:28:14","date_gmt":"2025-12-24T12:28:14","guid":{"rendered":"https:\/\/vof-news.eu\/wolodymyr-selenskyj-stellt-entwurf-des-20-punkte-friedensplans-vor\/"},"modified":"2025-12-24T15:29:15","modified_gmt":"2025-12-24T12:29:15","slug":"wolodymyr-selenskyj-stellt-entwurf-des-20-punkte-friedensplans-vor","status":"publish","type":"post","link":"https:\/\/vof-news.eu\/de\/wolodymyr-selenskyj-stellt-entwurf-des-20-punkte-friedensplans-vor\/","title":{"rendered":"Wolodymyr Selenskyj stellt Entwurf des 20-Punkte-Friedensplans vor"},"content":{"rendered":"<div>\n<p>Der ukrainische Pr\u00e4sident Wolodymyr Selenskyj hat erstmals \u00f6ffentlich die 20 Punkte eines von den USA angesto\u00dfenen Friedensplans vorgestellt. Demnach haben sich die <span><a href=\"https:\/\/www.zeit.de\/politik\/ausland\/ukraine-krieg-news-liveblog\" rel=\"nofollow\">Ukraine<\/a><\/span> und die USA in mehreren zentralen Fragen auf Schritte zur Beendigung des russischen Angriffskriegs verst\u00e4ndigt.\n<\/p>\n<p>Der Entwurf sieht unter anderem Sicherheitsgarantien f\u00fcr die Ukraine nach dem Vorbild von Artikel 5 der Nato \u2013 der Beistandsklausel \u2013 sowie eine St\u00e4rke der ukrainischen Armee von rund 800.000 Soldaten vor. Dies teilte <span><a href=\"https:\/\/www.zeit.de\/thema\/wolodymyr-selenskyj\" rel=\"nofollow\">Selenskyj<\/a><\/span> ukrainischen Medien zufolge vor Journalisten in Kyjiw mit.\u00a0Der Pr\u00e4sident selbst sprach von einem Entwurf f\u00fcr ein Rahmendokument.\u00a0\n<\/p>\n<p>Weiterhin ungekl\u00e4rt bleibt jedoch die Frage m\u00f6glicher Gebietsabtretungen, die Russland als Voraussetzung f\u00fcr einen Waffenstillstand fordert. Dies betrifft insbesondere Teile der Region Donezk, die noch unter ukrainischer Kontrolle stehen. Auch die Zukunft des derzeit von Russland besetzten Atomkraftwerks Saporischschja m\u00fcsse noch gekl\u00e4rt werden, teilte Selenskyj weiter mit.\n<\/p>\n<\/p>\n<\/div>\n","protected":false},"excerpt":{"rendered":"<p>Der ukrainische Pr\u00e4sident Wolodymyr Selenskyj hat erstmals \u00f6ffentlich die 20 Punkte eines von den USA angesto\u00dfenen Friedensplans vorgestellt. Demnach haben sich die Ukraine und die USA in mehreren zentralen Fragen auf Schritte zur Beendigung des russischen Angriffskriegs verst\u00e4ndigt. Der Entwurf sieht unter anderem Sicherheitsgarantien f\u00fcr die Ukraine nach dem Vorbild von Artikel 5 der Nato<\/p>\n","protected":false},"author":1,"featured_media":310651,"comment_status":"open","ping_status":"open","sticky":false,"template":"","format":"standard","meta":{"footnotes":""},"categories":[116],"tags":[],"class_list":["post-310650","post","type-post","status-publish","format-standard","has-post-thumbnail","hentry","category-war-chronicles-de"],"acf":[],"yoast_head":"<!-- This site is optimized with the Yoast SEO plugin v22.9 - https:\/\/yoast.com\/wordpress\/plugins\/seo\/ -->\n<title>Wolodymyr Selenskyj stellt Entwurf des 20-Punkte-Friedensplans vor - vof-news.eu<\/title>\n<meta name=\"description\" content=\"Der ukrainische Pr\u00e4sident Wolodymyr Selenskyj hat erstmals \u00f6ffentlich die 20 Punkte eines von den USA angesto\u00dfenen Friedensplans vorgestellt. Demnach haben sich die Ukraine und die USA in mehreren zentralen Fragen auf Schritte zur Beendigung des russischen Angriffskriegs verst\u00e4ndigt.\" \/>\n<meta name=\"robots\" content=\"noindex, follow, max-snippet:-1, max-image-preview:large, max-video-preview:-1\" \/>\n<meta property=\"og:locale\" content=\"de_DE\" \/>\n<meta property=\"og:type\" content=\"article\" \/>\n<meta property=\"og:title\" content=\"Wolodymyr Selenskyj stellt Entwurf des 20-Punkte-Friedensplans vor - vof-news.eu\" \/>\n<meta property=\"og:description\" content=\"Der ukrainische Pr\u00e4sident Wolodymyr Selenskyj hat erstmals \u00f6ffentlich die 20 Punkte eines von den USA angesto\u00dfenen Friedensplans vorgestellt. Demnach haben sich die Ukraine und die USA in mehreren zentralen Fragen auf Schritte zur Beendigung des russischen Angriffskriegs verst\u00e4ndigt.\" \/>\n<meta property=\"og:url\" content=\"https:\/\/vof-news.eu\/de\/wolodymyr-selenskyj-stellt-entwurf-des-20-punkte-friedensplans-vor\/\" \/>\n<meta property=\"og:site_name\" content=\"vof-news.eu\" \/>\n<meta property=\"article:published_time\" content=\"2025-12-24T12:28:14+00:00\" \/>\n<meta property=\"article:modified_time\" content=\"2025-12-24T12:29:15+00:00\" \/>\n<meta property=\"og:image\" content=\"https:\/\/vof-news.eu\/wp-content\/uploads\/2025\/12\/wide__1000x562-101.jpg\" \/>\n\t<meta property=\"og:image:width\" content=\"1000\" \/>\n\t<meta property=\"og:image:height\" content=\"562\" \/>\n\t<meta property=\"og:image:type\" content=\"image\/jpeg\" \/>\n<meta name=\"author\" content=\"Author\" \/>\n<meta name=\"twitter:card\" content=\"summary_large_image\" \/>\n<meta name=\"twitter:label1\" content=\"Verfasst von\" \/>\n\t<meta name=\"twitter:data1\" content=\"Author\" \/>\n\t<meta name=\"twitter:label2\" content=\"Gesch\u00e4tzte Lesezeit\" \/>\n\t<meta name=\"twitter:data2\" content=\"1\u00a0Minute\" \/>\n<script type=\"application\/ld+json\" class=\"yoast-schema-graph\">{\"@context\":\"https:\/\/schema.org\",\"@graph\":[{\"@type\":\"WebPage\",\"@id\":\"https:\/\/vof-news.eu\/de\/wolodymyr-selenskyj-stellt-entwurf-des-20-punkte-friedensplans-vor\/\",\"url\":\"https:\/\/vof-news.eu\/de\/wolodymyr-selenskyj-stellt-entwurf-des-20-punkte-friedensplans-vor\/\",\"name\":\"Wolodymyr Selenskyj stellt Entwurf des 20-Punkte-Friedensplans vor - vof-news.eu\",\"isPartOf\":{\"@id\":\"https:\/\/vof-news.eu\/de\/#website\"},\"primaryImageOfPage\":{\"@id\":\"https:\/\/vof-news.eu\/de\/wolodymyr-selenskyj-stellt-entwurf-des-20-punkte-friedensplans-vor\/#primaryimage\"},\"image\":{\"@id\":\"https:\/\/vof-news.eu\/de\/wolodymyr-selenskyj-stellt-entwurf-des-20-punkte-friedensplans-vor\/#primaryimage\"},\"thumbnailUrl\":\"https:\/\/vof-news.eu\/wp-content\/uploads\/2025\/12\/wide__1000x562-101.jpg\",\"datePublished\":\"2025-12-24T12:28:14+00:00\",\"dateModified\":\"2025-12-24T12:29:15+00:00\",\"author\":{\"@id\":\"https:\/\/vof-news.eu\/de\/#\/schema\/person\/f6a2a4309f0561835797fd8c19b333ed\"},\"description\":\"Der ukrainische Pr\u00e4sident Wolodymyr Selenskyj hat erstmals \u00f6ffentlich die 20 Punkte eines von den USA angesto\u00dfenen Friedensplans vorgestellt. Demnach haben sich die Ukraine und die USA in mehreren zentralen Fragen auf Schritte zur Beendigung des russischen Angriffskriegs verst\u00e4ndigt.\",\"breadcrumb\":{\"@id\":\"https:\/\/vof-news.eu\/de\/wolodymyr-selenskyj-stellt-entwurf-des-20-punkte-friedensplans-vor\/#breadcrumb\"},\"inLanguage\":\"de\",\"potentialAction\":[{\"@type\":\"ReadAction\",\"target\":[\"https:\/\/vof-news.eu\/de\/wolodymyr-selenskyj-stellt-entwurf-des-20-punkte-friedensplans-vor\/\"]}]},{\"@type\":\"ImageObject\",\"inLanguage\":\"de\",\"@id\":\"https:\/\/vof-news.eu\/de\/wolodymyr-selenskyj-stellt-entwurf-des-20-punkte-friedensplans-vor\/#primaryimage\",\"url\":\"https:\/\/vof-news.eu\/wp-content\/uploads\/2025\/12\/wide__1000x562-101.jpg\",\"contentUrl\":\"https:\/\/vof-news.eu\/wp-content\/uploads\/2025\/12\/wide__1000x562-101.jpg\",\"width\":1000,\"height\":562},{\"@type\":\"BreadcrumbList\",\"@id\":\"https:\/\/vof-news.eu\/de\/wolodymyr-selenskyj-stellt-entwurf-des-20-punkte-friedensplans-vor\/#breadcrumb\",\"itemListElement\":[{\"@type\":\"ListItem\",\"position\":1,\"name\":\"Home\",\"item\":\"https:\/\/vof-news.eu\/de\/\"},{\"@type\":\"ListItem\",\"position\":2,\"name\":\"Wolodymyr Selenskyj stellt Entwurf des 20-Punkte-Friedensplans vor\"}]},{\"@type\":\"WebSite\",\"@id\":\"https:\/\/vof-news.eu\/de\/#website\",\"url\":\"https:\/\/vof-news.eu\/de\/\",\"name\":\"vof-news.eu\",\"description\":\"\",\"potentialAction\":[{\"@type\":\"SearchAction\",\"target\":{\"@type\":\"EntryPoint\",\"urlTemplate\":\"https:\/\/vof-news.eu\/de\/?s={search_term_string}\"},\"query-input\":\"required name=search_term_string\"}],\"inLanguage\":\"de\"},{\"@type\":\"Person\",\"@id\":\"https:\/\/vof-news.eu\/de\/#\/schema\/person\/f6a2a4309f0561835797fd8c19b333ed\",\"name\":\"Author\",\"image\":{\"@type\":\"ImageObject\",\"inLanguage\":\"de\",\"@id\":\"https:\/\/vof-news.eu\/de\/#\/schema\/person\/image\/\",\"url\":\"https:\/\/secure.gravatar.com\/avatar\/b67e614b1b25b3e9c0c239efdd2fde5ab015b5affd6f1c3c85911ca4b384e790?s=96&d=mm&r=g\",\"contentUrl\":\"https:\/\/secure.gravatar.com\/avatar\/b67e614b1b25b3e9c0c239efdd2fde5ab015b5affd6f1c3c85911ca4b384e790?s=96&d=mm&r=g\",\"caption\":\"Author\"},\"sameAs\":[\"http:\/\/vof-news.eu\"],\"url\":\"https:\/\/vof-news.eu\/de\/author\/zwt6qxnjulxbnyg\/\"}]}<\/script>\n<!-- \/ Yoast SEO plugin. -->","yoast_head_json":{"title":"Wolodymyr Selenskyj stellt Entwurf des 20-Punkte-Friedensplans vor - vof-news.eu","description":"Der ukrainische Pr\u00e4sident Wolodymyr Selenskyj hat erstmals \u00f6ffentlich die 20 Punkte eines von den USA angesto\u00dfenen Friedensplans vorgestellt. Demnach haben sich die Ukraine und die USA in mehreren zentralen Fragen auf Schritte zur Beendigung des russischen Angriffskriegs verst\u00e4ndigt.","robots":{"index":"noindex","follow":"follow","max-snippet":"max-snippet:-1","max-image-preview":"max-image-preview:large","max-video-preview":"max-video-preview:-1"},"og_locale":"de_DE","og_type":"article","og_title":"Wolodymyr Selenskyj stellt Entwurf des 20-Punkte-Friedensplans vor - vof-news.eu","og_description":"Der ukrainische Pr\u00e4sident Wolodymyr Selenskyj hat erstmals \u00f6ffentlich die 20 Punkte eines von den USA angesto\u00dfenen Friedensplans vorgestellt. Demnach haben sich die Ukraine und die USA in mehreren zentralen Fragen auf Schritte zur Beendigung des russischen Angriffskriegs verst\u00e4ndigt.","og_url":"https:\/\/vof-news.eu\/de\/wolodymyr-selenskyj-stellt-entwurf-des-20-punkte-friedensplans-vor\/","og_site_name":"vof-news.eu","article_published_time":"2025-12-24T12:28:14+00:00","article_modified_time":"2025-12-24T12:29:15+00:00","og_image":[{"width":1000,"height":562,"url":"https:\/\/vof-news.eu\/wp-content\/uploads\/2025\/12\/wide__1000x562-101.jpg","type":"image\/jpeg"}],"author":"Author","twitter_card":"summary_large_image","twitter_misc":{"Verfasst von":"Author","Gesch\u00e4tzte Lesezeit":"1\u00a0Minute"},"schema":{"@context":"https:\/\/schema.org","@graph":[{"@type":"WebPage","@id":"https:\/\/vof-news.eu\/de\/wolodymyr-selenskyj-stellt-entwurf-des-20-punkte-friedensplans-vor\/","url":"https:\/\/vof-news.eu\/de\/wolodymyr-selenskyj-stellt-entwurf-des-20-punkte-friedensplans-vor\/","name":"Wolodymyr Selenskyj stellt Entwurf des 20-Punkte-Friedensplans vor - vof-news.eu","isPartOf":{"@id":"https:\/\/vof-news.eu\/de\/#website"},"primaryImageOfPage":{"@id":"https:\/\/vof-news.eu\/de\/wolodymyr-selenskyj-stellt-entwurf-des-20-punkte-friedensplans-vor\/#primaryimage"},"image":{"@id":"https:\/\/vof-news.eu\/de\/wolodymyr-selenskyj-stellt-entwurf-des-20-punkte-friedensplans-vor\/#primaryimage"},"thumbnailUrl":"https:\/\/vof-news.eu\/wp-content\/uploads\/2025\/12\/wide__1000x562-101.jpg","datePublished":"2025-12-24T12:28:14+00:00","dateModified":"2025-12-24T12:29:15+00:00","author":{"@id":"https:\/\/vof-news.eu\/de\/#\/schema\/person\/f6a2a4309f0561835797fd8c19b333ed"},"description":"Der ukrainische Pr\u00e4sident Wolodymyr Selenskyj hat erstmals \u00f6ffentlich die 20 Punkte eines von den USA angesto\u00dfenen Friedensplans vorgestellt. Demnach haben sich die Ukraine und die USA in mehreren zentralen Fragen auf Schritte zur Beendigung des russischen Angriffskriegs verst\u00e4ndigt.","breadcrumb":{"@id":"https:\/\/vof-news.eu\/de\/wolodymyr-selenskyj-stellt-entwurf-des-20-punkte-friedensplans-vor\/#breadcrumb"},"inLanguage":"de","potentialAction":[{"@type":"ReadAction","target":["https:\/\/vof-news.eu\/de\/wolodymyr-selenskyj-stellt-entwurf-des-20-punkte-friedensplans-vor\/"]}]},{"@type":"ImageObject","inLanguage":"de","@id":"https:\/\/vof-news.eu\/de\/wolodymyr-selenskyj-stellt-entwurf-des-20-punkte-friedensplans-vor\/#primaryimage","url":"https:\/\/vof-news.eu\/wp-content\/uploads\/2025\/12\/wide__1000x562-101.jpg","contentUrl":"https:\/\/vof-news.eu\/wp-content\/uploads\/2025\/12\/wide__1000x562-101.jpg","width":1000,"height":562},{"@type":"BreadcrumbList","@id":"https:\/\/vof-news.eu\/de\/wolodymyr-selenskyj-stellt-entwurf-des-20-punkte-friedensplans-vor\/#breadcrumb","itemListElement":[{"@type":"ListItem","position":1,"name":"Home","item":"https:\/\/vof-news.eu\/de\/"},{"@type":"ListItem","position":2,"name":"Wolodymyr Selenskyj stellt Entwurf des 20-Punkte-Friedensplans vor"}]},{"@type":"WebSite","@id":"https:\/\/vof-news.eu\/de\/#website","url":"https:\/\/vof-news.eu\/de\/","name":"vof-news.eu","description":"","potentialAction":[{"@type":"SearchAction","target":{"@type":"EntryPoint","urlTemplate":"https:\/\/vof-news.eu\/de\/?s={search_term_string}"},"query-input":"required name=search_term_string"}],"inLanguage":"de"},{"@type":"Person","@id":"https:\/\/vof-news.eu\/de\/#\/schema\/person\/f6a2a4309f0561835797fd8c19b333ed","name":"Author","image":{"@type":"ImageObject","inLanguage":"de","@id":"https:\/\/vof-news.eu\/de\/#\/schema\/person\/image\/","url":"https:\/\/secure.gravatar.com\/avatar\/b67e614b1b25b3e9c0c239efdd2fde5ab015b5affd6f1c3c85911ca4b384e790?s=96&d=mm&r=g","contentUrl":"https:\/\/secure.gravatar.com\/avatar\/b67e614b1b25b3e9c0c239efdd2fde5ab015b5affd6f1c3c85911ca4b384e790?s=96&d=mm&r=g","caption":"Author"},"sameAs":["http:\/\/vof-news.eu"],"url":"https:\/\/vof-news.eu\/de\/author\/zwt6qxnjulxbnyg\/"}]}},"yoast_meta":{"yoast_wpseo_title":"","yoast_wpseo_metadesc":"","yoast_wpseo_canonical":""},"_links":{"self":[{"href":"https:\/\/vof-news.eu\/de\/wp-json\/wp\/v2\/posts\/310650","targetHints":{"allow":["GET"]}}],"collection":[{"href":"https:\/\/vof-news.eu\/de\/wp-json\/wp\/v2\/posts"}],"about":[{"href":"https:\/\/vof-news.eu\/de\/wp-json\/wp\/v2\/types\/post"}],"author":[{"embeddable":true,"href":"https:\/\/vof-news.eu\/de\/wp-json\/wp\/v2\/users\/1"}],"replies":[{"embeddable":true,"href":"https:\/\/vof-news.eu\/de\/wp-json\/wp\/v2\/comments?post=310650"}],"version-history":[{"count":1,"href":"https:\/\/vof-news.eu\/de\/wp-json\/wp\/v2\/posts\/310650\/revisions"}],"predecessor-version":[{"id":310657,"href":"https:\/\/vof-news.eu\/de\/wp-json\/wp\/v2\/posts\/310650\/revisions\/310657"}],"wp:featuredmedia":[{"embeddable":true,"href":"https:\/\/vof-news.eu\/de\/wp-json\/wp\/v2\/media\/310651"}],"wp:attachment":[{"href":"https:\/\/vof-news.eu\/de\/wp-json\/wp\/v2\/media?parent=310650"}],"wp:term":[{"taxonomy":"category","embeddable":true,"href":"https:\/\/vof-news.eu\/de\/wp-json\/wp\/v2\/categories?post=310650"},{"taxonomy":"post_tag","embeddable":true,"href":"https:\/\/vof-news.eu\/de\/wp-json\/wp\/v2\/tags?post=310650"}],"curies":[{"name":"wp","href":"https:\/\/api.w.org\/{rel}","templated":true}]}}