{"id":310585,"date":"2025-12-24T13:29:31","date_gmt":"2025-12-24T10:29:31","guid":{"rendered":"https:\/\/vof-news.eu\/feuerwehrverband-sieht-grosere-einsatzbereitschaft-durch-ukrainekrieg-2\/"},"modified":"2025-12-24T13:31:06","modified_gmt":"2025-12-24T10:31:06","slug":"feuerwehrverband-sieht-grosere-einsatzbereitschaft-durch-ukrainekrieg-2","status":"publish","type":"post","link":"https:\/\/vof-news.eu\/de\/feuerwehrverband-sieht-grosere-einsatzbereitschaft-durch-ukrainekrieg-2\/","title":{"rendered":"Feuerwehrverband sieht gr\u00f6\u00dfere Einsatzbereitschaft durch Ukrainekrieg"},"content":{"rendered":"<div>\n<p>Der Deutsche Feuerwehrverband berichtet von einer gestiegenen Zahl an Menschen, die sich bei der <span><a href=\"https:\/\/www.zeit.de\/thema\/feuerwehr\" rel=\"nofollow\">Feuerwehr<\/a><\/span> engagieren wollen. Laut Karl-Heinz Banse, dem Pr\u00e4sidenten des Feuerwehrverbandes, h\u00e4ngt das auch mit dem Krieg in der Ukraine zusammen. &#8222;Das hat den einen oder anderen wachger\u00fcttelt&#8220;, sagte Banse der Nachrichtenagentur dpa. Viele Menschen h\u00e4tten realisiert, dass sie nicht mehr in einer &#8222;Komfortgesellschaft&#8220; leben und Zusammenhalt sowie gegenseitige Hilfe gebraucht w\u00fcrden.\n<\/p>\n<p>&#8222;Wir sp\u00fcren pl\u00f6tzlich, dass viele Jugendliche und Erwachsene bei der Feuerwehr mitmachen wollen&#8220;, sagte Banse. Bundesweit gibt es nach Angaben des Verbandes <a href=\"https:\/\/www.zeit.de\/2025\/39\/freiwillige-feuerwehr-ehrenamt-erfahrungen-rechtsextremismus\" rel=\"nofollow\">mehr als eine Million Einsatzkr\u00e4fte bei freiwilligen Feuerwehren<\/a> sowie mehr als 39.000 bei den Berufsfeuerwehren.\n<\/p>\n<h2>Kostenlose Bahnfahrten in Uniform?<\/h2>\n<p>Banse hob die Bedeutung der freiwilligen Feuerwehren f\u00fcr die fl\u00e4chendeckende Bew\u00e4ltigung von Eins\u00e4tzen in Deutschland hervor.\u00a0Aktuell gebe es in nahezu jedem Dorf eine Feuerwehr. G\u00e4be es lediglich hauptamtliche Kr\u00e4fte, w\u00e4ren pro Landkreis nur zwei bis drei Standorte m\u00f6glich.\u00a0\n<\/p>\n<p>Zwar sagte Banse, <a href=\"https:\/\/www.zeit.de\/entdecken\/2025-05\/engagement-ehrenamt-ratgeber-podcast\" rel=\"nofollow\">das Ehrenamt<\/a> sei durch eine Aufwandsentsch\u00e4digung f\u00fcr Freiwillige bereits gest\u00e4rkt worden, zugleich warb er jedoch f\u00fcr weitere Verbesserungen. So regte er etwa an, dass Feuerwehrleute in Uniform kostenlos Bahn fahren d\u00fcrfen sollten. Diese Regelung <a href=\"https:\/\/www.zeit.de\/politik\/deutschland\/2019-08\/bundeswehr-deutsche-bahn-soldaten-uniform-gratisfahrten-einigung\" rel=\"nofollow\">gibt es seit 2020 f\u00fcr Soldatinnen und Soldaten<\/a>. Au\u00dferdem sei es denkbar, Einsatzkr\u00e4fte bei der Vergabe von Grundst\u00fccken und Wohnungen in der N\u00e4he von Feuerwehrh\u00e4usern zu bevorzugen.\n<\/p>\n<\/p>\n<\/div>\n","protected":false},"excerpt":{"rendered":"<p>Der Deutsche Feuerwehrverband berichtet von einer gestiegenen Zahl an Menschen, die sich bei der Feuerwehr engagieren wollen. Laut Karl-Heinz Banse, dem Pr\u00e4sidenten des Feuerwehrverbandes, h\u00e4ngt das auch mit dem Krieg in der Ukraine zusammen. &#8222;Das hat den einen oder anderen wachger\u00fcttelt&#8220;, sagte Banse der Nachrichtenagentur dpa. Viele Menschen h\u00e4tten realisiert, dass sie nicht mehr in<\/p>\n","protected":false},"author":1,"featured_media":310586,"comment_status":"open","ping_status":"open","sticky":false,"template":"","format":"standard","meta":{"footnotes":""},"categories":[116],"tags":[],"class_list":["post-310585","post","type-post","status-publish","format-standard","has-post-thumbnail","hentry","category-war-chronicles-de"],"acf":[],"yoast_head":"<!-- This site is optimized with the Yoast SEO plugin v22.9 - https:\/\/yoast.com\/wordpress\/plugins\/seo\/ -->\n<title>Feuerwehrverband sieht gr\u00f6\u00dfere Einsatzbereitschaft durch Ukrainekrieg - vof-news.eu<\/title>\n<meta name=\"description\" content=\"Der Deutsche Feuerwehrverband berichtet von einer gestiegenen Zahl an Menschen, die sich bei der Feuerwehr engagieren wollen. Laut Karl-Heinz Banse, dem Pr\u00e4sidenten des Feuerwehrverbandes, h\u00e4ngt das auch mit dem Krieg in der Ukraine zusammen. &quot;Das hat den einen oder anderen wachger\u00fcttelt&quot;, sagte Banse der Nachrichtenagentur dpa. Viele Menschen h\u00e4tten realisiert, dass sie nicht mehr in einer &quot;Komfortgesellschaft&quot; leben und Zusammenhalt sowie gegenseitige Hilfe gebraucht w\u00fcrden.\" \/>\n<meta name=\"robots\" content=\"noindex, follow, max-snippet:-1, max-image-preview:large, max-video-preview:-1\" \/>\n<meta property=\"og:locale\" content=\"de_DE\" \/>\n<meta property=\"og:type\" content=\"article\" \/>\n<meta property=\"og:title\" content=\"Feuerwehrverband sieht gr\u00f6\u00dfere Einsatzbereitschaft durch Ukrainekrieg - vof-news.eu\" \/>\n<meta property=\"og:description\" content=\"Der Deutsche Feuerwehrverband berichtet von einer gestiegenen Zahl an Menschen, die sich bei der Feuerwehr engagieren wollen. Laut Karl-Heinz Banse, dem Pr\u00e4sidenten des Feuerwehrverbandes, h\u00e4ngt das auch mit dem Krieg in der Ukraine zusammen. &quot;Das hat den einen oder anderen wachger\u00fcttelt&quot;, sagte Banse der Nachrichtenagentur dpa. Viele Menschen h\u00e4tten realisiert, dass sie nicht mehr in einer &quot;Komfortgesellschaft&quot; leben und Zusammenhalt sowie gegenseitige Hilfe gebraucht w\u00fcrden.\" \/>\n<meta property=\"og:url\" content=\"https:\/\/vof-news.eu\/de\/feuerwehrverband-sieht-grosere-einsatzbereitschaft-durch-ukrainekrieg-2\/\" \/>\n<meta property=\"og:site_name\" content=\"vof-news.eu\" \/>\n<meta property=\"article:published_time\" content=\"2025-12-24T10:29:31+00:00\" \/>\n<meta property=\"article:modified_time\" content=\"2025-12-24T10:31:06+00:00\" \/>\n<meta property=\"og:image\" content=\"https:\/\/vof-news.eu\/wp-content\/uploads\/2025\/12\/wide__1000x562-100.jpg\" \/>\n\t<meta property=\"og:image:width\" content=\"1000\" \/>\n\t<meta property=\"og:image:height\" content=\"562\" \/>\n\t<meta property=\"og:image:type\" content=\"image\/jpeg\" \/>\n<meta name=\"author\" content=\"Author\" \/>\n<meta name=\"twitter:card\" content=\"summary_large_image\" \/>\n<meta name=\"twitter:label1\" content=\"Verfasst von\" \/>\n\t<meta name=\"twitter:data1\" content=\"Author\" \/>\n\t<meta name=\"twitter:label2\" content=\"Gesch\u00e4tzte Lesezeit\" \/>\n\t<meta name=\"twitter:data2\" content=\"1\u00a0Minute\" \/>\n<script type=\"application\/ld+json\" class=\"yoast-schema-graph\">{\"@context\":\"https:\/\/schema.org\",\"@graph\":[{\"@type\":\"WebPage\",\"@id\":\"https:\/\/vof-news.eu\/de\/feuerwehrverband-sieht-grosere-einsatzbereitschaft-durch-ukrainekrieg-2\/\",\"url\":\"https:\/\/vof-news.eu\/de\/feuerwehrverband-sieht-grosere-einsatzbereitschaft-durch-ukrainekrieg-2\/\",\"name\":\"Feuerwehrverband sieht gr\u00f6\u00dfere Einsatzbereitschaft durch Ukrainekrieg - vof-news.eu\",\"isPartOf\":{\"@id\":\"https:\/\/vof-news.eu\/de\/#website\"},\"primaryImageOfPage\":{\"@id\":\"https:\/\/vof-news.eu\/de\/feuerwehrverband-sieht-grosere-einsatzbereitschaft-durch-ukrainekrieg-2\/#primaryimage\"},\"image\":{\"@id\":\"https:\/\/vof-news.eu\/de\/feuerwehrverband-sieht-grosere-einsatzbereitschaft-durch-ukrainekrieg-2\/#primaryimage\"},\"thumbnailUrl\":\"https:\/\/vof-news.eu\/wp-content\/uploads\/2025\/12\/wide__1000x562-100.jpg\",\"datePublished\":\"2025-12-24T10:29:31+00:00\",\"dateModified\":\"2025-12-24T10:31:06+00:00\",\"author\":{\"@id\":\"https:\/\/vof-news.eu\/de\/#\/schema\/person\/f6a2a4309f0561835797fd8c19b333ed\"},\"description\":\"Der Deutsche Feuerwehrverband berichtet von einer gestiegenen Zahl an Menschen, die sich bei der Feuerwehr engagieren wollen. Laut Karl-Heinz Banse, dem Pr\u00e4sidenten des Feuerwehrverbandes, h\u00e4ngt das auch mit dem Krieg in der Ukraine zusammen. \\\"Das hat den einen oder anderen wachger\u00fcttelt\\\", sagte Banse der Nachrichtenagentur dpa. Viele Menschen h\u00e4tten realisiert, dass sie nicht mehr in einer \\\"Komfortgesellschaft\\\" leben und Zusammenhalt sowie gegenseitige Hilfe gebraucht w\u00fcrden.\",\"breadcrumb\":{\"@id\":\"https:\/\/vof-news.eu\/de\/feuerwehrverband-sieht-grosere-einsatzbereitschaft-durch-ukrainekrieg-2\/#breadcrumb\"},\"inLanguage\":\"de\",\"potentialAction\":[{\"@type\":\"ReadAction\",\"target\":[\"https:\/\/vof-news.eu\/de\/feuerwehrverband-sieht-grosere-einsatzbereitschaft-durch-ukrainekrieg-2\/\"]}]},{\"@type\":\"ImageObject\",\"inLanguage\":\"de\",\"@id\":\"https:\/\/vof-news.eu\/de\/feuerwehrverband-sieht-grosere-einsatzbereitschaft-durch-ukrainekrieg-2\/#primaryimage\",\"url\":\"https:\/\/vof-news.eu\/wp-content\/uploads\/2025\/12\/wide__1000x562-100.jpg\",\"contentUrl\":\"https:\/\/vof-news.eu\/wp-content\/uploads\/2025\/12\/wide__1000x562-100.jpg\",\"width\":1000,\"height\":562},{\"@type\":\"BreadcrumbList\",\"@id\":\"https:\/\/vof-news.eu\/de\/feuerwehrverband-sieht-grosere-einsatzbereitschaft-durch-ukrainekrieg-2\/#breadcrumb\",\"itemListElement\":[{\"@type\":\"ListItem\",\"position\":1,\"name\":\"Home\",\"item\":\"https:\/\/vof-news.eu\/de\/\"},{\"@type\":\"ListItem\",\"position\":2,\"name\":\"Feuerwehrverband sieht gr\u00f6\u00dfere Einsatzbereitschaft durch Ukrainekrieg\"}]},{\"@type\":\"WebSite\",\"@id\":\"https:\/\/vof-news.eu\/de\/#website\",\"url\":\"https:\/\/vof-news.eu\/de\/\",\"name\":\"vof-news.eu\",\"description\":\"\",\"potentialAction\":[{\"@type\":\"SearchAction\",\"target\":{\"@type\":\"EntryPoint\",\"urlTemplate\":\"https:\/\/vof-news.eu\/de\/?s={search_term_string}\"},\"query-input\":\"required name=search_term_string\"}],\"inLanguage\":\"de\"},{\"@type\":\"Person\",\"@id\":\"https:\/\/vof-news.eu\/de\/#\/schema\/person\/f6a2a4309f0561835797fd8c19b333ed\",\"name\":\"Author\",\"image\":{\"@type\":\"ImageObject\",\"inLanguage\":\"de\",\"@id\":\"https:\/\/vof-news.eu\/de\/#\/schema\/person\/image\/\",\"url\":\"https:\/\/secure.gravatar.com\/avatar\/b67e614b1b25b3e9c0c239efdd2fde5ab015b5affd6f1c3c85911ca4b384e790?s=96&d=mm&r=g\",\"contentUrl\":\"https:\/\/secure.gravatar.com\/avatar\/b67e614b1b25b3e9c0c239efdd2fde5ab015b5affd6f1c3c85911ca4b384e790?s=96&d=mm&r=g\",\"caption\":\"Author\"},\"sameAs\":[\"http:\/\/vof-news.eu\"],\"url\":\"https:\/\/vof-news.eu\/de\/author\/zwt6qxnjulxbnyg\/\"}]}<\/script>\n<!-- \/ Yoast SEO plugin. -->","yoast_head_json":{"title":"Feuerwehrverband sieht gr\u00f6\u00dfere Einsatzbereitschaft durch Ukrainekrieg - vof-news.eu","description":"Der Deutsche Feuerwehrverband berichtet von einer gestiegenen Zahl an Menschen, die sich bei der Feuerwehr engagieren wollen. Laut Karl-Heinz Banse, dem Pr\u00e4sidenten des Feuerwehrverbandes, h\u00e4ngt das auch mit dem Krieg in der Ukraine zusammen. \"Das hat den einen oder anderen wachger\u00fcttelt\", sagte Banse der Nachrichtenagentur dpa. Viele Menschen h\u00e4tten realisiert, dass sie nicht mehr in einer \"Komfortgesellschaft\" leben und Zusammenhalt sowie gegenseitige Hilfe gebraucht w\u00fcrden.","robots":{"index":"noindex","follow":"follow","max-snippet":"max-snippet:-1","max-image-preview":"max-image-preview:large","max-video-preview":"max-video-preview:-1"},"og_locale":"de_DE","og_type":"article","og_title":"Feuerwehrverband sieht gr\u00f6\u00dfere Einsatzbereitschaft durch Ukrainekrieg - vof-news.eu","og_description":"Der Deutsche Feuerwehrverband berichtet von einer gestiegenen Zahl an Menschen, die sich bei der Feuerwehr engagieren wollen. Laut Karl-Heinz Banse, dem Pr\u00e4sidenten des Feuerwehrverbandes, h\u00e4ngt das auch mit dem Krieg in der Ukraine zusammen. \"Das hat den einen oder anderen wachger\u00fcttelt\", sagte Banse der Nachrichtenagentur dpa. Viele Menschen h\u00e4tten realisiert, dass sie nicht mehr in einer \"Komfortgesellschaft\" leben und Zusammenhalt sowie gegenseitige Hilfe gebraucht w\u00fcrden.","og_url":"https:\/\/vof-news.eu\/de\/feuerwehrverband-sieht-grosere-einsatzbereitschaft-durch-ukrainekrieg-2\/","og_site_name":"vof-news.eu","article_published_time":"2025-12-24T10:29:31+00:00","article_modified_time":"2025-12-24T10:31:06+00:00","og_image":[{"width":1000,"height":562,"url":"https:\/\/vof-news.eu\/wp-content\/uploads\/2025\/12\/wide__1000x562-100.jpg","type":"image\/jpeg"}],"author":"Author","twitter_card":"summary_large_image","twitter_misc":{"Verfasst von":"Author","Gesch\u00e4tzte Lesezeit":"1\u00a0Minute"},"schema":{"@context":"https:\/\/schema.org","@graph":[{"@type":"WebPage","@id":"https:\/\/vof-news.eu\/de\/feuerwehrverband-sieht-grosere-einsatzbereitschaft-durch-ukrainekrieg-2\/","url":"https:\/\/vof-news.eu\/de\/feuerwehrverband-sieht-grosere-einsatzbereitschaft-durch-ukrainekrieg-2\/","name":"Feuerwehrverband sieht gr\u00f6\u00dfere Einsatzbereitschaft durch Ukrainekrieg - vof-news.eu","isPartOf":{"@id":"https:\/\/vof-news.eu\/de\/#website"},"primaryImageOfPage":{"@id":"https:\/\/vof-news.eu\/de\/feuerwehrverband-sieht-grosere-einsatzbereitschaft-durch-ukrainekrieg-2\/#primaryimage"},"image":{"@id":"https:\/\/vof-news.eu\/de\/feuerwehrverband-sieht-grosere-einsatzbereitschaft-durch-ukrainekrieg-2\/#primaryimage"},"thumbnailUrl":"https:\/\/vof-news.eu\/wp-content\/uploads\/2025\/12\/wide__1000x562-100.jpg","datePublished":"2025-12-24T10:29:31+00:00","dateModified":"2025-12-24T10:31:06+00:00","author":{"@id":"https:\/\/vof-news.eu\/de\/#\/schema\/person\/f6a2a4309f0561835797fd8c19b333ed"},"description":"Der Deutsche Feuerwehrverband berichtet von einer gestiegenen Zahl an Menschen, die sich bei der Feuerwehr engagieren wollen. Laut Karl-Heinz Banse, dem Pr\u00e4sidenten des Feuerwehrverbandes, h\u00e4ngt das auch mit dem Krieg in der Ukraine zusammen. \"Das hat den einen oder anderen wachger\u00fcttelt\", sagte Banse der Nachrichtenagentur dpa. Viele Menschen h\u00e4tten realisiert, dass sie nicht mehr in einer \"Komfortgesellschaft\" leben und Zusammenhalt sowie gegenseitige Hilfe gebraucht w\u00fcrden.","breadcrumb":{"@id":"https:\/\/vof-news.eu\/de\/feuerwehrverband-sieht-grosere-einsatzbereitschaft-durch-ukrainekrieg-2\/#breadcrumb"},"inLanguage":"de","potentialAction":[{"@type":"ReadAction","target":["https:\/\/vof-news.eu\/de\/feuerwehrverband-sieht-grosere-einsatzbereitschaft-durch-ukrainekrieg-2\/"]}]},{"@type":"ImageObject","inLanguage":"de","@id":"https:\/\/vof-news.eu\/de\/feuerwehrverband-sieht-grosere-einsatzbereitschaft-durch-ukrainekrieg-2\/#primaryimage","url":"https:\/\/vof-news.eu\/wp-content\/uploads\/2025\/12\/wide__1000x562-100.jpg","contentUrl":"https:\/\/vof-news.eu\/wp-content\/uploads\/2025\/12\/wide__1000x562-100.jpg","width":1000,"height":562},{"@type":"BreadcrumbList","@id":"https:\/\/vof-news.eu\/de\/feuerwehrverband-sieht-grosere-einsatzbereitschaft-durch-ukrainekrieg-2\/#breadcrumb","itemListElement":[{"@type":"ListItem","position":1,"name":"Home","item":"https:\/\/vof-news.eu\/de\/"},{"@type":"ListItem","position":2,"name":"Feuerwehrverband sieht gr\u00f6\u00dfere Einsatzbereitschaft durch Ukrainekrieg"}]},{"@type":"WebSite","@id":"https:\/\/vof-news.eu\/de\/#website","url":"https:\/\/vof-news.eu\/de\/","name":"vof-news.eu","description":"","potentialAction":[{"@type":"SearchAction","target":{"@type":"EntryPoint","urlTemplate":"https:\/\/vof-news.eu\/de\/?s={search_term_string}"},"query-input":"required name=search_term_string"}],"inLanguage":"de"},{"@type":"Person","@id":"https:\/\/vof-news.eu\/de\/#\/schema\/person\/f6a2a4309f0561835797fd8c19b333ed","name":"Author","image":{"@type":"ImageObject","inLanguage":"de","@id":"https:\/\/vof-news.eu\/de\/#\/schema\/person\/image\/","url":"https:\/\/secure.gravatar.com\/avatar\/b67e614b1b25b3e9c0c239efdd2fde5ab015b5affd6f1c3c85911ca4b384e790?s=96&d=mm&r=g","contentUrl":"https:\/\/secure.gravatar.com\/avatar\/b67e614b1b25b3e9c0c239efdd2fde5ab015b5affd6f1c3c85911ca4b384e790?s=96&d=mm&r=g","caption":"Author"},"sameAs":["http:\/\/vof-news.eu"],"url":"https:\/\/vof-news.eu\/de\/author\/zwt6qxnjulxbnyg\/"}]}},"yoast_meta":{"yoast_wpseo_title":"","yoast_wpseo_metadesc":"","yoast_wpseo_canonical":""},"_links":{"self":[{"href":"https:\/\/vof-news.eu\/de\/wp-json\/wp\/v2\/posts\/310585","targetHints":{"allow":["GET"]}}],"collection":[{"href":"https:\/\/vof-news.eu\/de\/wp-json\/wp\/v2\/posts"}],"about":[{"href":"https:\/\/vof-news.eu\/de\/wp-json\/wp\/v2\/types\/post"}],"author":[{"embeddable":true,"href":"https:\/\/vof-news.eu\/de\/wp-json\/wp\/v2\/users\/1"}],"replies":[{"embeddable":true,"href":"https:\/\/vof-news.eu\/de\/wp-json\/wp\/v2\/comments?post=310585"}],"version-history":[{"count":1,"href":"https:\/\/vof-news.eu\/de\/wp-json\/wp\/v2\/posts\/310585\/revisions"}],"predecessor-version":[{"id":310599,"href":"https:\/\/vof-news.eu\/de\/wp-json\/wp\/v2\/posts\/310585\/revisions\/310599"}],"wp:featuredmedia":[{"embeddable":true,"href":"https:\/\/vof-news.eu\/de\/wp-json\/wp\/v2\/media\/310586"}],"wp:attachment":[{"href":"https:\/\/vof-news.eu\/de\/wp-json\/wp\/v2\/media?parent=310585"}],"wp:term":[{"taxonomy":"category","embeddable":true,"href":"https:\/\/vof-news.eu\/de\/wp-json\/wp\/v2\/categories?post=310585"},{"taxonomy":"post_tag","embeddable":true,"href":"https:\/\/vof-news.eu\/de\/wp-json\/wp\/v2\/tags?post=310585"}],"curies":[{"name":"wp","href":"https:\/\/api.w.org\/{rel}","templated":true}]}}