{"id":310449,"date":"2025-12-23T21:28:12","date_gmt":"2025-12-23T18:28:12","guid":{"rendered":"https:\/\/vof-news.eu\/was-bilder-uber-das-jahr-2025-erzahlen\/"},"modified":"2025-12-23T21:29:35","modified_gmt":"2025-12-23T18:29:35","slug":"was-bilder-uber-das-jahr-2025-erzahlen","status":"publish","type":"post","link":"https:\/\/vof-news.eu\/de\/was-bilder-uber-das-jahr-2025-erzahlen\/","title":{"rendered":"Was Bilder \u00fcber das Jahr 2025 erz\u00e4hlen"},"content":{"rendered":"<div>\n<p>Donald Trump am Tag seiner Vereidigung im Kapitol in Washington, D. C.\n<\/p>\n<p>Seit dem 7. Januar befanden sich Teile des Gro\u00dfraums von Los Angeles in einem Ausnahmezustand: Verheerende Waldbr\u00e4nde in und um die s\u00fcdkalifornische Metropole herum haben mehr als 18.000 Geb\u00e4ude zerst\u00f6rt. Starke Windb\u00f6en hatten die Feuer immer wieder neu entfacht und die L\u00f6scharbeiten erschwert.\u00a0\n<\/p>\n<p>Zu Beginn des Jahres kam es im Krieg zwischen Israel und der Hamas-Terrormiliz zu einem Waffenstillstand. Pal\u00e4stinenser, die w\u00e4hrend des Krieges in den S\u00fcden vertrieben worden waren, kehrten daraufhin in ihre H\u00e4user im Norden des <span><a href=\"https:\/\/www.zeit.de\/thema\/gazastreifen\" rel=\"nofollow\">Gazastreifens<\/a><\/span> zur\u00fcck. Das Waffenruheabkommen erm\u00f6glichte auch die Freilassung von israelischen Geiseln aus der Gefangenschaft. Die Hamas inszenierte die \u00dcbergaben auf zynische Weise \u2013 mit jubelnden Menschenmengen in Gaza-Stadt und schwer bewaffneten Terroristen.\u00a0\n<\/p>\n<p>Am 20. Januar wurde Donald Trump als 47. US-Pr\u00e4sident vereidigt. Seine Anh\u00e4nger feierten ihn an diesem Tag in Washington, D. C. Sie zeigten sich \u00fcberzeugt davon, dass ihren Pr\u00e4sidenten und seine Bewegung nichts mehr aufhalten k\u00f6nne, <a href=\"https:\/\/www.zeit.de\/politik\/ausland\/2025-01\/inauguration-donald-trump-usa-anhaenger-politikwechsel\/komplettansicht\" rel=\"nofollow\">berichtete ZEIT-Reporterin Rieke Havertz.<\/a>\n<\/p>\n<p>Kampf- und Spionagedrohnen sind im russischen Angriffskrieg gegen die <span><a href=\"https:\/\/www.zeit.de\/thema\/krieg-in-ukraine\" rel=\"nofollow\">Ukraine<\/a><\/span> Teil der konventionellen Kriegsf\u00fchrung geworden. Sie sind g\u00fcnstig herzustellen und vielseitig einsetzbar. ZEIT-Reporterin <a href=\"https:\/\/www.zeit.de\/2025\/05\/drohnenpiloten-ukraine-krieg-russland-sprengstoff\" rel=\"nofollow\">Olivia Kortas hat ukrainische Drohnenpiloten begleitet, die russische Soldaten jagen.<\/a>\n<\/p>\n<p>Im rohstoffreichen Osten der Demokratischen Republik Kongo k\u00e4mpfen zahlreiche Milizen seit Jahrzehnten um die Kontrolle der Region. Im Januar eroberte die von Ruanda unterst\u00fctzte M23-Miliz gro\u00dfe Teile der Provinzhauptstadt Goma in Nordkivu. Die Zivilbev\u00f6lkerung leidet unter den K\u00e4mpfen der Milizen und der kongolesischen Armee: In den vergangenen drei Jahrzehnten wurden rund sechs Millionen Menschen get\u00f6tet. Den Kriegsparteien wird von Menschenrechtsorganisationen Folter und sexualisierte Gewalt vorgeworfen.\u00a0\n<\/p>\n<p>Friedrich Merz auf der Bundestagswahlparty der CDU in Berlin\n<\/p>\n<p>Die Union gewann Ende Februar die Bundestagswahl, w\u00e4hrend die SPD ihr historisch schlechtestes Ergebnis erhielt. Die in Teilen rechtsextremistische AfD dagegen wurde mit 20,8 Prozent erstmals zweitst\u00e4rkste Kraft.\n<\/p>\n<p>In zahlreichen St\u00e4dten Deutschlands fanden im Februar Gro\u00dfdemonstrationen gegen Rechtsextremismus statt, darunter in Berlin, Hamburg, M\u00fcnchen, K\u00f6ln und Leipzig. Ausl\u00f6ser der Proteste war ein Antrag der CDU\/CSU im Bundestag f\u00fcr Zur\u00fcckweisungen von Migranten an den deutschen Grenzen. Der Antrag wurde mit einer Mehrheit aus Stimmen der Union und der AfD sowie der FDP angenommen \u2013 was viele Menschen als Tabubruch wahrnahmen.\n<\/p>\n<p>Im Winter 2024 wurde\u00a0in Syrien der Diktator Baschar al-Assad von einem Verbund islamistischer Milizen gest\u00fcrzt. Im Februar konnte <a href=\"https:\/\/www.zeit.de\/2025\/13\/reise-syrien-bar-damaskus-assad-regime-hts-aleppo\" rel=\"nofollow\">ZEIT-Reporter Wolfgang Bauer durch das Land reisen und von dort berichten.<\/a>\n<\/p>\n<p>Shiri, Ariel und Kfir Bibas wurden am 7. Oktober 2023 w\u00e4hrend der Terroranschl\u00e4ge auf S\u00fcdisrael von Hamas-Terroristen aus dem Kibbuz Nir Oz entf\u00fchrt. Ihre Leichen wurden am 20. und 22. Februar 2025 nach Israel zur\u00fcckgebracht. Zuvor war Yarden, Ehemann von Shiri und Vater von Ariel und Kfir, am 1. Februar aus der Gefangenschaft entlassen worden.\u00a0\n<\/p>\n<p>US-Pr\u00e4sident Donald Trump drohte am 28. Februar seinem ukrainischen Amtskollegen Wolodymyr Selenskyj auf einer Pressekonferenz in Washington, D. C. damit, die Unterst\u00fctzung f\u00fcr die Ukraine einzustellen, sollte es nicht zu einer Einigung mit Russland kommen. <a href=\"https:\/\/www.zeit.de\/politik\/ausland\/2025-03\/ukrainekrieg-donald-trump-wolodymyr-selenskyj-treffen-eskalation\" rel=\"nofollow\">Er und sein Vize JD Vance beschimpften Selenskyj und brachen die Konferenz vorzeitig ab.<\/a>\n<\/p>\n<p>Einer der wichtigsten Treffpunkte von Donald Trumps Make-America-Great-Again-Bewegung (Maga) sind Veranstaltungen des CPAC geworden, der Conservative Political Action Conference. <a href=\"https:\/\/www.zeit.de\/politik\/2025-02\/maga-kult-donald-trump-republikaner-selbstbewusstsein\" rel=\"nofollow\">Auf der CPAC-Konferenz in Washington, D. C. war auch Elon Musk zu Gast.<\/a>\n<\/p>\n<p>Protest in Istanbul gegen die Verhaftung des B\u00fcrgermeisters\u00a0Ekrem \u0130mamo\u011flu\u00a0durch das Erdo\u011fan-Regime\n<\/p>\n<p>Die erratische Unterst\u00fctzung der Ukraine durch Donald Trump und seine Regierung verunsicherte das angegriffene Land. Wie ukrainische Soldaten an der Front auf die Weltpolitik blicken, <a href=\"https:\/\/www.zeit.de\/2025\/11\/ukrainekrieg-soldaten-front-donald-trump-waffenlieferungen\" rel=\"nofollow\">berichtete ZEIT-Reporterin Olivia Kortas.<\/a>\n<\/p>\n<p>Im Sudan herrscht seit 2023 B\u00fcrgerkrieg zwischen den sudanesischen Streitkr\u00e4ften und der Miliz Rapid Support Forces. Es kommt zu Massakern, systematischen Vergewaltigungen und ethnisch motivierter Gewalt. Nach Angaben der UN hat der Krieg die gr\u00f6\u00dfte humanit\u00e4re Krise der Welt ausgel\u00f6st. Seit dem Beginn sind mehr als zw\u00f6lf Millionen Menschen auf der Flucht. Fast 25 Millionen Menschen, etwa die H\u00e4lfte der Bev\u00f6lkerung, haben nach Angaben des Weltern\u00e4hrungsprogramms nicht genug zu essen.\n<\/p>\n<p>Ende M\u00e4rz wurde das Zentrum des s\u00fcdostasiatischen Myanmar von einem schweren Erdbeben ersch\u00fcttert. Mehr als 5.000 Menschen starben, mehr als 120.000 H\u00e4user wurden nach Angaben der Vereinten Nationen besch\u00e4digt oder zerst\u00f6rt.\u00a0\n<\/p>\n<p>Im mittelamerikanischen El Salvador hat Pr\u00e4sident Nayib Bukele in dem von Bandenkriminalit\u00e4t ersch\u00fctterten Land ein Hochsicherheitsgef\u00e4ngnis mit Platz f\u00fcr bis zu 40.000 Inhaftierte bauen lassen. Donald Trump imponierte das und verabredete mit Bukele, salvadorianische und venezolanische Migranten aus den USA dorthin bringen zu lassen.\u00a0\n<\/p>\n<p>F\u00fcnf Jahre nach Beginn der Mission hat die Raumsonde Solar Orbiter die bislang breiteste und hochaufl\u00f6sendste Ansicht der Sonne aufgenommen. Zu sehen ist die Millionen Grad hei\u00dfe Atmosph\u00e4re der Sonne, die sogenannte Korona, wie sie im ultravioletten Licht erscheint.\u00a0\n<\/p>\n<p>Der\u00a0aufgebahrte\u00a0Leichnam von Papst Franziskus im Petersdom in Rom\n<\/p>\n<p>Im April kam es zu einem gro\u00dfen Gefangenenaustausch zwischen Russland und der Ukraine.\u00a0\n<\/p>\n<p>Die Elektroingenieurin Rabea Rogge ist als erste deutsche Astronautin ins All geflogen. Die 29-j\u00e4hrige Berlinerin war die Pilotin der privat finanzierten SpaceX-Mission. 55-mal kreisten sie und ihre drei Crewmitglieder um die Erde.\n<\/p>\n<p>Am Rande der Beisetzung von Papst Franziskus im Vatikan hatte Wolodymyr Selenskyj ein kurzes Einzelgespr\u00e4ch mit Donald Trump. Selenskyj sagte sp\u00e4ter, es sei das beste gewesen, das die beiden M\u00e4nner jemals hatten.\n<\/p>\n<p>Donald Trump h\u00e4lt Strafz\u00f6lle f\u00fcr eine Wunderwaffe gegen US-Handelsbilanzdefizite mit anderen Staaten. Am 2. April verk\u00fcndete er deshalb umfassende neue Z\u00f6lle auf Waren, die aus L\u00e4ndern wie China, Japan und Indien in die USA importiert werden.\n<\/p>\n<p>Zwei Monate hielt die Waffenruhe in Nahost. Doch Israel und die terroristische Hamas beschuldigten sich gegenseitig, sie gebrochen zu haben. Am 18. M\u00e4rz nahm die israelische Armee ihre Angriffe auf den Gazastreifen wieder auf.\u00a0\n<\/p>\n<p>Menschen aus den USA auf dem Petersplatz im Vatikan. Sie warten auf die Wahl des neuen Papstes.\n<\/p>\n<p>Seit dem 7. Mai hatten 133 Kardin\u00e4le abgeschirmt von der Au\u00dfenwelt in der Sixtinischen Kapelle \u00fcber das n\u00e4chste Oberhaupt der Katholischen Kirche beraten, den Nachfolger des verstorbenen Papst Franziskus. <a href=\"https:\/\/www.zeit.de\/gesellschaft\/2025-05\/konklave-2025-papstwahl-rom-katholische-kirche\" rel=\"nofollow\">Die Bilder des Fotografen-Duos Jean-Marc Caimi und Valentina Piccinni aus Rom<\/a> zeigen Menschen im Vatikan, die auf die Entscheidung warten. Am 8. Mai wurde der US-Amerikaner Robert Francis Prevost zum Papst gew\u00e4hlt. Der 69-j\u00e4hrige Erzbischof aus Chicago hat sich f\u00fcr den Papstnamen Leo XIV. entschieden.\n<\/p>\n<p>Bundeskanzler Friedrich Merz ist im Mai zusammen mit dem franz\u00f6sischen Pr\u00e4sidenten Emmanuel Macron und dem britischen Premierminister Keir Starmer im Zug nach Kyjiw gereist. Zusammen mit dem polnischen Regierungschef Donald Tusk trafen sie dort den ukrainischen Pr\u00e4sidenten Wolodymyr Selenskyj und versicherten ihm ihre anhaltende Unterst\u00fctzung f\u00fcr das von Russland angegriffene Land.\u00a0\n<\/p>\n<p>Zwischen Anfang M\u00e4rz und dem 19. Mai riegelte Israel den Gazastreifen vollst\u00e4ndig ab. Die Folge war unter anderem, dass \u00fcber Wochen viel zu wenig Nahrung in den Gazastreifen gelangte. Erst im Sommer verbesserte sich die <a href=\"https:\/\/www.zeit.de\/politik\/ausland\/2025-09\/hungersnot-gazastreifen-hilfslieferungen-gepluendert-un-hilfe\/komplettansicht\" rel=\"nofollow\">Versorgungslage etwas<\/a>.\u00a0\n<\/p>\n<p>In Deutschland gab es 2025 erneut \u00f6ffentliche Debatten \u00fcber Migration und Grenzsicherung. Kontrollen an den deutschen Grenzen wurden in diesem Jahr versch\u00e4rft, um dort Asylsuchende gem\u00e4\u00df deutschem Asylgesetz zur\u00fcckzuweisen. <a href=\"https:\/\/www.zeit.de\/gesellschaft\/2025-05\/grenzkontrollen-zurueckweisungen-fluechtlinge-migration-alexander-dobrindt\" rel=\"nofollow\">ZEIT-Reporter Tilman Steffen hat einen Tag an einem Grenz\u00fcbergang verbracht.<\/a>\n<\/p>\n<p>Am 6. Mai wurde CDU-Chef Friedrich Merz im zweiten Wahlgang zum Bundeskanzler gew\u00e4hlt. Vor Merz hatte in der Nachkriegsgeschichte noch kein Kanzler die Zustimmung des Parlaments verfehlt.\n<\/p>\n<p>Teheran am 13. Juni: Israel und die USA begannen, Ziele im Iran zu bombardieren.\n<\/p>\n<p>Israel hat im Juni zw\u00f6lf Tage lang Krieg gegen den Iran gef\u00fchrt. Gemeinsam mit den USA wurden zentrale Atomanlagen angegriffen, neben milit\u00e4rischen Zielen t\u00f6tete Israel dabei auch mindestens zehn iranische Atomforscher. Was die israelischen Milit\u00e4rschl\u00e4ge f\u00fcr die Menschen im Iran bedeuteten, hat <a href=\"https:\/\/www.zeit.de\/2025\/27\/menschen-iran-israel-krieg-regime\/komplettansicht\" rel=\"nofollow\">Luisa Hommerich f\u00fcr die ZEIT aufgeschrieben.<\/a>\u00a0Der Iran feuerte seinerseits Raketen auf Israel, <a href=\"https:\/\/www.zeit.de\/2025\/27\/iron-dome-israel-tel-aviv-erfahrungen-alltag\/komplettansicht\" rel=\"nofollow\">Kerstin Kohlenberg hat f\u00fcr die ZEIT<\/a> w\u00e4hrend dieser Zeit Bewohner eines Hauses in Tel Aviv begleitet.\n<\/p>\n<p>Etgar Keret geh\u00f6rt zu den wichtigsten Schriftstellern Israels. Auch er <a href=\"https:\/\/www.zeit.de\/2025\/26\/israelischer-schriftsteller-lebenswerk-acum-nahostkrieg-etgar-keret\" rel=\"nofollow\">berichtete aus Tel Aviv<\/a> w\u00e4hrend der iranischen Raketenangriffe.\n<\/p>\n<p>Auf Veranstaltungen in Hunderten St\u00e4dten quer durch die USA wurde im Juni gegen die Politik von US-Pr\u00e4sident Trump\u00a0protestiert.\u00a0Der Fotograf Matthew Reamer <a href=\"https:\/\/www.zeit.de\/politik\/ausland\/2025-06\/proteste-los-angeles-usa-donald-trump-migration\" rel=\"nofollow\">hat den Protest\u00a0in Los Angeles\u00a0f\u00fcr die ZEIT dokumentiert.<\/a>\n<\/p>\n<p>Da Deutschland sich nicht mehr richtig auf den Schutz der USA verlassen kann und mit Angriffen aus Russland rechnen muss, wurde intensiv \u00fcber eine Wiedereinf\u00fchrung der Wehrpflicht diskutiert.\u00a0<a href=\"https:\/\/www.zeit.de\/politik\/deutschland\/2025-12\/bundesrat-rente-haushalt-steuersenkungen-gxe#wehrdienst\" rel=\"nofollow\">Ende Dezember verabschiedete der Bundesrat<\/a>\u00a0einen neuen Wehrdienst.\n<\/p>\n<p>Das Dorf Blatten im L\u00f6tschental im schweizerischen Kanton Wallis wurde am 5. Juni zu gro\u00dfen Teilen unter Massen von Eis, Schlamm und Felsen begraben. Ausgel\u00f6st durch den Zusammenbruch des dar\u00fcber liegenden Birch-Gletschers rollte eine gewaltige Lawine bis zum Talboden hinab.\n<\/p>\n<p>Eine ukrainische Flugabwehrkanone in einem Sonnenblumenfeld\u00a0\n<\/p>\n<p>Der Fotograf Saher Alghorra hat im Juni und im Juli mangelern\u00e4hrte Kinder in einem der wenigen verbliebenen Krankenh\u00e4user in Gaza-Stadt portr\u00e4tiert. <a href=\"https:\/\/www.zeit.de\/2025\/32\/hunger-gaza-fotos-kinder-saher-alghorra-krankenhaus\" rel=\"nofollow\">Die ZEIT hat mit ihm gesprochen.<\/a>\n<\/p>\n<p>Durch eine Sturzflut und \u00dcberschwemmungen des Flusses Guadalupe und seiner Quellfl\u00fcsse starben im US-Bundesstaat Texas weit \u00fcber 100 Menschen. Heftige Regenf\u00e4lle hatten den Wasserstand rasant ansteigen lassen.\u00a0\n<\/p>\n<p>ICE ist eine Bundesbeh\u00f6rde des Heimatschutzministeriums der USA und f\u00fcr Festnahmen, Inhaftierungen und Abschiebungen zust\u00e4ndig. In der zweiten Amtszeit von US-Pr\u00e4sident Donald Trump wurde die Beh\u00f6rde stark ausgebaut und f\u00fchrt seither regelm\u00e4\u00dfig gro\u00dfangelegte Razzien gegen undokumentierte Migrantinnen und Migranten durch, oft ohne rechtliche Grundlage. Menschenrechtsorganisationen werfen ihr in diesem Zusammenhang die \u00fcberm\u00e4\u00dfige Anwendung von Gewalt vor. <a href=\"https:\/\/www.zeit.de\/2025\/35\/abschiebungen-usa-razzien-ice-asyl-migranten\" rel=\"nofollow\">ZEIT-Reporterin Xifan Yang<\/a> hat das Vorgehen von ICE-Beamten in New York beobachtet.\u00a0\n<\/p>\n<p>In Serbien gab es wiederholt Demonstrationen mit Hunderttausenden Teilnehmenden gegen die Regierung des autokratischen Pr\u00e4sidenten Aleksandar Vu\u010di\u0107. Sie protestierten gegen Korruption und Machtmissbrauch. Ausl\u00f6ser der Proteste war der Einsturz eines Bahnhofsdachs in der Stadt Novi Sad, bei dem 16 Menschen starben, was weithin auf tief verwurzelte Korruption zur\u00fcckgef\u00fchrt wird. <a href=\"https:\/\/www.zeit.de\/politik\/ausland\/2025-07\/proteste-serbien-demonstration-aleksandar-vucic-studenten-polizei\" rel=\"nofollow\">\u00dcber Monate organisierten Studierende gro\u00dfe Demonstrationen im ganzen Land. Sie forderten, dass die Trag\u00f6die transparent untersucht wird.<\/a>\n<\/p>\n<p>Teil von Donald Trumps Pl\u00e4nen zur Ausweitung von Abschiebungen und zur Unterbringung von Migranten ist ein Haftzentrum in den Everglades im Bundesstaat Florida. Die Anlage auf einem alten Flugfeld umfasst 5.000 Betten.\n<\/p>\n<p>Auf der griechischen Halbinsel Peloponnes\u00a0brannten in der N\u00e4he der Stadt Patras die W\u00e4lder.\n<\/p>\n<p>Der Fall hatte weltweit f\u00fcr Aufmerksamkeit gesorgt: Erst wurde Kilmar \u00c1brego Garc\u00eda widerrechtlich nach El Salvador abgeschoben und Wochen sp\u00e4ter in die USA zur\u00fcckgebracht. Dann sollte er erneut abschoben werden, doch im Dezember hat ein US-Gericht entschieden, dass die Einwanderungsbeh\u00f6rde ICE den Mann sofort freilassen muss, w\u00e4hrend \u00fcber seinen Einspruch gegen eine erneute Abschiebung entschieden wird. Der Fall steht exemplarisch f\u00fcr die Debatte \u00fcber das rigorose Vorgehen der US-Regierung gegen Migrantinnen und Migranten.\n<\/p>\n<p>Die Bundeswehr hat im August mit Flugzeugen Lebensmittel und Medikamente \u00fcber dem Gazastreifen abgeworfen. <a href=\"https:\/\/www.zeit.de\/politik\/ausland\/2025-08\/luftbruecke-gazastreifen-bundeswehr-lebensmittel-nahostkonflikt\" rel=\"nofollow\">ZEIT-Reporter Christian Vooren ist bei einem Einsatz der Luftwaffe \u00fcber Gaza mitgeflogen<\/a>.\u00a0\n<\/p>\n<p>Donald Trump will den Krieg Russlands gegen die Ukraine beenden. Dabei vertritt er zunehmend die Interessen Wladimir Putins und Russlands, statt\u00a0 der angegriffenen Ukraine beizustehen. Das zeigte sich bei der Attacke gegen Selenskyj im Winter und auch beim Empfang von Wladimir Putin im August in Alaska.\n<\/p>\n<p>\u00dcber der Region Donezk schweben russische Drohnen als st\u00e4ndige Bedrohung, sie k\u00f6nnen jederzeit Zivilisten und Soldaten treffen \u2013 im Umkreis von etwa 30 Kilometern rund um die Frontlinie. Nach und nach wird die Region mit Schutznetzen \u00fcberzogen, die gegen Angriffe durch russische Kamikaze-FPV-Drohnen helfen sollen.\n<\/p>\n<p>Bei einem israelischen Angriff auf das Nasser-Krankenhaus in Chan Junis im s\u00fcdlichen Gazastreifen sollen laut der Zivilschutzbeh\u00f6rde von Gaza f\u00fcnf Journalisten get\u00f6tet worden sein. Darunter war die Fotografin Mariam Dagga.\u00a0\u00a0\n<\/p>\n<p>Putin, Xi und Kim: drei Diktatoren auf einer Milit\u00e4rparade in Peking\n<\/p>\n<p>Ende August kam es im Osten Afghanistans zu einem schweren Erdbeben der St\u00e4rke 6,0. Die regierenden Taliban und die Hilfsorganisation Roter Halbmond sprachen von rund 2.200 Toten und mehr als 3.600 Verletzten.\n<\/p>\n<p>Am 10. September wurde der rechte Influencer und Trump-Vertraute Charlie Kirk bei einer Veranstaltung an einer Universit\u00e4t im US-Bundesstaat Utah angeschossen. Wenig sp\u00e4ter starb er an den Folgen der Verletzungen.\n<\/p>\n<p>Die Gedenkfeier f\u00fcr Kirk wurde zu einem gro\u00dfen Ereignis der christlichen US-amerikanischen Rechten, auch der US-Pr\u00e4sident war dort. Zehntausende Amerikanerinnen und Amerikaner kamen ins Stadion von Glendale in Arizona, <a href=\"https:\/\/www.zeit.de\/politik\/ausland\/2025-09\/charlie-kirk-trauerfeier-gedenkveranstaltung-attentat\/komplettansicht\" rel=\"nofollow\">der Fotograf Ethan Noah Roy war f\u00fcr die ZEIT dabei.<\/a>\n<\/p>\n<p>Deutschland ist zum zweiten Mal Basketball-Europameister: Zwei Jahre nach dem WM-Sieg in Manila gewann das Team um Kapit\u00e4n Dennis Schr\u00f6der am 14. September in Riga gegen die T\u00fcrkei mit 88:83.\n<\/p>\n<p>In zahlreichen Gro\u00dfst\u00e4dten des Globalen S\u00fcdens sind 2025 <a href=\"https:\/\/www.zeit.de\/politik\/ausland\/2025-09\/proteste-jugend-nepal-indonesien-philippinen\" rel=\"nofollow\">Zehntausende Menschen auf die Stra\u00dfe gegangen<\/a>, um gegen ihre Regierungen zu demonstrieren. Oft waren es Proteste gegen Nepotismus und Korruption in der politischen und wirtschaftlichen Elite. Es sind vor allem junge M\u00e4nner und Frauen, die das Gef\u00fchl eint, in einer ungerechten Welt zu leben.\u00a0\n<\/p>\n<p>In Frankreich formierte sich im Herbst eine neue Protestwelle mit landesweiten Blockaden. ZEIT-Korrespondentin Annika Joeres schreibt, die<br \/>\nBewegung sei\u00a0<a href=\"https:\/\/www.zeit.de\/politik\/ausland\/2025-09\/proteste-frankreich-regierung-sturz-haushalt\/komplettansicht\" rel=\"nofollow\">schwer einzuordnen<\/a>.\n<\/p>\n<p>Pal\u00e4stinenser in Chan Junis im Gazastreifen feierten den Waffenstillstand zwischen Israel und der Hamas.\n<\/p>\n<p>Gem\u00e4\u00df einem von US-Pr\u00e4sident Trump vermittelten 20-Punkte-Plan gilt im Gazastreifen seit dem 10. Oktober eine Waffenruhe. 737 Tage lang hatten sich bis dahin in Israel regelm\u00e4\u00dfig Angeh\u00f6rige der von der Hamas am 7. Oktober 2023 verschleppten Geiseln versammelt. ZEIT-Autorin Steffi Hentschke <a href=\"https:\/\/www.zeit.de\/politik\/ausland\/2025-10\/geiseluebergabe-nahost-geiseln-hamas-israel\" rel=\"nofollow\">berichtete nach Bekanntgabe der\u00a0Waffenruhe vom Geiselplatz in Tel Aviv.<\/a>\n<\/p>\n<p>Die \u00dcbergabe der toten und lebenden Geiseln war Teil des von den USA vermittelten Abkommens. Israel verpflichtete sich im Gegenzug, f\u00fcr jede tote Geisel die sterblichen \u00dcberreste von 15 Pal\u00e4stinensern zu \u00fcbergeben. Die Waffenruhe hat sich bislang als br\u00fcchig erwiesen.\n<\/p>\n<p>Zwei Ereignisse folgten im Oktober in Paris kurz aufeinander: Am 19. Oktober stahlen mehrere Personen im Louvre in weniger als sieben Minuten acht Schmuckst\u00fccke im Wert von etwa 102 Millionen Dollar.\n<\/p>\n<p>Zwei Tage sp\u00e4ter musste Frankreichs ehemaliger Pr\u00e4sident Nicolas Sarkozy seine Haft antreten, er war wegen illegaler Wahlkampffinanzierung aus Libyen zu f\u00fcnf Jahren Haft mit sofortiger Vollstreckung verurteilt worden.\n<\/p>\n<p>Der 34-j\u00e4hrige Zohran Mamdani wird im November zum neuen B\u00fcrgermeister von New York City gew\u00e4hlt.\n<\/p>\n<p>Jeffrey Epstein, ein New Yorker Investmentbanker und Multimillion\u00e4r, betrieb jahrelang einen Missbrauchsring, in dem zahlreiche junge Frauen und Minderj\u00e4hrige prominenten M\u00e4nnern zugef\u00fchrt wurden. Auch Epstein selbst soll Frauen und M\u00e4dchen missbraucht haben. Er starb offiziellen Angaben zufolge 2019 durch Suizid in seiner Gef\u00e4ngniszelle, bevor ihm der Prozess gemacht werden konnte. Der US-Kongress hat das Justizministerium inzwischen verpflichtet, die Ermittlungsakten zum Prozess freizugeben.\n<\/p>\n<p>Die AfD gr\u00fcndete Ende November in Gie\u00dfen eine Nachfolgeorganisation f\u00fcr die Junge Alternative (JA). Sie tr\u00e4gt den Namen Generation Deutschland (GD). Der Vorsitzende Jean-Pascal Hohm wird vom Brandenburger Verfassungsschutz als rechtsextremistisch eingestuft.\n<\/p>\n<p>Die Dokuserie  \u00fcber den 39-j\u00e4hrigen Aykut Anhan, wie der Rapper Haftbefehl mit b\u00fcrgerlichem Namen hei\u00dft, und seinen heftigen Drogenabsturz, wurde zum gro\u00dfen Erfolg f\u00fcr den Streamingdienst Netflix. <a href=\"https:\/\/www.zeit.de\/kultur\/musik\/2025-11\/haftbefehl-duenya-garip-neuerscheinung-tuerkisch-aykut-anhan\" rel=\"nofollow\">Die ZEIT war bei Haftbefehls erstem Auftritt nach Erscheinen der Doku im Alando Ballhaus Osnabr\u00fcck.<\/a>\u00a0\n<\/p>\n<p>Im Sudan fliehen die Menschen vor dem Terror der RSF-Miliz. In der Gegend von Al-Faschir ist die Lage besonders gef\u00e4hrlich. Sieben Gefl\u00fcchtete\u00a0<a href=\"https:\/\/www.zeit.de\/politik\/ausland\/2025-11\/sudan-gefluechtete-tawila-al-faschir-rsf-krieg\" rel=\"nofollow\">berichten der ZEIT, wie sie der Gewalt entkommen sind.<\/a>\n<\/p>\n<p>Die zweiw\u00f6chige UN-Weltklimakonferenz COP30 im brasilianischen Bel\u00e9m ging im November ohne konkrete Vereinbarungen zum Ausstieg aus den fossilen Energien zu Ende. \u00d6lstaaten wie Saudi-Arabien oder auch China blockierten einen verbindlichen Plan. F\u00fcr Beschl\u00fcsse ist bei der UN-Klimakonferenz ein Konsens erforderlich. Umweltorganisationen nannten die COP30 im Nachgang eine &#8222;herbe Entt\u00e4uschung&#8220; und eine &#8222;verpasste Chance&#8220;.\u00a0\n<\/p>\n<p>Syrerinnen und Syrer feierten in Damaskus den Jahrestag des Sturzes des Diktators Baschar al-Assad.\n<\/p>\n<p>Die amerikanische Einwanderungsbeh\u00f6rde ICE wurde nach den Terroranschl\u00e4gen vom 11. September 2001 gegr\u00fcndet. Ihre Beamten haben weitreichendere Befugnisse als andere Sicherheitsbeh\u00f6rden, Menschen festzusetzen, die sich ohne Aufenthaltsgenehmigung im Land aufhalten. Unter US-Pr\u00e4sident Donald Trump treten die ICE-Beamten sehr viel h\u00e4rter auf als bisher.\u00a0<a href=\"https:\/\/www.zeit.de\/politik\/ausland\/2025-12\/abschiebungen-usa-abschiebehaft-ice-el-salvador\" rel=\"nofollow\">Die ZEIT hat verschiedene F\u00e4lle dokumentiert.<\/a>\n<\/p>\n<p>Mitte Dezember hat Belarus 123 politische Gefangene freigelassen, darunter die belarussische Oppositionelle Maria Kolesnikowa, den Banker Wiktar Babaryka und den Friedensnobelpreistr\u00e4ger Ales Bjaljazki. Kolesnikowa lebt jetzt in Deutschland.\n<\/p>\n<p>Den Ukraine-Gipfel in Berlin konnte Bundeskanzler Friedrich Merz als Erfolg f\u00fcr sich verbuchen. Es war das erste gr\u00f6\u00dfere Treffen unter Beteiligung der USA, der Ukraine und der f\u00fchrenden Europ\u00e4er in einem EU-Staat seit dem neuen Vorsto\u00df Trumps f\u00fcr eine Friedensl\u00f6sung im November.\n<\/p>\n<p>Bei einem antisemitischen Terroranschlag auf eine Chanukka-Feier in<br \/>\nSydney starben 15 Menschen. Die zwei Attent\u00e4ter \u2013 Vater und Sohn \u2013 hatten auf eine feiernde<br \/>\nMenge am Bondi Beach geschossen.\u00a0\n<\/p>\n<\/div>\n","protected":false},"excerpt":{"rendered":"<p>Donald Trump am Tag seiner Vereidigung im Kapitol in Washington, D. C. Seit dem 7. Januar befanden sich Teile des Gro\u00dfraums von Los Angeles in einem Ausnahmezustand: Verheerende Waldbr\u00e4nde in und um die s\u00fcdkalifornische Metropole herum haben mehr als 18.000 Geb\u00e4ude zerst\u00f6rt. Starke Windb\u00f6en hatten die Feuer immer wieder neu entfacht und die L\u00f6scharbeiten erschwert.\u00a0<\/p>\n","protected":false},"author":1,"featured_media":310450,"comment_status":"open","ping_status":"open","sticky":false,"template":"","format":"standard","meta":{"footnotes":""},"categories":[116],"tags":[],"class_list":["post-310449","post","type-post","status-publish","format-standard","has-post-thumbnail","hentry","category-war-chronicles-de"],"acf":[],"yoast_head":"<!-- This site is optimized with the Yoast SEO plugin v22.9 - https:\/\/yoast.com\/wordpress\/plugins\/seo\/ -->\n<title>Was Bilder \u00fcber das Jahr 2025 erz\u00e4hlen - vof-news.eu<\/title>\n<meta name=\"description\" content=\"Donald Trump am Tag seiner Vereidigung im Kapitol in Washington, D. C.\" \/>\n<meta name=\"robots\" content=\"noindex, follow, max-snippet:-1, max-image-preview:large, max-video-preview:-1\" \/>\n<meta property=\"og:locale\" content=\"de_DE\" \/>\n<meta property=\"og:type\" content=\"article\" \/>\n<meta property=\"og:title\" content=\"Was Bilder \u00fcber das Jahr 2025 erz\u00e4hlen - vof-news.eu\" \/>\n<meta property=\"og:description\" content=\"Donald Trump am Tag seiner Vereidigung im Kapitol in Washington, D. C.\" \/>\n<meta property=\"og:url\" content=\"https:\/\/vof-news.eu\/de\/was-bilder-uber-das-jahr-2025-erzahlen\/\" \/>\n<meta property=\"og:site_name\" content=\"vof-news.eu\" \/>\n<meta property=\"article:published_time\" content=\"2025-12-23T18:28:12+00:00\" \/>\n<meta property=\"article:modified_time\" content=\"2025-12-23T18:29:35+00:00\" \/>\n<meta property=\"og:image\" content=\"https:\/\/vof-news.eu\/wp-content\/uploads\/2025\/12\/original__1000x667.jpg\" \/>\n\t<meta property=\"og:image:width\" content=\"1000\" \/>\n\t<meta property=\"og:image:height\" content=\"667\" \/>\n\t<meta property=\"og:image:type\" content=\"image\/jpeg\" \/>\n<meta name=\"author\" content=\"Author\" \/>\n<meta name=\"twitter:card\" content=\"summary_large_image\" \/>\n<meta name=\"twitter:label1\" content=\"Verfasst von\" \/>\n\t<meta name=\"twitter:data1\" content=\"Author\" \/>\n\t<meta name=\"twitter:label2\" content=\"Gesch\u00e4tzte Lesezeit\" \/>\n\t<meta name=\"twitter:data2\" content=\"14\u00a0Minuten\" \/>\n<script type=\"application\/ld+json\" class=\"yoast-schema-graph\">{\"@context\":\"https:\/\/schema.org\",\"@graph\":[{\"@type\":\"WebPage\",\"@id\":\"https:\/\/vof-news.eu\/de\/was-bilder-uber-das-jahr-2025-erzahlen\/\",\"url\":\"https:\/\/vof-news.eu\/de\/was-bilder-uber-das-jahr-2025-erzahlen\/\",\"name\":\"Was Bilder \u00fcber das Jahr 2025 erz\u00e4hlen - vof-news.eu\",\"isPartOf\":{\"@id\":\"https:\/\/vof-news.eu\/de\/#website\"},\"primaryImageOfPage\":{\"@id\":\"https:\/\/vof-news.eu\/de\/was-bilder-uber-das-jahr-2025-erzahlen\/#primaryimage\"},\"image\":{\"@id\":\"https:\/\/vof-news.eu\/de\/was-bilder-uber-das-jahr-2025-erzahlen\/#primaryimage\"},\"thumbnailUrl\":\"https:\/\/vof-news.eu\/wp-content\/uploads\/2025\/12\/original__1000x667.jpg\",\"datePublished\":\"2025-12-23T18:28:12+00:00\",\"dateModified\":\"2025-12-23T18:29:35+00:00\",\"author\":{\"@id\":\"https:\/\/vof-news.eu\/de\/#\/schema\/person\/f6a2a4309f0561835797fd8c19b333ed\"},\"description\":\"Donald Trump am Tag seiner Vereidigung im Kapitol in Washington, D. C.\",\"breadcrumb\":{\"@id\":\"https:\/\/vof-news.eu\/de\/was-bilder-uber-das-jahr-2025-erzahlen\/#breadcrumb\"},\"inLanguage\":\"de\",\"potentialAction\":[{\"@type\":\"ReadAction\",\"target\":[\"https:\/\/vof-news.eu\/de\/was-bilder-uber-das-jahr-2025-erzahlen\/\"]}]},{\"@type\":\"ImageObject\",\"inLanguage\":\"de\",\"@id\":\"https:\/\/vof-news.eu\/de\/was-bilder-uber-das-jahr-2025-erzahlen\/#primaryimage\",\"url\":\"https:\/\/vof-news.eu\/wp-content\/uploads\/2025\/12\/original__1000x667.jpg\",\"contentUrl\":\"https:\/\/vof-news.eu\/wp-content\/uploads\/2025\/12\/original__1000x667.jpg\",\"width\":1000,\"height\":667},{\"@type\":\"BreadcrumbList\",\"@id\":\"https:\/\/vof-news.eu\/de\/was-bilder-uber-das-jahr-2025-erzahlen\/#breadcrumb\",\"itemListElement\":[{\"@type\":\"ListItem\",\"position\":1,\"name\":\"Home\",\"item\":\"https:\/\/vof-news.eu\/de\/\"},{\"@type\":\"ListItem\",\"position\":2,\"name\":\"Was Bilder \u00fcber das Jahr 2025 erz\u00e4hlen\"}]},{\"@type\":\"WebSite\",\"@id\":\"https:\/\/vof-news.eu\/de\/#website\",\"url\":\"https:\/\/vof-news.eu\/de\/\",\"name\":\"vof-news.eu\",\"description\":\"\",\"potentialAction\":[{\"@type\":\"SearchAction\",\"target\":{\"@type\":\"EntryPoint\",\"urlTemplate\":\"https:\/\/vof-news.eu\/de\/?s={search_term_string}\"},\"query-input\":\"required name=search_term_string\"}],\"inLanguage\":\"de\"},{\"@type\":\"Person\",\"@id\":\"https:\/\/vof-news.eu\/de\/#\/schema\/person\/f6a2a4309f0561835797fd8c19b333ed\",\"name\":\"Author\",\"image\":{\"@type\":\"ImageObject\",\"inLanguage\":\"de\",\"@id\":\"https:\/\/vof-news.eu\/de\/#\/schema\/person\/image\/\",\"url\":\"https:\/\/secure.gravatar.com\/avatar\/b67e614b1b25b3e9c0c239efdd2fde5ab015b5affd6f1c3c85911ca4b384e790?s=96&d=mm&r=g\",\"contentUrl\":\"https:\/\/secure.gravatar.com\/avatar\/b67e614b1b25b3e9c0c239efdd2fde5ab015b5affd6f1c3c85911ca4b384e790?s=96&d=mm&r=g\",\"caption\":\"Author\"},\"sameAs\":[\"http:\/\/vof-news.eu\"],\"url\":\"https:\/\/vof-news.eu\/de\/author\/zwt6qxnjulxbnyg\/\"}]}<\/script>\n<!-- \/ Yoast SEO plugin. -->","yoast_head_json":{"title":"Was Bilder \u00fcber das Jahr 2025 erz\u00e4hlen - vof-news.eu","description":"Donald Trump am Tag seiner Vereidigung im Kapitol in Washington, D. C.","robots":{"index":"noindex","follow":"follow","max-snippet":"max-snippet:-1","max-image-preview":"max-image-preview:large","max-video-preview":"max-video-preview:-1"},"og_locale":"de_DE","og_type":"article","og_title":"Was Bilder \u00fcber das Jahr 2025 erz\u00e4hlen - vof-news.eu","og_description":"Donald Trump am Tag seiner Vereidigung im Kapitol in Washington, D. C.","og_url":"https:\/\/vof-news.eu\/de\/was-bilder-uber-das-jahr-2025-erzahlen\/","og_site_name":"vof-news.eu","article_published_time":"2025-12-23T18:28:12+00:00","article_modified_time":"2025-12-23T18:29:35+00:00","og_image":[{"width":1000,"height":667,"url":"https:\/\/vof-news.eu\/wp-content\/uploads\/2025\/12\/original__1000x667.jpg","type":"image\/jpeg"}],"author":"Author","twitter_card":"summary_large_image","twitter_misc":{"Verfasst von":"Author","Gesch\u00e4tzte Lesezeit":"14\u00a0Minuten"},"schema":{"@context":"https:\/\/schema.org","@graph":[{"@type":"WebPage","@id":"https:\/\/vof-news.eu\/de\/was-bilder-uber-das-jahr-2025-erzahlen\/","url":"https:\/\/vof-news.eu\/de\/was-bilder-uber-das-jahr-2025-erzahlen\/","name":"Was Bilder \u00fcber das Jahr 2025 erz\u00e4hlen - vof-news.eu","isPartOf":{"@id":"https:\/\/vof-news.eu\/de\/#website"},"primaryImageOfPage":{"@id":"https:\/\/vof-news.eu\/de\/was-bilder-uber-das-jahr-2025-erzahlen\/#primaryimage"},"image":{"@id":"https:\/\/vof-news.eu\/de\/was-bilder-uber-das-jahr-2025-erzahlen\/#primaryimage"},"thumbnailUrl":"https:\/\/vof-news.eu\/wp-content\/uploads\/2025\/12\/original__1000x667.jpg","datePublished":"2025-12-23T18:28:12+00:00","dateModified":"2025-12-23T18:29:35+00:00","author":{"@id":"https:\/\/vof-news.eu\/de\/#\/schema\/person\/f6a2a4309f0561835797fd8c19b333ed"},"description":"Donald Trump am Tag seiner Vereidigung im Kapitol in Washington, D. C.","breadcrumb":{"@id":"https:\/\/vof-news.eu\/de\/was-bilder-uber-das-jahr-2025-erzahlen\/#breadcrumb"},"inLanguage":"de","potentialAction":[{"@type":"ReadAction","target":["https:\/\/vof-news.eu\/de\/was-bilder-uber-das-jahr-2025-erzahlen\/"]}]},{"@type":"ImageObject","inLanguage":"de","@id":"https:\/\/vof-news.eu\/de\/was-bilder-uber-das-jahr-2025-erzahlen\/#primaryimage","url":"https:\/\/vof-news.eu\/wp-content\/uploads\/2025\/12\/original__1000x667.jpg","contentUrl":"https:\/\/vof-news.eu\/wp-content\/uploads\/2025\/12\/original__1000x667.jpg","width":1000,"height":667},{"@type":"BreadcrumbList","@id":"https:\/\/vof-news.eu\/de\/was-bilder-uber-das-jahr-2025-erzahlen\/#breadcrumb","itemListElement":[{"@type":"ListItem","position":1,"name":"Home","item":"https:\/\/vof-news.eu\/de\/"},{"@type":"ListItem","position":2,"name":"Was Bilder \u00fcber das Jahr 2025 erz\u00e4hlen"}]},{"@type":"WebSite","@id":"https:\/\/vof-news.eu\/de\/#website","url":"https:\/\/vof-news.eu\/de\/","name":"vof-news.eu","description":"","potentialAction":[{"@type":"SearchAction","target":{"@type":"EntryPoint","urlTemplate":"https:\/\/vof-news.eu\/de\/?s={search_term_string}"},"query-input":"required name=search_term_string"}],"inLanguage":"de"},{"@type":"Person","@id":"https:\/\/vof-news.eu\/de\/#\/schema\/person\/f6a2a4309f0561835797fd8c19b333ed","name":"Author","image":{"@type":"ImageObject","inLanguage":"de","@id":"https:\/\/vof-news.eu\/de\/#\/schema\/person\/image\/","url":"https:\/\/secure.gravatar.com\/avatar\/b67e614b1b25b3e9c0c239efdd2fde5ab015b5affd6f1c3c85911ca4b384e790?s=96&d=mm&r=g","contentUrl":"https:\/\/secure.gravatar.com\/avatar\/b67e614b1b25b3e9c0c239efdd2fde5ab015b5affd6f1c3c85911ca4b384e790?s=96&d=mm&r=g","caption":"Author"},"sameAs":["http:\/\/vof-news.eu"],"url":"https:\/\/vof-news.eu\/de\/author\/zwt6qxnjulxbnyg\/"}]}},"yoast_meta":{"yoast_wpseo_title":"","yoast_wpseo_metadesc":"","yoast_wpseo_canonical":""},"_links":{"self":[{"href":"https:\/\/vof-news.eu\/de\/wp-json\/wp\/v2\/posts\/310449","targetHints":{"allow":["GET"]}}],"collection":[{"href":"https:\/\/vof-news.eu\/de\/wp-json\/wp\/v2\/posts"}],"about":[{"href":"https:\/\/vof-news.eu\/de\/wp-json\/wp\/v2\/types\/post"}],"author":[{"embeddable":true,"href":"https:\/\/vof-news.eu\/de\/wp-json\/wp\/v2\/users\/1"}],"replies":[{"embeddable":true,"href":"https:\/\/vof-news.eu\/de\/wp-json\/wp\/v2\/comments?post=310449"}],"version-history":[{"count":1,"href":"https:\/\/vof-news.eu\/de\/wp-json\/wp\/v2\/posts\/310449\/revisions"}],"predecessor-version":[{"id":310456,"href":"https:\/\/vof-news.eu\/de\/wp-json\/wp\/v2\/posts\/310449\/revisions\/310456"}],"wp:featuredmedia":[{"embeddable":true,"href":"https:\/\/vof-news.eu\/de\/wp-json\/wp\/v2\/media\/310450"}],"wp:attachment":[{"href":"https:\/\/vof-news.eu\/de\/wp-json\/wp\/v2\/media?parent=310449"}],"wp:term":[{"taxonomy":"category","embeddable":true,"href":"https:\/\/vof-news.eu\/de\/wp-json\/wp\/v2\/categories?post=310449"},{"taxonomy":"post_tag","embeddable":true,"href":"https:\/\/vof-news.eu\/de\/wp-json\/wp\/v2\/tags?post=310449"}],"curies":[{"name":"wp","href":"https:\/\/api.w.org\/{rel}","templated":true}]}}