{"id":310018,"date":"2025-12-22T13:28:17","date_gmt":"2025-12-22T10:28:17","guid":{"rendered":"https:\/\/vof-news.eu\/russischer-general-in-moskau-mutmaslich-durch-autobombe-getotet\/"},"modified":"2025-12-22T13:29:54","modified_gmt":"2025-12-22T10:29:54","slug":"russischer-general-in-moskau-mutmaslich-durch-autobombe-getotet","status":"publish","type":"post","link":"https:\/\/vof-news.eu\/de\/russischer-general-in-moskau-mutmaslich-durch-autobombe-getotet\/","title":{"rendered":"Russischer General in Moskau mutma\u00dflich durch Autobombe get\u00f6tet"},"content":{"rendered":"<div>\n<p>In <a href=\"https:\/\/www.zeit.de\/thema\/moskau\" rel=\"nofollow\">Moskau<\/a> ist ein russischer General laut Beh\u00f6rdenangaben bei der Explosion eines Sprengsatzes an seinem Auto get\u00f6tet worden.\u00a0Fanil Sarwarow sei an seinen Verletzungen gestorben, teilte die Sprecherin des russischen Ermittlungskomitees, Swetlana Petrenko, mit. Es werde in verschiedene Richtungen ermittelt, unter anderem, ob der Geheimdienst der Ukraine f\u00fcr die Explosion verantwortlich sei, sagte sie.\u00a0&#8222;Die Ermittler pr\u00fcfen verschiedene Versionen des Mordes. Eine davon ist<br \/>\ndie Version, dass das Verbrechen von den ukrainischen Geheimdiensten<br \/>\norganisiert wurde&#8220;, schrieb Petrenko auf Telegram.\u00a0Sarwarow war Leiter der operativen Ausbildungsabteilung des russischen<br \/>\nGeneralstabs.\n<\/p>\n<p>\u200bVor einem Jahr war der russische\u00a0General\u00a0Igor Kirillow bei einem Bombenanschlag in <span><a href=\"https:\/\/www.zeit.de\/thema\/moskau\" rel=\"nofollow\">Moskau<\/a><\/span> get\u00f6tet worden. Damals bekannte sich der ukrainische Geheimdienst \u2060SBU dazu. Er machte Kirillow f\u00fcr den Einsatz chemischer Waffen gegen ukrainische Truppen verantwortlich. Russland wies diese Vorw\u00fcrfe zur\u00fcck.\n<\/p>\n<p>Seit Beginn der <a href=\"https:\/\/www.zeit.de\/thema\/krieg-in-ukraine\" rel=\"nofollow\">russischen Offensive in der Ukraine<\/a> im Februar 2022<br \/>\nwurden bereits mehrere mit dem Milit\u00e4reinsatz in Verbindung stehende<br \/>\nRussen bei Sprengstoffanschl\u00e4gen in <span><a href=\"https:\/\/www.zeit.de\/thema\/russland\" rel=\"nofollow\">Russland<\/a><\/span> get\u00f6tet. Im April dieses Jahres starb<br \/>\nGeneral Jaroslaw Moskalik bei einer Autoexplosion in der N\u00e4he<br \/>\nvon\u00a0Moskau.\u00a0\n<\/p>\n<\/p>\n<\/div>\n","protected":false},"excerpt":{"rendered":"<p>In Moskau ist ein russischer General laut Beh\u00f6rdenangaben bei der Explosion eines Sprengsatzes an seinem Auto get\u00f6tet worden.\u00a0Fanil Sarwarow sei an seinen Verletzungen gestorben, teilte die Sprecherin des russischen Ermittlungskomitees, Swetlana Petrenko, mit. Es werde in verschiedene Richtungen ermittelt, unter anderem, ob der Geheimdienst der Ukraine f\u00fcr die Explosion verantwortlich sei, sagte sie.\u00a0&#8222;Die Ermittler pr\u00fcfen<\/p>\n","protected":false},"author":1,"featured_media":310019,"comment_status":"open","ping_status":"open","sticky":false,"template":"","format":"standard","meta":{"footnotes":""},"categories":[116],"tags":[],"class_list":["post-310018","post","type-post","status-publish","format-standard","has-post-thumbnail","hentry","category-war-chronicles-de"],"acf":[],"yoast_head":"<!-- This site is optimized with the Yoast SEO plugin v22.9 - https:\/\/yoast.com\/wordpress\/plugins\/seo\/ -->\n<title>Russischer General in Moskau mutma\u00dflich durch Autobombe get\u00f6tet - vof-news.eu<\/title>\n<meta name=\"description\" content=\"In Moskau ist ein russischer General laut Beh\u00f6rdenangaben bei der Explosion eines Sprengsatzes an seinem Auto get\u00f6tet worden.\u00a0Fanil Sarwarow sei an seinen Verletzungen gestorben, teilte die Sprecherin des russischen Ermittlungskomitees, Swetlana Petrenko, mit. Es werde in verschiedene Richtungen ermittelt, unter anderem, ob der Geheimdienst der Ukraine f\u00fcr die Explosion verantwortlich sei, sagte sie.\u00a0&quot;Die Ermittler pr\u00fcfen verschiedene Versionen des Mordes. Eine davon ist\" \/>\n<meta name=\"robots\" content=\"noindex, follow, max-snippet:-1, max-image-preview:large, max-video-preview:-1\" \/>\n<meta property=\"og:locale\" content=\"de_DE\" \/>\n<meta property=\"og:type\" content=\"article\" \/>\n<meta property=\"og:title\" content=\"Russischer General in Moskau mutma\u00dflich durch Autobombe get\u00f6tet - vof-news.eu\" \/>\n<meta property=\"og:description\" content=\"In Moskau ist ein russischer General laut Beh\u00f6rdenangaben bei der Explosion eines Sprengsatzes an seinem Auto get\u00f6tet worden.\u00a0Fanil Sarwarow sei an seinen Verletzungen gestorben, teilte die Sprecherin des russischen Ermittlungskomitees, Swetlana Petrenko, mit. Es werde in verschiedene Richtungen ermittelt, unter anderem, ob der Geheimdienst der Ukraine f\u00fcr die Explosion verantwortlich sei, sagte sie.\u00a0&quot;Die Ermittler pr\u00fcfen verschiedene Versionen des Mordes. Eine davon ist\" \/>\n<meta property=\"og:url\" content=\"https:\/\/vof-news.eu\/de\/russischer-general-in-moskau-mutmaslich-durch-autobombe-getotet\/\" \/>\n<meta property=\"og:site_name\" content=\"vof-news.eu\" \/>\n<meta property=\"article:published_time\" content=\"2025-12-22T10:28:17+00:00\" \/>\n<meta property=\"article:modified_time\" content=\"2025-12-22T10:29:54+00:00\" \/>\n<meta property=\"og:image\" content=\"https:\/\/vof-news.eu\/wp-content\/uploads\/2025\/12\/wide__1000x562-94.jpg\" \/>\n\t<meta property=\"og:image:width\" content=\"1000\" \/>\n\t<meta property=\"og:image:height\" content=\"562\" \/>\n\t<meta property=\"og:image:type\" content=\"image\/jpeg\" \/>\n<meta name=\"author\" content=\"Author\" \/>\n<meta name=\"twitter:card\" content=\"summary_large_image\" \/>\n<meta name=\"twitter:label1\" content=\"Verfasst von\" \/>\n\t<meta name=\"twitter:data1\" content=\"Author\" \/>\n\t<meta name=\"twitter:label2\" content=\"Gesch\u00e4tzte Lesezeit\" \/>\n\t<meta name=\"twitter:data2\" content=\"1\u00a0Minute\" \/>\n<script type=\"application\/ld+json\" class=\"yoast-schema-graph\">{\"@context\":\"https:\/\/schema.org\",\"@graph\":[{\"@type\":\"WebPage\",\"@id\":\"https:\/\/vof-news.eu\/de\/russischer-general-in-moskau-mutmaslich-durch-autobombe-getotet\/\",\"url\":\"https:\/\/vof-news.eu\/de\/russischer-general-in-moskau-mutmaslich-durch-autobombe-getotet\/\",\"name\":\"Russischer General in Moskau mutma\u00dflich durch Autobombe get\u00f6tet - vof-news.eu\",\"isPartOf\":{\"@id\":\"https:\/\/vof-news.eu\/de\/#website\"},\"primaryImageOfPage\":{\"@id\":\"https:\/\/vof-news.eu\/de\/russischer-general-in-moskau-mutmaslich-durch-autobombe-getotet\/#primaryimage\"},\"image\":{\"@id\":\"https:\/\/vof-news.eu\/de\/russischer-general-in-moskau-mutmaslich-durch-autobombe-getotet\/#primaryimage\"},\"thumbnailUrl\":\"https:\/\/vof-news.eu\/wp-content\/uploads\/2025\/12\/wide__1000x562-94.jpg\",\"datePublished\":\"2025-12-22T10:28:17+00:00\",\"dateModified\":\"2025-12-22T10:29:54+00:00\",\"author\":{\"@id\":\"https:\/\/vof-news.eu\/de\/#\/schema\/person\/f6a2a4309f0561835797fd8c19b333ed\"},\"description\":\"In Moskau ist ein russischer General laut Beh\u00f6rdenangaben bei der Explosion eines Sprengsatzes an seinem Auto get\u00f6tet worden.\u00a0Fanil Sarwarow sei an seinen Verletzungen gestorben, teilte die Sprecherin des russischen Ermittlungskomitees, Swetlana Petrenko, mit. Es werde in verschiedene Richtungen ermittelt, unter anderem, ob der Geheimdienst der Ukraine f\u00fcr die Explosion verantwortlich sei, sagte sie.\u00a0\\\"Die Ermittler pr\u00fcfen verschiedene Versionen des Mordes. Eine davon ist\",\"breadcrumb\":{\"@id\":\"https:\/\/vof-news.eu\/de\/russischer-general-in-moskau-mutmaslich-durch-autobombe-getotet\/#breadcrumb\"},\"inLanguage\":\"de\",\"potentialAction\":[{\"@type\":\"ReadAction\",\"target\":[\"https:\/\/vof-news.eu\/de\/russischer-general-in-moskau-mutmaslich-durch-autobombe-getotet\/\"]}]},{\"@type\":\"ImageObject\",\"inLanguage\":\"de\",\"@id\":\"https:\/\/vof-news.eu\/de\/russischer-general-in-moskau-mutmaslich-durch-autobombe-getotet\/#primaryimage\",\"url\":\"https:\/\/vof-news.eu\/wp-content\/uploads\/2025\/12\/wide__1000x562-94.jpg\",\"contentUrl\":\"https:\/\/vof-news.eu\/wp-content\/uploads\/2025\/12\/wide__1000x562-94.jpg\",\"width\":1000,\"height\":562},{\"@type\":\"BreadcrumbList\",\"@id\":\"https:\/\/vof-news.eu\/de\/russischer-general-in-moskau-mutmaslich-durch-autobombe-getotet\/#breadcrumb\",\"itemListElement\":[{\"@type\":\"ListItem\",\"position\":1,\"name\":\"Home\",\"item\":\"https:\/\/vof-news.eu\/de\/\"},{\"@type\":\"ListItem\",\"position\":2,\"name\":\"Russischer General in Moskau mutma\u00dflich durch Autobombe get\u00f6tet\"}]},{\"@type\":\"WebSite\",\"@id\":\"https:\/\/vof-news.eu\/de\/#website\",\"url\":\"https:\/\/vof-news.eu\/de\/\",\"name\":\"vof-news.eu\",\"description\":\"\",\"potentialAction\":[{\"@type\":\"SearchAction\",\"target\":{\"@type\":\"EntryPoint\",\"urlTemplate\":\"https:\/\/vof-news.eu\/de\/?s={search_term_string}\"},\"query-input\":\"required name=search_term_string\"}],\"inLanguage\":\"de\"},{\"@type\":\"Person\",\"@id\":\"https:\/\/vof-news.eu\/de\/#\/schema\/person\/f6a2a4309f0561835797fd8c19b333ed\",\"name\":\"Author\",\"image\":{\"@type\":\"ImageObject\",\"inLanguage\":\"de\",\"@id\":\"https:\/\/vof-news.eu\/de\/#\/schema\/person\/image\/\",\"url\":\"https:\/\/secure.gravatar.com\/avatar\/b67e614b1b25b3e9c0c239efdd2fde5ab015b5affd6f1c3c85911ca4b384e790?s=96&d=mm&r=g\",\"contentUrl\":\"https:\/\/secure.gravatar.com\/avatar\/b67e614b1b25b3e9c0c239efdd2fde5ab015b5affd6f1c3c85911ca4b384e790?s=96&d=mm&r=g\",\"caption\":\"Author\"},\"sameAs\":[\"http:\/\/vof-news.eu\"],\"url\":\"https:\/\/vof-news.eu\/de\/author\/zwt6qxnjulxbnyg\/\"}]}<\/script>\n<!-- \/ Yoast SEO plugin. -->","yoast_head_json":{"title":"Russischer General in Moskau mutma\u00dflich durch Autobombe get\u00f6tet - vof-news.eu","description":"In Moskau ist ein russischer General laut Beh\u00f6rdenangaben bei der Explosion eines Sprengsatzes an seinem Auto get\u00f6tet worden.\u00a0Fanil Sarwarow sei an seinen Verletzungen gestorben, teilte die Sprecherin des russischen Ermittlungskomitees, Swetlana Petrenko, mit. Es werde in verschiedene Richtungen ermittelt, unter anderem, ob der Geheimdienst der Ukraine f\u00fcr die Explosion verantwortlich sei, sagte sie.\u00a0\"Die Ermittler pr\u00fcfen verschiedene Versionen des Mordes. Eine davon ist","robots":{"index":"noindex","follow":"follow","max-snippet":"max-snippet:-1","max-image-preview":"max-image-preview:large","max-video-preview":"max-video-preview:-1"},"og_locale":"de_DE","og_type":"article","og_title":"Russischer General in Moskau mutma\u00dflich durch Autobombe get\u00f6tet - vof-news.eu","og_description":"In Moskau ist ein russischer General laut Beh\u00f6rdenangaben bei der Explosion eines Sprengsatzes an seinem Auto get\u00f6tet worden.\u00a0Fanil Sarwarow sei an seinen Verletzungen gestorben, teilte die Sprecherin des russischen Ermittlungskomitees, Swetlana Petrenko, mit. Es werde in verschiedene Richtungen ermittelt, unter anderem, ob der Geheimdienst der Ukraine f\u00fcr die Explosion verantwortlich sei, sagte sie.\u00a0\"Die Ermittler pr\u00fcfen verschiedene Versionen des Mordes. Eine davon ist","og_url":"https:\/\/vof-news.eu\/de\/russischer-general-in-moskau-mutmaslich-durch-autobombe-getotet\/","og_site_name":"vof-news.eu","article_published_time":"2025-12-22T10:28:17+00:00","article_modified_time":"2025-12-22T10:29:54+00:00","og_image":[{"width":1000,"height":562,"url":"https:\/\/vof-news.eu\/wp-content\/uploads\/2025\/12\/wide__1000x562-94.jpg","type":"image\/jpeg"}],"author":"Author","twitter_card":"summary_large_image","twitter_misc":{"Verfasst von":"Author","Gesch\u00e4tzte Lesezeit":"1\u00a0Minute"},"schema":{"@context":"https:\/\/schema.org","@graph":[{"@type":"WebPage","@id":"https:\/\/vof-news.eu\/de\/russischer-general-in-moskau-mutmaslich-durch-autobombe-getotet\/","url":"https:\/\/vof-news.eu\/de\/russischer-general-in-moskau-mutmaslich-durch-autobombe-getotet\/","name":"Russischer General in Moskau mutma\u00dflich durch Autobombe get\u00f6tet - vof-news.eu","isPartOf":{"@id":"https:\/\/vof-news.eu\/de\/#website"},"primaryImageOfPage":{"@id":"https:\/\/vof-news.eu\/de\/russischer-general-in-moskau-mutmaslich-durch-autobombe-getotet\/#primaryimage"},"image":{"@id":"https:\/\/vof-news.eu\/de\/russischer-general-in-moskau-mutmaslich-durch-autobombe-getotet\/#primaryimage"},"thumbnailUrl":"https:\/\/vof-news.eu\/wp-content\/uploads\/2025\/12\/wide__1000x562-94.jpg","datePublished":"2025-12-22T10:28:17+00:00","dateModified":"2025-12-22T10:29:54+00:00","author":{"@id":"https:\/\/vof-news.eu\/de\/#\/schema\/person\/f6a2a4309f0561835797fd8c19b333ed"},"description":"In Moskau ist ein russischer General laut Beh\u00f6rdenangaben bei der Explosion eines Sprengsatzes an seinem Auto get\u00f6tet worden.\u00a0Fanil Sarwarow sei an seinen Verletzungen gestorben, teilte die Sprecherin des russischen Ermittlungskomitees, Swetlana Petrenko, mit. Es werde in verschiedene Richtungen ermittelt, unter anderem, ob der Geheimdienst der Ukraine f\u00fcr die Explosion verantwortlich sei, sagte sie.\u00a0\"Die Ermittler pr\u00fcfen verschiedene Versionen des Mordes. Eine davon ist","breadcrumb":{"@id":"https:\/\/vof-news.eu\/de\/russischer-general-in-moskau-mutmaslich-durch-autobombe-getotet\/#breadcrumb"},"inLanguage":"de","potentialAction":[{"@type":"ReadAction","target":["https:\/\/vof-news.eu\/de\/russischer-general-in-moskau-mutmaslich-durch-autobombe-getotet\/"]}]},{"@type":"ImageObject","inLanguage":"de","@id":"https:\/\/vof-news.eu\/de\/russischer-general-in-moskau-mutmaslich-durch-autobombe-getotet\/#primaryimage","url":"https:\/\/vof-news.eu\/wp-content\/uploads\/2025\/12\/wide__1000x562-94.jpg","contentUrl":"https:\/\/vof-news.eu\/wp-content\/uploads\/2025\/12\/wide__1000x562-94.jpg","width":1000,"height":562},{"@type":"BreadcrumbList","@id":"https:\/\/vof-news.eu\/de\/russischer-general-in-moskau-mutmaslich-durch-autobombe-getotet\/#breadcrumb","itemListElement":[{"@type":"ListItem","position":1,"name":"Home","item":"https:\/\/vof-news.eu\/de\/"},{"@type":"ListItem","position":2,"name":"Russischer General in Moskau mutma\u00dflich durch Autobombe get\u00f6tet"}]},{"@type":"WebSite","@id":"https:\/\/vof-news.eu\/de\/#website","url":"https:\/\/vof-news.eu\/de\/","name":"vof-news.eu","description":"","potentialAction":[{"@type":"SearchAction","target":{"@type":"EntryPoint","urlTemplate":"https:\/\/vof-news.eu\/de\/?s={search_term_string}"},"query-input":"required name=search_term_string"}],"inLanguage":"de"},{"@type":"Person","@id":"https:\/\/vof-news.eu\/de\/#\/schema\/person\/f6a2a4309f0561835797fd8c19b333ed","name":"Author","image":{"@type":"ImageObject","inLanguage":"de","@id":"https:\/\/vof-news.eu\/de\/#\/schema\/person\/image\/","url":"https:\/\/secure.gravatar.com\/avatar\/b67e614b1b25b3e9c0c239efdd2fde5ab015b5affd6f1c3c85911ca4b384e790?s=96&d=mm&r=g","contentUrl":"https:\/\/secure.gravatar.com\/avatar\/b67e614b1b25b3e9c0c239efdd2fde5ab015b5affd6f1c3c85911ca4b384e790?s=96&d=mm&r=g","caption":"Author"},"sameAs":["http:\/\/vof-news.eu"],"url":"https:\/\/vof-news.eu\/de\/author\/zwt6qxnjulxbnyg\/"}]}},"yoast_meta":{"yoast_wpseo_title":"","yoast_wpseo_metadesc":"","yoast_wpseo_canonical":""},"_links":{"self":[{"href":"https:\/\/vof-news.eu\/de\/wp-json\/wp\/v2\/posts\/310018","targetHints":{"allow":["GET"]}}],"collection":[{"href":"https:\/\/vof-news.eu\/de\/wp-json\/wp\/v2\/posts"}],"about":[{"href":"https:\/\/vof-news.eu\/de\/wp-json\/wp\/v2\/types\/post"}],"author":[{"embeddable":true,"href":"https:\/\/vof-news.eu\/de\/wp-json\/wp\/v2\/users\/1"}],"replies":[{"embeddable":true,"href":"https:\/\/vof-news.eu\/de\/wp-json\/wp\/v2\/comments?post=310018"}],"version-history":[{"count":1,"href":"https:\/\/vof-news.eu\/de\/wp-json\/wp\/v2\/posts\/310018\/revisions"}],"predecessor-version":[{"id":310025,"href":"https:\/\/vof-news.eu\/de\/wp-json\/wp\/v2\/posts\/310018\/revisions\/310025"}],"wp:featuredmedia":[{"embeddable":true,"href":"https:\/\/vof-news.eu\/de\/wp-json\/wp\/v2\/media\/310019"}],"wp:attachment":[{"href":"https:\/\/vof-news.eu\/de\/wp-json\/wp\/v2\/media?parent=310018"}],"wp:term":[{"taxonomy":"category","embeddable":true,"href":"https:\/\/vof-news.eu\/de\/wp-json\/wp\/v2\/categories?post=310018"},{"taxonomy":"post_tag","embeddable":true,"href":"https:\/\/vof-news.eu\/de\/wp-json\/wp\/v2\/tags?post=310018"}],"curies":[{"name":"wp","href":"https:\/\/api.w.org\/{rel}","templated":true}]}}