{"id":309874,"date":"2025-12-22T03:28:13","date_gmt":"2025-12-22T00:28:13","guid":{"rendered":"https:\/\/vof-news.eu\/ukraine-und-usa-sprechen-von-produktiven-und-konstruktiven-treffen\/"},"modified":"2025-12-22T03:29:58","modified_gmt":"2025-12-22T00:29:58","slug":"ukraine-und-usa-sprechen-von-produktiven-und-konstruktiven-treffen","status":"publish","type":"post","link":"https:\/\/vof-news.eu\/de\/ukraine-und-usa-sprechen-von-produktiven-und-konstruktiven-treffen\/","title":{"rendered":"Ukraine und USA sprechen von &#8222;produktiven und konstruktiven&#8220; Treffen"},"content":{"rendered":"<div>\n<p>Die <a href=\"https:\/\/www.zeit.de\/politik\/ausland\/ukraine-krieg-news-liveblog\" rel=\"nofollow\">Gespr\u00e4che in den USA \u00fcber ein Ende des<br \/>\nrussischen Angriffskriegs<\/a> in der <span><a href=\"https:\/\/www.zeit.de\/politik\/ausland\/ukraine-krieg-news-liveblog\" rel=\"nofollow\">Ukraine<\/a><\/span> sind nach Angaben der Regierungen in Kyjiw und<br \/>\nWashington &#8222;produktiv und konstruktiv&#8220; verlaufen. Eine entsprechende<br \/>\nErkl\u00e4rung zu den Gespr\u00e4chen in Miami im US-Bundesstaat Florida<br \/>\nver\u00f6ffentlichten die Delegationen aus den USA und der Ukraine am<br \/>\nSonntag. Zuvor hatte die russische Regierung die Erwartungen an die Gespr\u00e4che<br \/>\nged\u00e4mpft.\n<\/p>\n<p>&#8222;In den vergangenen drei Tagen in Florida hat<br \/>\ndie ukrainische Delegation eine Reihe produktiver und konstruktiver<br \/>\nTreffen mit ihren amerikanischen und europ\u00e4ischen Partnern abgehalten&#8220;,<br \/>\nhei\u00dft es in der Erkl\u00e4rung, die von dem ukrainischen Chefunterh\u00e4ndler<br \/>\nRustem\u00a0Umjerow\u00a0und dem Sondergesandten von US-Pr\u00e4sident Donald Trump,<br \/>\nSteve Witkoff, im Onlinedienst X geteilt wurde.\u00a0\n<\/p>\n<p>Demnach waren die bilateralen Treffen zwischen<br \/>\nden <span><a href=\"https:\/\/www.zeit.de\/thema\/usa\" rel=\"nofollow\">USA<\/a><\/span> und der Ukraine vor allem darauf ausgerichtet, Positionen zu<br \/>\nentwickeln und abzustimmen zu &#8222;vier zentralen Dokumenten&#8220; \u2013 einem 20-Punkte-Plan, einem multilateralen Rahmen f\u00fcr<br \/>\nSicherheitsgarantien, einem US-Rahmen f\u00fcr Sicherheitsgarantien f\u00fcr die<br \/>\n Ukraine sowie einem Plan f\u00fcr Wirtschaft und Wohlstand. Besondere Aufmerksamkeit habe der Er\u00f6rterung<br \/>\nvon Zeitpl\u00e4nen und der Reihenfolge der n\u00e4chsten Schritte gegolten, hie\u00df es. Weitere Treffen wurden jedoch nicht angek\u00fcndigt.\n<\/p>\n<h2>Keine direkten Gespr\u00e4che zwischen Russland und der Ukraine<\/h2>\n<p>Der russische Regierungssprecher Dmitri Peskow hatte zuvor dem<br \/>\nrussischen Staatsfernsehen gesagt, der Gesandte Kirill<br \/>\nDmitrijew solle in Miami &#8222;Informationen erhalten, was von den<br \/>\nAmerikanern und Europ\u00e4ern&#8220; an dem von den USA im November vorgelegten<br \/>\nPlan ge\u00e4ndert worden sei und anschlie\u00dfend der Regierung in Moskau Bericht erstatten. Dmitrijew, ein ehemaliger Mitarbeiter der<br \/>\nUS-Bank Goldman Sachs, habe keine neue Nachricht von <span><a href=\"https:\/\/www.zeit.de\/thema\/russland\" rel=\"nofollow\">Russlands<\/a><\/span> Pr\u00e4sident<br \/>\n Wladimir Putin nach Miami mitgebracht, sagte Peskow weiter.\u00a0\n<\/p>\n<p>In einem Video des russischen Staatsfernsehens<br \/>\nwar zu sehen, wie Dmitrijew in einer Autokolonne am Golfklub Shell Bay<br \/>\neintraf, der Witkoff geh\u00f6rt. Dmitrijew traf Witkoff<br \/>\n und Trumps Schwiegersohn, Jared Kushner, zum<br \/>\n zweiten Mal an diesem Wochenende. &#8222;<a href=\"https:\/\/www.zeit.de\/politik\/ausland\/2025-12\/russland-usa-gepsraeche-ukraine-miami\" rel=\"nofollow\">Die Diskussionen laufen<br \/>\nkonstruktiv<\/a>&#8222;, sagte er.\n<\/p>\n<p>Der ukrainische Unterh\u00e4ndler und<br \/>\nEx-Verteidigungsminister Umjerow war am Freitag in Miami eingetroffen. Er<br \/>\n f\u00fchrte die Gespr\u00e4che zusammen mit dem ukrainischen Generalstabschef<br \/>\nAndrij Hnatow.\n<\/p>\n<p>Die Gesandten aus Moskau und aus Kyjiw sollen <a href=\"https:\/\/www.zeit.de\/politik\/ausland\/2025-12\/ukraine-verhandlungen-usa-russland-kirill-dmitrijew-miami-gxe\" rel=\"nofollow\">getrennt mit Witkoff<br \/>\n und Kushner zusammengetroffen sein<\/a>. Die russische Regierung hatte ukrainische Angaben dementiert, wonach es in Miami direkte Gespr\u00e4che zwischen Unterh\u00e4ndlern<br \/>\nder Ukraine und Russlands geben k\u00f6nnte. Nach Angaben der Ukraine waren<br \/>\nauch europ\u00e4ische Gesandte dort.\n<\/p>\n<h2>Selenskyj spricht von historischer Woche<\/h2>\n<p>Die USA hatten vergangenen Monat einen<br \/>\n28-Punkte-Plan zur Beendigung des russischen Angriffskriegs vorgelegt.<br \/>\nDer als sehr russlandfreundlich geltende Text wurde dann auf Dr\u00e4ngen der Ukraine und ihrer europ\u00e4ischen Verb\u00fcndeten \u00fcberarbeitet. \u00dcber die aktuell vorliegende Fassung des Plans<br \/>\nist wenig bekannt. Es wird jedoch vermutet, dass die Ukraine weiterhin<br \/>\nzu Gebietsabtretungen aufgefordert wird \u2013 im Gegenzug f\u00fcr<br \/>\nSicherheitsgarantien durch die USA.\n<\/p>\n<p>Russland d\u00fcrfte die \u00c4nderungen nicht<br \/>\nakzeptieren, die \u00f6ffentlich bekannten Details hatte ein Berater Putins<br \/>\nals &#8222;\u00fcberhaupt nicht konstruktiv&#8220; bezeichnet. Der ukrainische Pr\u00e4sident <span><a href=\"https:\/\/www.zeit.de\/thema\/wolodymyr-selenskyj\" rel=\"nofollow\">Wolodymyr Selenskyj<\/a><\/span><br \/>\nnannte unterdessen die Gespr\u00e4che in Miami &#8222;konstruktiv&#8220;. Sie w\u00fcrden &#8222;in<br \/>\neinem ziemlich schnellen Tempo vorankommen&#8220;.\n<\/p>\n<p>Selenskyj bezeichnete die zur\u00fcckliegende Woche<br \/>\nals &#8222;historisch&#8220; f\u00fcr die Ukraine. Er dankte der EU, die sich bei ihrem<br \/>\nGipfel in Br\u00fcssel in der Nacht zum Freitag auf eine weitere<br \/>\n<a href=\"https:\/\/www.zeit.de\/politik\/ausland\/2025-12\/ukraine-krieg-russland-wladimir-putin-pressekonferenz-gxe\" rel=\"nofollow\">Unterst\u00fctzung in H\u00f6he von 90 Milliarden Euro<\/a> f\u00fcr die<br \/>\nn\u00e4chsten zwei Jahre geeinigt hatte. &#8222;Wir haben daf\u00fcr sehr lange<br \/>\ngek\u00e4mpft&#8220;, f\u00fcgte er hinzu.\n<\/p>\n<p><a href=\"https:\/\/www.zeit.de\/politik\/ausland\/ukraine-krieg-news-liveblog\" rel=\"nofollow\"><\/a>\n<\/p>\n<\/div>\n","protected":false},"excerpt":{"rendered":"<p>Die Gespr\u00e4che in den USA \u00fcber ein Ende des russischen Angriffskriegs in der Ukraine sind nach Angaben der Regierungen in Kyjiw und Washington &#8222;produktiv und konstruktiv&#8220; verlaufen. Eine entsprechende Erkl\u00e4rung zu den Gespr\u00e4chen in Miami im US-Bundesstaat Florida ver\u00f6ffentlichten die Delegationen aus den USA und der Ukraine am Sonntag. Zuvor hatte die russische Regierung die<\/p>\n","protected":false},"author":1,"featured_media":309875,"comment_status":"open","ping_status":"open","sticky":false,"template":"","format":"standard","meta":{"footnotes":""},"categories":[116],"tags":[],"class_list":["post-309874","post","type-post","status-publish","format-standard","has-post-thumbnail","hentry","category-war-chronicles-de"],"acf":[],"yoast_head":"<!-- This site is optimized with the Yoast SEO plugin v22.9 - https:\/\/yoast.com\/wordpress\/plugins\/seo\/ -->\n<title>Ukraine und USA sprechen von &quot;produktiven und konstruktiven&quot; Treffen - vof-news.eu<\/title>\n<meta name=\"description\" content=\"Die Gespr\u00e4che in den USA \u00fcber ein Ende des\" \/>\n<meta name=\"robots\" content=\"noindex, follow, max-snippet:-1, max-image-preview:large, max-video-preview:-1\" \/>\n<meta property=\"og:locale\" content=\"de_DE\" \/>\n<meta property=\"og:type\" content=\"article\" \/>\n<meta property=\"og:title\" content=\"Ukraine und USA sprechen von &quot;produktiven und konstruktiven&quot; Treffen - vof-news.eu\" \/>\n<meta property=\"og:description\" content=\"Die Gespr\u00e4che in den USA \u00fcber ein Ende des\" \/>\n<meta property=\"og:url\" content=\"https:\/\/vof-news.eu\/de\/ukraine-und-usa-sprechen-von-produktiven-und-konstruktiven-treffen\/\" \/>\n<meta property=\"og:site_name\" content=\"vof-news.eu\" \/>\n<meta property=\"article:published_time\" content=\"2025-12-22T00:28:13+00:00\" \/>\n<meta property=\"article:modified_time\" content=\"2025-12-22T00:29:58+00:00\" \/>\n<meta property=\"og:image\" content=\"https:\/\/vof-news.eu\/wp-content\/uploads\/2025\/12\/wide__1000x562-93.jpg\" \/>\n\t<meta property=\"og:image:width\" content=\"1000\" \/>\n\t<meta property=\"og:image:height\" content=\"562\" \/>\n\t<meta property=\"og:image:type\" content=\"image\/jpeg\" \/>\n<meta name=\"author\" content=\"Author\" \/>\n<meta name=\"twitter:card\" content=\"summary_large_image\" \/>\n<meta name=\"twitter:label1\" content=\"Verfasst von\" \/>\n\t<meta name=\"twitter:data1\" content=\"Author\" \/>\n\t<meta name=\"twitter:label2\" content=\"Gesch\u00e4tzte Lesezeit\" \/>\n\t<meta name=\"twitter:data2\" content=\"3\u00a0Minuten\" \/>\n<script type=\"application\/ld+json\" class=\"yoast-schema-graph\">{\"@context\":\"https:\/\/schema.org\",\"@graph\":[{\"@type\":\"WebPage\",\"@id\":\"https:\/\/vof-news.eu\/de\/ukraine-und-usa-sprechen-von-produktiven-und-konstruktiven-treffen\/\",\"url\":\"https:\/\/vof-news.eu\/de\/ukraine-und-usa-sprechen-von-produktiven-und-konstruktiven-treffen\/\",\"name\":\"Ukraine und USA sprechen von \\\"produktiven und konstruktiven\\\" Treffen - vof-news.eu\",\"isPartOf\":{\"@id\":\"https:\/\/vof-news.eu\/de\/#website\"},\"primaryImageOfPage\":{\"@id\":\"https:\/\/vof-news.eu\/de\/ukraine-und-usa-sprechen-von-produktiven-und-konstruktiven-treffen\/#primaryimage\"},\"image\":{\"@id\":\"https:\/\/vof-news.eu\/de\/ukraine-und-usa-sprechen-von-produktiven-und-konstruktiven-treffen\/#primaryimage\"},\"thumbnailUrl\":\"https:\/\/vof-news.eu\/wp-content\/uploads\/2025\/12\/wide__1000x562-93.jpg\",\"datePublished\":\"2025-12-22T00:28:13+00:00\",\"dateModified\":\"2025-12-22T00:29:58+00:00\",\"author\":{\"@id\":\"https:\/\/vof-news.eu\/de\/#\/schema\/person\/f6a2a4309f0561835797fd8c19b333ed\"},\"description\":\"Die Gespr\u00e4che in den USA \u00fcber ein Ende des\",\"breadcrumb\":{\"@id\":\"https:\/\/vof-news.eu\/de\/ukraine-und-usa-sprechen-von-produktiven-und-konstruktiven-treffen\/#breadcrumb\"},\"inLanguage\":\"de\",\"potentialAction\":[{\"@type\":\"ReadAction\",\"target\":[\"https:\/\/vof-news.eu\/de\/ukraine-und-usa-sprechen-von-produktiven-und-konstruktiven-treffen\/\"]}]},{\"@type\":\"ImageObject\",\"inLanguage\":\"de\",\"@id\":\"https:\/\/vof-news.eu\/de\/ukraine-und-usa-sprechen-von-produktiven-und-konstruktiven-treffen\/#primaryimage\",\"url\":\"https:\/\/vof-news.eu\/wp-content\/uploads\/2025\/12\/wide__1000x562-93.jpg\",\"contentUrl\":\"https:\/\/vof-news.eu\/wp-content\/uploads\/2025\/12\/wide__1000x562-93.jpg\",\"width\":1000,\"height\":562},{\"@type\":\"BreadcrumbList\",\"@id\":\"https:\/\/vof-news.eu\/de\/ukraine-und-usa-sprechen-von-produktiven-und-konstruktiven-treffen\/#breadcrumb\",\"itemListElement\":[{\"@type\":\"ListItem\",\"position\":1,\"name\":\"Home\",\"item\":\"https:\/\/vof-news.eu\/de\/\"},{\"@type\":\"ListItem\",\"position\":2,\"name\":\"Ukraine und USA sprechen von &#8220;produktiven und konstruktiven&#8221; Treffen\"}]},{\"@type\":\"WebSite\",\"@id\":\"https:\/\/vof-news.eu\/de\/#website\",\"url\":\"https:\/\/vof-news.eu\/de\/\",\"name\":\"vof-news.eu\",\"description\":\"\",\"potentialAction\":[{\"@type\":\"SearchAction\",\"target\":{\"@type\":\"EntryPoint\",\"urlTemplate\":\"https:\/\/vof-news.eu\/de\/?s={search_term_string}\"},\"query-input\":\"required name=search_term_string\"}],\"inLanguage\":\"de\"},{\"@type\":\"Person\",\"@id\":\"https:\/\/vof-news.eu\/de\/#\/schema\/person\/f6a2a4309f0561835797fd8c19b333ed\",\"name\":\"Author\",\"image\":{\"@type\":\"ImageObject\",\"inLanguage\":\"de\",\"@id\":\"https:\/\/vof-news.eu\/de\/#\/schema\/person\/image\/\",\"url\":\"https:\/\/secure.gravatar.com\/avatar\/b67e614b1b25b3e9c0c239efdd2fde5ab015b5affd6f1c3c85911ca4b384e790?s=96&d=mm&r=g\",\"contentUrl\":\"https:\/\/secure.gravatar.com\/avatar\/b67e614b1b25b3e9c0c239efdd2fde5ab015b5affd6f1c3c85911ca4b384e790?s=96&d=mm&r=g\",\"caption\":\"Author\"},\"sameAs\":[\"http:\/\/vof-news.eu\"],\"url\":\"https:\/\/vof-news.eu\/de\/author\/zwt6qxnjulxbnyg\/\"}]}<\/script>\n<!-- \/ Yoast SEO plugin. -->","yoast_head_json":{"title":"Ukraine und USA sprechen von \"produktiven und konstruktiven\" Treffen - vof-news.eu","description":"Die Gespr\u00e4che in den USA \u00fcber ein Ende des","robots":{"index":"noindex","follow":"follow","max-snippet":"max-snippet:-1","max-image-preview":"max-image-preview:large","max-video-preview":"max-video-preview:-1"},"og_locale":"de_DE","og_type":"article","og_title":"Ukraine und USA sprechen von \"produktiven und konstruktiven\" Treffen - vof-news.eu","og_description":"Die Gespr\u00e4che in den USA \u00fcber ein Ende des","og_url":"https:\/\/vof-news.eu\/de\/ukraine-und-usa-sprechen-von-produktiven-und-konstruktiven-treffen\/","og_site_name":"vof-news.eu","article_published_time":"2025-12-22T00:28:13+00:00","article_modified_time":"2025-12-22T00:29:58+00:00","og_image":[{"width":1000,"height":562,"url":"https:\/\/vof-news.eu\/wp-content\/uploads\/2025\/12\/wide__1000x562-93.jpg","type":"image\/jpeg"}],"author":"Author","twitter_card":"summary_large_image","twitter_misc":{"Verfasst von":"Author","Gesch\u00e4tzte Lesezeit":"3\u00a0Minuten"},"schema":{"@context":"https:\/\/schema.org","@graph":[{"@type":"WebPage","@id":"https:\/\/vof-news.eu\/de\/ukraine-und-usa-sprechen-von-produktiven-und-konstruktiven-treffen\/","url":"https:\/\/vof-news.eu\/de\/ukraine-und-usa-sprechen-von-produktiven-und-konstruktiven-treffen\/","name":"Ukraine und USA sprechen von \"produktiven und konstruktiven\" Treffen - vof-news.eu","isPartOf":{"@id":"https:\/\/vof-news.eu\/de\/#website"},"primaryImageOfPage":{"@id":"https:\/\/vof-news.eu\/de\/ukraine-und-usa-sprechen-von-produktiven-und-konstruktiven-treffen\/#primaryimage"},"image":{"@id":"https:\/\/vof-news.eu\/de\/ukraine-und-usa-sprechen-von-produktiven-und-konstruktiven-treffen\/#primaryimage"},"thumbnailUrl":"https:\/\/vof-news.eu\/wp-content\/uploads\/2025\/12\/wide__1000x562-93.jpg","datePublished":"2025-12-22T00:28:13+00:00","dateModified":"2025-12-22T00:29:58+00:00","author":{"@id":"https:\/\/vof-news.eu\/de\/#\/schema\/person\/f6a2a4309f0561835797fd8c19b333ed"},"description":"Die Gespr\u00e4che in den USA \u00fcber ein Ende des","breadcrumb":{"@id":"https:\/\/vof-news.eu\/de\/ukraine-und-usa-sprechen-von-produktiven-und-konstruktiven-treffen\/#breadcrumb"},"inLanguage":"de","potentialAction":[{"@type":"ReadAction","target":["https:\/\/vof-news.eu\/de\/ukraine-und-usa-sprechen-von-produktiven-und-konstruktiven-treffen\/"]}]},{"@type":"ImageObject","inLanguage":"de","@id":"https:\/\/vof-news.eu\/de\/ukraine-und-usa-sprechen-von-produktiven-und-konstruktiven-treffen\/#primaryimage","url":"https:\/\/vof-news.eu\/wp-content\/uploads\/2025\/12\/wide__1000x562-93.jpg","contentUrl":"https:\/\/vof-news.eu\/wp-content\/uploads\/2025\/12\/wide__1000x562-93.jpg","width":1000,"height":562},{"@type":"BreadcrumbList","@id":"https:\/\/vof-news.eu\/de\/ukraine-und-usa-sprechen-von-produktiven-und-konstruktiven-treffen\/#breadcrumb","itemListElement":[{"@type":"ListItem","position":1,"name":"Home","item":"https:\/\/vof-news.eu\/de\/"},{"@type":"ListItem","position":2,"name":"Ukraine und USA sprechen von &#8220;produktiven und konstruktiven&#8221; Treffen"}]},{"@type":"WebSite","@id":"https:\/\/vof-news.eu\/de\/#website","url":"https:\/\/vof-news.eu\/de\/","name":"vof-news.eu","description":"","potentialAction":[{"@type":"SearchAction","target":{"@type":"EntryPoint","urlTemplate":"https:\/\/vof-news.eu\/de\/?s={search_term_string}"},"query-input":"required name=search_term_string"}],"inLanguage":"de"},{"@type":"Person","@id":"https:\/\/vof-news.eu\/de\/#\/schema\/person\/f6a2a4309f0561835797fd8c19b333ed","name":"Author","image":{"@type":"ImageObject","inLanguage":"de","@id":"https:\/\/vof-news.eu\/de\/#\/schema\/person\/image\/","url":"https:\/\/secure.gravatar.com\/avatar\/b67e614b1b25b3e9c0c239efdd2fde5ab015b5affd6f1c3c85911ca4b384e790?s=96&d=mm&r=g","contentUrl":"https:\/\/secure.gravatar.com\/avatar\/b67e614b1b25b3e9c0c239efdd2fde5ab015b5affd6f1c3c85911ca4b384e790?s=96&d=mm&r=g","caption":"Author"},"sameAs":["http:\/\/vof-news.eu"],"url":"https:\/\/vof-news.eu\/de\/author\/zwt6qxnjulxbnyg\/"}]}},"yoast_meta":{"yoast_wpseo_title":"","yoast_wpseo_metadesc":"","yoast_wpseo_canonical":""},"_links":{"self":[{"href":"https:\/\/vof-news.eu\/de\/wp-json\/wp\/v2\/posts\/309874","targetHints":{"allow":["GET"]}}],"collection":[{"href":"https:\/\/vof-news.eu\/de\/wp-json\/wp\/v2\/posts"}],"about":[{"href":"https:\/\/vof-news.eu\/de\/wp-json\/wp\/v2\/types\/post"}],"author":[{"embeddable":true,"href":"https:\/\/vof-news.eu\/de\/wp-json\/wp\/v2\/users\/1"}],"replies":[{"embeddable":true,"href":"https:\/\/vof-news.eu\/de\/wp-json\/wp\/v2\/comments?post=309874"}],"version-history":[{"count":1,"href":"https:\/\/vof-news.eu\/de\/wp-json\/wp\/v2\/posts\/309874\/revisions"}],"predecessor-version":[{"id":309881,"href":"https:\/\/vof-news.eu\/de\/wp-json\/wp\/v2\/posts\/309874\/revisions\/309881"}],"wp:featuredmedia":[{"embeddable":true,"href":"https:\/\/vof-news.eu\/de\/wp-json\/wp\/v2\/media\/309875"}],"wp:attachment":[{"href":"https:\/\/vof-news.eu\/de\/wp-json\/wp\/v2\/media?parent=309874"}],"wp:term":[{"taxonomy":"category","embeddable":true,"href":"https:\/\/vof-news.eu\/de\/wp-json\/wp\/v2\/categories?post=309874"},{"taxonomy":"post_tag","embeddable":true,"href":"https:\/\/vof-news.eu\/de\/wp-json\/wp\/v2\/tags?post=309874"}],"curies":[{"name":"wp","href":"https:\/\/api.w.org\/{rel}","templated":true}]}}