{"id":309117,"date":"2025-12-18T17:28:24","date_gmt":"2025-12-18T14:28:24","guid":{"rendered":"https:\/\/vof-news.eu\/tusk-sieht-grundsatzliche-einigung-auf-nutzung-russischen-vermogens\/"},"modified":"2025-12-18T17:30:11","modified_gmt":"2025-12-18T14:30:11","slug":"tusk-sieht-grundsatzliche-einigung-auf-nutzung-russischen-vermogens","status":"publish","type":"post","link":"https:\/\/vof-news.eu\/de\/tusk-sieht-grundsatzliche-einigung-auf-nutzung-russischen-vermogens\/","title":{"rendered":"Tusk sieht grunds\u00e4tzliche Einigung auf Nutzung russischen Verm\u00f6gens"},"content":{"rendered":"<div>\n<p>Nach Aussage von Polens Ministerpr\u00e4sident <span><a href=\"https:\/\/www.zeit.de\/thema\/donald-tusk\" rel=\"nofollow\">Donald Tusk<\/a><\/span> gibt es eine grunds\u00e4tzliche Einigung der <a href=\"https:\/\/www.zeit.de\/politik\/ausland\/2025-12\/eu-gifpel-beginnt-ukraine-finanzierung-mercosur-gxe\" rel=\"nofollow\">EU-Staats- und Regierungschefs<\/a>, dass es gerechtfertigt w\u00e4re, russische Verm\u00f6genswerte zur Finanzierung der Ukraine einzusetzen. Es gebe aber noch viele technische Punkte zu kl\u00e4ren, sagte Tusk am Rande des EU-Gipfels. Einige L\u00e4nder w\u00fcrden bis zum Schluss k\u00e4mpfen, um Garantien gegen m\u00f6gliche Sch\u00e4den zu maximieren, sagte er.\n<\/p>\n<p>Tusk betonte, dass sich alle EU-Staaten darauf verst\u00e4ndigt h\u00e4tten, russische Verm\u00f6genswerte f\u00fcr die Unterst\u00fctzung der <span><a href=\"https:\/\/www.zeit.de\/politik\/ausland\/ukraine-krieg-news-liveblog\" rel=\"nofollow\">Ukraine<\/a><\/span> nutzen zu wollen, und niemand diese grunds\u00e4tzliche Entscheidung wieder infrage stelle.\n<\/p>\n<p>In der <span><a href=\"https:\/\/www.zeit.de\/thema\/europaeische-union\" rel=\"nofollow\">EU<\/a><\/span> sind insgesamt rund 210 Milliarden Euro an russischen Verm\u00f6genswerten eingefroren, davon etwa 185 Milliarden bei der belgischen Finanzplattform Euroclear. Belgien bef\u00fcrchtet, bei einer Freigabe der Gelder Ziel von Klagen oder anderen finanziellen Gegenma\u00dfnahmen Russlands zu werden.\n<\/p>\n<h2>Keine Finanzierung aus dem EU-Haushalt<\/h2>\n<p>Deshalb stehen laut Tusk noch lange Verhandlungen bevor. Vor allem die L\u00e4nder, die besonders stark von m\u00f6glichen russischen Vergeltungsma\u00dfnahmen betroffen sein k\u00f6nnten \u2013 allen voran Belgien \u2013, <a href=\"https:\/\/www.zeit.de\/politik\/ausland\/2025-12\/eu-gipfel-russisches-vermoegen-belgien-gxe\" rel=\"nofollow\">verlangen vor dem EU-Gipfel klare Schutzmechanismen und Garantien<\/a>.\n<\/p>\n<p>Eine Finanzierung aus dem EU-Haushalt, etwa \u00fcber finanzielle Spielr\u00e4ume im Budget, st\u00f6\u00dft laut Tusk in vielen wichtigen EU-Staaten auf wenig Zustimmung. Stattdessen konzentrieren sich die Gespr\u00e4che auf einen sogenannten Reparationskredit, der auf russischen Verm\u00f6genswerten basiert. Gleichzeitig soll Belgien und anderen betroffenen L\u00e4ndern zugesichert werden, dass sie im Ernstfall nicht allein f\u00fcr m\u00f6gliche Risiken haften m\u00fcssen.\n<\/p>\n<\/div>\n","protected":false},"excerpt":{"rendered":"<p>Nach Aussage von Polens Ministerpr\u00e4sident Donald Tusk gibt es eine grunds\u00e4tzliche Einigung der EU-Staats- und Regierungschefs, dass es gerechtfertigt w\u00e4re, russische Verm\u00f6genswerte zur Finanzierung der Ukraine einzusetzen. Es gebe aber noch viele technische Punkte zu kl\u00e4ren, sagte Tusk am Rande des EU-Gipfels. Einige L\u00e4nder w\u00fcrden bis zum Schluss k\u00e4mpfen, um Garantien gegen m\u00f6gliche Sch\u00e4den zu<\/p>\n","protected":false},"author":1,"featured_media":309118,"comment_status":"open","ping_status":"open","sticky":false,"template":"","format":"standard","meta":{"footnotes":""},"categories":[116],"tags":[],"class_list":["post-309117","post","type-post","status-publish","format-standard","has-post-thumbnail","hentry","category-war-chronicles-de"],"acf":[],"yoast_head":"<!-- This site is optimized with the Yoast SEO plugin v22.9 - https:\/\/yoast.com\/wordpress\/plugins\/seo\/ -->\n<title>Tusk sieht grunds\u00e4tzliche Einigung auf Nutzung russischen Verm\u00f6gens - vof-news.eu<\/title>\n<meta name=\"description\" content=\"Nach Aussage von Polens Ministerpr\u00e4sident Donald Tusk gibt es eine grunds\u00e4tzliche Einigung der EU-Staats- und Regierungschefs, dass es gerechtfertigt w\u00e4re, russische Verm\u00f6genswerte zur Finanzierung der Ukraine einzusetzen. Es gebe aber noch viele technische Punkte zu kl\u00e4ren, sagte Tusk am Rande des EU-Gipfels. Einige L\u00e4nder w\u00fcrden bis zum Schluss k\u00e4mpfen, um Garantien gegen m\u00f6gliche Sch\u00e4den zu maximieren, sagte er.\" \/>\n<meta name=\"robots\" content=\"noindex, follow, max-snippet:-1, max-image-preview:large, max-video-preview:-1\" \/>\n<meta property=\"og:locale\" content=\"de_DE\" \/>\n<meta property=\"og:type\" content=\"article\" \/>\n<meta property=\"og:title\" content=\"Tusk sieht grunds\u00e4tzliche Einigung auf Nutzung russischen Verm\u00f6gens - vof-news.eu\" \/>\n<meta property=\"og:description\" content=\"Nach Aussage von Polens Ministerpr\u00e4sident Donald Tusk gibt es eine grunds\u00e4tzliche Einigung der EU-Staats- und Regierungschefs, dass es gerechtfertigt w\u00e4re, russische Verm\u00f6genswerte zur Finanzierung der Ukraine einzusetzen. Es gebe aber noch viele technische Punkte zu kl\u00e4ren, sagte Tusk am Rande des EU-Gipfels. Einige L\u00e4nder w\u00fcrden bis zum Schluss k\u00e4mpfen, um Garantien gegen m\u00f6gliche Sch\u00e4den zu maximieren, sagte er.\" \/>\n<meta property=\"og:url\" content=\"https:\/\/vof-news.eu\/de\/tusk-sieht-grundsatzliche-einigung-auf-nutzung-russischen-vermogens\/\" \/>\n<meta property=\"og:site_name\" content=\"vof-news.eu\" \/>\n<meta property=\"article:published_time\" content=\"2025-12-18T14:28:24+00:00\" \/>\n<meta property=\"article:modified_time\" content=\"2025-12-18T14:30:11+00:00\" \/>\n<meta property=\"og:image\" content=\"https:\/\/vof-news.eu\/wp-content\/uploads\/2025\/12\/wide__1000x562-83.jpg\" \/>\n\t<meta property=\"og:image:width\" content=\"1000\" \/>\n\t<meta property=\"og:image:height\" content=\"562\" \/>\n\t<meta property=\"og:image:type\" content=\"image\/jpeg\" \/>\n<meta name=\"author\" content=\"Author\" \/>\n<meta name=\"twitter:card\" content=\"summary_large_image\" \/>\n<meta name=\"twitter:label1\" content=\"Verfasst von\" \/>\n\t<meta name=\"twitter:data1\" content=\"Author\" \/>\n\t<meta name=\"twitter:label2\" content=\"Gesch\u00e4tzte Lesezeit\" \/>\n\t<meta name=\"twitter:data2\" content=\"1\u00a0Minute\" \/>\n<script type=\"application\/ld+json\" class=\"yoast-schema-graph\">{\"@context\":\"https:\/\/schema.org\",\"@graph\":[{\"@type\":\"WebPage\",\"@id\":\"https:\/\/vof-news.eu\/de\/tusk-sieht-grundsatzliche-einigung-auf-nutzung-russischen-vermogens\/\",\"url\":\"https:\/\/vof-news.eu\/de\/tusk-sieht-grundsatzliche-einigung-auf-nutzung-russischen-vermogens\/\",\"name\":\"Tusk sieht grunds\u00e4tzliche Einigung auf Nutzung russischen Verm\u00f6gens - vof-news.eu\",\"isPartOf\":{\"@id\":\"https:\/\/vof-news.eu\/de\/#website\"},\"primaryImageOfPage\":{\"@id\":\"https:\/\/vof-news.eu\/de\/tusk-sieht-grundsatzliche-einigung-auf-nutzung-russischen-vermogens\/#primaryimage\"},\"image\":{\"@id\":\"https:\/\/vof-news.eu\/de\/tusk-sieht-grundsatzliche-einigung-auf-nutzung-russischen-vermogens\/#primaryimage\"},\"thumbnailUrl\":\"https:\/\/vof-news.eu\/wp-content\/uploads\/2025\/12\/wide__1000x562-83.jpg\",\"datePublished\":\"2025-12-18T14:28:24+00:00\",\"dateModified\":\"2025-12-18T14:30:11+00:00\",\"author\":{\"@id\":\"https:\/\/vof-news.eu\/de\/#\/schema\/person\/f6a2a4309f0561835797fd8c19b333ed\"},\"description\":\"Nach Aussage von Polens Ministerpr\u00e4sident Donald Tusk gibt es eine grunds\u00e4tzliche Einigung der EU-Staats- und Regierungschefs, dass es gerechtfertigt w\u00e4re, russische Verm\u00f6genswerte zur Finanzierung der Ukraine einzusetzen. Es gebe aber noch viele technische Punkte zu kl\u00e4ren, sagte Tusk am Rande des EU-Gipfels. Einige L\u00e4nder w\u00fcrden bis zum Schluss k\u00e4mpfen, um Garantien gegen m\u00f6gliche Sch\u00e4den zu maximieren, sagte er.\",\"breadcrumb\":{\"@id\":\"https:\/\/vof-news.eu\/de\/tusk-sieht-grundsatzliche-einigung-auf-nutzung-russischen-vermogens\/#breadcrumb\"},\"inLanguage\":\"de\",\"potentialAction\":[{\"@type\":\"ReadAction\",\"target\":[\"https:\/\/vof-news.eu\/de\/tusk-sieht-grundsatzliche-einigung-auf-nutzung-russischen-vermogens\/\"]}]},{\"@type\":\"ImageObject\",\"inLanguage\":\"de\",\"@id\":\"https:\/\/vof-news.eu\/de\/tusk-sieht-grundsatzliche-einigung-auf-nutzung-russischen-vermogens\/#primaryimage\",\"url\":\"https:\/\/vof-news.eu\/wp-content\/uploads\/2025\/12\/wide__1000x562-83.jpg\",\"contentUrl\":\"https:\/\/vof-news.eu\/wp-content\/uploads\/2025\/12\/wide__1000x562-83.jpg\",\"width\":1000,\"height\":562},{\"@type\":\"BreadcrumbList\",\"@id\":\"https:\/\/vof-news.eu\/de\/tusk-sieht-grundsatzliche-einigung-auf-nutzung-russischen-vermogens\/#breadcrumb\",\"itemListElement\":[{\"@type\":\"ListItem\",\"position\":1,\"name\":\"Home\",\"item\":\"https:\/\/vof-news.eu\/de\/\"},{\"@type\":\"ListItem\",\"position\":2,\"name\":\"Tusk sieht grunds\u00e4tzliche Einigung auf Nutzung russischen Verm\u00f6gens\"}]},{\"@type\":\"WebSite\",\"@id\":\"https:\/\/vof-news.eu\/de\/#website\",\"url\":\"https:\/\/vof-news.eu\/de\/\",\"name\":\"vof-news.eu\",\"description\":\"\",\"potentialAction\":[{\"@type\":\"SearchAction\",\"target\":{\"@type\":\"EntryPoint\",\"urlTemplate\":\"https:\/\/vof-news.eu\/de\/?s={search_term_string}\"},\"query-input\":\"required name=search_term_string\"}],\"inLanguage\":\"de\"},{\"@type\":\"Person\",\"@id\":\"https:\/\/vof-news.eu\/de\/#\/schema\/person\/f6a2a4309f0561835797fd8c19b333ed\",\"name\":\"Author\",\"image\":{\"@type\":\"ImageObject\",\"inLanguage\":\"de\",\"@id\":\"https:\/\/vof-news.eu\/de\/#\/schema\/person\/image\/\",\"url\":\"https:\/\/secure.gravatar.com\/avatar\/b67e614b1b25b3e9c0c239efdd2fde5ab015b5affd6f1c3c85911ca4b384e790?s=96&d=mm&r=g\",\"contentUrl\":\"https:\/\/secure.gravatar.com\/avatar\/b67e614b1b25b3e9c0c239efdd2fde5ab015b5affd6f1c3c85911ca4b384e790?s=96&d=mm&r=g\",\"caption\":\"Author\"},\"sameAs\":[\"http:\/\/vof-news.eu\"],\"url\":\"https:\/\/vof-news.eu\/de\/author\/zwt6qxnjulxbnyg\/\"}]}<\/script>\n<!-- \/ Yoast SEO plugin. -->","yoast_head_json":{"title":"Tusk sieht grunds\u00e4tzliche Einigung auf Nutzung russischen Verm\u00f6gens - vof-news.eu","description":"Nach Aussage von Polens Ministerpr\u00e4sident Donald Tusk gibt es eine grunds\u00e4tzliche Einigung der EU-Staats- und Regierungschefs, dass es gerechtfertigt w\u00e4re, russische Verm\u00f6genswerte zur Finanzierung der Ukraine einzusetzen. Es gebe aber noch viele technische Punkte zu kl\u00e4ren, sagte Tusk am Rande des EU-Gipfels. Einige L\u00e4nder w\u00fcrden bis zum Schluss k\u00e4mpfen, um Garantien gegen m\u00f6gliche Sch\u00e4den zu maximieren, sagte er.","robots":{"index":"noindex","follow":"follow","max-snippet":"max-snippet:-1","max-image-preview":"max-image-preview:large","max-video-preview":"max-video-preview:-1"},"og_locale":"de_DE","og_type":"article","og_title":"Tusk sieht grunds\u00e4tzliche Einigung auf Nutzung russischen Verm\u00f6gens - vof-news.eu","og_description":"Nach Aussage von Polens Ministerpr\u00e4sident Donald Tusk gibt es eine grunds\u00e4tzliche Einigung der EU-Staats- und Regierungschefs, dass es gerechtfertigt w\u00e4re, russische Verm\u00f6genswerte zur Finanzierung der Ukraine einzusetzen. Es gebe aber noch viele technische Punkte zu kl\u00e4ren, sagte Tusk am Rande des EU-Gipfels. Einige L\u00e4nder w\u00fcrden bis zum Schluss k\u00e4mpfen, um Garantien gegen m\u00f6gliche Sch\u00e4den zu maximieren, sagte er.","og_url":"https:\/\/vof-news.eu\/de\/tusk-sieht-grundsatzliche-einigung-auf-nutzung-russischen-vermogens\/","og_site_name":"vof-news.eu","article_published_time":"2025-12-18T14:28:24+00:00","article_modified_time":"2025-12-18T14:30:11+00:00","og_image":[{"width":1000,"height":562,"url":"https:\/\/vof-news.eu\/wp-content\/uploads\/2025\/12\/wide__1000x562-83.jpg","type":"image\/jpeg"}],"author":"Author","twitter_card":"summary_large_image","twitter_misc":{"Verfasst von":"Author","Gesch\u00e4tzte Lesezeit":"1\u00a0Minute"},"schema":{"@context":"https:\/\/schema.org","@graph":[{"@type":"WebPage","@id":"https:\/\/vof-news.eu\/de\/tusk-sieht-grundsatzliche-einigung-auf-nutzung-russischen-vermogens\/","url":"https:\/\/vof-news.eu\/de\/tusk-sieht-grundsatzliche-einigung-auf-nutzung-russischen-vermogens\/","name":"Tusk sieht grunds\u00e4tzliche Einigung auf Nutzung russischen Verm\u00f6gens - vof-news.eu","isPartOf":{"@id":"https:\/\/vof-news.eu\/de\/#website"},"primaryImageOfPage":{"@id":"https:\/\/vof-news.eu\/de\/tusk-sieht-grundsatzliche-einigung-auf-nutzung-russischen-vermogens\/#primaryimage"},"image":{"@id":"https:\/\/vof-news.eu\/de\/tusk-sieht-grundsatzliche-einigung-auf-nutzung-russischen-vermogens\/#primaryimage"},"thumbnailUrl":"https:\/\/vof-news.eu\/wp-content\/uploads\/2025\/12\/wide__1000x562-83.jpg","datePublished":"2025-12-18T14:28:24+00:00","dateModified":"2025-12-18T14:30:11+00:00","author":{"@id":"https:\/\/vof-news.eu\/de\/#\/schema\/person\/f6a2a4309f0561835797fd8c19b333ed"},"description":"Nach Aussage von Polens Ministerpr\u00e4sident Donald Tusk gibt es eine grunds\u00e4tzliche Einigung der EU-Staats- und Regierungschefs, dass es gerechtfertigt w\u00e4re, russische Verm\u00f6genswerte zur Finanzierung der Ukraine einzusetzen. Es gebe aber noch viele technische Punkte zu kl\u00e4ren, sagte Tusk am Rande des EU-Gipfels. Einige L\u00e4nder w\u00fcrden bis zum Schluss k\u00e4mpfen, um Garantien gegen m\u00f6gliche Sch\u00e4den zu maximieren, sagte er.","breadcrumb":{"@id":"https:\/\/vof-news.eu\/de\/tusk-sieht-grundsatzliche-einigung-auf-nutzung-russischen-vermogens\/#breadcrumb"},"inLanguage":"de","potentialAction":[{"@type":"ReadAction","target":["https:\/\/vof-news.eu\/de\/tusk-sieht-grundsatzliche-einigung-auf-nutzung-russischen-vermogens\/"]}]},{"@type":"ImageObject","inLanguage":"de","@id":"https:\/\/vof-news.eu\/de\/tusk-sieht-grundsatzliche-einigung-auf-nutzung-russischen-vermogens\/#primaryimage","url":"https:\/\/vof-news.eu\/wp-content\/uploads\/2025\/12\/wide__1000x562-83.jpg","contentUrl":"https:\/\/vof-news.eu\/wp-content\/uploads\/2025\/12\/wide__1000x562-83.jpg","width":1000,"height":562},{"@type":"BreadcrumbList","@id":"https:\/\/vof-news.eu\/de\/tusk-sieht-grundsatzliche-einigung-auf-nutzung-russischen-vermogens\/#breadcrumb","itemListElement":[{"@type":"ListItem","position":1,"name":"Home","item":"https:\/\/vof-news.eu\/de\/"},{"@type":"ListItem","position":2,"name":"Tusk sieht grunds\u00e4tzliche Einigung auf Nutzung russischen Verm\u00f6gens"}]},{"@type":"WebSite","@id":"https:\/\/vof-news.eu\/de\/#website","url":"https:\/\/vof-news.eu\/de\/","name":"vof-news.eu","description":"","potentialAction":[{"@type":"SearchAction","target":{"@type":"EntryPoint","urlTemplate":"https:\/\/vof-news.eu\/de\/?s={search_term_string}"},"query-input":"required name=search_term_string"}],"inLanguage":"de"},{"@type":"Person","@id":"https:\/\/vof-news.eu\/de\/#\/schema\/person\/f6a2a4309f0561835797fd8c19b333ed","name":"Author","image":{"@type":"ImageObject","inLanguage":"de","@id":"https:\/\/vof-news.eu\/de\/#\/schema\/person\/image\/","url":"https:\/\/secure.gravatar.com\/avatar\/b67e614b1b25b3e9c0c239efdd2fde5ab015b5affd6f1c3c85911ca4b384e790?s=96&d=mm&r=g","contentUrl":"https:\/\/secure.gravatar.com\/avatar\/b67e614b1b25b3e9c0c239efdd2fde5ab015b5affd6f1c3c85911ca4b384e790?s=96&d=mm&r=g","caption":"Author"},"sameAs":["http:\/\/vof-news.eu"],"url":"https:\/\/vof-news.eu\/de\/author\/zwt6qxnjulxbnyg\/"}]}},"yoast_meta":{"yoast_wpseo_title":"","yoast_wpseo_metadesc":"","yoast_wpseo_canonical":""},"_links":{"self":[{"href":"https:\/\/vof-news.eu\/de\/wp-json\/wp\/v2\/posts\/309117","targetHints":{"allow":["GET"]}}],"collection":[{"href":"https:\/\/vof-news.eu\/de\/wp-json\/wp\/v2\/posts"}],"about":[{"href":"https:\/\/vof-news.eu\/de\/wp-json\/wp\/v2\/types\/post"}],"author":[{"embeddable":true,"href":"https:\/\/vof-news.eu\/de\/wp-json\/wp\/v2\/users\/1"}],"replies":[{"embeddable":true,"href":"https:\/\/vof-news.eu\/de\/wp-json\/wp\/v2\/comments?post=309117"}],"version-history":[{"count":1,"href":"https:\/\/vof-news.eu\/de\/wp-json\/wp\/v2\/posts\/309117\/revisions"}],"predecessor-version":[{"id":309124,"href":"https:\/\/vof-news.eu\/de\/wp-json\/wp\/v2\/posts\/309117\/revisions\/309124"}],"wp:featuredmedia":[{"embeddable":true,"href":"https:\/\/vof-news.eu\/de\/wp-json\/wp\/v2\/media\/309118"}],"wp:attachment":[{"href":"https:\/\/vof-news.eu\/de\/wp-json\/wp\/v2\/media?parent=309117"}],"wp:term":[{"taxonomy":"category","embeddable":true,"href":"https:\/\/vof-news.eu\/de\/wp-json\/wp\/v2\/categories?post=309117"},{"taxonomy":"post_tag","embeddable":true,"href":"https:\/\/vof-news.eu\/de\/wp-json\/wp\/v2\/tags?post=309117"}],"curies":[{"name":"wp","href":"https:\/\/api.w.org\/{rel}","templated":true}]}}