{"id":308953,"date":"2025-12-18T11:28:16","date_gmt":"2025-12-18T08:28:16","guid":{"rendered":"https:\/\/vof-news.eu\/belgien-fordert-bei-russischem-vermogen-vergemeinschaftung-des-risikos\/"},"modified":"2025-12-18T11:29:52","modified_gmt":"2025-12-18T08:29:52","slug":"belgien-fordert-bei-russischem-vermogen-vergemeinschaftung-des-risikos","status":"publish","type":"post","link":"https:\/\/vof-news.eu\/de\/belgien-fordert-bei-russischem-vermogen-vergemeinschaftung-des-risikos\/","title":{"rendered":"Belgien fordert bei russischem Verm\u00f6gen Vergemeinschaftung des Risikos"},"content":{"rendered":"<div>\n<p><span><a href=\"https:\/\/www.zeit.de\/thema\/belgien\" rel=\"nofollow\">Belgiens<\/a><\/span> Premierminister Bart De Wever hat vor Beginn eines EU-Gipfels in Br\u00fcssel seine Forderung bekr\u00e4ftigt, wonach sein Land mit Blick auf das eingefrorene russische Verm\u00f6gen mehr Unterst\u00fctzung von den EU-Partnern brauche. Belgien k\u00f6nne dieses Risiko und die damit verbundene Verantwortung nicht allein \u00fcbernehmen, sagte De Wever.\u00a0\n<\/p>\n<p>&#8222;Belgien fordert, dass die EU die volle finanzielle Verantwortung f\u00fcr das Risiko \u00fcbernimmt&#8220;, sagte de Wever. Er habe &#8222;noch keinen Text gesehen, den Belgien akzeptieren kann&#8220;, f\u00fcgte er mit Blick auf die anstehenden Verhandlungen hinzu. Zugleich schloss er nicht aus, dass im Laufe des Gipfeltreffens ein Vorschlag zustande kommt, mit dem er einverstanden sei.\n<\/p>\n<p>Die <span><a href=\"https:\/\/www.zeit.de\/thema\/europaeische-union\" rel=\"nofollow\">EU<\/a><\/span> hat nach der russischen Invasion der Ukraine vor fast vier Jahren russische Verm\u00f6genswerte im Wert von mehr als 200 Milliarden Euro eingefroren. Seit Monaten diskutieren die Mitgliedsstaaten dar\u00fcber, ob und wie man das Geld der Ukraine f\u00fcr ihren Abwehrkampf gegen Russland zur Verf\u00fcgung stellen kann. Der Gipfel soll hier zu einer L\u00f6sung kommen.\n<\/p>\n<h2>Gro\u00dfteil des russischen Verm\u00f6gens liegt in Belgien<\/h2>\n<p>Vor allem Belgien zeigt sich bislang zur\u00fcckhaltend, da das Finanzdienstleistungsunternehmen Euroclear seinen Sitz dort hat und einen Gro\u00dfteil des eingefrorenen Verm\u00f6gens verwaltet. Das Land f\u00fcrchtet, dass Russland erfolgreich gegen Belgien oder gegen Euroclear klagen k\u00f6nnte. In einem solchen Fall k\u00f6nnten hohe Schadenersatzforderungen drohen.\n<\/p>\n<p>&#8222;Wir werden den EU-Gipfel nicht ohne eine L\u00f6sung f\u00fcr die Finanzierung der Ukraine verlassen&#8220;, sagte EU-Kommissionspr\u00e4sidentin Ursula von der Leyen vor Beginn des Gipfels. Sie zeigte Verst\u00e4ndnis f\u00fcr die Forderungen Belgiens und verwies auf ein &#8222;Prinzip der Solidarit\u00e4t&#8220; unter den EU-L\u00e4ndern.\n<\/p>\n<p>Auch der ukrainische Pr\u00e4sident Wolodymyr Selenskyj will nach Br\u00fcssel reisen, um pers\u00f6nlich f\u00fcr die Freigabe des Geldes zu werben und die Dringlichkeit der finanziellen Unterst\u00fctzung zu unterstreichen.\u00a0Nach fast vier Jahren der finanziellen Unterst\u00fctzung der <span><a href=\"https:\/\/www.zeit.de\/politik\/ausland\/ukraine-krieg-news-liveblog\" rel=\"nofollow\">Ukraine<\/a><\/span> und in Anbetracht leerer Haushaltskassen bef\u00fcrworten zahlreiche EU-L\u00e4nder diese Option, allen voran Deutschland.\u00a0Bundeskanzler Friedrich Merz und EU-Kommissionspr\u00e4sidentin Ursula von der Leyen (beide CDU) dr\u00e4ngten zuletzt darauf, eine L\u00f6sung auszuhandeln.\n<\/p>\n<h2>Zentralbank reicht Klage ein<\/h2>\n<p>Die Sorge Belgiens ist nicht unbegr\u00fcndet. Die russische Zentralbank hat bereits mitgeteilt, dass sie die Pl\u00e4ne der EU zur Nutzung eingefrorener russischer Verm\u00f6genswerte f\u00fcr illegal h\u00e4lt.\u00a0Russland behalte sich deshalb vor, alle verf\u00fcgbaren rechtlichen und politischen Mittel einzusetzen, um seine Interessen zu sch\u00fctzen. In diesem Zusammenhang reichte die russische Zentralbank in dieser Woche in Moskau Klage ein und forderte rund 230 Milliarden US-Dollar Schadenersatz von der belgischen Finanzabwicklungsstelle Euroclear.\n<\/p>\n<\/div>\n","protected":false},"excerpt":{"rendered":"<p>Belgiens Premierminister Bart De Wever hat vor Beginn eines EU-Gipfels in Br\u00fcssel seine Forderung bekr\u00e4ftigt, wonach sein Land mit Blick auf das eingefrorene russische Verm\u00f6gen mehr Unterst\u00fctzung von den EU-Partnern brauche. Belgien k\u00f6nne dieses Risiko und die damit verbundene Verantwortung nicht allein \u00fcbernehmen, sagte De Wever.\u00a0 &#8222;Belgien fordert, dass die EU die volle finanzielle Verantwortung<\/p>\n","protected":false},"author":1,"featured_media":308954,"comment_status":"open","ping_status":"open","sticky":false,"template":"","format":"standard","meta":{"footnotes":""},"categories":[116],"tags":[],"class_list":["post-308953","post","type-post","status-publish","format-standard","has-post-thumbnail","hentry","category-war-chronicles-de"],"acf":[],"yoast_head":"<!-- This site is optimized with the Yoast SEO plugin v22.9 - https:\/\/yoast.com\/wordpress\/plugins\/seo\/ -->\n<title>Belgien fordert bei russischem Verm\u00f6gen Vergemeinschaftung des Risikos - vof-news.eu<\/title>\n<meta name=\"description\" content=\"Belgiens Premierminister Bart De Wever hat vor Beginn eines EU-Gipfels in Br\u00fcssel seine Forderung bekr\u00e4ftigt, wonach sein Land mit Blick auf das eingefrorene russische Verm\u00f6gen mehr Unterst\u00fctzung von den EU-Partnern brauche. Belgien k\u00f6nne dieses Risiko und die damit verbundene Verantwortung nicht allein \u00fcbernehmen, sagte De Wever.\u00a0\" \/>\n<meta name=\"robots\" content=\"noindex, follow, max-snippet:-1, max-image-preview:large, max-video-preview:-1\" \/>\n<meta property=\"og:locale\" content=\"de_DE\" \/>\n<meta property=\"og:type\" content=\"article\" \/>\n<meta property=\"og:title\" content=\"Belgien fordert bei russischem Verm\u00f6gen Vergemeinschaftung des Risikos - vof-news.eu\" \/>\n<meta property=\"og:description\" content=\"Belgiens Premierminister Bart De Wever hat vor Beginn eines EU-Gipfels in Br\u00fcssel seine Forderung bekr\u00e4ftigt, wonach sein Land mit Blick auf das eingefrorene russische Verm\u00f6gen mehr Unterst\u00fctzung von den EU-Partnern brauche. Belgien k\u00f6nne dieses Risiko und die damit verbundene Verantwortung nicht allein \u00fcbernehmen, sagte De Wever.\u00a0\" \/>\n<meta property=\"og:url\" content=\"https:\/\/vof-news.eu\/de\/belgien-fordert-bei-russischem-vermogen-vergemeinschaftung-des-risikos\/\" \/>\n<meta property=\"og:site_name\" content=\"vof-news.eu\" \/>\n<meta property=\"article:published_time\" content=\"2025-12-18T08:28:16+00:00\" \/>\n<meta property=\"article:modified_time\" content=\"2025-12-18T08:29:52+00:00\" \/>\n<meta property=\"og:image\" content=\"https:\/\/vof-news.eu\/wp-content\/uploads\/2025\/12\/wide__1000x562-82.jpg\" \/>\n\t<meta property=\"og:image:width\" content=\"1000\" \/>\n\t<meta property=\"og:image:height\" content=\"562\" \/>\n\t<meta property=\"og:image:type\" content=\"image\/jpeg\" \/>\n<meta name=\"author\" content=\"Author\" \/>\n<meta name=\"twitter:card\" content=\"summary_large_image\" \/>\n<meta name=\"twitter:label1\" content=\"Verfasst von\" \/>\n\t<meta name=\"twitter:data1\" content=\"Author\" \/>\n\t<meta name=\"twitter:label2\" content=\"Gesch\u00e4tzte Lesezeit\" \/>\n\t<meta name=\"twitter:data2\" content=\"2\u00a0Minuten\" \/>\n<script type=\"application\/ld+json\" class=\"yoast-schema-graph\">{\"@context\":\"https:\/\/schema.org\",\"@graph\":[{\"@type\":\"WebPage\",\"@id\":\"https:\/\/vof-news.eu\/de\/belgien-fordert-bei-russischem-vermogen-vergemeinschaftung-des-risikos\/\",\"url\":\"https:\/\/vof-news.eu\/de\/belgien-fordert-bei-russischem-vermogen-vergemeinschaftung-des-risikos\/\",\"name\":\"Belgien fordert bei russischem Verm\u00f6gen Vergemeinschaftung des Risikos - vof-news.eu\",\"isPartOf\":{\"@id\":\"https:\/\/vof-news.eu\/de\/#website\"},\"primaryImageOfPage\":{\"@id\":\"https:\/\/vof-news.eu\/de\/belgien-fordert-bei-russischem-vermogen-vergemeinschaftung-des-risikos\/#primaryimage\"},\"image\":{\"@id\":\"https:\/\/vof-news.eu\/de\/belgien-fordert-bei-russischem-vermogen-vergemeinschaftung-des-risikos\/#primaryimage\"},\"thumbnailUrl\":\"https:\/\/vof-news.eu\/wp-content\/uploads\/2025\/12\/wide__1000x562-82.jpg\",\"datePublished\":\"2025-12-18T08:28:16+00:00\",\"dateModified\":\"2025-12-18T08:29:52+00:00\",\"author\":{\"@id\":\"https:\/\/vof-news.eu\/de\/#\/schema\/person\/f6a2a4309f0561835797fd8c19b333ed\"},\"description\":\"Belgiens Premierminister Bart De Wever hat vor Beginn eines EU-Gipfels in Br\u00fcssel seine Forderung bekr\u00e4ftigt, wonach sein Land mit Blick auf das eingefrorene russische Verm\u00f6gen mehr Unterst\u00fctzung von den EU-Partnern brauche. Belgien k\u00f6nne dieses Risiko und die damit verbundene Verantwortung nicht allein \u00fcbernehmen, sagte De Wever.\u00a0\",\"breadcrumb\":{\"@id\":\"https:\/\/vof-news.eu\/de\/belgien-fordert-bei-russischem-vermogen-vergemeinschaftung-des-risikos\/#breadcrumb\"},\"inLanguage\":\"de\",\"potentialAction\":[{\"@type\":\"ReadAction\",\"target\":[\"https:\/\/vof-news.eu\/de\/belgien-fordert-bei-russischem-vermogen-vergemeinschaftung-des-risikos\/\"]}]},{\"@type\":\"ImageObject\",\"inLanguage\":\"de\",\"@id\":\"https:\/\/vof-news.eu\/de\/belgien-fordert-bei-russischem-vermogen-vergemeinschaftung-des-risikos\/#primaryimage\",\"url\":\"https:\/\/vof-news.eu\/wp-content\/uploads\/2025\/12\/wide__1000x562-82.jpg\",\"contentUrl\":\"https:\/\/vof-news.eu\/wp-content\/uploads\/2025\/12\/wide__1000x562-82.jpg\",\"width\":1000,\"height\":562},{\"@type\":\"BreadcrumbList\",\"@id\":\"https:\/\/vof-news.eu\/de\/belgien-fordert-bei-russischem-vermogen-vergemeinschaftung-des-risikos\/#breadcrumb\",\"itemListElement\":[{\"@type\":\"ListItem\",\"position\":1,\"name\":\"Home\",\"item\":\"https:\/\/vof-news.eu\/de\/\"},{\"@type\":\"ListItem\",\"position\":2,\"name\":\"Belgien fordert bei russischem Verm\u00f6gen Vergemeinschaftung des Risikos\"}]},{\"@type\":\"WebSite\",\"@id\":\"https:\/\/vof-news.eu\/de\/#website\",\"url\":\"https:\/\/vof-news.eu\/de\/\",\"name\":\"vof-news.eu\",\"description\":\"\",\"potentialAction\":[{\"@type\":\"SearchAction\",\"target\":{\"@type\":\"EntryPoint\",\"urlTemplate\":\"https:\/\/vof-news.eu\/de\/?s={search_term_string}\"},\"query-input\":\"required name=search_term_string\"}],\"inLanguage\":\"de\"},{\"@type\":\"Person\",\"@id\":\"https:\/\/vof-news.eu\/de\/#\/schema\/person\/f6a2a4309f0561835797fd8c19b333ed\",\"name\":\"Author\",\"image\":{\"@type\":\"ImageObject\",\"inLanguage\":\"de\",\"@id\":\"https:\/\/vof-news.eu\/de\/#\/schema\/person\/image\/\",\"url\":\"https:\/\/secure.gravatar.com\/avatar\/b67e614b1b25b3e9c0c239efdd2fde5ab015b5affd6f1c3c85911ca4b384e790?s=96&d=mm&r=g\",\"contentUrl\":\"https:\/\/secure.gravatar.com\/avatar\/b67e614b1b25b3e9c0c239efdd2fde5ab015b5affd6f1c3c85911ca4b384e790?s=96&d=mm&r=g\",\"caption\":\"Author\"},\"sameAs\":[\"http:\/\/vof-news.eu\"],\"url\":\"https:\/\/vof-news.eu\/de\/author\/zwt6qxnjulxbnyg\/\"}]}<\/script>\n<!-- \/ Yoast SEO plugin. -->","yoast_head_json":{"title":"Belgien fordert bei russischem Verm\u00f6gen Vergemeinschaftung des Risikos - vof-news.eu","description":"Belgiens Premierminister Bart De Wever hat vor Beginn eines EU-Gipfels in Br\u00fcssel seine Forderung bekr\u00e4ftigt, wonach sein Land mit Blick auf das eingefrorene russische Verm\u00f6gen mehr Unterst\u00fctzung von den EU-Partnern brauche. Belgien k\u00f6nne dieses Risiko und die damit verbundene Verantwortung nicht allein \u00fcbernehmen, sagte De Wever.\u00a0","robots":{"index":"noindex","follow":"follow","max-snippet":"max-snippet:-1","max-image-preview":"max-image-preview:large","max-video-preview":"max-video-preview:-1"},"og_locale":"de_DE","og_type":"article","og_title":"Belgien fordert bei russischem Verm\u00f6gen Vergemeinschaftung des Risikos - vof-news.eu","og_description":"Belgiens Premierminister Bart De Wever hat vor Beginn eines EU-Gipfels in Br\u00fcssel seine Forderung bekr\u00e4ftigt, wonach sein Land mit Blick auf das eingefrorene russische Verm\u00f6gen mehr Unterst\u00fctzung von den EU-Partnern brauche. Belgien k\u00f6nne dieses Risiko und die damit verbundene Verantwortung nicht allein \u00fcbernehmen, sagte De Wever.\u00a0","og_url":"https:\/\/vof-news.eu\/de\/belgien-fordert-bei-russischem-vermogen-vergemeinschaftung-des-risikos\/","og_site_name":"vof-news.eu","article_published_time":"2025-12-18T08:28:16+00:00","article_modified_time":"2025-12-18T08:29:52+00:00","og_image":[{"width":1000,"height":562,"url":"https:\/\/vof-news.eu\/wp-content\/uploads\/2025\/12\/wide__1000x562-82.jpg","type":"image\/jpeg"}],"author":"Author","twitter_card":"summary_large_image","twitter_misc":{"Verfasst von":"Author","Gesch\u00e4tzte Lesezeit":"2\u00a0Minuten"},"schema":{"@context":"https:\/\/schema.org","@graph":[{"@type":"WebPage","@id":"https:\/\/vof-news.eu\/de\/belgien-fordert-bei-russischem-vermogen-vergemeinschaftung-des-risikos\/","url":"https:\/\/vof-news.eu\/de\/belgien-fordert-bei-russischem-vermogen-vergemeinschaftung-des-risikos\/","name":"Belgien fordert bei russischem Verm\u00f6gen Vergemeinschaftung des Risikos - vof-news.eu","isPartOf":{"@id":"https:\/\/vof-news.eu\/de\/#website"},"primaryImageOfPage":{"@id":"https:\/\/vof-news.eu\/de\/belgien-fordert-bei-russischem-vermogen-vergemeinschaftung-des-risikos\/#primaryimage"},"image":{"@id":"https:\/\/vof-news.eu\/de\/belgien-fordert-bei-russischem-vermogen-vergemeinschaftung-des-risikos\/#primaryimage"},"thumbnailUrl":"https:\/\/vof-news.eu\/wp-content\/uploads\/2025\/12\/wide__1000x562-82.jpg","datePublished":"2025-12-18T08:28:16+00:00","dateModified":"2025-12-18T08:29:52+00:00","author":{"@id":"https:\/\/vof-news.eu\/de\/#\/schema\/person\/f6a2a4309f0561835797fd8c19b333ed"},"description":"Belgiens Premierminister Bart De Wever hat vor Beginn eines EU-Gipfels in Br\u00fcssel seine Forderung bekr\u00e4ftigt, wonach sein Land mit Blick auf das eingefrorene russische Verm\u00f6gen mehr Unterst\u00fctzung von den EU-Partnern brauche. Belgien k\u00f6nne dieses Risiko und die damit verbundene Verantwortung nicht allein \u00fcbernehmen, sagte De Wever.\u00a0","breadcrumb":{"@id":"https:\/\/vof-news.eu\/de\/belgien-fordert-bei-russischem-vermogen-vergemeinschaftung-des-risikos\/#breadcrumb"},"inLanguage":"de","potentialAction":[{"@type":"ReadAction","target":["https:\/\/vof-news.eu\/de\/belgien-fordert-bei-russischem-vermogen-vergemeinschaftung-des-risikos\/"]}]},{"@type":"ImageObject","inLanguage":"de","@id":"https:\/\/vof-news.eu\/de\/belgien-fordert-bei-russischem-vermogen-vergemeinschaftung-des-risikos\/#primaryimage","url":"https:\/\/vof-news.eu\/wp-content\/uploads\/2025\/12\/wide__1000x562-82.jpg","contentUrl":"https:\/\/vof-news.eu\/wp-content\/uploads\/2025\/12\/wide__1000x562-82.jpg","width":1000,"height":562},{"@type":"BreadcrumbList","@id":"https:\/\/vof-news.eu\/de\/belgien-fordert-bei-russischem-vermogen-vergemeinschaftung-des-risikos\/#breadcrumb","itemListElement":[{"@type":"ListItem","position":1,"name":"Home","item":"https:\/\/vof-news.eu\/de\/"},{"@type":"ListItem","position":2,"name":"Belgien fordert bei russischem Verm\u00f6gen Vergemeinschaftung des Risikos"}]},{"@type":"WebSite","@id":"https:\/\/vof-news.eu\/de\/#website","url":"https:\/\/vof-news.eu\/de\/","name":"vof-news.eu","description":"","potentialAction":[{"@type":"SearchAction","target":{"@type":"EntryPoint","urlTemplate":"https:\/\/vof-news.eu\/de\/?s={search_term_string}"},"query-input":"required name=search_term_string"}],"inLanguage":"de"},{"@type":"Person","@id":"https:\/\/vof-news.eu\/de\/#\/schema\/person\/f6a2a4309f0561835797fd8c19b333ed","name":"Author","image":{"@type":"ImageObject","inLanguage":"de","@id":"https:\/\/vof-news.eu\/de\/#\/schema\/person\/image\/","url":"https:\/\/secure.gravatar.com\/avatar\/b67e614b1b25b3e9c0c239efdd2fde5ab015b5affd6f1c3c85911ca4b384e790?s=96&d=mm&r=g","contentUrl":"https:\/\/secure.gravatar.com\/avatar\/b67e614b1b25b3e9c0c239efdd2fde5ab015b5affd6f1c3c85911ca4b384e790?s=96&d=mm&r=g","caption":"Author"},"sameAs":["http:\/\/vof-news.eu"],"url":"https:\/\/vof-news.eu\/de\/author\/zwt6qxnjulxbnyg\/"}]}},"yoast_meta":{"yoast_wpseo_title":"","yoast_wpseo_metadesc":"","yoast_wpseo_canonical":""},"_links":{"self":[{"href":"https:\/\/vof-news.eu\/de\/wp-json\/wp\/v2\/posts\/308953","targetHints":{"allow":["GET"]}}],"collection":[{"href":"https:\/\/vof-news.eu\/de\/wp-json\/wp\/v2\/posts"}],"about":[{"href":"https:\/\/vof-news.eu\/de\/wp-json\/wp\/v2\/types\/post"}],"author":[{"embeddable":true,"href":"https:\/\/vof-news.eu\/de\/wp-json\/wp\/v2\/users\/1"}],"replies":[{"embeddable":true,"href":"https:\/\/vof-news.eu\/de\/wp-json\/wp\/v2\/comments?post=308953"}],"version-history":[{"count":1,"href":"https:\/\/vof-news.eu\/de\/wp-json\/wp\/v2\/posts\/308953\/revisions"}],"predecessor-version":[{"id":308960,"href":"https:\/\/vof-news.eu\/de\/wp-json\/wp\/v2\/posts\/308953\/revisions\/308960"}],"wp:featuredmedia":[{"embeddable":true,"href":"https:\/\/vof-news.eu\/de\/wp-json\/wp\/v2\/media\/308954"}],"wp:attachment":[{"href":"https:\/\/vof-news.eu\/de\/wp-json\/wp\/v2\/media?parent=308953"}],"wp:term":[{"taxonomy":"category","embeddable":true,"href":"https:\/\/vof-news.eu\/de\/wp-json\/wp\/v2\/categories?post=308953"},{"taxonomy":"post_tag","embeddable":true,"href":"https:\/\/vof-news.eu\/de\/wp-json\/wp\/v2\/tags?post=308953"}],"curies":[{"name":"wp","href":"https:\/\/api.w.org\/{rel}","templated":true}]}}