{"id":308456,"date":"2025-12-17T03:28:53","date_gmt":"2025-12-17T00:28:53","guid":{"rendered":"https:\/\/vof-news.eu\/slowaken-protestieren-gegen-abschaffung-von-whistleblower-behorde\/"},"modified":"2025-12-17T03:30:56","modified_gmt":"2025-12-17T00:30:56","slug":"slowaken-protestieren-gegen-abschaffung-von-whistleblower-behorde","status":"publish","type":"post","link":"https:\/\/vof-news.eu\/de\/slowaken-protestieren-gegen-abschaffung-von-whistleblower-behorde\/","title":{"rendered":"Slowaken protestieren gegen Abschaffung von Whistleblower-Beh\u00f6rde"},"content":{"rendered":"<div>\n<p>In der <a href=\"https:\/\/www.zeit.de\/thema\/slowakei\" rel=\"nofollow\">Slowakei<\/a>\u00a0haben Tausende Menschen gegen die Regierung von Ministerpr\u00e4sident <span><a href=\"https:\/\/www.zeit.de\/thema\/robert-fico\" rel=\"nofollow\">Robert Fico<\/a><\/span> demonstriert. Ausl\u00f6ser war die geplante Abschaffung der Beh\u00f6rde zum Schutz von <a href=\"https:\/\/www.zeit.de\/thema\/whistleblower\" rel=\"nofollow\">Whistleblowern<\/a>\u00a0sowie eine Reihe weiterer Gesetzes\u00e4nderungen im Parlament. In Bratislava forderten die Demonstrantinnen und Demonstranten <a href=\"https:\/\/www.zeit.de\/politik\/ausland\/2025-11\/slowakei-proteste-robert-fico-revolution-november-1989\" rel=\"nofollow\">Ministerpr\u00e4sident Robert Fico<\/a> zum R\u00fccktritt auf.\u00a0\n<\/p>\n<p>Auch in neun weiteren St\u00e4dten gab es Proteste. Wie bereits bei den Kundgebungen der vergangenen Monate schwenkten die Menschen dort Europa-, Ukraine- und Slowakeiflaggen. Viele sangen die slowakische Nationalhymne. Auf Plakaten war zu lesen: &#8222;Genug von Fico&#8220; oder &#8222;Ficos Regierung hilft der Mafia&#8220;. Zu dem Protest aufgerufen hatten mehrere Oppositionsparteien.\u00a0\n<\/p>\n<p>Zuvor hatte das slowakische Parlament mit knapper Mehrheit ein <a href=\"https:\/\/www.zeit.de\/politik\/ausland\/2025-12\/slowakei-whistleblower-schutzbehoerde-umstrukturierung-parlament\" rel=\"nofollow\">Gesetz zur Abschaffung des Amtes zum Schutz von Informanten gebilligt<\/a>, die Hinweise zu Fehlverhalten, illegalen Praktiken oder Missst\u00e4nden in Beh\u00f6rden und anderswo geben. Parlamentspr\u00e4sident Peter Pellegrini hatte zuvor ein Veto eingelegt. Kritikern zufolge wird die Umstrukturierung des Schutzb\u00fcros f\u00fcr <span><a href=\"https:\/\/www.zeit.de\/thema\/whistleblower\" rel=\"nofollow\">Whistleblower<\/a><\/span> die Korruption f\u00f6rdern.\u00a0\n<\/p>\n<h2>Opposition kritisiert Beg\u00fcnstigung von Kriminalit\u00e4t<\/h2>\n<p>Das Gesetz z\u00e4hlt zu einer Reihe von Vorhaben, die die Dreierkoalition von Premier Fico in der vergangenen Woche mit knapper Mehrheit im Parlament durchgesetzt hat. Dabei ging es auch um \u00c4nderungen im Rechtssystem. Wenn Verd\u00e4chtige mit den Strafermittlern kooperieren, um mit einer leichteren Strafe davonzukommen, d\u00fcrfen von ihnen gesammelte Beweise k\u00fcnftig nicht mehr verwendet werden, wenn die Betreffenden in einem anderen Fall gelogen haben.\u00a0\n<\/p>\n<p>Die Opposition wirft Fico vor, er wolle seinen Verb\u00fcndeten\u00a0Tibor\u00a0Ga\u0161par sch\u00fctzen. Der\u00a0Parlamentsvizepr\u00e4sident sollte\u00a0wegen der Gr\u00fcndung einer kriminellen Vereinigung vor Gericht gestellt werden.\u00a0&#8222;Die Slowakei ist das einzige Land, in dem die Regierung Gesetze verabschiedet, die Kriminellen und der Mafia das Leben leichter machen&#8220;, sagte Oppositionspolitiker Michal\u00a0\u0160ime\u010dka von der Partei Fortschrittliche <span><a href=\"https:\/\/www.zeit.de\/thema\/slowakei\" rel=\"nofollow\">Slowakei<\/a><\/span> (PS).\n<\/p>\n<h2>Slowakei verbietet Kritik an nationalistischen Benes-Dekreten<\/h2>\n<p>Hinter einem weiteren neu erlassenen Straftatbestand, n\u00e4mlich der Kritik an den sogenannten <a href=\"https:\/\/www.zeit.de\/2002\/18\/200218_dlfinterview_2604_xml\" rel=\"nofollow\">Benes-Dekreten<\/a>, vermutet die PS eine gezielte Verfolgung ihrer Anf\u00fchrer. Mit den Benes-Dekreten hatte die tschechoslowakische Nachkriegsregierung bewirkt, dass die deutschen und ungarischen Minderheiten enteignet und vertrieben werden. Kritik an dem Regelwerk vergleicht die Fico-Regierung mit der Leugnung des Holocaust. Sie will solche Kritik k\u00fcnftig mit einer sechsmonatigen Freiheitsstrafe belegen. Dagegen protestierte bereits in den vergangenen Tagen vor allem die ungarische Minderheit.\n<\/p>\n<p>Fico gilt seit Langem als polarisierende Figur in der slowakischen Politik.\u00a0Immer wieder kommt es zu <a href=\"https:\/\/www.zeit.de\/politik\/ausland\/2025-11\/slowakei-proteste-robert-fico-revolution-november-1989\" rel=\"nofollow\">Massendemonstrationen gegen seine Politik<\/a>.\u00a0Fico hat die gesamte milit\u00e4rische Unterst\u00fctzung der Slowakei f\u00fcr die <span><a href=\"https:\/\/www.zeit.de\/politik\/ausland\/ukraine-krieg-news-liveblog\" rel=\"nofollow\">Ukraine<\/a><\/span> eingestellt. Kritiker werfen ihm vor, er folge mit seiner Regierung dem russlandfreundlichen Kurs Ungarns unter Ministerpr\u00e4sident Viktor Orb\u00e1n. An den j\u00fcngsten Protesten nahm auch\u00a0L\u00e1szl\u00f3 Gub\u00edk teil, der Vorsitzende der Partei Ungarische Allianz, die die ungarische Minderheit in der Slowakei vertritt.\n<\/p>\n<\/div>\n","protected":false},"excerpt":{"rendered":"<p>In der Slowakei\u00a0haben Tausende Menschen gegen die Regierung von Ministerpr\u00e4sident Robert Fico demonstriert. Ausl\u00f6ser war die geplante Abschaffung der Beh\u00f6rde zum Schutz von Whistleblowern\u00a0sowie eine Reihe weiterer Gesetzes\u00e4nderungen im Parlament. In Bratislava forderten die Demonstrantinnen und Demonstranten Ministerpr\u00e4sident Robert Fico zum R\u00fccktritt auf.\u00a0 Auch in neun weiteren St\u00e4dten gab es Proteste. Wie bereits bei den<\/p>\n","protected":false},"author":1,"featured_media":308457,"comment_status":"open","ping_status":"open","sticky":false,"template":"","format":"standard","meta":{"footnotes":""},"categories":[116],"tags":[],"class_list":["post-308456","post","type-post","status-publish","format-standard","has-post-thumbnail","hentry","category-war-chronicles-de"],"acf":[],"yoast_head":"<!-- This site is optimized with the Yoast SEO plugin v22.9 - https:\/\/yoast.com\/wordpress\/plugins\/seo\/ -->\n<title>Slowaken protestieren gegen Abschaffung von Whistleblower-Beh\u00f6rde - vof-news.eu<\/title>\n<meta name=\"description\" content=\"In der Slowakei\u00a0haben Tausende Menschen gegen die Regierung von Ministerpr\u00e4sident Robert Fico demonstriert. Ausl\u00f6ser war die geplante Abschaffung der Beh\u00f6rde zum Schutz von Whistleblowern\u00a0sowie eine Reihe weiterer Gesetzes\u00e4nderungen im Parlament. In Bratislava forderten die Demonstrantinnen und Demonstranten Ministerpr\u00e4sident Robert Fico zum R\u00fccktritt auf.\u00a0\" \/>\n<meta name=\"robots\" content=\"noindex, follow, max-snippet:-1, max-image-preview:large, max-video-preview:-1\" \/>\n<meta property=\"og:locale\" content=\"de_DE\" \/>\n<meta property=\"og:type\" content=\"article\" \/>\n<meta property=\"og:title\" content=\"Slowaken protestieren gegen Abschaffung von Whistleblower-Beh\u00f6rde - vof-news.eu\" \/>\n<meta property=\"og:description\" content=\"In der Slowakei\u00a0haben Tausende Menschen gegen die Regierung von Ministerpr\u00e4sident Robert Fico demonstriert. Ausl\u00f6ser war die geplante Abschaffung der Beh\u00f6rde zum Schutz von Whistleblowern\u00a0sowie eine Reihe weiterer Gesetzes\u00e4nderungen im Parlament. In Bratislava forderten die Demonstrantinnen und Demonstranten Ministerpr\u00e4sident Robert Fico zum R\u00fccktritt auf.\u00a0\" \/>\n<meta property=\"og:url\" content=\"https:\/\/vof-news.eu\/de\/slowaken-protestieren-gegen-abschaffung-von-whistleblower-behorde\/\" \/>\n<meta property=\"og:site_name\" content=\"vof-news.eu\" \/>\n<meta property=\"article:published_time\" content=\"2025-12-17T00:28:53+00:00\" \/>\n<meta property=\"article:modified_time\" content=\"2025-12-17T00:30:56+00:00\" \/>\n<meta property=\"og:image\" content=\"https:\/\/vof-news.eu\/wp-content\/uploads\/2025\/12\/wide__1000x562-73.jpg\" \/>\n\t<meta property=\"og:image:width\" content=\"1000\" \/>\n\t<meta property=\"og:image:height\" content=\"562\" \/>\n\t<meta property=\"og:image:type\" content=\"image\/jpeg\" \/>\n<meta name=\"author\" content=\"Author\" \/>\n<meta name=\"twitter:card\" content=\"summary_large_image\" \/>\n<meta name=\"twitter:label1\" content=\"Verfasst von\" \/>\n\t<meta name=\"twitter:data1\" content=\"Author\" \/>\n\t<meta name=\"twitter:label2\" content=\"Gesch\u00e4tzte Lesezeit\" \/>\n\t<meta name=\"twitter:data2\" content=\"2\u00a0Minuten\" \/>\n<script type=\"application\/ld+json\" class=\"yoast-schema-graph\">{\"@context\":\"https:\/\/schema.org\",\"@graph\":[{\"@type\":\"WebPage\",\"@id\":\"https:\/\/vof-news.eu\/de\/slowaken-protestieren-gegen-abschaffung-von-whistleblower-behorde\/\",\"url\":\"https:\/\/vof-news.eu\/de\/slowaken-protestieren-gegen-abschaffung-von-whistleblower-behorde\/\",\"name\":\"Slowaken protestieren gegen Abschaffung von Whistleblower-Beh\u00f6rde - vof-news.eu\",\"isPartOf\":{\"@id\":\"https:\/\/vof-news.eu\/de\/#website\"},\"primaryImageOfPage\":{\"@id\":\"https:\/\/vof-news.eu\/de\/slowaken-protestieren-gegen-abschaffung-von-whistleblower-behorde\/#primaryimage\"},\"image\":{\"@id\":\"https:\/\/vof-news.eu\/de\/slowaken-protestieren-gegen-abschaffung-von-whistleblower-behorde\/#primaryimage\"},\"thumbnailUrl\":\"https:\/\/vof-news.eu\/wp-content\/uploads\/2025\/12\/wide__1000x562-73.jpg\",\"datePublished\":\"2025-12-17T00:28:53+00:00\",\"dateModified\":\"2025-12-17T00:30:56+00:00\",\"author\":{\"@id\":\"https:\/\/vof-news.eu\/de\/#\/schema\/person\/f6a2a4309f0561835797fd8c19b333ed\"},\"description\":\"In der Slowakei\u00a0haben Tausende Menschen gegen die Regierung von Ministerpr\u00e4sident Robert Fico demonstriert. Ausl\u00f6ser war die geplante Abschaffung der Beh\u00f6rde zum Schutz von Whistleblowern\u00a0sowie eine Reihe weiterer Gesetzes\u00e4nderungen im Parlament. In Bratislava forderten die Demonstrantinnen und Demonstranten Ministerpr\u00e4sident Robert Fico zum R\u00fccktritt auf.\u00a0\",\"breadcrumb\":{\"@id\":\"https:\/\/vof-news.eu\/de\/slowaken-protestieren-gegen-abschaffung-von-whistleblower-behorde\/#breadcrumb\"},\"inLanguage\":\"de\",\"potentialAction\":[{\"@type\":\"ReadAction\",\"target\":[\"https:\/\/vof-news.eu\/de\/slowaken-protestieren-gegen-abschaffung-von-whistleblower-behorde\/\"]}]},{\"@type\":\"ImageObject\",\"inLanguage\":\"de\",\"@id\":\"https:\/\/vof-news.eu\/de\/slowaken-protestieren-gegen-abschaffung-von-whistleblower-behorde\/#primaryimage\",\"url\":\"https:\/\/vof-news.eu\/wp-content\/uploads\/2025\/12\/wide__1000x562-73.jpg\",\"contentUrl\":\"https:\/\/vof-news.eu\/wp-content\/uploads\/2025\/12\/wide__1000x562-73.jpg\",\"width\":1000,\"height\":562},{\"@type\":\"BreadcrumbList\",\"@id\":\"https:\/\/vof-news.eu\/de\/slowaken-protestieren-gegen-abschaffung-von-whistleblower-behorde\/#breadcrumb\",\"itemListElement\":[{\"@type\":\"ListItem\",\"position\":1,\"name\":\"Home\",\"item\":\"https:\/\/vof-news.eu\/de\/\"},{\"@type\":\"ListItem\",\"position\":2,\"name\":\"Slowaken protestieren gegen Abschaffung von Whistleblower-Beh\u00f6rde\"}]},{\"@type\":\"WebSite\",\"@id\":\"https:\/\/vof-news.eu\/de\/#website\",\"url\":\"https:\/\/vof-news.eu\/de\/\",\"name\":\"vof-news.eu\",\"description\":\"\",\"potentialAction\":[{\"@type\":\"SearchAction\",\"target\":{\"@type\":\"EntryPoint\",\"urlTemplate\":\"https:\/\/vof-news.eu\/de\/?s={search_term_string}\"},\"query-input\":\"required name=search_term_string\"}],\"inLanguage\":\"de\"},{\"@type\":\"Person\",\"@id\":\"https:\/\/vof-news.eu\/de\/#\/schema\/person\/f6a2a4309f0561835797fd8c19b333ed\",\"name\":\"Author\",\"image\":{\"@type\":\"ImageObject\",\"inLanguage\":\"de\",\"@id\":\"https:\/\/vof-news.eu\/de\/#\/schema\/person\/image\/\",\"url\":\"https:\/\/secure.gravatar.com\/avatar\/b67e614b1b25b3e9c0c239efdd2fde5ab015b5affd6f1c3c85911ca4b384e790?s=96&d=mm&r=g\",\"contentUrl\":\"https:\/\/secure.gravatar.com\/avatar\/b67e614b1b25b3e9c0c239efdd2fde5ab015b5affd6f1c3c85911ca4b384e790?s=96&d=mm&r=g\",\"caption\":\"Author\"},\"sameAs\":[\"http:\/\/vof-news.eu\"],\"url\":\"https:\/\/vof-news.eu\/de\/author\/zwt6qxnjulxbnyg\/\"}]}<\/script>\n<!-- \/ Yoast SEO plugin. -->","yoast_head_json":{"title":"Slowaken protestieren gegen Abschaffung von Whistleblower-Beh\u00f6rde - vof-news.eu","description":"In der Slowakei\u00a0haben Tausende Menschen gegen die Regierung von Ministerpr\u00e4sident Robert Fico demonstriert. Ausl\u00f6ser war die geplante Abschaffung der Beh\u00f6rde zum Schutz von Whistleblowern\u00a0sowie eine Reihe weiterer Gesetzes\u00e4nderungen im Parlament. In Bratislava forderten die Demonstrantinnen und Demonstranten Ministerpr\u00e4sident Robert Fico zum R\u00fccktritt auf.\u00a0","robots":{"index":"noindex","follow":"follow","max-snippet":"max-snippet:-1","max-image-preview":"max-image-preview:large","max-video-preview":"max-video-preview:-1"},"og_locale":"de_DE","og_type":"article","og_title":"Slowaken protestieren gegen Abschaffung von Whistleblower-Beh\u00f6rde - vof-news.eu","og_description":"In der Slowakei\u00a0haben Tausende Menschen gegen die Regierung von Ministerpr\u00e4sident Robert Fico demonstriert. Ausl\u00f6ser war die geplante Abschaffung der Beh\u00f6rde zum Schutz von Whistleblowern\u00a0sowie eine Reihe weiterer Gesetzes\u00e4nderungen im Parlament. In Bratislava forderten die Demonstrantinnen und Demonstranten Ministerpr\u00e4sident Robert Fico zum R\u00fccktritt auf.\u00a0","og_url":"https:\/\/vof-news.eu\/de\/slowaken-protestieren-gegen-abschaffung-von-whistleblower-behorde\/","og_site_name":"vof-news.eu","article_published_time":"2025-12-17T00:28:53+00:00","article_modified_time":"2025-12-17T00:30:56+00:00","og_image":[{"width":1000,"height":562,"url":"https:\/\/vof-news.eu\/wp-content\/uploads\/2025\/12\/wide__1000x562-73.jpg","type":"image\/jpeg"}],"author":"Author","twitter_card":"summary_large_image","twitter_misc":{"Verfasst von":"Author","Gesch\u00e4tzte Lesezeit":"2\u00a0Minuten"},"schema":{"@context":"https:\/\/schema.org","@graph":[{"@type":"WebPage","@id":"https:\/\/vof-news.eu\/de\/slowaken-protestieren-gegen-abschaffung-von-whistleblower-behorde\/","url":"https:\/\/vof-news.eu\/de\/slowaken-protestieren-gegen-abschaffung-von-whistleblower-behorde\/","name":"Slowaken protestieren gegen Abschaffung von Whistleblower-Beh\u00f6rde - vof-news.eu","isPartOf":{"@id":"https:\/\/vof-news.eu\/de\/#website"},"primaryImageOfPage":{"@id":"https:\/\/vof-news.eu\/de\/slowaken-protestieren-gegen-abschaffung-von-whistleblower-behorde\/#primaryimage"},"image":{"@id":"https:\/\/vof-news.eu\/de\/slowaken-protestieren-gegen-abschaffung-von-whistleblower-behorde\/#primaryimage"},"thumbnailUrl":"https:\/\/vof-news.eu\/wp-content\/uploads\/2025\/12\/wide__1000x562-73.jpg","datePublished":"2025-12-17T00:28:53+00:00","dateModified":"2025-12-17T00:30:56+00:00","author":{"@id":"https:\/\/vof-news.eu\/de\/#\/schema\/person\/f6a2a4309f0561835797fd8c19b333ed"},"description":"In der Slowakei\u00a0haben Tausende Menschen gegen die Regierung von Ministerpr\u00e4sident Robert Fico demonstriert. Ausl\u00f6ser war die geplante Abschaffung der Beh\u00f6rde zum Schutz von Whistleblowern\u00a0sowie eine Reihe weiterer Gesetzes\u00e4nderungen im Parlament. In Bratislava forderten die Demonstrantinnen und Demonstranten Ministerpr\u00e4sident Robert Fico zum R\u00fccktritt auf.\u00a0","breadcrumb":{"@id":"https:\/\/vof-news.eu\/de\/slowaken-protestieren-gegen-abschaffung-von-whistleblower-behorde\/#breadcrumb"},"inLanguage":"de","potentialAction":[{"@type":"ReadAction","target":["https:\/\/vof-news.eu\/de\/slowaken-protestieren-gegen-abschaffung-von-whistleblower-behorde\/"]}]},{"@type":"ImageObject","inLanguage":"de","@id":"https:\/\/vof-news.eu\/de\/slowaken-protestieren-gegen-abschaffung-von-whistleblower-behorde\/#primaryimage","url":"https:\/\/vof-news.eu\/wp-content\/uploads\/2025\/12\/wide__1000x562-73.jpg","contentUrl":"https:\/\/vof-news.eu\/wp-content\/uploads\/2025\/12\/wide__1000x562-73.jpg","width":1000,"height":562},{"@type":"BreadcrumbList","@id":"https:\/\/vof-news.eu\/de\/slowaken-protestieren-gegen-abschaffung-von-whistleblower-behorde\/#breadcrumb","itemListElement":[{"@type":"ListItem","position":1,"name":"Home","item":"https:\/\/vof-news.eu\/de\/"},{"@type":"ListItem","position":2,"name":"Slowaken protestieren gegen Abschaffung von Whistleblower-Beh\u00f6rde"}]},{"@type":"WebSite","@id":"https:\/\/vof-news.eu\/de\/#website","url":"https:\/\/vof-news.eu\/de\/","name":"vof-news.eu","description":"","potentialAction":[{"@type":"SearchAction","target":{"@type":"EntryPoint","urlTemplate":"https:\/\/vof-news.eu\/de\/?s={search_term_string}"},"query-input":"required name=search_term_string"}],"inLanguage":"de"},{"@type":"Person","@id":"https:\/\/vof-news.eu\/de\/#\/schema\/person\/f6a2a4309f0561835797fd8c19b333ed","name":"Author","image":{"@type":"ImageObject","inLanguage":"de","@id":"https:\/\/vof-news.eu\/de\/#\/schema\/person\/image\/","url":"https:\/\/secure.gravatar.com\/avatar\/b67e614b1b25b3e9c0c239efdd2fde5ab015b5affd6f1c3c85911ca4b384e790?s=96&d=mm&r=g","contentUrl":"https:\/\/secure.gravatar.com\/avatar\/b67e614b1b25b3e9c0c239efdd2fde5ab015b5affd6f1c3c85911ca4b384e790?s=96&d=mm&r=g","caption":"Author"},"sameAs":["http:\/\/vof-news.eu"],"url":"https:\/\/vof-news.eu\/de\/author\/zwt6qxnjulxbnyg\/"}]}},"yoast_meta":{"yoast_wpseo_title":"","yoast_wpseo_metadesc":"","yoast_wpseo_canonical":""},"_links":{"self":[{"href":"https:\/\/vof-news.eu\/de\/wp-json\/wp\/v2\/posts\/308456","targetHints":{"allow":["GET"]}}],"collection":[{"href":"https:\/\/vof-news.eu\/de\/wp-json\/wp\/v2\/posts"}],"about":[{"href":"https:\/\/vof-news.eu\/de\/wp-json\/wp\/v2\/types\/post"}],"author":[{"embeddable":true,"href":"https:\/\/vof-news.eu\/de\/wp-json\/wp\/v2\/users\/1"}],"replies":[{"embeddable":true,"href":"https:\/\/vof-news.eu\/de\/wp-json\/wp\/v2\/comments?post=308456"}],"version-history":[{"count":1,"href":"https:\/\/vof-news.eu\/de\/wp-json\/wp\/v2\/posts\/308456\/revisions"}],"predecessor-version":[{"id":308463,"href":"https:\/\/vof-news.eu\/de\/wp-json\/wp\/v2\/posts\/308456\/revisions\/308463"}],"wp:featuredmedia":[{"embeddable":true,"href":"https:\/\/vof-news.eu\/de\/wp-json\/wp\/v2\/media\/308457"}],"wp:attachment":[{"href":"https:\/\/vof-news.eu\/de\/wp-json\/wp\/v2\/media?parent=308456"}],"wp:term":[{"taxonomy":"category","embeddable":true,"href":"https:\/\/vof-news.eu\/de\/wp-json\/wp\/v2\/categories?post=308456"},{"taxonomy":"post_tag","embeddable":true,"href":"https:\/\/vof-news.eu\/de\/wp-json\/wp\/v2\/tags?post=308456"}],"curies":[{"name":"wp","href":"https:\/\/api.w.org\/{rel}","templated":true}]}}