{"id":308049,"date":"2025-12-16T03:29:19","date_gmt":"2025-12-16T00:29:19","guid":{"rendered":"https:\/\/vof-news.eu\/donald-trump-sieht-einigung-zum-kriegsende-naher-als-je-zuvor\/"},"modified":"2025-12-16T03:31:25","modified_gmt":"2025-12-16T00:31:25","slug":"donald-trump-sieht-einigung-zum-kriegsende-naher-als-je-zuvor","status":"publish","type":"post","link":"https:\/\/vof-news.eu\/de\/donald-trump-sieht-einigung-zum-kriegsende-naher-als-je-zuvor\/","title":{"rendered":"Donald Trump sieht Einigung zum Kriegsende &#8222;n\u00e4her als je zuvor&#8220;"},"content":{"rendered":"<div>\n<p>Nach <a href=\"https:\/\/www.zeit.de\/politik\/ausland\/2025-12\/ukraine-verhandlungen-berlin-wolodymyr-selenskyj-sicherheitsgarantien\" rel=\"nofollow\">den Ukrainegespr\u00e4chen<\/a> in Berlin hat sich US-Pr\u00e4sident Donald Trump optimistisch gezeigt. &#8222;Ich denke, wir sind jetzt n\u00e4her dran als je zuvor&#8220;, sagte\u00a0Trump\u00a0nach einem Telefonat mit den in Berlin versammelten Spitzen der Nato und europ\u00e4ischer Staaten \u00fcber ein <a href=\"https:\/\/www.zeit.de\/politik\/ausland\/karte-ukraine-krieg-russland-frontverlauf-truppenbewegungen\" rel=\"nofollow\">m\u00f6gliches Kriegsende<\/a>. Er habe &#8222;sehr lange und sehr gute Gespr\u00e4che&#8220;\u00a0mit den Partnern der <span><a href=\"https:\/\/www.zeit.de\/politik\/ausland\/ukraine-krieg-news-liveblog\" rel=\"nofollow\">Ukraine<\/a><\/span> gehabt.\u00a0Auch mit dem ukrainischen Pr\u00e4sidenten Wolodymyr Selenskyj habe er gesprochen, sagte Trump.\n<\/p>\n<p>Zugleich schr\u00e4nkte der US-Pr\u00e4sident ein: &#8222;Das sagen wir schon seit Langem, und es ist eine schwierige Angelegenheit.&#8220; Russland wolle mal eine L\u00f6sung und\u00a0&#8222;dann pl\u00f6tzlich wieder nicht&#8220;, sagte er. Genauso verhalte es sich auch mit der Ukraine. &#8222;Wir m\u00fcssen sie also auf einen Nenner bringen&#8220;, sagte <span><a href=\"https:\/\/www.zeit.de\/thema\/donald-trump\" rel=\"nofollow\">Trump<\/a><\/span>.\u00a0\n<\/p>\n<p>Bei der Frage nach m\u00f6glichen\u00a0<a href=\"https:\/\/www.zeit.de\/politik\/ausland\/2025-12\/friedensverhandlungen-ukraine-europa-vorschlag-sicherheitsgarantien-donbass\" rel=\"nofollow\">Sicherheitsgarantien f\u00fcr die Ukraine<\/a> verwies der US-Pr\u00e4sident auf die <span><a href=\"https:\/\/www.zeit.de\/thema\/europaeische-union\" rel=\"nofollow\">EU<\/a><\/span>.\u00a0Man arbeite aktuell mit den europ\u00e4ischen Partnern daran, sagte Trump auf die Frage einer Reporterin im Wei\u00dfen Haus. &#8222;Europa wird dabei eine gro\u00dfe Rolle spielen.&#8220;\u00a0\n<\/p>\n<h2>Merz zeigt sich zufrieden<\/h2>\n<p>In einer Stellungnahme stellten Staats- und Regierungschefs <a href=\"https:\/\/www.zeit.de\/politik\/ausland\/2025-12\/friedensverhandlungen-berlin-ukraine-krieg-europaeische-union\" rel=\"nofollow\">der EU<\/a> eine multinationale Truppe zur <a href=\"https:\/\/www.zeit.de\/politik\/ausland\/2025-12\/ukraine-verhandlungen-berlin-friedrich-merz-wolodymyr-selenskyj-us-sicherheitsgarantien\" rel=\"nofollow\">Absicherung eines Waffenstillstands<\/a> in der Ukraine in Aussicht.\u00a0Die von den Europ\u00e4ern gef\u00fchrte und den <span><a href=\"https:\/\/www.zeit.de\/thema\/usa\" rel=\"nofollow\">USA<\/a><\/span> unterst\u00fctzte Truppe werde die Streitkr\u00e4fte des Landes unterst\u00fctzen sowie die Sicherheit des Luftraums und der Meere gew\u00e4hrleisten. Dies solle &#8222;auch durch Operationen innerhalb der Ukraine&#8220; geschehen, hie\u00df es.\n<\/p>\n<p>Zudem lobten die EU-Spitzen eine\u00a0&#8222;starke Konvergenz&#8220; zwischen den Vereinigten Staaten, der Ukraine und Europa.\u00a0&#8222;Was die USA hier in Berlin an rechtlichen und an materiellen Garantien auf den Tisch gelegt haben, ist wirklich beachtlich&#8220;, sagte auch <a href=\"https:\/\/www.zeit.de\/politik\/deutschland\/2025-12\/csu-parteitag-rede-friedrich-merz-gxe\" rel=\"nofollow\">Bundeskanzler Friedrich Merz<\/a> (CDU) bei einer Pressekonferenz \u00fcber m\u00f6gliche\u00a0Sicherheitsgarantien.\u00a0\n<\/p>\n<p>Die Erkl\u00e4rung wurde au\u00dfer von Merz auch von seinen Amtskolleginnen und -kollegen aus Frankreich, Gro\u00dfbritannien, Polen, Italien, D\u00e4nemark, Finnland, den Niederlanden, Norwegen und Schweden sowie von\u00a0EU-Ratspr\u00e4sident Ant\u00f3nio Costa und\u00a0EU-Kommissionspr\u00e4sidentin Ursula von der Leyen unterzeichnet.\u00a0Russland lehnt den Einsatz von Truppen zur \u00dcberwachung eines Waffenstillstands bisher kategorisch ab.\n<\/p>\n<h2>Gebietsabtretungen bleiben Streitpunkt<\/h2>\n<p>Keine\u00a0sichtbare Bewegung gab es wohl bei der\u00a0Frage der <a href=\"https:\/\/www.zeit.de\/politik\/ausland\/2025-12\/ukraine-krieg-friedensverhandlungen-russland-usa-wolodymyr-selenskyj\" rel=\"nofollow\">Gebietsabtretungen der Ukraine<\/a>.\u00a0Selenskyj sprach von nach wie vor &#8222;unterschiedlichen Positionen&#8220; zwischen den Kriegsparteien.\u00a0Dennoch sei es gelungen, den US-Unterh\u00e4ndlern die Position der Ukraine zu verdeutlichen. &#8222;Die Ukraine wird geh\u00f6rt&#8220;, sagte\u00a0Selenskyj.\u00a0\n<\/p>\n<p>Am Sonntag und am Montag hatten\u00a0der US-Gesandte Steve Witkoff und Jared Kushner in <span><a href=\"https:\/\/www.zeit.de\/thema\/berlin\" rel=\"nofollow\">Berlin<\/a><\/span> mit dem ukrainischen Pr\u00e4sidenten sowie europ\u00e4ischen Politikern \u00fcber ein m\u00f6gliches Ende des Ukrainekriegs beraten.\u00a0&#8222;Wir haben in einer Reihe von Fragen, die wir f\u00fcr den Abschluss eines Friedensabkommens als entscheidend erachten, einen Konsens erzielt&#8220;, hie\u00df\u00a0es von Unterh\u00e4ndlern der USA. Sie w\u00fcrden die Gespr\u00e4che nun mit Russland r\u00fcckkoppeln.\u00a0\n<\/p>\n<p><a href=\"https:\/\/www.zeit.de\/politik\/ausland\/ukraine-krieg-news-liveblog\" rel=\"nofollow\"><\/a>.\n<\/p>\n<p>\n<\/p>\n<\/div>\n","protected":false},"excerpt":{"rendered":"<p>Nach den Ukrainegespr\u00e4chen in Berlin hat sich US-Pr\u00e4sident Donald Trump optimistisch gezeigt. &#8222;Ich denke, wir sind jetzt n\u00e4her dran als je zuvor&#8220;, sagte\u00a0Trump\u00a0nach einem Telefonat mit den in Berlin versammelten Spitzen der Nato und europ\u00e4ischer Staaten \u00fcber ein m\u00f6gliches Kriegsende. Er habe &#8222;sehr lange und sehr gute Gespr\u00e4che&#8220;\u00a0mit den Partnern der Ukraine gehabt.\u00a0Auch mit dem<\/p>\n","protected":false},"author":1,"featured_media":308050,"comment_status":"open","ping_status":"open","sticky":false,"template":"","format":"standard","meta":{"footnotes":""},"categories":[116],"tags":[],"class_list":["post-308049","post","type-post","status-publish","format-standard","has-post-thumbnail","hentry","category-war-chronicles-de"],"acf":[],"yoast_head":"<!-- This site is optimized with the Yoast SEO plugin v22.9 - https:\/\/yoast.com\/wordpress\/plugins\/seo\/ -->\n<title>Donald Trump sieht Einigung zum Kriegsende &quot;n\u00e4her als je zuvor&quot; - vof-news.eu<\/title>\n<meta name=\"description\" content=\"Nach den Ukrainegespr\u00e4chen in Berlin hat sich US-Pr\u00e4sident Donald Trump optimistisch gezeigt. &quot;Ich denke, wir sind jetzt n\u00e4her dran als je zuvor&quot;, sagte\u00a0Trump\u00a0nach einem Telefonat mit den in Berlin versammelten Spitzen der Nato und europ\u00e4ischer Staaten \u00fcber ein m\u00f6gliches Kriegsende. Er habe &quot;sehr lange und sehr gute Gespr\u00e4che&quot;\u00a0mit den Partnern der Ukraine gehabt.\u00a0Auch mit dem ukrainischen Pr\u00e4sidenten Wolodymyr Selenskyj habe er gesprochen, sagte Trump.\" \/>\n<meta name=\"robots\" content=\"noindex, follow, max-snippet:-1, max-image-preview:large, max-video-preview:-1\" \/>\n<meta property=\"og:locale\" content=\"de_DE\" \/>\n<meta property=\"og:type\" content=\"article\" \/>\n<meta property=\"og:title\" content=\"Donald Trump sieht Einigung zum Kriegsende &quot;n\u00e4her als je zuvor&quot; - vof-news.eu\" \/>\n<meta property=\"og:description\" content=\"Nach den Ukrainegespr\u00e4chen in Berlin hat sich US-Pr\u00e4sident Donald Trump optimistisch gezeigt. &quot;Ich denke, wir sind jetzt n\u00e4her dran als je zuvor&quot;, sagte\u00a0Trump\u00a0nach einem Telefonat mit den in Berlin versammelten Spitzen der Nato und europ\u00e4ischer Staaten \u00fcber ein m\u00f6gliches Kriegsende. Er habe &quot;sehr lange und sehr gute Gespr\u00e4che&quot;\u00a0mit den Partnern der Ukraine gehabt.\u00a0Auch mit dem ukrainischen Pr\u00e4sidenten Wolodymyr Selenskyj habe er gesprochen, sagte Trump.\" \/>\n<meta property=\"og:url\" content=\"https:\/\/vof-news.eu\/de\/donald-trump-sieht-einigung-zum-kriegsende-naher-als-je-zuvor\/\" \/>\n<meta property=\"og:site_name\" content=\"vof-news.eu\" \/>\n<meta property=\"article:published_time\" content=\"2025-12-16T00:29:19+00:00\" \/>\n<meta property=\"article:modified_time\" content=\"2025-12-16T00:31:25+00:00\" \/>\n<meta property=\"og:image\" content=\"https:\/\/vof-news.eu\/wp-content\/uploads\/2025\/12\/wide__1000x562-70.jpg\" \/>\n\t<meta property=\"og:image:width\" content=\"1000\" \/>\n\t<meta property=\"og:image:height\" content=\"562\" \/>\n\t<meta property=\"og:image:type\" content=\"image\/jpeg\" \/>\n<meta name=\"author\" content=\"Author\" \/>\n<meta name=\"twitter:card\" content=\"summary_large_image\" \/>\n<meta name=\"twitter:label1\" content=\"Verfasst von\" \/>\n\t<meta name=\"twitter:data1\" content=\"Author\" \/>\n\t<meta name=\"twitter:label2\" content=\"Gesch\u00e4tzte Lesezeit\" \/>\n\t<meta name=\"twitter:data2\" content=\"2\u00a0Minuten\" \/>\n<script type=\"application\/ld+json\" class=\"yoast-schema-graph\">{\"@context\":\"https:\/\/schema.org\",\"@graph\":[{\"@type\":\"WebPage\",\"@id\":\"https:\/\/vof-news.eu\/de\/donald-trump-sieht-einigung-zum-kriegsende-naher-als-je-zuvor\/\",\"url\":\"https:\/\/vof-news.eu\/de\/donald-trump-sieht-einigung-zum-kriegsende-naher-als-je-zuvor\/\",\"name\":\"Donald Trump sieht Einigung zum Kriegsende \\\"n\u00e4her als je zuvor\\\" - vof-news.eu\",\"isPartOf\":{\"@id\":\"https:\/\/vof-news.eu\/de\/#website\"},\"primaryImageOfPage\":{\"@id\":\"https:\/\/vof-news.eu\/de\/donald-trump-sieht-einigung-zum-kriegsende-naher-als-je-zuvor\/#primaryimage\"},\"image\":{\"@id\":\"https:\/\/vof-news.eu\/de\/donald-trump-sieht-einigung-zum-kriegsende-naher-als-je-zuvor\/#primaryimage\"},\"thumbnailUrl\":\"https:\/\/vof-news.eu\/wp-content\/uploads\/2025\/12\/wide__1000x562-70.jpg\",\"datePublished\":\"2025-12-16T00:29:19+00:00\",\"dateModified\":\"2025-12-16T00:31:25+00:00\",\"author\":{\"@id\":\"https:\/\/vof-news.eu\/de\/#\/schema\/person\/f6a2a4309f0561835797fd8c19b333ed\"},\"description\":\"Nach den Ukrainegespr\u00e4chen in Berlin hat sich US-Pr\u00e4sident Donald Trump optimistisch gezeigt. \\\"Ich denke, wir sind jetzt n\u00e4her dran als je zuvor\\\", sagte\u00a0Trump\u00a0nach einem Telefonat mit den in Berlin versammelten Spitzen der Nato und europ\u00e4ischer Staaten \u00fcber ein m\u00f6gliches Kriegsende. Er habe \\\"sehr lange und sehr gute Gespr\u00e4che\\\"\u00a0mit den Partnern der Ukraine gehabt.\u00a0Auch mit dem ukrainischen Pr\u00e4sidenten Wolodymyr Selenskyj habe er gesprochen, sagte Trump.\",\"breadcrumb\":{\"@id\":\"https:\/\/vof-news.eu\/de\/donald-trump-sieht-einigung-zum-kriegsende-naher-als-je-zuvor\/#breadcrumb\"},\"inLanguage\":\"de\",\"potentialAction\":[{\"@type\":\"ReadAction\",\"target\":[\"https:\/\/vof-news.eu\/de\/donald-trump-sieht-einigung-zum-kriegsende-naher-als-je-zuvor\/\"]}]},{\"@type\":\"ImageObject\",\"inLanguage\":\"de\",\"@id\":\"https:\/\/vof-news.eu\/de\/donald-trump-sieht-einigung-zum-kriegsende-naher-als-je-zuvor\/#primaryimage\",\"url\":\"https:\/\/vof-news.eu\/wp-content\/uploads\/2025\/12\/wide__1000x562-70.jpg\",\"contentUrl\":\"https:\/\/vof-news.eu\/wp-content\/uploads\/2025\/12\/wide__1000x562-70.jpg\",\"width\":1000,\"height\":562},{\"@type\":\"BreadcrumbList\",\"@id\":\"https:\/\/vof-news.eu\/de\/donald-trump-sieht-einigung-zum-kriegsende-naher-als-je-zuvor\/#breadcrumb\",\"itemListElement\":[{\"@type\":\"ListItem\",\"position\":1,\"name\":\"Home\",\"item\":\"https:\/\/vof-news.eu\/de\/\"},{\"@type\":\"ListItem\",\"position\":2,\"name\":\"Donald Trump sieht Einigung zum Kriegsende &#8220;n\u00e4her als je zuvor&#8221;\"}]},{\"@type\":\"WebSite\",\"@id\":\"https:\/\/vof-news.eu\/de\/#website\",\"url\":\"https:\/\/vof-news.eu\/de\/\",\"name\":\"vof-news.eu\",\"description\":\"\",\"potentialAction\":[{\"@type\":\"SearchAction\",\"target\":{\"@type\":\"EntryPoint\",\"urlTemplate\":\"https:\/\/vof-news.eu\/de\/?s={search_term_string}\"},\"query-input\":\"required name=search_term_string\"}],\"inLanguage\":\"de\"},{\"@type\":\"Person\",\"@id\":\"https:\/\/vof-news.eu\/de\/#\/schema\/person\/f6a2a4309f0561835797fd8c19b333ed\",\"name\":\"Author\",\"image\":{\"@type\":\"ImageObject\",\"inLanguage\":\"de\",\"@id\":\"https:\/\/vof-news.eu\/de\/#\/schema\/person\/image\/\",\"url\":\"https:\/\/secure.gravatar.com\/avatar\/b67e614b1b25b3e9c0c239efdd2fde5ab015b5affd6f1c3c85911ca4b384e790?s=96&d=mm&r=g\",\"contentUrl\":\"https:\/\/secure.gravatar.com\/avatar\/b67e614b1b25b3e9c0c239efdd2fde5ab015b5affd6f1c3c85911ca4b384e790?s=96&d=mm&r=g\",\"caption\":\"Author\"},\"sameAs\":[\"http:\/\/vof-news.eu\"],\"url\":\"https:\/\/vof-news.eu\/de\/author\/zwt6qxnjulxbnyg\/\"}]}<\/script>\n<!-- \/ Yoast SEO plugin. -->","yoast_head_json":{"title":"Donald Trump sieht Einigung zum Kriegsende \"n\u00e4her als je zuvor\" - vof-news.eu","description":"Nach den Ukrainegespr\u00e4chen in Berlin hat sich US-Pr\u00e4sident Donald Trump optimistisch gezeigt. \"Ich denke, wir sind jetzt n\u00e4her dran als je zuvor\", sagte\u00a0Trump\u00a0nach einem Telefonat mit den in Berlin versammelten Spitzen der Nato und europ\u00e4ischer Staaten \u00fcber ein m\u00f6gliches Kriegsende. Er habe \"sehr lange und sehr gute Gespr\u00e4che\"\u00a0mit den Partnern der Ukraine gehabt.\u00a0Auch mit dem ukrainischen Pr\u00e4sidenten Wolodymyr Selenskyj habe er gesprochen, sagte Trump.","robots":{"index":"noindex","follow":"follow","max-snippet":"max-snippet:-1","max-image-preview":"max-image-preview:large","max-video-preview":"max-video-preview:-1"},"og_locale":"de_DE","og_type":"article","og_title":"Donald Trump sieht Einigung zum Kriegsende \"n\u00e4her als je zuvor\" - vof-news.eu","og_description":"Nach den Ukrainegespr\u00e4chen in Berlin hat sich US-Pr\u00e4sident Donald Trump optimistisch gezeigt. \"Ich denke, wir sind jetzt n\u00e4her dran als je zuvor\", sagte\u00a0Trump\u00a0nach einem Telefonat mit den in Berlin versammelten Spitzen der Nato und europ\u00e4ischer Staaten \u00fcber ein m\u00f6gliches Kriegsende. Er habe \"sehr lange und sehr gute Gespr\u00e4che\"\u00a0mit den Partnern der Ukraine gehabt.\u00a0Auch mit dem ukrainischen Pr\u00e4sidenten Wolodymyr Selenskyj habe er gesprochen, sagte Trump.","og_url":"https:\/\/vof-news.eu\/de\/donald-trump-sieht-einigung-zum-kriegsende-naher-als-je-zuvor\/","og_site_name":"vof-news.eu","article_published_time":"2025-12-16T00:29:19+00:00","article_modified_time":"2025-12-16T00:31:25+00:00","og_image":[{"width":1000,"height":562,"url":"https:\/\/vof-news.eu\/wp-content\/uploads\/2025\/12\/wide__1000x562-70.jpg","type":"image\/jpeg"}],"author":"Author","twitter_card":"summary_large_image","twitter_misc":{"Verfasst von":"Author","Gesch\u00e4tzte Lesezeit":"2\u00a0Minuten"},"schema":{"@context":"https:\/\/schema.org","@graph":[{"@type":"WebPage","@id":"https:\/\/vof-news.eu\/de\/donald-trump-sieht-einigung-zum-kriegsende-naher-als-je-zuvor\/","url":"https:\/\/vof-news.eu\/de\/donald-trump-sieht-einigung-zum-kriegsende-naher-als-je-zuvor\/","name":"Donald Trump sieht Einigung zum Kriegsende \"n\u00e4her als je zuvor\" - vof-news.eu","isPartOf":{"@id":"https:\/\/vof-news.eu\/de\/#website"},"primaryImageOfPage":{"@id":"https:\/\/vof-news.eu\/de\/donald-trump-sieht-einigung-zum-kriegsende-naher-als-je-zuvor\/#primaryimage"},"image":{"@id":"https:\/\/vof-news.eu\/de\/donald-trump-sieht-einigung-zum-kriegsende-naher-als-je-zuvor\/#primaryimage"},"thumbnailUrl":"https:\/\/vof-news.eu\/wp-content\/uploads\/2025\/12\/wide__1000x562-70.jpg","datePublished":"2025-12-16T00:29:19+00:00","dateModified":"2025-12-16T00:31:25+00:00","author":{"@id":"https:\/\/vof-news.eu\/de\/#\/schema\/person\/f6a2a4309f0561835797fd8c19b333ed"},"description":"Nach den Ukrainegespr\u00e4chen in Berlin hat sich US-Pr\u00e4sident Donald Trump optimistisch gezeigt. \"Ich denke, wir sind jetzt n\u00e4her dran als je zuvor\", sagte\u00a0Trump\u00a0nach einem Telefonat mit den in Berlin versammelten Spitzen der Nato und europ\u00e4ischer Staaten \u00fcber ein m\u00f6gliches Kriegsende. Er habe \"sehr lange und sehr gute Gespr\u00e4che\"\u00a0mit den Partnern der Ukraine gehabt.\u00a0Auch mit dem ukrainischen Pr\u00e4sidenten Wolodymyr Selenskyj habe er gesprochen, sagte Trump.","breadcrumb":{"@id":"https:\/\/vof-news.eu\/de\/donald-trump-sieht-einigung-zum-kriegsende-naher-als-je-zuvor\/#breadcrumb"},"inLanguage":"de","potentialAction":[{"@type":"ReadAction","target":["https:\/\/vof-news.eu\/de\/donald-trump-sieht-einigung-zum-kriegsende-naher-als-je-zuvor\/"]}]},{"@type":"ImageObject","inLanguage":"de","@id":"https:\/\/vof-news.eu\/de\/donald-trump-sieht-einigung-zum-kriegsende-naher-als-je-zuvor\/#primaryimage","url":"https:\/\/vof-news.eu\/wp-content\/uploads\/2025\/12\/wide__1000x562-70.jpg","contentUrl":"https:\/\/vof-news.eu\/wp-content\/uploads\/2025\/12\/wide__1000x562-70.jpg","width":1000,"height":562},{"@type":"BreadcrumbList","@id":"https:\/\/vof-news.eu\/de\/donald-trump-sieht-einigung-zum-kriegsende-naher-als-je-zuvor\/#breadcrumb","itemListElement":[{"@type":"ListItem","position":1,"name":"Home","item":"https:\/\/vof-news.eu\/de\/"},{"@type":"ListItem","position":2,"name":"Donald Trump sieht Einigung zum Kriegsende &#8220;n\u00e4her als je zuvor&#8221;"}]},{"@type":"WebSite","@id":"https:\/\/vof-news.eu\/de\/#website","url":"https:\/\/vof-news.eu\/de\/","name":"vof-news.eu","description":"","potentialAction":[{"@type":"SearchAction","target":{"@type":"EntryPoint","urlTemplate":"https:\/\/vof-news.eu\/de\/?s={search_term_string}"},"query-input":"required name=search_term_string"}],"inLanguage":"de"},{"@type":"Person","@id":"https:\/\/vof-news.eu\/de\/#\/schema\/person\/f6a2a4309f0561835797fd8c19b333ed","name":"Author","image":{"@type":"ImageObject","inLanguage":"de","@id":"https:\/\/vof-news.eu\/de\/#\/schema\/person\/image\/","url":"https:\/\/secure.gravatar.com\/avatar\/b67e614b1b25b3e9c0c239efdd2fde5ab015b5affd6f1c3c85911ca4b384e790?s=96&d=mm&r=g","contentUrl":"https:\/\/secure.gravatar.com\/avatar\/b67e614b1b25b3e9c0c239efdd2fde5ab015b5affd6f1c3c85911ca4b384e790?s=96&d=mm&r=g","caption":"Author"},"sameAs":["http:\/\/vof-news.eu"],"url":"https:\/\/vof-news.eu\/de\/author\/zwt6qxnjulxbnyg\/"}]}},"yoast_meta":{"yoast_wpseo_title":"","yoast_wpseo_metadesc":"","yoast_wpseo_canonical":""},"_links":{"self":[{"href":"https:\/\/vof-news.eu\/de\/wp-json\/wp\/v2\/posts\/308049","targetHints":{"allow":["GET"]}}],"collection":[{"href":"https:\/\/vof-news.eu\/de\/wp-json\/wp\/v2\/posts"}],"about":[{"href":"https:\/\/vof-news.eu\/de\/wp-json\/wp\/v2\/types\/post"}],"author":[{"embeddable":true,"href":"https:\/\/vof-news.eu\/de\/wp-json\/wp\/v2\/users\/1"}],"replies":[{"embeddable":true,"href":"https:\/\/vof-news.eu\/de\/wp-json\/wp\/v2\/comments?post=308049"}],"version-history":[{"count":1,"href":"https:\/\/vof-news.eu\/de\/wp-json\/wp\/v2\/posts\/308049\/revisions"}],"predecessor-version":[{"id":308056,"href":"https:\/\/vof-news.eu\/de\/wp-json\/wp\/v2\/posts\/308049\/revisions\/308056"}],"wp:featuredmedia":[{"embeddable":true,"href":"https:\/\/vof-news.eu\/de\/wp-json\/wp\/v2\/media\/308050"}],"wp:attachment":[{"href":"https:\/\/vof-news.eu\/de\/wp-json\/wp\/v2\/media?parent=308049"}],"wp:term":[{"taxonomy":"category","embeddable":true,"href":"https:\/\/vof-news.eu\/de\/wp-json\/wp\/v2\/categories?post=308049"},{"taxonomy":"post_tag","embeddable":true,"href":"https:\/\/vof-news.eu\/de\/wp-json\/wp\/v2\/tags?post=308049"}],"curies":[{"name":"wp","href":"https:\/\/api.w.org\/{rel}","templated":true}]}}