{"id":307941,"date":"2025-12-15T21:31:56","date_gmt":"2025-12-15T18:31:56","guid":{"rendered":"https:\/\/vof-news.eu\/internetausfall-im-bundestag-wahrend-des-selenskyj-besuchs\/"},"modified":"2025-12-15T21:34:06","modified_gmt":"2025-12-15T18:34:06","slug":"internetausfall-im-bundestag-wahrend-des-selenskyj-besuchs","status":"publish","type":"post","link":"https:\/\/vof-news.eu\/de\/internetausfall-im-bundestag-wahrend-des-selenskyj-besuchs\/","title":{"rendered":"Internetausfall im Bundestag w\u00e4hrend des Selenskyj-Besuchs"},"content":{"rendered":"<div>\n<p>Im <span><a href=\"https:\/\/www.zeit.de\/thema\/bundestag\" rel=\"nofollow\">Bundestag<\/a><\/span> sind w\u00e4hrend des Besuches des ukrainischen Pr\u00e4sidenten Wolodymyr<br \/>\nSelenskyj das Internet und Intranet ausgefallen. Das best\u00e4tigte die Pressestelle des Bundestages der ZEIT.\n<\/p>\n<p>Demnach soll der Ausfall gegen 14.30 Uhr bemerkt worden sein, ab diesem Zeitpunkt konnten etwa keine E-Mails mehr versendet werden. Mittlerweile w\u00fcrden die IT-Systeme wieder hochgefahren werden, hie\u00df es.\u00a0\n<\/p>\n<h2>Ermittlungen laufen<\/h2>\n<p>Die zust\u00e4ndigen Stellen seien dabei, die<br \/>\nUrsache zu ermitteln und das Problem zu l\u00f6sen. Auch das<br \/>\nBundesamt f\u00fcr die Sicherheit in der Informationstechnik (BSI) ist<br \/>\ndemnach eingeschaltet. Zum aktuellen Zeitpunkt k\u00f6nne weder ein externer Cyberangriff noch ein internes technisches Problem ausgeschlossen werden, best\u00e4tigte der Bundestag der ZEIT.\n<\/p>\n<p>Der ukrainische Pr\u00e4sident <span><a href=\"https:\/\/www.zeit.de\/thema\/wolodymyr-selenskyj\" rel=\"nofollow\">Selenskyj<\/a><\/span> wurde <a href=\"https:\/\/www.zeit.de\/politik\/ausland\/ukraine-krieg-news-liveblog\" rel=\"nofollow\">gegen 14 Uhr von Bundestagspr\u00e4sidentin Julia Kl\u00f6ckner (CDU) empfangen<\/a>. Ob beide Ereignisse zusammenh\u00e4ngen, ist ebenfalls nicht bekannt.\u00a0\n<\/p>\n<h2>Videoschalte mit EU scheiterte<\/h2>\n<p>Ebenfalls scheiterte eine geplante Videoschalte zwischen in Br\u00fcssel<br \/>\ntagenden EU-Au\u00dfenministern und den f\u00fcr Ukraine-Gespr\u00e4che nach Berlin<br \/>\ngereisten US-Unterh\u00e4ndlern Steve Witkoff und Jared Kushner. Diese Schalte konnte aufgrund von Verbindungsproblemen nicht zustande kommen. EU-Chefdiplomatin Kaja<br \/>\nKallas sagte in Br\u00fcssel, sie wisse nicht, ob es einen Cyberangriff<br \/>\ngegeben habe. Klar sei aber, dass die Technik nicht richtig funktioniert<br \/>\n habe.\n<\/p>\n<p>In der von Frankreichs Au\u00dfenminister Jean-No\u00ebl<br \/>\n Barrot initiierten Videoschalte sollte es eigentlich um den Stand der<br \/>\nUmsetzung des US-Friedensdeals f\u00fcr den Gazastreifen gehen. An diesem<br \/>\nwaren Witkoff und Kushner federf\u00fchrend beteiligt gewesen. Derzeit<br \/>\nversuchen die beiden Amerikaner ebenfalls, im Auftrag von US-Pr\u00e4sident Donald<br \/>\nTrump ein Abkommen zur Beendigung des russischen Angriffskriegs gegen<br \/>\ndie Ukraine vorzubereiten.\n<\/p>\n<p>Eine Videoschalte zwischen den<br \/>\nEU-Au\u00dfenministern und dem wie Witkoff und Kushner in Berlin weilenden<br \/>\nukrainischen Au\u00dfenminister Andrij Sybiha funktionierte nach Angaben von<br \/>\nDiplomaten problemlos.\n<\/p>\n<h2>Vor zehn Jahren Hackerangriff auf Bundestag<\/h2>\n<p>Der Bundestag war im <a href=\"https:\/\/www.zeit.de\/digital\/datenschutz\/2015-05\/bundestag-hacker-angriff\" rel=\"nofollow\">Mai 2015 Opfer eines<br \/>\nHackerangriffs geworden.<\/a> Computer in zahlreichen Abgeordnetenb\u00fcros<br \/>\nwurden mit Spionagesoftware infiziert, darunter auch Rechner im B\u00fcro der<br \/>\n damaligen Kanzlerin Angela Merkel (CDU). Der Angriff hatte zur Folge,<br \/>\ndass das IT-System des Parlaments general\u00fcberholt werden musste.\n<\/p>\n<p><a href=\"https:\/\/www.zeit.de\/politik\/deutschland\/2020-05\/hackerangriff-bundestag-2015-russland-angela-merkel\" rel=\"nofollow\">F\u00fcnf Jahre sp\u00e4ter machte Merkel Russland<br \/>\nschwere Vorw\u00fcrfe und drohte mit Konsequenzen.<\/a> Mit Blick auf<br \/>\nErmittlungsergebnisse des Generalbundesanwalts sprach sie von &#8222;harten<br \/>\nEvidenzen&#8220; f\u00fcr eine russische Beteiligung.\n<\/p>\n<\/div>\n","protected":false},"excerpt":{"rendered":"<p>Im Bundestag sind w\u00e4hrend des Besuches des ukrainischen Pr\u00e4sidenten Wolodymyr Selenskyj das Internet und Intranet ausgefallen. Das best\u00e4tigte die Pressestelle des Bundestages der ZEIT. Demnach soll der Ausfall gegen 14.30 Uhr bemerkt worden sein, ab diesem Zeitpunkt konnten etwa keine E-Mails mehr versendet werden. Mittlerweile w\u00fcrden die IT-Systeme wieder hochgefahren werden, hie\u00df es.\u00a0 Ermittlungen laufen<\/p>\n","protected":false},"author":1,"featured_media":307942,"comment_status":"open","ping_status":"open","sticky":false,"template":"","format":"standard","meta":{"footnotes":""},"categories":[116],"tags":[],"class_list":["post-307941","post","type-post","status-publish","format-standard","has-post-thumbnail","hentry","category-war-chronicles-de"],"acf":[],"yoast_head":"<!-- This site is optimized with the Yoast SEO plugin v22.9 - https:\/\/yoast.com\/wordpress\/plugins\/seo\/ -->\n<title>Internetausfall im Bundestag w\u00e4hrend des Selenskyj-Besuchs - vof-news.eu<\/title>\n<meta name=\"description\" content=\"Im Bundestag sind w\u00e4hrend des Besuches des ukrainischen Pr\u00e4sidenten Wolodymyr\" \/>\n<meta name=\"robots\" content=\"noindex, follow, max-snippet:-1, max-image-preview:large, max-video-preview:-1\" \/>\n<meta property=\"og:locale\" content=\"de_DE\" \/>\n<meta property=\"og:type\" content=\"article\" \/>\n<meta property=\"og:title\" content=\"Internetausfall im Bundestag w\u00e4hrend des Selenskyj-Besuchs - vof-news.eu\" \/>\n<meta property=\"og:description\" content=\"Im Bundestag sind w\u00e4hrend des Besuches des ukrainischen Pr\u00e4sidenten Wolodymyr\" \/>\n<meta property=\"og:url\" content=\"https:\/\/vof-news.eu\/de\/internetausfall-im-bundestag-wahrend-des-selenskyj-besuchs\/\" \/>\n<meta property=\"og:site_name\" content=\"vof-news.eu\" \/>\n<meta property=\"article:published_time\" content=\"2025-12-15T18:31:56+00:00\" \/>\n<meta property=\"article:modified_time\" content=\"2025-12-15T18:34:06+00:00\" \/>\n<meta property=\"og:image\" content=\"https:\/\/vof-news.eu\/wp-content\/uploads\/2025\/12\/wide__1000x562-67.jpg\" \/>\n\t<meta property=\"og:image:width\" content=\"1000\" \/>\n\t<meta property=\"og:image:height\" content=\"562\" \/>\n\t<meta property=\"og:image:type\" content=\"image\/jpeg\" \/>\n<meta name=\"author\" content=\"Author\" \/>\n<meta name=\"twitter:card\" content=\"summary_large_image\" \/>\n<meta name=\"twitter:label1\" content=\"Verfasst von\" \/>\n\t<meta name=\"twitter:data1\" content=\"Author\" \/>\n\t<meta name=\"twitter:label2\" content=\"Gesch\u00e4tzte Lesezeit\" \/>\n\t<meta name=\"twitter:data2\" content=\"2\u00a0Minuten\" \/>\n<script type=\"application\/ld+json\" class=\"yoast-schema-graph\">{\"@context\":\"https:\/\/schema.org\",\"@graph\":[{\"@type\":\"WebPage\",\"@id\":\"https:\/\/vof-news.eu\/de\/internetausfall-im-bundestag-wahrend-des-selenskyj-besuchs\/\",\"url\":\"https:\/\/vof-news.eu\/de\/internetausfall-im-bundestag-wahrend-des-selenskyj-besuchs\/\",\"name\":\"Internetausfall im Bundestag w\u00e4hrend des Selenskyj-Besuchs - vof-news.eu\",\"isPartOf\":{\"@id\":\"https:\/\/vof-news.eu\/de\/#website\"},\"primaryImageOfPage\":{\"@id\":\"https:\/\/vof-news.eu\/de\/internetausfall-im-bundestag-wahrend-des-selenskyj-besuchs\/#primaryimage\"},\"image\":{\"@id\":\"https:\/\/vof-news.eu\/de\/internetausfall-im-bundestag-wahrend-des-selenskyj-besuchs\/#primaryimage\"},\"thumbnailUrl\":\"https:\/\/vof-news.eu\/wp-content\/uploads\/2025\/12\/wide__1000x562-67.jpg\",\"datePublished\":\"2025-12-15T18:31:56+00:00\",\"dateModified\":\"2025-12-15T18:34:06+00:00\",\"author\":{\"@id\":\"https:\/\/vof-news.eu\/de\/#\/schema\/person\/f6a2a4309f0561835797fd8c19b333ed\"},\"description\":\"Im Bundestag sind w\u00e4hrend des Besuches des ukrainischen Pr\u00e4sidenten Wolodymyr\",\"breadcrumb\":{\"@id\":\"https:\/\/vof-news.eu\/de\/internetausfall-im-bundestag-wahrend-des-selenskyj-besuchs\/#breadcrumb\"},\"inLanguage\":\"de\",\"potentialAction\":[{\"@type\":\"ReadAction\",\"target\":[\"https:\/\/vof-news.eu\/de\/internetausfall-im-bundestag-wahrend-des-selenskyj-besuchs\/\"]}]},{\"@type\":\"ImageObject\",\"inLanguage\":\"de\",\"@id\":\"https:\/\/vof-news.eu\/de\/internetausfall-im-bundestag-wahrend-des-selenskyj-besuchs\/#primaryimage\",\"url\":\"https:\/\/vof-news.eu\/wp-content\/uploads\/2025\/12\/wide__1000x562-67.jpg\",\"contentUrl\":\"https:\/\/vof-news.eu\/wp-content\/uploads\/2025\/12\/wide__1000x562-67.jpg\",\"width\":1000,\"height\":562},{\"@type\":\"BreadcrumbList\",\"@id\":\"https:\/\/vof-news.eu\/de\/internetausfall-im-bundestag-wahrend-des-selenskyj-besuchs\/#breadcrumb\",\"itemListElement\":[{\"@type\":\"ListItem\",\"position\":1,\"name\":\"Home\",\"item\":\"https:\/\/vof-news.eu\/de\/\"},{\"@type\":\"ListItem\",\"position\":2,\"name\":\"Internetausfall im Bundestag w\u00e4hrend des Selenskyj-Besuchs\"}]},{\"@type\":\"WebSite\",\"@id\":\"https:\/\/vof-news.eu\/de\/#website\",\"url\":\"https:\/\/vof-news.eu\/de\/\",\"name\":\"vof-news.eu\",\"description\":\"\",\"potentialAction\":[{\"@type\":\"SearchAction\",\"target\":{\"@type\":\"EntryPoint\",\"urlTemplate\":\"https:\/\/vof-news.eu\/de\/?s={search_term_string}\"},\"query-input\":\"required name=search_term_string\"}],\"inLanguage\":\"de\"},{\"@type\":\"Person\",\"@id\":\"https:\/\/vof-news.eu\/de\/#\/schema\/person\/f6a2a4309f0561835797fd8c19b333ed\",\"name\":\"Author\",\"image\":{\"@type\":\"ImageObject\",\"inLanguage\":\"de\",\"@id\":\"https:\/\/vof-news.eu\/de\/#\/schema\/person\/image\/\",\"url\":\"https:\/\/secure.gravatar.com\/avatar\/b67e614b1b25b3e9c0c239efdd2fde5ab015b5affd6f1c3c85911ca4b384e790?s=96&d=mm&r=g\",\"contentUrl\":\"https:\/\/secure.gravatar.com\/avatar\/b67e614b1b25b3e9c0c239efdd2fde5ab015b5affd6f1c3c85911ca4b384e790?s=96&d=mm&r=g\",\"caption\":\"Author\"},\"sameAs\":[\"http:\/\/vof-news.eu\"],\"url\":\"https:\/\/vof-news.eu\/de\/author\/zwt6qxnjulxbnyg\/\"}]}<\/script>\n<!-- \/ Yoast SEO plugin. -->","yoast_head_json":{"title":"Internetausfall im Bundestag w\u00e4hrend des Selenskyj-Besuchs - vof-news.eu","description":"Im Bundestag sind w\u00e4hrend des Besuches des ukrainischen Pr\u00e4sidenten Wolodymyr","robots":{"index":"noindex","follow":"follow","max-snippet":"max-snippet:-1","max-image-preview":"max-image-preview:large","max-video-preview":"max-video-preview:-1"},"og_locale":"de_DE","og_type":"article","og_title":"Internetausfall im Bundestag w\u00e4hrend des Selenskyj-Besuchs - vof-news.eu","og_description":"Im Bundestag sind w\u00e4hrend des Besuches des ukrainischen Pr\u00e4sidenten Wolodymyr","og_url":"https:\/\/vof-news.eu\/de\/internetausfall-im-bundestag-wahrend-des-selenskyj-besuchs\/","og_site_name":"vof-news.eu","article_published_time":"2025-12-15T18:31:56+00:00","article_modified_time":"2025-12-15T18:34:06+00:00","og_image":[{"width":1000,"height":562,"url":"https:\/\/vof-news.eu\/wp-content\/uploads\/2025\/12\/wide__1000x562-67.jpg","type":"image\/jpeg"}],"author":"Author","twitter_card":"summary_large_image","twitter_misc":{"Verfasst von":"Author","Gesch\u00e4tzte Lesezeit":"2\u00a0Minuten"},"schema":{"@context":"https:\/\/schema.org","@graph":[{"@type":"WebPage","@id":"https:\/\/vof-news.eu\/de\/internetausfall-im-bundestag-wahrend-des-selenskyj-besuchs\/","url":"https:\/\/vof-news.eu\/de\/internetausfall-im-bundestag-wahrend-des-selenskyj-besuchs\/","name":"Internetausfall im Bundestag w\u00e4hrend des Selenskyj-Besuchs - vof-news.eu","isPartOf":{"@id":"https:\/\/vof-news.eu\/de\/#website"},"primaryImageOfPage":{"@id":"https:\/\/vof-news.eu\/de\/internetausfall-im-bundestag-wahrend-des-selenskyj-besuchs\/#primaryimage"},"image":{"@id":"https:\/\/vof-news.eu\/de\/internetausfall-im-bundestag-wahrend-des-selenskyj-besuchs\/#primaryimage"},"thumbnailUrl":"https:\/\/vof-news.eu\/wp-content\/uploads\/2025\/12\/wide__1000x562-67.jpg","datePublished":"2025-12-15T18:31:56+00:00","dateModified":"2025-12-15T18:34:06+00:00","author":{"@id":"https:\/\/vof-news.eu\/de\/#\/schema\/person\/f6a2a4309f0561835797fd8c19b333ed"},"description":"Im Bundestag sind w\u00e4hrend des Besuches des ukrainischen Pr\u00e4sidenten Wolodymyr","breadcrumb":{"@id":"https:\/\/vof-news.eu\/de\/internetausfall-im-bundestag-wahrend-des-selenskyj-besuchs\/#breadcrumb"},"inLanguage":"de","potentialAction":[{"@type":"ReadAction","target":["https:\/\/vof-news.eu\/de\/internetausfall-im-bundestag-wahrend-des-selenskyj-besuchs\/"]}]},{"@type":"ImageObject","inLanguage":"de","@id":"https:\/\/vof-news.eu\/de\/internetausfall-im-bundestag-wahrend-des-selenskyj-besuchs\/#primaryimage","url":"https:\/\/vof-news.eu\/wp-content\/uploads\/2025\/12\/wide__1000x562-67.jpg","contentUrl":"https:\/\/vof-news.eu\/wp-content\/uploads\/2025\/12\/wide__1000x562-67.jpg","width":1000,"height":562},{"@type":"BreadcrumbList","@id":"https:\/\/vof-news.eu\/de\/internetausfall-im-bundestag-wahrend-des-selenskyj-besuchs\/#breadcrumb","itemListElement":[{"@type":"ListItem","position":1,"name":"Home","item":"https:\/\/vof-news.eu\/de\/"},{"@type":"ListItem","position":2,"name":"Internetausfall im Bundestag w\u00e4hrend des Selenskyj-Besuchs"}]},{"@type":"WebSite","@id":"https:\/\/vof-news.eu\/de\/#website","url":"https:\/\/vof-news.eu\/de\/","name":"vof-news.eu","description":"","potentialAction":[{"@type":"SearchAction","target":{"@type":"EntryPoint","urlTemplate":"https:\/\/vof-news.eu\/de\/?s={search_term_string}"},"query-input":"required name=search_term_string"}],"inLanguage":"de"},{"@type":"Person","@id":"https:\/\/vof-news.eu\/de\/#\/schema\/person\/f6a2a4309f0561835797fd8c19b333ed","name":"Author","image":{"@type":"ImageObject","inLanguage":"de","@id":"https:\/\/vof-news.eu\/de\/#\/schema\/person\/image\/","url":"https:\/\/secure.gravatar.com\/avatar\/b67e614b1b25b3e9c0c239efdd2fde5ab015b5affd6f1c3c85911ca4b384e790?s=96&d=mm&r=g","contentUrl":"https:\/\/secure.gravatar.com\/avatar\/b67e614b1b25b3e9c0c239efdd2fde5ab015b5affd6f1c3c85911ca4b384e790?s=96&d=mm&r=g","caption":"Author"},"sameAs":["http:\/\/vof-news.eu"],"url":"https:\/\/vof-news.eu\/de\/author\/zwt6qxnjulxbnyg\/"}]}},"yoast_meta":{"yoast_wpseo_title":"","yoast_wpseo_metadesc":"","yoast_wpseo_canonical":""},"_links":{"self":[{"href":"https:\/\/vof-news.eu\/de\/wp-json\/wp\/v2\/posts\/307941","targetHints":{"allow":["GET"]}}],"collection":[{"href":"https:\/\/vof-news.eu\/de\/wp-json\/wp\/v2\/posts"}],"about":[{"href":"https:\/\/vof-news.eu\/de\/wp-json\/wp\/v2\/types\/post"}],"author":[{"embeddable":true,"href":"https:\/\/vof-news.eu\/de\/wp-json\/wp\/v2\/users\/1"}],"replies":[{"embeddable":true,"href":"https:\/\/vof-news.eu\/de\/wp-json\/wp\/v2\/comments?post=307941"}],"version-history":[{"count":1,"href":"https:\/\/vof-news.eu\/de\/wp-json\/wp\/v2\/posts\/307941\/revisions"}],"predecessor-version":[{"id":307948,"href":"https:\/\/vof-news.eu\/de\/wp-json\/wp\/v2\/posts\/307941\/revisions\/307948"}],"wp:featuredmedia":[{"embeddable":true,"href":"https:\/\/vof-news.eu\/de\/wp-json\/wp\/v2\/media\/307942"}],"wp:attachment":[{"href":"https:\/\/vof-news.eu\/de\/wp-json\/wp\/v2\/media?parent=307941"}],"wp:term":[{"taxonomy":"category","embeddable":true,"href":"https:\/\/vof-news.eu\/de\/wp-json\/wp\/v2\/categories?post=307941"},{"taxonomy":"post_tag","embeddable":true,"href":"https:\/\/vof-news.eu\/de\/wp-json\/wp\/v2\/tags?post=307941"}],"curies":[{"name":"wp","href":"https:\/\/api.w.org\/{rel}","templated":true}]}}