{"id":307767,"date":"2025-12-15T13:28:49","date_gmt":"2025-12-15T10:28:49","guid":{"rendered":"https:\/\/vof-news.eu\/wolodymyr-selenskyj-verzichtet-bei-verhandlungen-auf-nato-beitritt\/"},"modified":"2025-12-15T13:29:42","modified_gmt":"2025-12-15T10:29:42","slug":"wolodymyr-selenskyj-verzichtet-bei-verhandlungen-auf-nato-beitritt","status":"publish","type":"post","link":"https:\/\/vof-news.eu\/de\/wolodymyr-selenskyj-verzichtet-bei-verhandlungen-auf-nato-beitritt\/","title":{"rendered":"Wolodymyr Selenskyj verzichtet bei Verhandlungen auf Nato-Beitritt"},"content":{"rendered":"<div>\n<p>Der ukrainische Pr\u00e4sident Wolodymyr Selenskyj hat angesichts der <a href=\"https:\/\/www.zeit.de\/politik\/ausland\/2025-12\/friedensverhandlungen-ukraine-europa-vorschlag-sicherheitsgarantien-donbass\" rel=\"nofollow\">Gespr\u00e4che \u00fcber ein m\u00f6gliches Friedensabkommen zwischen der Ukraine und Russland<\/a> angeboten, einen angestrebten Nato-Beitritt seines Landes aufzugeben. Selenskyj sagte\u00a0in einem<br \/>\nWhatsApp-Chat mit Journalisten, Sicherheitsgarantien der USA, Europas und anderer Staaten anstelle einer Nato-Mitgliedschaft seien ein Kompromiss vonseiten der <span><a href=\"https:\/\/www.zeit.de\/politik\/ausland\/ukraine-krieg-news-liveblog\" rel=\"nofollow\">Ukraine<\/a><\/span>.\n<\/p>\n<p>&#8222;Von Anfang an war es der Wunsch der Ukraine, der Nato beizutreten, denn das sind echte Sicherheitsgarantien&#8220;, sagte der <a href=\"https:\/\/www.zeit.de\/politik\/2025-12\/ukraine-wolodymyr-selenskyj-krieg-russland-podcast\" rel=\"nofollow\">ukrainische Pr\u00e4sident<\/a> weiter. Doch &#8222;einige Partner aus den USA und Europa haben diesen Weg nicht unterst\u00fctzt&#8220;.\n<\/p>\n<p>Nach Einsch\u00e4tzung von US-Sicherheitsexperten d\u00fcrfte dieser angebotene Verzicht vonseiten der Ukraine den Verlauf der Friedensgespr\u00e4che jedoch nicht wesentlich ver\u00e4ndern.\u00a0Justin Logan, Direktor f\u00fcr Verteidigungs- und Au\u00dfenpolitikstudien am Cato Institute, sagte: &#8222;Das \u00e4ndert an der Sache \u00fcberhaupt nichts. (\u2026) Es ist ein Versuch, vern\u00fcnftig zu erscheinen.&#8220;\u00a0Andrew Michta, Professor f\u00fcr strategische Studien an der University of Florida, sagte: Eine Nato-Mitgliedschaft der Ukraine sei schon lange nicht mehr realistisch gewesen. Ein Beitritt der Ukraine in die Nato sei derzeit ohnehin kein Thema.\n<\/p>\n<h2>Laschet und Kallas warnen vor Gebietsabtretungen<\/h2>\n<p>Auch der CDU-Au\u00dfenpolitiker Armin Laschet sagte\u00a0im ARD- dass eine Nato-Mitgliedschaft der Ukraine &#8222;schon lange&#8220; vom Tisch sei. Die <a href=\"https:\/\/www.zeit.de\/politik\/2025-12\/wolodymyr-selenskyj-gespraeche-ukraine-berlin-merz-witkoff-gxe\" rel=\"nofollow\">Gespr\u00e4che in Berlin<\/a> zeigten aber, dass <span><a href=\"https:\/\/www.zeit.de\/thema\/wolodymyr-selenskyj\" rel=\"nofollow\">Selenskyj<\/a><\/span> nicht allein dastehe, sondern Europa an seiner Seite habe, sagte der Vorsitzende des Ausw\u00e4rtigen Ausschusses des Bundestags.\n<\/p>\n<p><span><a href=\"https:\/\/www.zeit.de\/thema\/armin-laschet\" rel=\"nofollow\">Laschet<\/a><\/span> steht der Forderung nach einer Gebietsabtretung der Ukraine an Russland hingegen skeptisch gegen\u00fcber. &#8222;Einfach Gebiete zu tauschen, erm\u00f6glicht halt keinen Frieden.&#8220; Die Donbass-Region im Osten der Ukraine sei strategisch wichtig f\u00fcr die Ukraine, um zu verhindern, noch mal \u00fcberfallen zu werden, sagte\u00a0der CDU-Politiker.\n<\/p>\n<p>Auch die EU-Au\u00dfenbeauftragte Kaja Kallas warnte, dass die Einnahme des gesamten Donbass nicht das endg\u00fcltige Ziel des russischen Pr\u00e4sidenten Wladimir Putin sei. &#8222;Wir m\u00fcssen verstehen, dass, wenn er den Donbass bekommt, die Festung gefallen ist und sie dann definitiv weitermachen werden, um die ganze Ukraine einzunehmen&#8220;, sagte Kallas. &#8222;Wenn die Ukraine f\u00e4llt, sind auch andere Regionen in Gefahr&#8220;, sagte die estnische Politikerin.\n<\/p>\n<\/p>\n<\/div>\n","protected":false},"excerpt":{"rendered":"<p>Der ukrainische Pr\u00e4sident Wolodymyr Selenskyj hat angesichts der Gespr\u00e4che \u00fcber ein m\u00f6gliches Friedensabkommen zwischen der Ukraine und Russland angeboten, einen angestrebten Nato-Beitritt seines Landes aufzugeben. Selenskyj sagte\u00a0in einem WhatsApp-Chat mit Journalisten, Sicherheitsgarantien der USA, Europas und anderer Staaten anstelle einer Nato-Mitgliedschaft seien ein Kompromiss vonseiten der Ukraine. &#8222;Von Anfang an war es der Wunsch der<\/p>\n","protected":false},"author":1,"featured_media":0,"comment_status":"open","ping_status":"open","sticky":false,"template":"","format":"standard","meta":{"footnotes":""},"categories":[116],"tags":[],"class_list":["post-307767","post","type-post","status-publish","format-standard","hentry","category-war-chronicles-de"],"acf":[],"yoast_head":"<!-- This site is optimized with the Yoast SEO plugin v22.9 - https:\/\/yoast.com\/wordpress\/plugins\/seo\/ -->\n<title>Wolodymyr Selenskyj verzichtet bei Verhandlungen auf Nato-Beitritt - vof-news.eu<\/title>\n<meta name=\"description\" content=\"Der ukrainische Pr\u00e4sident Wolodymyr Selenskyj hat angesichts der Gespr\u00e4che \u00fcber ein m\u00f6gliches Friedensabkommen zwischen der Ukraine und Russland angeboten, einen angestrebten Nato-Beitritt seines Landes aufzugeben. Selenskyj sagte\u00a0in einem\" \/>\n<meta name=\"robots\" content=\"noindex, follow, max-snippet:-1, max-image-preview:large, max-video-preview:-1\" \/>\n<meta property=\"og:locale\" content=\"de_DE\" \/>\n<meta property=\"og:type\" content=\"article\" \/>\n<meta property=\"og:title\" content=\"Wolodymyr Selenskyj verzichtet bei Verhandlungen auf Nato-Beitritt - vof-news.eu\" \/>\n<meta property=\"og:description\" content=\"Der ukrainische Pr\u00e4sident Wolodymyr Selenskyj hat angesichts der Gespr\u00e4che \u00fcber ein m\u00f6gliches Friedensabkommen zwischen der Ukraine und Russland angeboten, einen angestrebten Nato-Beitritt seines Landes aufzugeben. Selenskyj sagte\u00a0in einem\" \/>\n<meta property=\"og:url\" content=\"https:\/\/vof-news.eu\/de\/wolodymyr-selenskyj-verzichtet-bei-verhandlungen-auf-nato-beitritt\/\" \/>\n<meta property=\"og:site_name\" content=\"vof-news.eu\" \/>\n<meta property=\"article:published_time\" content=\"2025-12-15T10:28:49+00:00\" \/>\n<meta property=\"article:modified_time\" content=\"2025-12-15T10:29:42+00:00\" \/>\n<meta name=\"author\" content=\"Author\" \/>\n<meta name=\"twitter:card\" content=\"summary_large_image\" \/>\n<meta name=\"twitter:label1\" content=\"Verfasst von\" \/>\n\t<meta name=\"twitter:data1\" content=\"Author\" \/>\n\t<meta name=\"twitter:label2\" content=\"Gesch\u00e4tzte Lesezeit\" \/>\n\t<meta name=\"twitter:data2\" content=\"2\u00a0Minuten\" \/>\n<script type=\"application\/ld+json\" class=\"yoast-schema-graph\">{\"@context\":\"https:\/\/schema.org\",\"@graph\":[{\"@type\":\"WebPage\",\"@id\":\"https:\/\/vof-news.eu\/de\/wolodymyr-selenskyj-verzichtet-bei-verhandlungen-auf-nato-beitritt\/\",\"url\":\"https:\/\/vof-news.eu\/de\/wolodymyr-selenskyj-verzichtet-bei-verhandlungen-auf-nato-beitritt\/\",\"name\":\"Wolodymyr Selenskyj verzichtet bei Verhandlungen auf Nato-Beitritt - vof-news.eu\",\"isPartOf\":{\"@id\":\"https:\/\/vof-news.eu\/de\/#website\"},\"datePublished\":\"2025-12-15T10:28:49+00:00\",\"dateModified\":\"2025-12-15T10:29:42+00:00\",\"author\":{\"@id\":\"https:\/\/vof-news.eu\/de\/#\/schema\/person\/f6a2a4309f0561835797fd8c19b333ed\"},\"description\":\"Der ukrainische Pr\u00e4sident Wolodymyr Selenskyj hat angesichts der Gespr\u00e4che \u00fcber ein m\u00f6gliches Friedensabkommen zwischen der Ukraine und Russland angeboten, einen angestrebten Nato-Beitritt seines Landes aufzugeben. Selenskyj sagte\u00a0in einem\",\"breadcrumb\":{\"@id\":\"https:\/\/vof-news.eu\/de\/wolodymyr-selenskyj-verzichtet-bei-verhandlungen-auf-nato-beitritt\/#breadcrumb\"},\"inLanguage\":\"de\",\"potentialAction\":[{\"@type\":\"ReadAction\",\"target\":[\"https:\/\/vof-news.eu\/de\/wolodymyr-selenskyj-verzichtet-bei-verhandlungen-auf-nato-beitritt\/\"]}]},{\"@type\":\"BreadcrumbList\",\"@id\":\"https:\/\/vof-news.eu\/de\/wolodymyr-selenskyj-verzichtet-bei-verhandlungen-auf-nato-beitritt\/#breadcrumb\",\"itemListElement\":[{\"@type\":\"ListItem\",\"position\":1,\"name\":\"Home\",\"item\":\"https:\/\/vof-news.eu\/de\/\"},{\"@type\":\"ListItem\",\"position\":2,\"name\":\"Wolodymyr Selenskyj verzichtet bei Verhandlungen auf Nato-Beitritt\"}]},{\"@type\":\"WebSite\",\"@id\":\"https:\/\/vof-news.eu\/de\/#website\",\"url\":\"https:\/\/vof-news.eu\/de\/\",\"name\":\"vof-news.eu\",\"description\":\"\",\"potentialAction\":[{\"@type\":\"SearchAction\",\"target\":{\"@type\":\"EntryPoint\",\"urlTemplate\":\"https:\/\/vof-news.eu\/de\/?s={search_term_string}\"},\"query-input\":\"required name=search_term_string\"}],\"inLanguage\":\"de\"},{\"@type\":\"Person\",\"@id\":\"https:\/\/vof-news.eu\/de\/#\/schema\/person\/f6a2a4309f0561835797fd8c19b333ed\",\"name\":\"Author\",\"image\":{\"@type\":\"ImageObject\",\"inLanguage\":\"de\",\"@id\":\"https:\/\/vof-news.eu\/de\/#\/schema\/person\/image\/\",\"url\":\"https:\/\/secure.gravatar.com\/avatar\/b67e614b1b25b3e9c0c239efdd2fde5ab015b5affd6f1c3c85911ca4b384e790?s=96&d=mm&r=g\",\"contentUrl\":\"https:\/\/secure.gravatar.com\/avatar\/b67e614b1b25b3e9c0c239efdd2fde5ab015b5affd6f1c3c85911ca4b384e790?s=96&d=mm&r=g\",\"caption\":\"Author\"},\"sameAs\":[\"http:\/\/vof-news.eu\"],\"url\":\"https:\/\/vof-news.eu\/de\/author\/zwt6qxnjulxbnyg\/\"}]}<\/script>\n<!-- \/ Yoast SEO plugin. -->","yoast_head_json":{"title":"Wolodymyr Selenskyj verzichtet bei Verhandlungen auf Nato-Beitritt - vof-news.eu","description":"Der ukrainische Pr\u00e4sident Wolodymyr Selenskyj hat angesichts der Gespr\u00e4che \u00fcber ein m\u00f6gliches Friedensabkommen zwischen der Ukraine und Russland angeboten, einen angestrebten Nato-Beitritt seines Landes aufzugeben. Selenskyj sagte\u00a0in einem","robots":{"index":"noindex","follow":"follow","max-snippet":"max-snippet:-1","max-image-preview":"max-image-preview:large","max-video-preview":"max-video-preview:-1"},"og_locale":"de_DE","og_type":"article","og_title":"Wolodymyr Selenskyj verzichtet bei Verhandlungen auf Nato-Beitritt - vof-news.eu","og_description":"Der ukrainische Pr\u00e4sident Wolodymyr Selenskyj hat angesichts der Gespr\u00e4che \u00fcber ein m\u00f6gliches Friedensabkommen zwischen der Ukraine und Russland angeboten, einen angestrebten Nato-Beitritt seines Landes aufzugeben. Selenskyj sagte\u00a0in einem","og_url":"https:\/\/vof-news.eu\/de\/wolodymyr-selenskyj-verzichtet-bei-verhandlungen-auf-nato-beitritt\/","og_site_name":"vof-news.eu","article_published_time":"2025-12-15T10:28:49+00:00","article_modified_time":"2025-12-15T10:29:42+00:00","author":"Author","twitter_card":"summary_large_image","twitter_misc":{"Verfasst von":"Author","Gesch\u00e4tzte Lesezeit":"2\u00a0Minuten"},"schema":{"@context":"https:\/\/schema.org","@graph":[{"@type":"WebPage","@id":"https:\/\/vof-news.eu\/de\/wolodymyr-selenskyj-verzichtet-bei-verhandlungen-auf-nato-beitritt\/","url":"https:\/\/vof-news.eu\/de\/wolodymyr-selenskyj-verzichtet-bei-verhandlungen-auf-nato-beitritt\/","name":"Wolodymyr Selenskyj verzichtet bei Verhandlungen auf Nato-Beitritt - vof-news.eu","isPartOf":{"@id":"https:\/\/vof-news.eu\/de\/#website"},"datePublished":"2025-12-15T10:28:49+00:00","dateModified":"2025-12-15T10:29:42+00:00","author":{"@id":"https:\/\/vof-news.eu\/de\/#\/schema\/person\/f6a2a4309f0561835797fd8c19b333ed"},"description":"Der ukrainische Pr\u00e4sident Wolodymyr Selenskyj hat angesichts der Gespr\u00e4che \u00fcber ein m\u00f6gliches Friedensabkommen zwischen der Ukraine und Russland angeboten, einen angestrebten Nato-Beitritt seines Landes aufzugeben. Selenskyj sagte\u00a0in einem","breadcrumb":{"@id":"https:\/\/vof-news.eu\/de\/wolodymyr-selenskyj-verzichtet-bei-verhandlungen-auf-nato-beitritt\/#breadcrumb"},"inLanguage":"de","potentialAction":[{"@type":"ReadAction","target":["https:\/\/vof-news.eu\/de\/wolodymyr-selenskyj-verzichtet-bei-verhandlungen-auf-nato-beitritt\/"]}]},{"@type":"BreadcrumbList","@id":"https:\/\/vof-news.eu\/de\/wolodymyr-selenskyj-verzichtet-bei-verhandlungen-auf-nato-beitritt\/#breadcrumb","itemListElement":[{"@type":"ListItem","position":1,"name":"Home","item":"https:\/\/vof-news.eu\/de\/"},{"@type":"ListItem","position":2,"name":"Wolodymyr Selenskyj verzichtet bei Verhandlungen auf Nato-Beitritt"}]},{"@type":"WebSite","@id":"https:\/\/vof-news.eu\/de\/#website","url":"https:\/\/vof-news.eu\/de\/","name":"vof-news.eu","description":"","potentialAction":[{"@type":"SearchAction","target":{"@type":"EntryPoint","urlTemplate":"https:\/\/vof-news.eu\/de\/?s={search_term_string}"},"query-input":"required name=search_term_string"}],"inLanguage":"de"},{"@type":"Person","@id":"https:\/\/vof-news.eu\/de\/#\/schema\/person\/f6a2a4309f0561835797fd8c19b333ed","name":"Author","image":{"@type":"ImageObject","inLanguage":"de","@id":"https:\/\/vof-news.eu\/de\/#\/schema\/person\/image\/","url":"https:\/\/secure.gravatar.com\/avatar\/b67e614b1b25b3e9c0c239efdd2fde5ab015b5affd6f1c3c85911ca4b384e790?s=96&d=mm&r=g","contentUrl":"https:\/\/secure.gravatar.com\/avatar\/b67e614b1b25b3e9c0c239efdd2fde5ab015b5affd6f1c3c85911ca4b384e790?s=96&d=mm&r=g","caption":"Author"},"sameAs":["http:\/\/vof-news.eu"],"url":"https:\/\/vof-news.eu\/de\/author\/zwt6qxnjulxbnyg\/"}]}},"yoast_meta":{"yoast_wpseo_title":"","yoast_wpseo_metadesc":"","yoast_wpseo_canonical":""},"_links":{"self":[{"href":"https:\/\/vof-news.eu\/de\/wp-json\/wp\/v2\/posts\/307767","targetHints":{"allow":["GET"]}}],"collection":[{"href":"https:\/\/vof-news.eu\/de\/wp-json\/wp\/v2\/posts"}],"about":[{"href":"https:\/\/vof-news.eu\/de\/wp-json\/wp\/v2\/types\/post"}],"author":[{"embeddable":true,"href":"https:\/\/vof-news.eu\/de\/wp-json\/wp\/v2\/users\/1"}],"replies":[{"embeddable":true,"href":"https:\/\/vof-news.eu\/de\/wp-json\/wp\/v2\/comments?post=307767"}],"version-history":[{"count":1,"href":"https:\/\/vof-news.eu\/de\/wp-json\/wp\/v2\/posts\/307767\/revisions"}],"predecessor-version":[{"id":307768,"href":"https:\/\/vof-news.eu\/de\/wp-json\/wp\/v2\/posts\/307767\/revisions\/307768"}],"wp:attachment":[{"href":"https:\/\/vof-news.eu\/de\/wp-json\/wp\/v2\/media?parent=307767"}],"wp:term":[{"taxonomy":"category","embeddable":true,"href":"https:\/\/vof-news.eu\/de\/wp-json\/wp\/v2\/categories?post=307767"},{"taxonomy":"post_tag","embeddable":true,"href":"https:\/\/vof-news.eu\/de\/wp-json\/wp\/v2\/tags?post=307767"}],"curies":[{"name":"wp","href":"https:\/\/api.w.org\/{rel}","templated":true}]}}