{"id":307487,"date":"2025-12-14T15:29:18","date_gmt":"2025-12-14T12:29:18","guid":{"rendered":"https:\/\/vof-news.eu\/maria-ist-frei\/"},"modified":"2025-12-14T15:31:04","modified_gmt":"2025-12-14T12:31:04","slug":"maria-ist-frei","status":"publish","type":"post","link":"https:\/\/vof-news.eu\/de\/maria-ist-frei\/","title":{"rendered":"Maria ist frei!"},"content":{"rendered":"<div>\n<p>Sie l\u00e4chelt so, als w\u00fcrde in ihr<br \/>\nein Licht angehen. Sie hat noch immer diese kurzen Haare, nur dass sie jetzt<br \/>\nbr\u00fcnett sind, nicht mehr platinblond. Sie formt ein Herz mit ihren H\u00e4nden, so<br \/>\nwie sie es in jenem magischen Sommer 2020 getan hat, als sich die belarussische<br \/>\nGesellschaft gegen ihren Diktator erhob, und sp\u00e4ter dann im Gericht, als das<br \/>\nUrteil gegen sie fiel: elf Jahre Straflager. F\u00fcnf davon hat sie abgesessen. Seit<br \/>\nSamstag ist Maria Kolesnikowa, 43 Jahre alt, endlich frei.\n<\/p>\n<p>Maria Kolesnikowa ist frei, ja, wirklich: Sie lebt! Sie ist frei! Diese Worte aufzuschreiben, f\u00fchlt sich unwirklich an, weil lange Zeit nichts darauf<br \/>\nhindeutete, dass die Musikerin und Ikone der belarussischen Freiheitsbewegung<br \/>\njemals wieder dem Frauenstraflager Nummer 4 in Gomel entkommen w\u00fcrde. Am Anfang<br \/>\nhatte sie noch Pakete annehmen d\u00fcrfen, dann nicht mehr: keine Briefe, kein<br \/>\nEssen, keine Medikamente, daf\u00fcr Isolation. Sie, deren angebliche Flucht au\u00dfer<br \/>\nLandes Lukaschenkos Schergen im September 2020 inszenieren wollten, samt Auto,<br \/>\nPass und Ticket, widersetzte sich damals an der Grenze zur Ukraine: Zeterte auf<br \/>\ndem R\u00fccksitz des Autos, zerriss ihren Pass, kletterte aus dem Fenster und<br \/>\nstiefelte zur\u00fcck Richtung <span><a href=\"https:\/\/www.zeit.de\/thema\/belarus\" rel=\"nofollow\">Belarus<\/a><\/span>. Nun sollte sie gebrochen werden.\u00a0\u00a0\n<\/p>\n<h2>Lukaschenko ver\u00e4ndert seinen politischen Kurs<\/h2>\n<p>Mehr als zwei<br \/>\nJahre lang war sie in der Frauenstrafanstalt verschwunden \u2013 niemand wusste, was<br \/>\nmit ihr ist. Ihr Vater Alexander nicht und ihre Schwester Tatjana Chomitsch<br \/>\nnicht, die aus dem Ausland f\u00fcr ihre \u00e4ltere Schwester k\u00e4mpfte. Anw\u00e4lte hatte<br \/>\nMaria Kolesnikowa ohnehin nicht mehr, die waren alle verhaftet oder hatten ihre<br \/>\nLizenzen verloren. Sprach man in jener Zeit mit Tatjana Chomitsch, merkte man<br \/>\ndieser unersch\u00fctterlich wirkenden Frau an, wie sie jedes Ger\u00fccht pr\u00fcfte, sich<br \/>\nin Zuversicht \u00fcbte, denn ihr ganzes Leben hatte sie der Rettung der Schwester<br \/>\nverschrieben. Doch manchmal entkam sie der Frage nicht, ob Maria noch am Leben<br \/>\nist. Denn Kolesnikowa war in Haft schwer erkrankt, hatte drastisch an Gewicht<br \/>\nverloren, ein durchbrochenes Magengeschw\u00fcr wurde notoperiert, <a href=\"https:\/\/www.zeit.de\/politik\/ausland\/2022-11\/maria-kolensikowa-belarus-opposition\" rel=\"nofollow\">sie landete auf<br \/>\nder Intensivstation<\/a>.\n<\/p>\n<p>Und nun die<br \/>\nBilder. Die Stimme. Das L\u00e4cheln. Das mit den H\u00e4nden geformte Herz. Die ersten<br \/>\nWorte, mit denen sie an all die anderen erinnert, die noch in Straflagern<br \/>\nsitzen. \n<\/p>\n<p>Ein Mensch<br \/>\ngerettet. Einer von 123, darunter so viele von Kolesnikowas politischen Weggef\u00e4hrten: der Anwalt Maxim Znak, der in seinem meisterhaften Werk  die H\u00f6lle<br \/>\ndes Gef\u00e4ngnisses in kurzen Notizen beschrieb, bis er in ebenjener H\u00f6lle vor<br \/>\nJahren verschwand. Wie bei Kolesnikowa wusste niemand, ob er noch lebt. Oder <a href=\"https:\/\/www.zeit.de\/politik\/ausland\/2021-07\/viktor-babariko-belarus-oppositionspolitiker-14-jahre-haft\" rel=\"nofollow\">Wiktor<br \/>\nBabariko<\/a>, ein M\u00e4zen, den Kolesnikowa unterst\u00fctzte, als er 2020 den Diktator<br \/>\n<span><a href=\"https:\/\/www.zeit.de\/thema\/alexander-lukaschenko\" rel=\"nofollow\">Alexander Lukaschenko<\/a><\/span> herausforderte. Er wurde daf\u00fcr ebenso wie sein Sohn<br \/>\neingesperrt und zwischenzeitlich in Haft so \u00fcbel zugerichtet, dass ein<br \/>\nLungenfl\u00fcgel kollabierte. Oder <a href=\"https:\/\/www.zeit.de\/politik\/ausland\/2023-03\/belarus-friedennobelpreistraeger-ales-bjaljazki-zehn-jahre-haft\" rel=\"nofollow\">Ales\u00a0Beljazki<\/a>, dieser stoische<br \/>\nFriedensnobelpreistr\u00e4ger, der sein Leben lang Freiheit vorlebte und deshalb so<br \/>\noft im Gef\u00e4ngnis sa\u00df. So wie viele andere.\n<\/p>\n<p>Die Freilassung kam nicht \u00fcberraschend. In den<br \/>\nvergangenen anderthalb Jahren ver\u00e4nderte das Regime seinen politischen Kurs:<br \/>\nLukaschenko begnadigte mehr als 450 Gefangene (w\u00e4hrend gleichzeitig Menschen weiterhin<br \/>\nfestgenommen wurden), <a href=\"https:\/\/www.zeit.de\/2025\/30\/sergej-tichanowski-oppositioneller-belarus-freilassung-regimegegner\" rel=\"nofollow\">im Juni kam Sergej Tichanowski frei<\/a>, Ehemann der belarussischen<br \/>\nOppositionsf\u00fchrerin im Exil, Swetlana Tichanowskaja. Lukaschenko versuchte<br \/>\ndamit, aus der politischen Isolation herauszufinden, in die er sich mit der<br \/>\nGewalt gegen die Protestbewegung im Sommer 2020 hineinman\u00f6vrierte. Doch die<br \/>\nFreilassung an diesem Wochenende ist bislang die gr\u00f6\u00dfte und bedeutendste: Die<br \/>\nmeisten prominenten Oppositionellen sind nun frei. Der Schritt wurde von langer<br \/>\nHand von der US-amerikanischen Seite vorbereitet.\n<\/p>\n<\/div>\n","protected":false},"excerpt":{"rendered":"<p>Sie l\u00e4chelt so, als w\u00fcrde in ihr ein Licht angehen. Sie hat noch immer diese kurzen Haare, nur dass sie jetzt br\u00fcnett sind, nicht mehr platinblond. Sie formt ein Herz mit ihren H\u00e4nden, so wie sie es in jenem magischen Sommer 2020 getan hat, als sich die belarussische Gesellschaft gegen ihren Diktator erhob, und sp\u00e4ter<\/p>\n","protected":false},"author":1,"featured_media":307488,"comment_status":"open","ping_status":"open","sticky":false,"template":"","format":"standard","meta":{"footnotes":""},"categories":[116],"tags":[],"class_list":["post-307487","post","type-post","status-publish","format-standard","has-post-thumbnail","hentry","category-war-chronicles-de"],"acf":[],"yoast_head":"<!-- This site is optimized with the Yoast SEO plugin v22.9 - https:\/\/yoast.com\/wordpress\/plugins\/seo\/ -->\n<title>Maria ist frei! - vof-news.eu<\/title>\n<meta name=\"description\" content=\"Sie l\u00e4chelt so, als w\u00fcrde in ihr\" \/>\n<meta name=\"robots\" content=\"noindex, follow, max-snippet:-1, max-image-preview:large, max-video-preview:-1\" \/>\n<meta property=\"og:locale\" content=\"de_DE\" \/>\n<meta property=\"og:type\" content=\"article\" \/>\n<meta property=\"og:title\" content=\"Maria ist frei! - vof-news.eu\" \/>\n<meta property=\"og:description\" content=\"Sie l\u00e4chelt so, als w\u00fcrde in ihr\" \/>\n<meta property=\"og:url\" content=\"https:\/\/vof-news.eu\/de\/maria-ist-frei\/\" \/>\n<meta property=\"og:site_name\" content=\"vof-news.eu\" \/>\n<meta property=\"article:published_time\" content=\"2025-12-14T12:29:18+00:00\" \/>\n<meta property=\"article:modified_time\" content=\"2025-12-14T12:31:04+00:00\" \/>\n<meta property=\"og:image\" content=\"https:\/\/vof-news.eu\/wp-content\/uploads\/2025\/12\/wide__1000x562-64.jpg\" \/>\n\t<meta property=\"og:image:width\" content=\"1000\" \/>\n\t<meta property=\"og:image:height\" content=\"562\" \/>\n\t<meta property=\"og:image:type\" content=\"image\/jpeg\" \/>\n<meta name=\"author\" content=\"Author\" \/>\n<meta name=\"twitter:card\" content=\"summary_large_image\" \/>\n<meta name=\"twitter:label1\" content=\"Verfasst von\" \/>\n\t<meta name=\"twitter:data1\" content=\"Author\" \/>\n\t<meta name=\"twitter:label2\" content=\"Gesch\u00e4tzte Lesezeit\" \/>\n\t<meta name=\"twitter:data2\" content=\"3\u00a0Minuten\" \/>\n<script type=\"application\/ld+json\" class=\"yoast-schema-graph\">{\"@context\":\"https:\/\/schema.org\",\"@graph\":[{\"@type\":\"WebPage\",\"@id\":\"https:\/\/vof-news.eu\/de\/maria-ist-frei\/\",\"url\":\"https:\/\/vof-news.eu\/de\/maria-ist-frei\/\",\"name\":\"Maria ist frei! - vof-news.eu\",\"isPartOf\":{\"@id\":\"https:\/\/vof-news.eu\/de\/#website\"},\"primaryImageOfPage\":{\"@id\":\"https:\/\/vof-news.eu\/de\/maria-ist-frei\/#primaryimage\"},\"image\":{\"@id\":\"https:\/\/vof-news.eu\/de\/maria-ist-frei\/#primaryimage\"},\"thumbnailUrl\":\"https:\/\/vof-news.eu\/wp-content\/uploads\/2025\/12\/wide__1000x562-64.jpg\",\"datePublished\":\"2025-12-14T12:29:18+00:00\",\"dateModified\":\"2025-12-14T12:31:04+00:00\",\"author\":{\"@id\":\"https:\/\/vof-news.eu\/de\/#\/schema\/person\/f6a2a4309f0561835797fd8c19b333ed\"},\"description\":\"Sie l\u00e4chelt so, als w\u00fcrde in ihr\",\"breadcrumb\":{\"@id\":\"https:\/\/vof-news.eu\/de\/maria-ist-frei\/#breadcrumb\"},\"inLanguage\":\"de\",\"potentialAction\":[{\"@type\":\"ReadAction\",\"target\":[\"https:\/\/vof-news.eu\/de\/maria-ist-frei\/\"]}]},{\"@type\":\"ImageObject\",\"inLanguage\":\"de\",\"@id\":\"https:\/\/vof-news.eu\/de\/maria-ist-frei\/#primaryimage\",\"url\":\"https:\/\/vof-news.eu\/wp-content\/uploads\/2025\/12\/wide__1000x562-64.jpg\",\"contentUrl\":\"https:\/\/vof-news.eu\/wp-content\/uploads\/2025\/12\/wide__1000x562-64.jpg\",\"width\":1000,\"height\":562},{\"@type\":\"BreadcrumbList\",\"@id\":\"https:\/\/vof-news.eu\/de\/maria-ist-frei\/#breadcrumb\",\"itemListElement\":[{\"@type\":\"ListItem\",\"position\":1,\"name\":\"Home\",\"item\":\"https:\/\/vof-news.eu\/de\/\"},{\"@type\":\"ListItem\",\"position\":2,\"name\":\"Maria ist frei!\"}]},{\"@type\":\"WebSite\",\"@id\":\"https:\/\/vof-news.eu\/de\/#website\",\"url\":\"https:\/\/vof-news.eu\/de\/\",\"name\":\"vof-news.eu\",\"description\":\"\",\"potentialAction\":[{\"@type\":\"SearchAction\",\"target\":{\"@type\":\"EntryPoint\",\"urlTemplate\":\"https:\/\/vof-news.eu\/de\/?s={search_term_string}\"},\"query-input\":\"required name=search_term_string\"}],\"inLanguage\":\"de\"},{\"@type\":\"Person\",\"@id\":\"https:\/\/vof-news.eu\/de\/#\/schema\/person\/f6a2a4309f0561835797fd8c19b333ed\",\"name\":\"Author\",\"image\":{\"@type\":\"ImageObject\",\"inLanguage\":\"de\",\"@id\":\"https:\/\/vof-news.eu\/de\/#\/schema\/person\/image\/\",\"url\":\"https:\/\/secure.gravatar.com\/avatar\/b67e614b1b25b3e9c0c239efdd2fde5ab015b5affd6f1c3c85911ca4b384e790?s=96&d=mm&r=g\",\"contentUrl\":\"https:\/\/secure.gravatar.com\/avatar\/b67e614b1b25b3e9c0c239efdd2fde5ab015b5affd6f1c3c85911ca4b384e790?s=96&d=mm&r=g\",\"caption\":\"Author\"},\"sameAs\":[\"http:\/\/vof-news.eu\"],\"url\":\"https:\/\/vof-news.eu\/de\/author\/zwt6qxnjulxbnyg\/\"}]}<\/script>\n<!-- \/ Yoast SEO plugin. -->","yoast_head_json":{"title":"Maria ist frei! - vof-news.eu","description":"Sie l\u00e4chelt so, als w\u00fcrde in ihr","robots":{"index":"noindex","follow":"follow","max-snippet":"max-snippet:-1","max-image-preview":"max-image-preview:large","max-video-preview":"max-video-preview:-1"},"og_locale":"de_DE","og_type":"article","og_title":"Maria ist frei! - vof-news.eu","og_description":"Sie l\u00e4chelt so, als w\u00fcrde in ihr","og_url":"https:\/\/vof-news.eu\/de\/maria-ist-frei\/","og_site_name":"vof-news.eu","article_published_time":"2025-12-14T12:29:18+00:00","article_modified_time":"2025-12-14T12:31:04+00:00","og_image":[{"width":1000,"height":562,"url":"https:\/\/vof-news.eu\/wp-content\/uploads\/2025\/12\/wide__1000x562-64.jpg","type":"image\/jpeg"}],"author":"Author","twitter_card":"summary_large_image","twitter_misc":{"Verfasst von":"Author","Gesch\u00e4tzte Lesezeit":"3\u00a0Minuten"},"schema":{"@context":"https:\/\/schema.org","@graph":[{"@type":"WebPage","@id":"https:\/\/vof-news.eu\/de\/maria-ist-frei\/","url":"https:\/\/vof-news.eu\/de\/maria-ist-frei\/","name":"Maria ist frei! - vof-news.eu","isPartOf":{"@id":"https:\/\/vof-news.eu\/de\/#website"},"primaryImageOfPage":{"@id":"https:\/\/vof-news.eu\/de\/maria-ist-frei\/#primaryimage"},"image":{"@id":"https:\/\/vof-news.eu\/de\/maria-ist-frei\/#primaryimage"},"thumbnailUrl":"https:\/\/vof-news.eu\/wp-content\/uploads\/2025\/12\/wide__1000x562-64.jpg","datePublished":"2025-12-14T12:29:18+00:00","dateModified":"2025-12-14T12:31:04+00:00","author":{"@id":"https:\/\/vof-news.eu\/de\/#\/schema\/person\/f6a2a4309f0561835797fd8c19b333ed"},"description":"Sie l\u00e4chelt so, als w\u00fcrde in ihr","breadcrumb":{"@id":"https:\/\/vof-news.eu\/de\/maria-ist-frei\/#breadcrumb"},"inLanguage":"de","potentialAction":[{"@type":"ReadAction","target":["https:\/\/vof-news.eu\/de\/maria-ist-frei\/"]}]},{"@type":"ImageObject","inLanguage":"de","@id":"https:\/\/vof-news.eu\/de\/maria-ist-frei\/#primaryimage","url":"https:\/\/vof-news.eu\/wp-content\/uploads\/2025\/12\/wide__1000x562-64.jpg","contentUrl":"https:\/\/vof-news.eu\/wp-content\/uploads\/2025\/12\/wide__1000x562-64.jpg","width":1000,"height":562},{"@type":"BreadcrumbList","@id":"https:\/\/vof-news.eu\/de\/maria-ist-frei\/#breadcrumb","itemListElement":[{"@type":"ListItem","position":1,"name":"Home","item":"https:\/\/vof-news.eu\/de\/"},{"@type":"ListItem","position":2,"name":"Maria ist frei!"}]},{"@type":"WebSite","@id":"https:\/\/vof-news.eu\/de\/#website","url":"https:\/\/vof-news.eu\/de\/","name":"vof-news.eu","description":"","potentialAction":[{"@type":"SearchAction","target":{"@type":"EntryPoint","urlTemplate":"https:\/\/vof-news.eu\/de\/?s={search_term_string}"},"query-input":"required name=search_term_string"}],"inLanguage":"de"},{"@type":"Person","@id":"https:\/\/vof-news.eu\/de\/#\/schema\/person\/f6a2a4309f0561835797fd8c19b333ed","name":"Author","image":{"@type":"ImageObject","inLanguage":"de","@id":"https:\/\/vof-news.eu\/de\/#\/schema\/person\/image\/","url":"https:\/\/secure.gravatar.com\/avatar\/b67e614b1b25b3e9c0c239efdd2fde5ab015b5affd6f1c3c85911ca4b384e790?s=96&d=mm&r=g","contentUrl":"https:\/\/secure.gravatar.com\/avatar\/b67e614b1b25b3e9c0c239efdd2fde5ab015b5affd6f1c3c85911ca4b384e790?s=96&d=mm&r=g","caption":"Author"},"sameAs":["http:\/\/vof-news.eu"],"url":"https:\/\/vof-news.eu\/de\/author\/zwt6qxnjulxbnyg\/"}]}},"yoast_meta":{"yoast_wpseo_title":"","yoast_wpseo_metadesc":"","yoast_wpseo_canonical":""},"_links":{"self":[{"href":"https:\/\/vof-news.eu\/de\/wp-json\/wp\/v2\/posts\/307487","targetHints":{"allow":["GET"]}}],"collection":[{"href":"https:\/\/vof-news.eu\/de\/wp-json\/wp\/v2\/posts"}],"about":[{"href":"https:\/\/vof-news.eu\/de\/wp-json\/wp\/v2\/types\/post"}],"author":[{"embeddable":true,"href":"https:\/\/vof-news.eu\/de\/wp-json\/wp\/v2\/users\/1"}],"replies":[{"embeddable":true,"href":"https:\/\/vof-news.eu\/de\/wp-json\/wp\/v2\/comments?post=307487"}],"version-history":[{"count":1,"href":"https:\/\/vof-news.eu\/de\/wp-json\/wp\/v2\/posts\/307487\/revisions"}],"predecessor-version":[{"id":307495,"href":"https:\/\/vof-news.eu\/de\/wp-json\/wp\/v2\/posts\/307487\/revisions\/307495"}],"wp:featuredmedia":[{"embeddable":true,"href":"https:\/\/vof-news.eu\/de\/wp-json\/wp\/v2\/media\/307488"}],"wp:attachment":[{"href":"https:\/\/vof-news.eu\/de\/wp-json\/wp\/v2\/media?parent=307487"}],"wp:term":[{"taxonomy":"category","embeddable":true,"href":"https:\/\/vof-news.eu\/de\/wp-json\/wp\/v2\/categories?post=307487"},{"taxonomy":"post_tag","embeddable":true,"href":"https:\/\/vof-news.eu\/de\/wp-json\/wp\/v2\/tags?post=307487"}],"curies":[{"name":"wp","href":"https:\/\/api.w.org\/{rel}","templated":true}]}}