{"id":307416,"date":"2025-12-14T11:28:13","date_gmt":"2025-12-14T08:28:13","guid":{"rendered":"https:\/\/vof-news.eu\/ukrainegesprache-mit-den-usa-und-den-europaern-beginnen-in-berlin\/"},"modified":"2025-12-14T11:29:53","modified_gmt":"2025-12-14T08:29:53","slug":"ukrainegesprache-mit-den-usa-und-den-europaern-beginnen-in-berlin","status":"publish","type":"post","link":"https:\/\/vof-news.eu\/de\/ukrainegesprache-mit-den-usa-und-den-europaern-beginnen-in-berlin\/","title":{"rendered":"Ukrainegespr\u00e4che mit den USA und den Europ\u00e4ern beginnen in Berlin"},"content":{"rendered":"<div>\n<p>Vertreter der Vereinigten Staaten, der <span><a href=\"https:\/\/www.zeit.de\/politik\/ausland\/ukraine-krieg-news-liveblog\" rel=\"nofollow\">Ukraine<\/a><\/span> und der Europ\u00e4er sprechen in Berlin in den n\u00e4chsten Tagen weiter <a href=\"https:\/\/www.zeit.de\/politik\/ausland\/2025-12\/friedensverhandlungen-ukraine-europa-vorschlag-sicherheitsgarantien-donbass\" rel=\"nofollow\">\u00fcber ein m\u00f6gliches Ende des\u00a0russischen Angriffskriegs gegen die Ukraine<\/a>. Die Verhandlungen sollen\u00a0zun\u00e4chst auf Beraterebene und unter Ausschluss der \u00d6ffentlichkeit stattfinden, auch Ort und Zeitpunkt sind nicht bekannt.\n<\/p>\n<p>Damit ist Deutschland erstmals seit Bekanntwerden des umstrittenen<br \/>\nFriedensplans von US-Pr\u00e4sident Donald Trump Verhandlungsort.\u00a0Die<br \/>\n<span><a href=\"https:\/\/www.zeit.de\/thema\/usa\" rel=\"nofollow\">Vereinigten Staaten<\/a><\/span> haben angek\u00fcndigt,\u00a0dass der <a href=\"https:\/\/www.zeit.de\/politik\/ausland\/2025-12\/berlin-ukraine-krieg-wolodymyr-selenskyj-steve-witkoff-friedrich-merz-gxe\" rel=\"nofollow\">Sondergesandte Steve<br \/>\nWitkoff nach<br \/>\nBerlin reisen werde<\/a>.\u00a0Auch der <a href=\"https:\/\/www.zeit.de\/politik\/2025-12\/berlin-treffen-selenskyj-merz-ukraine\" rel=\"nofollow\">ukrainische Pr\u00e4sident Wolodymyr Selenskyj<br \/>\nbest\u00e4tigte seine<br \/>\nTeilnahme an Gespr\u00e4chen<\/a>, sein Anreisetag ist aber noch nicht bekannt.<br \/>\nRussland kommt nicht zu den Gespr\u00e4chen.\n<\/p>\n<h2>Makejew: &#8222;Berlin wird zur Hauptstadt europ\u00e4ischer Diplomatie&#8220;<\/h2>\n<p>Nach Angaben aus deutschen Regierungskreisen f\u00fchren zun\u00e4chst die<br \/>\nau\u00dfenpolitischen Berater &#8222;unter anderem der USA und der Ukraine&#8220;<br \/>\nGespr\u00e4che &#8222;zu einem m\u00f6glichen Waffenstillstand in der Ukraine&#8220;. Bundeskanzler Friedrich Merz (CDU)\u00a0hatte zuvor in Aussicht gestellt, dass die<br \/>\nAns\u00e4tze f\u00fcr ein Ende des Kriegs &#8222;abschlie\u00dfend&#8220;<br \/>\ner\u00f6rtert w\u00fcrden. Der ukrainische Botschafter in Deutschland, Oleksij Makejew, schrieb, <span><a href=\"https:\/\/www.zeit.de\/thema\/berlin\" rel=\"nofollow\">Berlin<\/a><\/span> werde zur Hauptstadt europ\u00e4ischer Diplomatie.\n<\/p>\n<p>&#8222;Es wird in Berlin viele Veranstaltungen geben&#8220;, sagte Selenskyj.<br \/>\n Er werde vor allem an Treffen mit US-Vertretern und Treffen &#8222;mit unseren europ\u00e4ischen Partnern&#8220; und vielen<br \/>\nf\u00fchrenden Politikern teilnehmen. Dabei werde es &#8222;um die Grundlagen des Friedens&#8220;<br \/>\ngehen und &#8222;ein politisches Abkommen zur Beendigung des Kriegs&#8220;. Er dankte<br \/>\nallen Partnern f\u00fcr ihre Unterst\u00fctzung der Ukraine und k\u00fcndigte an, er<br \/>\nund sein Team w\u00fcrden &#8222;in diesen Tagen in Berlin so aktiv und konstruktiv<br \/>\n wie m\u00f6glich mit allen zusammenarbeiten, die dazu beitragen k\u00f6nnen, dass<br \/>\n das Abkommen funktioniert&#8220;.\n<\/p>\n<h2>Gespr\u00e4che zu Bedingungen f\u00fcr Kriegsende<\/h2>\n<p>Teil der Gespr\u00e4che in Berlin k\u00f6nnten auch die von Merz vorangetriebenen Pl\u00e4ne einiger EU-Staaten sein, <a href=\"https:\/\/www.zeit.de\/politik\/2025-12\/ukraine-krieg-russland-vermoegen-eu\" rel=\"nofollow\">in Belgien eingefrorene<br \/>\nrussische Verm\u00f6gen f\u00fcr die Unterst\u00fctzung der Ukraine zu nutzen<\/a>. Russland lehnt dies ebenso wie die \u00c4nderungsw\u00fcnsche der<br \/>\nEurop\u00e4er am US-Friedensplan ab.\n<\/p>\n<p>Trump machte nach Gespr\u00e4chen Witkoffs in Russland <a href=\"https:\/\/www.zeit.de\/politik\/ausland\/2025-12\/ukraine-krieg-verhandlungen-trump-selenskyj-europa\" rel=\"nofollow\">zuletzt vor allem Druck auf die Ukraine<\/a>, einem Friedensabkommen<br \/>\nzuzustimmen. Putin hatte Gebietsabtretungen von den<br \/>\nUkrainern gefordert und <a href=\"https:\/\/www.zeit.de\/politik\/ausland\/2025-12\/ukraine-krieg-friedensverhandlungen-russland-usa-wolodymyr-selenskyj\" rel=\"nofollow\">dabei auch Territorium beansprucht,<br \/>\n das seine Armee bislang nicht kontrolliert<\/a>. Selenskyj<br \/>\n lehnte dies ab \u2013 und verwies zuletzt darauf, dass laut Verfassung nicht<br \/>\n er, sondern nur das ukrainische Volk per Referendum \u00fcber derlei<br \/>\nTerritorialfragen entscheiden k\u00f6nne.\n<\/p>\n<h2>Planung des Wiederaufbaus<\/h2>\n<p>&#8222;Das Wichtigste sind meine Treffen mit<br \/>\nVertretern von Pr\u00e4sident Trump sowie Treffen mit unseren europ\u00e4ischen<br \/>\nPartnern und vielen f\u00fchrenden Politikern \u00fcber die Grundlage des Friedens<br \/>\n \u2013 eine politische Vereinbarung \u00fcber die Beendigung des Kriegs&#8220;, sagte Selenskyj vor den Gespr\u00e4chen. Die Ukraine pocht bei den Verhandlungen vor allem auf Sicherheitsgarantien.\n<\/p>\n<p>Geplant sind laut Selenskyj in Berlin auch Gespr\u00e4che ukrainischer Beamter mit Vertretern der<br \/>\nUSA und europ\u00e4ischer Staaten \u00fcber einen Wiederaufbau des vom Krieg<br \/>\nzerst\u00f6rten Landes. Merz will Selenskyj am Montag daf\u00fcr zu deutsch-ukrainischen Wirtschaftsgespr\u00e4chen empfangen und &#8222;zu einem Austausch<br \/>\n\u00fcber den Stand der Friedensverhandlungen&#8220;, wie Regierungssprecher Stefan<br \/>\n Kornelius mitteilte. Am Abend w\u00fcrden dann &#8222;zahlreiche<br \/>\neurop\u00e4ische Staats- und Regierungschefs sowie die Spitzen von EU und<br \/>\nNato zu den Gespr\u00e4chen hinzusto\u00dfen&#8220;.\n<\/p>\n<\/p>\n<\/div>\n","protected":false},"excerpt":{"rendered":"<p>Vertreter der Vereinigten Staaten, der Ukraine und der Europ\u00e4er sprechen in Berlin in den n\u00e4chsten Tagen weiter \u00fcber ein m\u00f6gliches Ende des\u00a0russischen Angriffskriegs gegen die Ukraine. Die Verhandlungen sollen\u00a0zun\u00e4chst auf Beraterebene und unter Ausschluss der \u00d6ffentlichkeit stattfinden, auch Ort und Zeitpunkt sind nicht bekannt. Damit ist Deutschland erstmals seit Bekanntwerden des umstrittenen Friedensplans von US-Pr\u00e4sident<\/p>\n","protected":false},"author":1,"featured_media":307417,"comment_status":"open","ping_status":"open","sticky":false,"template":"","format":"standard","meta":{"footnotes":""},"categories":[116],"tags":[],"class_list":["post-307416","post","type-post","status-publish","format-standard","has-post-thumbnail","hentry","category-war-chronicles-de"],"acf":[],"yoast_head":"<!-- This site is optimized with the Yoast SEO plugin v22.9 - https:\/\/yoast.com\/wordpress\/plugins\/seo\/ -->\n<title>Ukrainegespr\u00e4che mit den USA und den Europ\u00e4ern beginnen in Berlin - vof-news.eu<\/title>\n<meta name=\"description\" content=\"Vertreter der Vereinigten Staaten, der Ukraine und der Europ\u00e4er sprechen in Berlin in den n\u00e4chsten Tagen weiter \u00fcber ein m\u00f6gliches Ende des\u00a0russischen Angriffskriegs gegen die Ukraine. Die Verhandlungen sollen\u00a0zun\u00e4chst auf Beraterebene und unter Ausschluss der \u00d6ffentlichkeit stattfinden, auch Ort und Zeitpunkt sind nicht bekannt.\" \/>\n<meta name=\"robots\" content=\"noindex, follow, max-snippet:-1, max-image-preview:large, max-video-preview:-1\" \/>\n<meta property=\"og:locale\" content=\"de_DE\" \/>\n<meta property=\"og:type\" content=\"article\" \/>\n<meta property=\"og:title\" content=\"Ukrainegespr\u00e4che mit den USA und den Europ\u00e4ern beginnen in Berlin - vof-news.eu\" \/>\n<meta property=\"og:description\" content=\"Vertreter der Vereinigten Staaten, der Ukraine und der Europ\u00e4er sprechen in Berlin in den n\u00e4chsten Tagen weiter \u00fcber ein m\u00f6gliches Ende des\u00a0russischen Angriffskriegs gegen die Ukraine. Die Verhandlungen sollen\u00a0zun\u00e4chst auf Beraterebene und unter Ausschluss der \u00d6ffentlichkeit stattfinden, auch Ort und Zeitpunkt sind nicht bekannt.\" \/>\n<meta property=\"og:url\" content=\"https:\/\/vof-news.eu\/de\/ukrainegesprache-mit-den-usa-und-den-europaern-beginnen-in-berlin\/\" \/>\n<meta property=\"og:site_name\" content=\"vof-news.eu\" \/>\n<meta property=\"article:published_time\" content=\"2025-12-14T08:28:13+00:00\" \/>\n<meta property=\"article:modified_time\" content=\"2025-12-14T08:29:53+00:00\" \/>\n<meta property=\"og:image\" content=\"https:\/\/vof-news.eu\/wp-content\/uploads\/2025\/12\/wide__1000x562-63.jpg\" \/>\n\t<meta property=\"og:image:width\" content=\"1000\" \/>\n\t<meta property=\"og:image:height\" content=\"562\" \/>\n\t<meta property=\"og:image:type\" content=\"image\/jpeg\" \/>\n<meta name=\"author\" content=\"Author\" \/>\n<meta name=\"twitter:card\" content=\"summary_large_image\" \/>\n<meta name=\"twitter:label1\" content=\"Verfasst von\" \/>\n\t<meta name=\"twitter:data1\" content=\"Author\" \/>\n\t<meta name=\"twitter:label2\" content=\"Gesch\u00e4tzte Lesezeit\" \/>\n\t<meta name=\"twitter:data2\" content=\"3\u00a0Minuten\" \/>\n<script type=\"application\/ld+json\" class=\"yoast-schema-graph\">{\"@context\":\"https:\/\/schema.org\",\"@graph\":[{\"@type\":\"WebPage\",\"@id\":\"https:\/\/vof-news.eu\/de\/ukrainegesprache-mit-den-usa-und-den-europaern-beginnen-in-berlin\/\",\"url\":\"https:\/\/vof-news.eu\/de\/ukrainegesprache-mit-den-usa-und-den-europaern-beginnen-in-berlin\/\",\"name\":\"Ukrainegespr\u00e4che mit den USA und den Europ\u00e4ern beginnen in Berlin - vof-news.eu\",\"isPartOf\":{\"@id\":\"https:\/\/vof-news.eu\/de\/#website\"},\"primaryImageOfPage\":{\"@id\":\"https:\/\/vof-news.eu\/de\/ukrainegesprache-mit-den-usa-und-den-europaern-beginnen-in-berlin\/#primaryimage\"},\"image\":{\"@id\":\"https:\/\/vof-news.eu\/de\/ukrainegesprache-mit-den-usa-und-den-europaern-beginnen-in-berlin\/#primaryimage\"},\"thumbnailUrl\":\"https:\/\/vof-news.eu\/wp-content\/uploads\/2025\/12\/wide__1000x562-63.jpg\",\"datePublished\":\"2025-12-14T08:28:13+00:00\",\"dateModified\":\"2025-12-14T08:29:53+00:00\",\"author\":{\"@id\":\"https:\/\/vof-news.eu\/de\/#\/schema\/person\/f6a2a4309f0561835797fd8c19b333ed\"},\"description\":\"Vertreter der Vereinigten Staaten, der Ukraine und der Europ\u00e4er sprechen in Berlin in den n\u00e4chsten Tagen weiter \u00fcber ein m\u00f6gliches Ende des\u00a0russischen Angriffskriegs gegen die Ukraine. Die Verhandlungen sollen\u00a0zun\u00e4chst auf Beraterebene und unter Ausschluss der \u00d6ffentlichkeit stattfinden, auch Ort und Zeitpunkt sind nicht bekannt.\",\"breadcrumb\":{\"@id\":\"https:\/\/vof-news.eu\/de\/ukrainegesprache-mit-den-usa-und-den-europaern-beginnen-in-berlin\/#breadcrumb\"},\"inLanguage\":\"de\",\"potentialAction\":[{\"@type\":\"ReadAction\",\"target\":[\"https:\/\/vof-news.eu\/de\/ukrainegesprache-mit-den-usa-und-den-europaern-beginnen-in-berlin\/\"]}]},{\"@type\":\"ImageObject\",\"inLanguage\":\"de\",\"@id\":\"https:\/\/vof-news.eu\/de\/ukrainegesprache-mit-den-usa-und-den-europaern-beginnen-in-berlin\/#primaryimage\",\"url\":\"https:\/\/vof-news.eu\/wp-content\/uploads\/2025\/12\/wide__1000x562-63.jpg\",\"contentUrl\":\"https:\/\/vof-news.eu\/wp-content\/uploads\/2025\/12\/wide__1000x562-63.jpg\",\"width\":1000,\"height\":562},{\"@type\":\"BreadcrumbList\",\"@id\":\"https:\/\/vof-news.eu\/de\/ukrainegesprache-mit-den-usa-und-den-europaern-beginnen-in-berlin\/#breadcrumb\",\"itemListElement\":[{\"@type\":\"ListItem\",\"position\":1,\"name\":\"Home\",\"item\":\"https:\/\/vof-news.eu\/de\/\"},{\"@type\":\"ListItem\",\"position\":2,\"name\":\"Ukrainegespr\u00e4che mit den USA und den Europ\u00e4ern beginnen in Berlin\"}]},{\"@type\":\"WebSite\",\"@id\":\"https:\/\/vof-news.eu\/de\/#website\",\"url\":\"https:\/\/vof-news.eu\/de\/\",\"name\":\"vof-news.eu\",\"description\":\"\",\"potentialAction\":[{\"@type\":\"SearchAction\",\"target\":{\"@type\":\"EntryPoint\",\"urlTemplate\":\"https:\/\/vof-news.eu\/de\/?s={search_term_string}\"},\"query-input\":\"required name=search_term_string\"}],\"inLanguage\":\"de\"},{\"@type\":\"Person\",\"@id\":\"https:\/\/vof-news.eu\/de\/#\/schema\/person\/f6a2a4309f0561835797fd8c19b333ed\",\"name\":\"Author\",\"image\":{\"@type\":\"ImageObject\",\"inLanguage\":\"de\",\"@id\":\"https:\/\/vof-news.eu\/de\/#\/schema\/person\/image\/\",\"url\":\"https:\/\/secure.gravatar.com\/avatar\/b67e614b1b25b3e9c0c239efdd2fde5ab015b5affd6f1c3c85911ca4b384e790?s=96&d=mm&r=g\",\"contentUrl\":\"https:\/\/secure.gravatar.com\/avatar\/b67e614b1b25b3e9c0c239efdd2fde5ab015b5affd6f1c3c85911ca4b384e790?s=96&d=mm&r=g\",\"caption\":\"Author\"},\"sameAs\":[\"http:\/\/vof-news.eu\"],\"url\":\"https:\/\/vof-news.eu\/de\/author\/zwt6qxnjulxbnyg\/\"}]}<\/script>\n<!-- \/ Yoast SEO plugin. -->","yoast_head_json":{"title":"Ukrainegespr\u00e4che mit den USA und den Europ\u00e4ern beginnen in Berlin - vof-news.eu","description":"Vertreter der Vereinigten Staaten, der Ukraine und der Europ\u00e4er sprechen in Berlin in den n\u00e4chsten Tagen weiter \u00fcber ein m\u00f6gliches Ende des\u00a0russischen Angriffskriegs gegen die Ukraine. Die Verhandlungen sollen\u00a0zun\u00e4chst auf Beraterebene und unter Ausschluss der \u00d6ffentlichkeit stattfinden, auch Ort und Zeitpunkt sind nicht bekannt.","robots":{"index":"noindex","follow":"follow","max-snippet":"max-snippet:-1","max-image-preview":"max-image-preview:large","max-video-preview":"max-video-preview:-1"},"og_locale":"de_DE","og_type":"article","og_title":"Ukrainegespr\u00e4che mit den USA und den Europ\u00e4ern beginnen in Berlin - vof-news.eu","og_description":"Vertreter der Vereinigten Staaten, der Ukraine und der Europ\u00e4er sprechen in Berlin in den n\u00e4chsten Tagen weiter \u00fcber ein m\u00f6gliches Ende des\u00a0russischen Angriffskriegs gegen die Ukraine. Die Verhandlungen sollen\u00a0zun\u00e4chst auf Beraterebene und unter Ausschluss der \u00d6ffentlichkeit stattfinden, auch Ort und Zeitpunkt sind nicht bekannt.","og_url":"https:\/\/vof-news.eu\/de\/ukrainegesprache-mit-den-usa-und-den-europaern-beginnen-in-berlin\/","og_site_name":"vof-news.eu","article_published_time":"2025-12-14T08:28:13+00:00","article_modified_time":"2025-12-14T08:29:53+00:00","og_image":[{"width":1000,"height":562,"url":"https:\/\/vof-news.eu\/wp-content\/uploads\/2025\/12\/wide__1000x562-63.jpg","type":"image\/jpeg"}],"author":"Author","twitter_card":"summary_large_image","twitter_misc":{"Verfasst von":"Author","Gesch\u00e4tzte Lesezeit":"3\u00a0Minuten"},"schema":{"@context":"https:\/\/schema.org","@graph":[{"@type":"WebPage","@id":"https:\/\/vof-news.eu\/de\/ukrainegesprache-mit-den-usa-und-den-europaern-beginnen-in-berlin\/","url":"https:\/\/vof-news.eu\/de\/ukrainegesprache-mit-den-usa-und-den-europaern-beginnen-in-berlin\/","name":"Ukrainegespr\u00e4che mit den USA und den Europ\u00e4ern beginnen in Berlin - vof-news.eu","isPartOf":{"@id":"https:\/\/vof-news.eu\/de\/#website"},"primaryImageOfPage":{"@id":"https:\/\/vof-news.eu\/de\/ukrainegesprache-mit-den-usa-und-den-europaern-beginnen-in-berlin\/#primaryimage"},"image":{"@id":"https:\/\/vof-news.eu\/de\/ukrainegesprache-mit-den-usa-und-den-europaern-beginnen-in-berlin\/#primaryimage"},"thumbnailUrl":"https:\/\/vof-news.eu\/wp-content\/uploads\/2025\/12\/wide__1000x562-63.jpg","datePublished":"2025-12-14T08:28:13+00:00","dateModified":"2025-12-14T08:29:53+00:00","author":{"@id":"https:\/\/vof-news.eu\/de\/#\/schema\/person\/f6a2a4309f0561835797fd8c19b333ed"},"description":"Vertreter der Vereinigten Staaten, der Ukraine und der Europ\u00e4er sprechen in Berlin in den n\u00e4chsten Tagen weiter \u00fcber ein m\u00f6gliches Ende des\u00a0russischen Angriffskriegs gegen die Ukraine. Die Verhandlungen sollen\u00a0zun\u00e4chst auf Beraterebene und unter Ausschluss der \u00d6ffentlichkeit stattfinden, auch Ort und Zeitpunkt sind nicht bekannt.","breadcrumb":{"@id":"https:\/\/vof-news.eu\/de\/ukrainegesprache-mit-den-usa-und-den-europaern-beginnen-in-berlin\/#breadcrumb"},"inLanguage":"de","potentialAction":[{"@type":"ReadAction","target":["https:\/\/vof-news.eu\/de\/ukrainegesprache-mit-den-usa-und-den-europaern-beginnen-in-berlin\/"]}]},{"@type":"ImageObject","inLanguage":"de","@id":"https:\/\/vof-news.eu\/de\/ukrainegesprache-mit-den-usa-und-den-europaern-beginnen-in-berlin\/#primaryimage","url":"https:\/\/vof-news.eu\/wp-content\/uploads\/2025\/12\/wide__1000x562-63.jpg","contentUrl":"https:\/\/vof-news.eu\/wp-content\/uploads\/2025\/12\/wide__1000x562-63.jpg","width":1000,"height":562},{"@type":"BreadcrumbList","@id":"https:\/\/vof-news.eu\/de\/ukrainegesprache-mit-den-usa-und-den-europaern-beginnen-in-berlin\/#breadcrumb","itemListElement":[{"@type":"ListItem","position":1,"name":"Home","item":"https:\/\/vof-news.eu\/de\/"},{"@type":"ListItem","position":2,"name":"Ukrainegespr\u00e4che mit den USA und den Europ\u00e4ern beginnen in Berlin"}]},{"@type":"WebSite","@id":"https:\/\/vof-news.eu\/de\/#website","url":"https:\/\/vof-news.eu\/de\/","name":"vof-news.eu","description":"","potentialAction":[{"@type":"SearchAction","target":{"@type":"EntryPoint","urlTemplate":"https:\/\/vof-news.eu\/de\/?s={search_term_string}"},"query-input":"required name=search_term_string"}],"inLanguage":"de"},{"@type":"Person","@id":"https:\/\/vof-news.eu\/de\/#\/schema\/person\/f6a2a4309f0561835797fd8c19b333ed","name":"Author","image":{"@type":"ImageObject","inLanguage":"de","@id":"https:\/\/vof-news.eu\/de\/#\/schema\/person\/image\/","url":"https:\/\/secure.gravatar.com\/avatar\/b67e614b1b25b3e9c0c239efdd2fde5ab015b5affd6f1c3c85911ca4b384e790?s=96&d=mm&r=g","contentUrl":"https:\/\/secure.gravatar.com\/avatar\/b67e614b1b25b3e9c0c239efdd2fde5ab015b5affd6f1c3c85911ca4b384e790?s=96&d=mm&r=g","caption":"Author"},"sameAs":["http:\/\/vof-news.eu"],"url":"https:\/\/vof-news.eu\/de\/author\/zwt6qxnjulxbnyg\/"}]}},"yoast_meta":{"yoast_wpseo_title":"","yoast_wpseo_metadesc":"","yoast_wpseo_canonical":""},"_links":{"self":[{"href":"https:\/\/vof-news.eu\/de\/wp-json\/wp\/v2\/posts\/307416","targetHints":{"allow":["GET"]}}],"collection":[{"href":"https:\/\/vof-news.eu\/de\/wp-json\/wp\/v2\/posts"}],"about":[{"href":"https:\/\/vof-news.eu\/de\/wp-json\/wp\/v2\/types\/post"}],"author":[{"embeddable":true,"href":"https:\/\/vof-news.eu\/de\/wp-json\/wp\/v2\/users\/1"}],"replies":[{"embeddable":true,"href":"https:\/\/vof-news.eu\/de\/wp-json\/wp\/v2\/comments?post=307416"}],"version-history":[{"count":1,"href":"https:\/\/vof-news.eu\/de\/wp-json\/wp\/v2\/posts\/307416\/revisions"}],"predecessor-version":[{"id":307423,"href":"https:\/\/vof-news.eu\/de\/wp-json\/wp\/v2\/posts\/307416\/revisions\/307423"}],"wp:featuredmedia":[{"embeddable":true,"href":"https:\/\/vof-news.eu\/de\/wp-json\/wp\/v2\/media\/307417"}],"wp:attachment":[{"href":"https:\/\/vof-news.eu\/de\/wp-json\/wp\/v2\/media?parent=307416"}],"wp:term":[{"taxonomy":"category","embeddable":true,"href":"https:\/\/vof-news.eu\/de\/wp-json\/wp\/v2\/categories?post=307416"},{"taxonomy":"post_tag","embeddable":true,"href":"https:\/\/vof-news.eu\/de\/wp-json\/wp\/v2\/tags?post=307416"}],"curies":[{"name":"wp","href":"https:\/\/api.w.org\/{rel}","templated":true}]}}