{"id":307126,"date":"2025-12-12T21:28:17","date_gmt":"2025-12-12T18:28:17","guid":{"rendered":"https:\/\/vof-news.eu\/selenskyj-reist-zu-treffen-mit-europaischen-staatschefs-nach-berlin\/"},"modified":"2025-12-12T21:29:51","modified_gmt":"2025-12-12T18:29:51","slug":"selenskyj-reist-zu-treffen-mit-europaischen-staatschefs-nach-berlin","status":"publish","type":"post","link":"https:\/\/vof-news.eu\/de\/selenskyj-reist-zu-treffen-mit-europaischen-staatschefs-nach-berlin\/","title":{"rendered":"Selenskyj reist zu Treffen mit europ\u00e4ischen Staatschefs nach Berlin"},"content":{"rendered":"<div>\n<p>Bundeskanzler Friedrich Merz empf\u00e4ngt am Montag den ukrainischen Pr\u00e4sidenten <span><a href=\"https:\/\/www.zeit.de\/thema\/wolodymyr-selenskyj\" rel=\"nofollow\">Wolodymyr Selenskyj<\/a><\/span> sowie mehrere europ\u00e4ische Staats- und Regierungschefs in Berlin. Die Bundesregierung best\u00e4tigte mehrere entsprechende Medienberichte.\u00a0Ukrainische Regierungskreise hatten den Besuch Selenskyjs bereits zuvor<br \/>\nder Nachrichtenagentur AFP mitgeteilt. <a href=\"https:\/\/www.zeit.de\/politik\/2025-12\/ukraine-wolodymyr-selenskyj-krieg-russland-podcast\" rel=\"nofollow\">Der Pr\u00e4sident<\/a> werde in die deutsche Hauptstadt reisen, &#8222;sofern die Sicherheitslage dies erm\u00f6glicht&#8220;, hatte es gehei\u00dfen.\n<\/p>\n<p><span><a href=\"https:\/\/www.zeit.de\/thema\/friedrich-merz\" rel=\"nofollow\">Merz<\/a><\/span> werde\u00a0Selenskyj\u00a0zu den deutsch-ukrainischen Wirtschaftsgespr\u00e4chen und &#8222;zu einem<br \/>\nAustausch \u00fcber den Stand der Friedensverhandlungen in der Ukraine<br \/>\nempfangen&#8220;, teilte Regierungssprecher Stefan Kornelius mit. Nach Angaben des Bundeskanzlers hatten der britische Premierminister Keir<br \/>\nStarmer, Frankreichs Pr\u00e4sident Emmanuel Macron sowie er selbst US-Pr\u00e4sident Donald Trump vorgeschlagen, die Gespr\u00e4che f\u00fcr ein Ende des Kriegs in der Ukraine am Wochenende abzuschlie\u00dfen. Das Treffen<br \/>\nin Berlin soll demnach daran ankn\u00fcpfen.\n<\/p>\n<p>Am Abend w\u00fcrden &#8222;zahlreiche europ\u00e4ische Staats- und Regierungschefs<br \/>\n sowie die Spitzen von EU und Nato zu den Gespr\u00e4chen hinzusto\u00dfen&#8220;, sagte Kornelius. Bislang ist offen, ob US-Vertreter an dem Treffen teilnehmen werden. US-Regierungssprecherin Karoline Leavitt sagte am Donnerstag, die USA w\u00fcrden &#8222;einen Vertreter entsenden&#8220;, wenn es aus Sicht der<br \/>\nUS-Regierung &#8222;eine echte Chance gibt, ein Friedensabkommen zu<br \/>\nunterzeichnen&#8220;.\n<\/p>\n<h2>\u00dcberarbeitete Fassung f\u00fcr Plan zu Kriegsende liegt USA vor<\/h2>\n<p>Angesto\u00dfen wurden die aktuellen Gespr\u00e4che durch einen Plan zur Beendigung des Kriegs in der <span><a href=\"https:\/\/www.zeit.de\/politik\/ausland\/ukraine-krieg-news-liveblog\" rel=\"nofollow\">Ukraine<\/a><\/span>, den die USA vor rund drei Wochen vorgelegt hatten. In seiner urspr\u00fcnglichen Fassung war dieser dem russischen Pr\u00e4sidenten Wladimir Putin bei zahlreichen Forderungen entgegengekommen. Auf Dr\u00e4ngen der Ukraine und ihrer europ\u00e4ischen Verb\u00fcndeten wurde der Plan in zentralen Punkten \u00fcberarbeitet.\n<\/p>\n<p>Am Mittwochabend schickte die Ukraine eine neue Fassung nach Washington, am Donnerstag machte\u00a0Selenskyj\u00a0erstmals n\u00e4here Angaben zum aktuellen Verhandlungsstand. Demnach dr\u00e4ngen die USA die Ukraine weiterhin dazu, erhebliche territoriale Zugest\u00e4ndnisse an Russland zu machen. Zur Region Donezk sagte\u00a0Selenskyj, nach den Vorstellungen der USA solle <a href=\"https:\/\/www.zeit.de\/politik\/2025-12\/us-friedensplan-ukraine-frieden-gebietsverzicht-nachrichtenpodcast\" rel=\"nofollow\">eine &#8222;freie Wirtschaftszone&#8220; in jenem Teilgebiet<\/a>\u00a0entstehen, das derzeit unter ukrainischer Kontrolle stehe.\n<\/p>\n<p>\u00a0\n<\/p>\n<\/div>\n","protected":false},"excerpt":{"rendered":"<p>Bundeskanzler Friedrich Merz empf\u00e4ngt am Montag den ukrainischen Pr\u00e4sidenten Wolodymyr Selenskyj sowie mehrere europ\u00e4ische Staats- und Regierungschefs in Berlin. Die Bundesregierung best\u00e4tigte mehrere entsprechende Medienberichte.\u00a0Ukrainische Regierungskreise hatten den Besuch Selenskyjs bereits zuvor der Nachrichtenagentur AFP mitgeteilt. Der Pr\u00e4sident werde in die deutsche Hauptstadt reisen, &#8222;sofern die Sicherheitslage dies erm\u00f6glicht&#8220;, hatte es gehei\u00dfen. Merz werde\u00a0Selenskyj\u00a0zu den<\/p>\n","protected":false},"author":1,"featured_media":307127,"comment_status":"open","ping_status":"open","sticky":false,"template":"","format":"standard","meta":{"footnotes":""},"categories":[116],"tags":[],"class_list":["post-307126","post","type-post","status-publish","format-standard","has-post-thumbnail","hentry","category-war-chronicles-de"],"acf":[],"yoast_head":"<!-- This site is optimized with the Yoast SEO plugin v22.9 - https:\/\/yoast.com\/wordpress\/plugins\/seo\/ -->\n<title>Selenskyj reist zu Treffen mit europ\u00e4ischen Staatschefs nach Berlin - vof-news.eu<\/title>\n<meta name=\"description\" content=\"Bundeskanzler Friedrich Merz empf\u00e4ngt am Montag den ukrainischen Pr\u00e4sidenten Wolodymyr Selenskyj sowie mehrere europ\u00e4ische Staats- und Regierungschefs in Berlin. Die Bundesregierung best\u00e4tigte mehrere entsprechende Medienberichte.\u00a0Ukrainische Regierungskreise hatten den Besuch Selenskyjs bereits zuvor\" \/>\n<meta name=\"robots\" content=\"noindex, follow, max-snippet:-1, max-image-preview:large, max-video-preview:-1\" \/>\n<meta property=\"og:locale\" content=\"de_DE\" \/>\n<meta property=\"og:type\" content=\"article\" \/>\n<meta property=\"og:title\" content=\"Selenskyj reist zu Treffen mit europ\u00e4ischen Staatschefs nach Berlin - vof-news.eu\" \/>\n<meta property=\"og:description\" content=\"Bundeskanzler Friedrich Merz empf\u00e4ngt am Montag den ukrainischen Pr\u00e4sidenten Wolodymyr Selenskyj sowie mehrere europ\u00e4ische Staats- und Regierungschefs in Berlin. Die Bundesregierung best\u00e4tigte mehrere entsprechende Medienberichte.\u00a0Ukrainische Regierungskreise hatten den Besuch Selenskyjs bereits zuvor\" \/>\n<meta property=\"og:url\" content=\"https:\/\/vof-news.eu\/de\/selenskyj-reist-zu-treffen-mit-europaischen-staatschefs-nach-berlin\/\" \/>\n<meta property=\"og:site_name\" content=\"vof-news.eu\" \/>\n<meta property=\"article:published_time\" content=\"2025-12-12T18:28:17+00:00\" \/>\n<meta property=\"article:modified_time\" content=\"2025-12-12T18:29:51+00:00\" \/>\n<meta property=\"og:image\" content=\"https:\/\/vof-news.eu\/wp-content\/uploads\/2025\/12\/wide__1000x562-60.jpg\" \/>\n\t<meta property=\"og:image:width\" content=\"1000\" \/>\n\t<meta property=\"og:image:height\" content=\"562\" \/>\n\t<meta property=\"og:image:type\" content=\"image\/jpeg\" \/>\n<meta name=\"author\" content=\"Author\" \/>\n<meta name=\"twitter:card\" content=\"summary_large_image\" \/>\n<meta name=\"twitter:label1\" content=\"Verfasst von\" \/>\n\t<meta name=\"twitter:data1\" content=\"Author\" \/>\n\t<meta name=\"twitter:label2\" content=\"Gesch\u00e4tzte Lesezeit\" \/>\n\t<meta name=\"twitter:data2\" content=\"2\u00a0Minuten\" \/>\n<script type=\"application\/ld+json\" class=\"yoast-schema-graph\">{\"@context\":\"https:\/\/schema.org\",\"@graph\":[{\"@type\":\"WebPage\",\"@id\":\"https:\/\/vof-news.eu\/de\/selenskyj-reist-zu-treffen-mit-europaischen-staatschefs-nach-berlin\/\",\"url\":\"https:\/\/vof-news.eu\/de\/selenskyj-reist-zu-treffen-mit-europaischen-staatschefs-nach-berlin\/\",\"name\":\"Selenskyj reist zu Treffen mit europ\u00e4ischen Staatschefs nach Berlin - vof-news.eu\",\"isPartOf\":{\"@id\":\"https:\/\/vof-news.eu\/de\/#website\"},\"primaryImageOfPage\":{\"@id\":\"https:\/\/vof-news.eu\/de\/selenskyj-reist-zu-treffen-mit-europaischen-staatschefs-nach-berlin\/#primaryimage\"},\"image\":{\"@id\":\"https:\/\/vof-news.eu\/de\/selenskyj-reist-zu-treffen-mit-europaischen-staatschefs-nach-berlin\/#primaryimage\"},\"thumbnailUrl\":\"https:\/\/vof-news.eu\/wp-content\/uploads\/2025\/12\/wide__1000x562-60.jpg\",\"datePublished\":\"2025-12-12T18:28:17+00:00\",\"dateModified\":\"2025-12-12T18:29:51+00:00\",\"author\":{\"@id\":\"https:\/\/vof-news.eu\/de\/#\/schema\/person\/f6a2a4309f0561835797fd8c19b333ed\"},\"description\":\"Bundeskanzler Friedrich Merz empf\u00e4ngt am Montag den ukrainischen Pr\u00e4sidenten Wolodymyr Selenskyj sowie mehrere europ\u00e4ische Staats- und Regierungschefs in Berlin. Die Bundesregierung best\u00e4tigte mehrere entsprechende Medienberichte.\u00a0Ukrainische Regierungskreise hatten den Besuch Selenskyjs bereits zuvor\",\"breadcrumb\":{\"@id\":\"https:\/\/vof-news.eu\/de\/selenskyj-reist-zu-treffen-mit-europaischen-staatschefs-nach-berlin\/#breadcrumb\"},\"inLanguage\":\"de\",\"potentialAction\":[{\"@type\":\"ReadAction\",\"target\":[\"https:\/\/vof-news.eu\/de\/selenskyj-reist-zu-treffen-mit-europaischen-staatschefs-nach-berlin\/\"]}]},{\"@type\":\"ImageObject\",\"inLanguage\":\"de\",\"@id\":\"https:\/\/vof-news.eu\/de\/selenskyj-reist-zu-treffen-mit-europaischen-staatschefs-nach-berlin\/#primaryimage\",\"url\":\"https:\/\/vof-news.eu\/wp-content\/uploads\/2025\/12\/wide__1000x562-60.jpg\",\"contentUrl\":\"https:\/\/vof-news.eu\/wp-content\/uploads\/2025\/12\/wide__1000x562-60.jpg\",\"width\":1000,\"height\":562},{\"@type\":\"BreadcrumbList\",\"@id\":\"https:\/\/vof-news.eu\/de\/selenskyj-reist-zu-treffen-mit-europaischen-staatschefs-nach-berlin\/#breadcrumb\",\"itemListElement\":[{\"@type\":\"ListItem\",\"position\":1,\"name\":\"Home\",\"item\":\"https:\/\/vof-news.eu\/de\/\"},{\"@type\":\"ListItem\",\"position\":2,\"name\":\"Selenskyj reist zu Treffen mit europ\u00e4ischen Staatschefs nach Berlin\"}]},{\"@type\":\"WebSite\",\"@id\":\"https:\/\/vof-news.eu\/de\/#website\",\"url\":\"https:\/\/vof-news.eu\/de\/\",\"name\":\"vof-news.eu\",\"description\":\"\",\"potentialAction\":[{\"@type\":\"SearchAction\",\"target\":{\"@type\":\"EntryPoint\",\"urlTemplate\":\"https:\/\/vof-news.eu\/de\/?s={search_term_string}\"},\"query-input\":\"required name=search_term_string\"}],\"inLanguage\":\"de\"},{\"@type\":\"Person\",\"@id\":\"https:\/\/vof-news.eu\/de\/#\/schema\/person\/f6a2a4309f0561835797fd8c19b333ed\",\"name\":\"Author\",\"image\":{\"@type\":\"ImageObject\",\"inLanguage\":\"de\",\"@id\":\"https:\/\/vof-news.eu\/de\/#\/schema\/person\/image\/\",\"url\":\"https:\/\/secure.gravatar.com\/avatar\/b67e614b1b25b3e9c0c239efdd2fde5ab015b5affd6f1c3c85911ca4b384e790?s=96&d=mm&r=g\",\"contentUrl\":\"https:\/\/secure.gravatar.com\/avatar\/b67e614b1b25b3e9c0c239efdd2fde5ab015b5affd6f1c3c85911ca4b384e790?s=96&d=mm&r=g\",\"caption\":\"Author\"},\"sameAs\":[\"http:\/\/vof-news.eu\"],\"url\":\"https:\/\/vof-news.eu\/de\/author\/zwt6qxnjulxbnyg\/\"}]}<\/script>\n<!-- \/ Yoast SEO plugin. -->","yoast_head_json":{"title":"Selenskyj reist zu Treffen mit europ\u00e4ischen Staatschefs nach Berlin - vof-news.eu","description":"Bundeskanzler Friedrich Merz empf\u00e4ngt am Montag den ukrainischen Pr\u00e4sidenten Wolodymyr Selenskyj sowie mehrere europ\u00e4ische Staats- und Regierungschefs in Berlin. Die Bundesregierung best\u00e4tigte mehrere entsprechende Medienberichte.\u00a0Ukrainische Regierungskreise hatten den Besuch Selenskyjs bereits zuvor","robots":{"index":"noindex","follow":"follow","max-snippet":"max-snippet:-1","max-image-preview":"max-image-preview:large","max-video-preview":"max-video-preview:-1"},"og_locale":"de_DE","og_type":"article","og_title":"Selenskyj reist zu Treffen mit europ\u00e4ischen Staatschefs nach Berlin - vof-news.eu","og_description":"Bundeskanzler Friedrich Merz empf\u00e4ngt am Montag den ukrainischen Pr\u00e4sidenten Wolodymyr Selenskyj sowie mehrere europ\u00e4ische Staats- und Regierungschefs in Berlin. Die Bundesregierung best\u00e4tigte mehrere entsprechende Medienberichte.\u00a0Ukrainische Regierungskreise hatten den Besuch Selenskyjs bereits zuvor","og_url":"https:\/\/vof-news.eu\/de\/selenskyj-reist-zu-treffen-mit-europaischen-staatschefs-nach-berlin\/","og_site_name":"vof-news.eu","article_published_time":"2025-12-12T18:28:17+00:00","article_modified_time":"2025-12-12T18:29:51+00:00","og_image":[{"width":1000,"height":562,"url":"https:\/\/vof-news.eu\/wp-content\/uploads\/2025\/12\/wide__1000x562-60.jpg","type":"image\/jpeg"}],"author":"Author","twitter_card":"summary_large_image","twitter_misc":{"Verfasst von":"Author","Gesch\u00e4tzte Lesezeit":"2\u00a0Minuten"},"schema":{"@context":"https:\/\/schema.org","@graph":[{"@type":"WebPage","@id":"https:\/\/vof-news.eu\/de\/selenskyj-reist-zu-treffen-mit-europaischen-staatschefs-nach-berlin\/","url":"https:\/\/vof-news.eu\/de\/selenskyj-reist-zu-treffen-mit-europaischen-staatschefs-nach-berlin\/","name":"Selenskyj reist zu Treffen mit europ\u00e4ischen Staatschefs nach Berlin - vof-news.eu","isPartOf":{"@id":"https:\/\/vof-news.eu\/de\/#website"},"primaryImageOfPage":{"@id":"https:\/\/vof-news.eu\/de\/selenskyj-reist-zu-treffen-mit-europaischen-staatschefs-nach-berlin\/#primaryimage"},"image":{"@id":"https:\/\/vof-news.eu\/de\/selenskyj-reist-zu-treffen-mit-europaischen-staatschefs-nach-berlin\/#primaryimage"},"thumbnailUrl":"https:\/\/vof-news.eu\/wp-content\/uploads\/2025\/12\/wide__1000x562-60.jpg","datePublished":"2025-12-12T18:28:17+00:00","dateModified":"2025-12-12T18:29:51+00:00","author":{"@id":"https:\/\/vof-news.eu\/de\/#\/schema\/person\/f6a2a4309f0561835797fd8c19b333ed"},"description":"Bundeskanzler Friedrich Merz empf\u00e4ngt am Montag den ukrainischen Pr\u00e4sidenten Wolodymyr Selenskyj sowie mehrere europ\u00e4ische Staats- und Regierungschefs in Berlin. Die Bundesregierung best\u00e4tigte mehrere entsprechende Medienberichte.\u00a0Ukrainische Regierungskreise hatten den Besuch Selenskyjs bereits zuvor","breadcrumb":{"@id":"https:\/\/vof-news.eu\/de\/selenskyj-reist-zu-treffen-mit-europaischen-staatschefs-nach-berlin\/#breadcrumb"},"inLanguage":"de","potentialAction":[{"@type":"ReadAction","target":["https:\/\/vof-news.eu\/de\/selenskyj-reist-zu-treffen-mit-europaischen-staatschefs-nach-berlin\/"]}]},{"@type":"ImageObject","inLanguage":"de","@id":"https:\/\/vof-news.eu\/de\/selenskyj-reist-zu-treffen-mit-europaischen-staatschefs-nach-berlin\/#primaryimage","url":"https:\/\/vof-news.eu\/wp-content\/uploads\/2025\/12\/wide__1000x562-60.jpg","contentUrl":"https:\/\/vof-news.eu\/wp-content\/uploads\/2025\/12\/wide__1000x562-60.jpg","width":1000,"height":562},{"@type":"BreadcrumbList","@id":"https:\/\/vof-news.eu\/de\/selenskyj-reist-zu-treffen-mit-europaischen-staatschefs-nach-berlin\/#breadcrumb","itemListElement":[{"@type":"ListItem","position":1,"name":"Home","item":"https:\/\/vof-news.eu\/de\/"},{"@type":"ListItem","position":2,"name":"Selenskyj reist zu Treffen mit europ\u00e4ischen Staatschefs nach Berlin"}]},{"@type":"WebSite","@id":"https:\/\/vof-news.eu\/de\/#website","url":"https:\/\/vof-news.eu\/de\/","name":"vof-news.eu","description":"","potentialAction":[{"@type":"SearchAction","target":{"@type":"EntryPoint","urlTemplate":"https:\/\/vof-news.eu\/de\/?s={search_term_string}"},"query-input":"required name=search_term_string"}],"inLanguage":"de"},{"@type":"Person","@id":"https:\/\/vof-news.eu\/de\/#\/schema\/person\/f6a2a4309f0561835797fd8c19b333ed","name":"Author","image":{"@type":"ImageObject","inLanguage":"de","@id":"https:\/\/vof-news.eu\/de\/#\/schema\/person\/image\/","url":"https:\/\/secure.gravatar.com\/avatar\/b67e614b1b25b3e9c0c239efdd2fde5ab015b5affd6f1c3c85911ca4b384e790?s=96&d=mm&r=g","contentUrl":"https:\/\/secure.gravatar.com\/avatar\/b67e614b1b25b3e9c0c239efdd2fde5ab015b5affd6f1c3c85911ca4b384e790?s=96&d=mm&r=g","caption":"Author"},"sameAs":["http:\/\/vof-news.eu"],"url":"https:\/\/vof-news.eu\/de\/author\/zwt6qxnjulxbnyg\/"}]}},"yoast_meta":{"yoast_wpseo_title":"","yoast_wpseo_metadesc":"","yoast_wpseo_canonical":""},"_links":{"self":[{"href":"https:\/\/vof-news.eu\/de\/wp-json\/wp\/v2\/posts\/307126","targetHints":{"allow":["GET"]}}],"collection":[{"href":"https:\/\/vof-news.eu\/de\/wp-json\/wp\/v2\/posts"}],"about":[{"href":"https:\/\/vof-news.eu\/de\/wp-json\/wp\/v2\/types\/post"}],"author":[{"embeddable":true,"href":"https:\/\/vof-news.eu\/de\/wp-json\/wp\/v2\/users\/1"}],"replies":[{"embeddable":true,"href":"https:\/\/vof-news.eu\/de\/wp-json\/wp\/v2\/comments?post=307126"}],"version-history":[{"count":1,"href":"https:\/\/vof-news.eu\/de\/wp-json\/wp\/v2\/posts\/307126\/revisions"}],"predecessor-version":[{"id":307133,"href":"https:\/\/vof-news.eu\/de\/wp-json\/wp\/v2\/posts\/307126\/revisions\/307133"}],"wp:featuredmedia":[{"embeddable":true,"href":"https:\/\/vof-news.eu\/de\/wp-json\/wp\/v2\/media\/307127"}],"wp:attachment":[{"href":"https:\/\/vof-news.eu\/de\/wp-json\/wp\/v2\/media?parent=307126"}],"wp:term":[{"taxonomy":"category","embeddable":true,"href":"https:\/\/vof-news.eu\/de\/wp-json\/wp\/v2\/categories?post=307126"},{"taxonomy":"post_tag","embeddable":true,"href":"https:\/\/vof-news.eu\/de\/wp-json\/wp\/v2\/tags?post=307126"}],"curies":[{"name":"wp","href":"https:\/\/api.w.org\/{rel}","templated":true}]}}