{"id":306936,"date":"2025-12-12T13:28:12","date_gmt":"2025-12-12T10:28:12","guid":{"rendered":"https:\/\/vof-news.eu\/eu-einigt-sich-offenbar-auf-dauerhaftes-einfrieren-russischer-vermogen\/"},"modified":"2025-12-12T13:29:48","modified_gmt":"2025-12-12T10:29:48","slug":"eu-einigt-sich-offenbar-auf-dauerhaftes-einfrieren-russischer-vermogen","status":"publish","type":"post","link":"https:\/\/vof-news.eu\/de\/eu-einigt-sich-offenbar-auf-dauerhaftes-einfrieren-russischer-vermogen\/","title":{"rendered":"EU einigt sich offenbar auf dauerhaftes Einfrieren russischer Verm\u00f6gen"},"content":{"rendered":"<div>\n<p>Die EU-L\u00e4nder haben eine entscheidende Voraussetzung<br \/>\n<a href=\"https:\/\/www.zeit.de\/politik\/ausland\/2025-12\/ukraine-krieg-eu-finanzierung-kredit-russland-staatsvermoegen-belgien-gxe\" rel=\"nofollow\">f\u00fcr ein Reparationsdarlehen an die Ukraine geschaffen<\/a>.<br \/>\nDie Vertreter der Mitgliedsstaaten einigten sich am Donnerstag<br \/>\nmehrheitlich darauf, in Europa eingefrorene russische Verm\u00f6gen<br \/>\n dauerhaft zu blockieren. Das teilte die d\u00e4nische Ratspr\u00e4sidentschaft mit. Die Einigung soll am Freitag offiziell verk\u00fcndet werden.\u00a0\n<\/p>\n<p>Bisher musste diese Sanktionsentscheidung alle sechs Monate<br \/>\neinstimmig von den EU-L\u00e4ndern best\u00e4tigt werden. Das wird durch den Schritt umgangen. Wohl auch deshalb, damit <span><a href=\"https:\/\/www.zeit.de\/thema\/ungarn\" rel=\"nofollow\">Ungarn<\/a><\/span> und die Slowakei den Prozess nicht mit einem Veto aufhalten.\u00a0\n<\/p>\n<p>Die neue Regel basiert auf Artikel 122 des EU-Vertrags. Darin ist festgelegt, dass bei gravierenden Wirtschaftsschwierigkeiten<br \/>\nmit sogenannter qualifizierter Mehrheit angemessene Schritte beschlossen werden k\u00f6nnen. Eine Einstimmigkeit ist also nicht n\u00f6tig. Der Artikel war insbesondere w\u00e4hrend der Corona-Pandemie genutzt worden, um unter<br \/>\n anderem den Erwerb von Impfstoffen in Europa zu erm\u00f6glichen. Die <span><a href=\"https:\/\/www.zeit.de\/thema\/europaeische-union\" rel=\"nofollow\">EU<\/a><\/span> begr\u00fcndet die dauerhafte Sanktion gegen Russland jetzt mit den wirtschaftlichen Folgen des russischen Angriffskriegs.\n<\/p>\n<h2>&#8222;Br\u00fcssel wird heute den Rubikon \u00fcberschreiten&#8220;<\/h2>\n<p>Ungarns Ministerpr\u00e4sident Viktor Orb\u00e1n bezeichnet die Pl\u00e4ne als rechtswidrig. &#8222;Br\u00fcssel wird heute<br \/>\nden Rubikon \u00fcberschreiten&#8220;, schrieb Orb\u00e1n auf der Plattform X. Dies werde der Union irreparablen Schaden<br \/>\nzuf\u00fcgen.\n<\/p>\n<p>Auch aus <span><a href=\"https:\/\/www.zeit.de\/thema\/russland\" rel=\"nofollow\">Russland<\/a><\/span> kam eine Reaktion. Die russische Zentralbank <a href=\"https:\/\/www.zeit.de\/politik\/ausland\/ukraine-krieg-news-liveblog#event_id=eoNtKPfe4VsJ5wsjSfbS\" rel=\"nofollow\">reichte eigenen Angaben zufolge eine Klage gegen\u00a0den europ\u00e4ischen Finanzdienstleister Euroclear ein<\/a>. Bei Euroclear in Belgien lagert ein Gro\u00dfteil der eingefrorenen russischen Verm\u00f6gen, n\u00e4mlich etwa 185 der insgesamt 210 Milliarden Euro. Die russische Zentralbank begr\u00fcndete ihre Klage vor einem Moskauer<br \/>\nGericht mit dem Vorwurf, ihr sei durch Euroclears Vorgehen Schaden<br \/>\nentstanden. Sie k\u00f6nne nicht \u00fcber Gelder und Wertpapiere verf\u00fcgen, die<br \/>\nihr geh\u00f6rten.\n<\/p>\n<h2>Einigung auf EU-Gipfel n\u00e4chste Woche geplant, Belgien bleibt bei Nein<\/h2>\n<p>Auf EU-Ebene wird seit Monaten \u00fcber das Thema diskutiert. Die EU will <a href=\"https:\/\/www.zeit.de\/politik\/ausland\/2025-09\/ukraine-krieg-finanzen-russische-vermoegen-eu\" rel=\"nofollow\">einen Teil der 210 Milliarden<br \/>\n Euro beleihen und f\u00fcr Reparationsdarlehen an die Ukraine nutzen<\/a>. Kommende Woche soll das bei einem EU-Gipfeltreffen beschlossen werden. Daf\u00fcr <a href=\"https:\/\/www.zeit.de\/politik\/2025-12\/ukraine-krieg-russische-milliarden-belgien-nachrichtenpodcast\" rel=\"nofollow\">muss allerdings Belgien \u00fcberzeugt<br \/>\nwerden<\/a>. Das ohnehin von Geldn\u00f6ten geplagte Land f\u00fcrchtet, im<br \/>\nZweifelsfall haftbar gemacht<br \/>\nwerden zu k\u00f6nnen.\n<\/p>\n<p>Auch Vergeltung aus Russland h\u00e4lt der<br \/>\nbelgische Premierminister Bart De Wever f\u00fcr m\u00f6glich und blieb bisher bei<br \/>\n seinem Nein. De Wever verlangt verbindliche schriftliche Garantien der<br \/>\nanderen Mitgliedsstaaten, die Risiken mit abzusichern.\u00a0Zudem forderte er einen umfassenden Liquidit\u00e4ts- und Risikoschutz f\u00fcr<br \/>\nalle durch den Plan betroffenen B\u00fcrger oder Unternehmen und eine<br \/>\nBeteiligung aller anderen EU-L\u00e4nder, in denen ebenfalls noch<br \/>\nVerm\u00f6genswerte der russischen Zentralbank eingefroren wurden. Dazu<br \/>\nz\u00e4hlen neben Deutschland nach Angaben der EU-Kommission Frankreich,<br \/>\nSchweden und Zypern.\n<\/p>\n<\/div>\n","protected":false},"excerpt":{"rendered":"<p>Die EU-L\u00e4nder haben eine entscheidende Voraussetzung f\u00fcr ein Reparationsdarlehen an die Ukraine geschaffen. Die Vertreter der Mitgliedsstaaten einigten sich am Donnerstag mehrheitlich darauf, in Europa eingefrorene russische Verm\u00f6gen dauerhaft zu blockieren. Das teilte die d\u00e4nische Ratspr\u00e4sidentschaft mit. Die Einigung soll am Freitag offiziell verk\u00fcndet werden.\u00a0 Bisher musste diese Sanktionsentscheidung alle sechs Monate einstimmig von den<\/p>\n","protected":false},"author":1,"featured_media":306937,"comment_status":"open","ping_status":"open","sticky":false,"template":"","format":"standard","meta":{"footnotes":""},"categories":[116],"tags":[],"class_list":["post-306936","post","type-post","status-publish","format-standard","has-post-thumbnail","hentry","category-war-chronicles-de"],"acf":[],"yoast_head":"<!-- This site is optimized with the Yoast SEO plugin v22.9 - https:\/\/yoast.com\/wordpress\/plugins\/seo\/ -->\n<title>EU einigt sich offenbar auf dauerhaftes Einfrieren russischer Verm\u00f6gen - vof-news.eu<\/title>\n<meta name=\"description\" content=\"Die EU-L\u00e4nder haben eine entscheidende Voraussetzung\" \/>\n<meta name=\"robots\" content=\"noindex, follow, max-snippet:-1, max-image-preview:large, max-video-preview:-1\" \/>\n<meta property=\"og:locale\" content=\"de_DE\" \/>\n<meta property=\"og:type\" content=\"article\" \/>\n<meta property=\"og:title\" content=\"EU einigt sich offenbar auf dauerhaftes Einfrieren russischer Verm\u00f6gen - vof-news.eu\" \/>\n<meta property=\"og:description\" content=\"Die EU-L\u00e4nder haben eine entscheidende Voraussetzung\" \/>\n<meta property=\"og:url\" content=\"https:\/\/vof-news.eu\/de\/eu-einigt-sich-offenbar-auf-dauerhaftes-einfrieren-russischer-vermogen\/\" \/>\n<meta property=\"og:site_name\" content=\"vof-news.eu\" \/>\n<meta property=\"article:published_time\" content=\"2025-12-12T10:28:12+00:00\" \/>\n<meta property=\"article:modified_time\" content=\"2025-12-12T10:29:48+00:00\" \/>\n<meta property=\"og:image\" content=\"https:\/\/vof-news.eu\/wp-content\/uploads\/2025\/12\/wide__1000x562-59.jpg\" \/>\n\t<meta property=\"og:image:width\" content=\"1000\" \/>\n\t<meta property=\"og:image:height\" content=\"562\" \/>\n\t<meta property=\"og:image:type\" content=\"image\/jpeg\" \/>\n<meta name=\"author\" content=\"Author\" \/>\n<meta name=\"twitter:card\" content=\"summary_large_image\" \/>\n<meta name=\"twitter:label1\" content=\"Verfasst von\" \/>\n\t<meta name=\"twitter:data1\" content=\"Author\" \/>\n\t<meta name=\"twitter:label2\" content=\"Gesch\u00e4tzte Lesezeit\" \/>\n\t<meta name=\"twitter:data2\" content=\"2\u00a0Minuten\" \/>\n<script type=\"application\/ld+json\" class=\"yoast-schema-graph\">{\"@context\":\"https:\/\/schema.org\",\"@graph\":[{\"@type\":\"WebPage\",\"@id\":\"https:\/\/vof-news.eu\/de\/eu-einigt-sich-offenbar-auf-dauerhaftes-einfrieren-russischer-vermogen\/\",\"url\":\"https:\/\/vof-news.eu\/de\/eu-einigt-sich-offenbar-auf-dauerhaftes-einfrieren-russischer-vermogen\/\",\"name\":\"EU einigt sich offenbar auf dauerhaftes Einfrieren russischer Verm\u00f6gen - vof-news.eu\",\"isPartOf\":{\"@id\":\"https:\/\/vof-news.eu\/de\/#website\"},\"primaryImageOfPage\":{\"@id\":\"https:\/\/vof-news.eu\/de\/eu-einigt-sich-offenbar-auf-dauerhaftes-einfrieren-russischer-vermogen\/#primaryimage\"},\"image\":{\"@id\":\"https:\/\/vof-news.eu\/de\/eu-einigt-sich-offenbar-auf-dauerhaftes-einfrieren-russischer-vermogen\/#primaryimage\"},\"thumbnailUrl\":\"https:\/\/vof-news.eu\/wp-content\/uploads\/2025\/12\/wide__1000x562-59.jpg\",\"datePublished\":\"2025-12-12T10:28:12+00:00\",\"dateModified\":\"2025-12-12T10:29:48+00:00\",\"author\":{\"@id\":\"https:\/\/vof-news.eu\/de\/#\/schema\/person\/f6a2a4309f0561835797fd8c19b333ed\"},\"description\":\"Die EU-L\u00e4nder haben eine entscheidende Voraussetzung\",\"breadcrumb\":{\"@id\":\"https:\/\/vof-news.eu\/de\/eu-einigt-sich-offenbar-auf-dauerhaftes-einfrieren-russischer-vermogen\/#breadcrumb\"},\"inLanguage\":\"de\",\"potentialAction\":[{\"@type\":\"ReadAction\",\"target\":[\"https:\/\/vof-news.eu\/de\/eu-einigt-sich-offenbar-auf-dauerhaftes-einfrieren-russischer-vermogen\/\"]}]},{\"@type\":\"ImageObject\",\"inLanguage\":\"de\",\"@id\":\"https:\/\/vof-news.eu\/de\/eu-einigt-sich-offenbar-auf-dauerhaftes-einfrieren-russischer-vermogen\/#primaryimage\",\"url\":\"https:\/\/vof-news.eu\/wp-content\/uploads\/2025\/12\/wide__1000x562-59.jpg\",\"contentUrl\":\"https:\/\/vof-news.eu\/wp-content\/uploads\/2025\/12\/wide__1000x562-59.jpg\",\"width\":1000,\"height\":562},{\"@type\":\"BreadcrumbList\",\"@id\":\"https:\/\/vof-news.eu\/de\/eu-einigt-sich-offenbar-auf-dauerhaftes-einfrieren-russischer-vermogen\/#breadcrumb\",\"itemListElement\":[{\"@type\":\"ListItem\",\"position\":1,\"name\":\"Home\",\"item\":\"https:\/\/vof-news.eu\/de\/\"},{\"@type\":\"ListItem\",\"position\":2,\"name\":\"EU einigt sich offenbar auf dauerhaftes Einfrieren russischer Verm\u00f6gen\"}]},{\"@type\":\"WebSite\",\"@id\":\"https:\/\/vof-news.eu\/de\/#website\",\"url\":\"https:\/\/vof-news.eu\/de\/\",\"name\":\"vof-news.eu\",\"description\":\"\",\"potentialAction\":[{\"@type\":\"SearchAction\",\"target\":{\"@type\":\"EntryPoint\",\"urlTemplate\":\"https:\/\/vof-news.eu\/de\/?s={search_term_string}\"},\"query-input\":\"required name=search_term_string\"}],\"inLanguage\":\"de\"},{\"@type\":\"Person\",\"@id\":\"https:\/\/vof-news.eu\/de\/#\/schema\/person\/f6a2a4309f0561835797fd8c19b333ed\",\"name\":\"Author\",\"image\":{\"@type\":\"ImageObject\",\"inLanguage\":\"de\",\"@id\":\"https:\/\/vof-news.eu\/de\/#\/schema\/person\/image\/\",\"url\":\"https:\/\/secure.gravatar.com\/avatar\/b67e614b1b25b3e9c0c239efdd2fde5ab015b5affd6f1c3c85911ca4b384e790?s=96&d=mm&r=g\",\"contentUrl\":\"https:\/\/secure.gravatar.com\/avatar\/b67e614b1b25b3e9c0c239efdd2fde5ab015b5affd6f1c3c85911ca4b384e790?s=96&d=mm&r=g\",\"caption\":\"Author\"},\"sameAs\":[\"http:\/\/vof-news.eu\"],\"url\":\"https:\/\/vof-news.eu\/de\/author\/zwt6qxnjulxbnyg\/\"}]}<\/script>\n<!-- \/ Yoast SEO plugin. -->","yoast_head_json":{"title":"EU einigt sich offenbar auf dauerhaftes Einfrieren russischer Verm\u00f6gen - vof-news.eu","description":"Die EU-L\u00e4nder haben eine entscheidende Voraussetzung","robots":{"index":"noindex","follow":"follow","max-snippet":"max-snippet:-1","max-image-preview":"max-image-preview:large","max-video-preview":"max-video-preview:-1"},"og_locale":"de_DE","og_type":"article","og_title":"EU einigt sich offenbar auf dauerhaftes Einfrieren russischer Verm\u00f6gen - vof-news.eu","og_description":"Die EU-L\u00e4nder haben eine entscheidende Voraussetzung","og_url":"https:\/\/vof-news.eu\/de\/eu-einigt-sich-offenbar-auf-dauerhaftes-einfrieren-russischer-vermogen\/","og_site_name":"vof-news.eu","article_published_time":"2025-12-12T10:28:12+00:00","article_modified_time":"2025-12-12T10:29:48+00:00","og_image":[{"width":1000,"height":562,"url":"https:\/\/vof-news.eu\/wp-content\/uploads\/2025\/12\/wide__1000x562-59.jpg","type":"image\/jpeg"}],"author":"Author","twitter_card":"summary_large_image","twitter_misc":{"Verfasst von":"Author","Gesch\u00e4tzte Lesezeit":"2\u00a0Minuten"},"schema":{"@context":"https:\/\/schema.org","@graph":[{"@type":"WebPage","@id":"https:\/\/vof-news.eu\/de\/eu-einigt-sich-offenbar-auf-dauerhaftes-einfrieren-russischer-vermogen\/","url":"https:\/\/vof-news.eu\/de\/eu-einigt-sich-offenbar-auf-dauerhaftes-einfrieren-russischer-vermogen\/","name":"EU einigt sich offenbar auf dauerhaftes Einfrieren russischer Verm\u00f6gen - vof-news.eu","isPartOf":{"@id":"https:\/\/vof-news.eu\/de\/#website"},"primaryImageOfPage":{"@id":"https:\/\/vof-news.eu\/de\/eu-einigt-sich-offenbar-auf-dauerhaftes-einfrieren-russischer-vermogen\/#primaryimage"},"image":{"@id":"https:\/\/vof-news.eu\/de\/eu-einigt-sich-offenbar-auf-dauerhaftes-einfrieren-russischer-vermogen\/#primaryimage"},"thumbnailUrl":"https:\/\/vof-news.eu\/wp-content\/uploads\/2025\/12\/wide__1000x562-59.jpg","datePublished":"2025-12-12T10:28:12+00:00","dateModified":"2025-12-12T10:29:48+00:00","author":{"@id":"https:\/\/vof-news.eu\/de\/#\/schema\/person\/f6a2a4309f0561835797fd8c19b333ed"},"description":"Die EU-L\u00e4nder haben eine entscheidende Voraussetzung","breadcrumb":{"@id":"https:\/\/vof-news.eu\/de\/eu-einigt-sich-offenbar-auf-dauerhaftes-einfrieren-russischer-vermogen\/#breadcrumb"},"inLanguage":"de","potentialAction":[{"@type":"ReadAction","target":["https:\/\/vof-news.eu\/de\/eu-einigt-sich-offenbar-auf-dauerhaftes-einfrieren-russischer-vermogen\/"]}]},{"@type":"ImageObject","inLanguage":"de","@id":"https:\/\/vof-news.eu\/de\/eu-einigt-sich-offenbar-auf-dauerhaftes-einfrieren-russischer-vermogen\/#primaryimage","url":"https:\/\/vof-news.eu\/wp-content\/uploads\/2025\/12\/wide__1000x562-59.jpg","contentUrl":"https:\/\/vof-news.eu\/wp-content\/uploads\/2025\/12\/wide__1000x562-59.jpg","width":1000,"height":562},{"@type":"BreadcrumbList","@id":"https:\/\/vof-news.eu\/de\/eu-einigt-sich-offenbar-auf-dauerhaftes-einfrieren-russischer-vermogen\/#breadcrumb","itemListElement":[{"@type":"ListItem","position":1,"name":"Home","item":"https:\/\/vof-news.eu\/de\/"},{"@type":"ListItem","position":2,"name":"EU einigt sich offenbar auf dauerhaftes Einfrieren russischer Verm\u00f6gen"}]},{"@type":"WebSite","@id":"https:\/\/vof-news.eu\/de\/#website","url":"https:\/\/vof-news.eu\/de\/","name":"vof-news.eu","description":"","potentialAction":[{"@type":"SearchAction","target":{"@type":"EntryPoint","urlTemplate":"https:\/\/vof-news.eu\/de\/?s={search_term_string}"},"query-input":"required name=search_term_string"}],"inLanguage":"de"},{"@type":"Person","@id":"https:\/\/vof-news.eu\/de\/#\/schema\/person\/f6a2a4309f0561835797fd8c19b333ed","name":"Author","image":{"@type":"ImageObject","inLanguage":"de","@id":"https:\/\/vof-news.eu\/de\/#\/schema\/person\/image\/","url":"https:\/\/secure.gravatar.com\/avatar\/b67e614b1b25b3e9c0c239efdd2fde5ab015b5affd6f1c3c85911ca4b384e790?s=96&d=mm&r=g","contentUrl":"https:\/\/secure.gravatar.com\/avatar\/b67e614b1b25b3e9c0c239efdd2fde5ab015b5affd6f1c3c85911ca4b384e790?s=96&d=mm&r=g","caption":"Author"},"sameAs":["http:\/\/vof-news.eu"],"url":"https:\/\/vof-news.eu\/de\/author\/zwt6qxnjulxbnyg\/"}]}},"yoast_meta":{"yoast_wpseo_title":"","yoast_wpseo_metadesc":"","yoast_wpseo_canonical":""},"_links":{"self":[{"href":"https:\/\/vof-news.eu\/de\/wp-json\/wp\/v2\/posts\/306936","targetHints":{"allow":["GET"]}}],"collection":[{"href":"https:\/\/vof-news.eu\/de\/wp-json\/wp\/v2\/posts"}],"about":[{"href":"https:\/\/vof-news.eu\/de\/wp-json\/wp\/v2\/types\/post"}],"author":[{"embeddable":true,"href":"https:\/\/vof-news.eu\/de\/wp-json\/wp\/v2\/users\/1"}],"replies":[{"embeddable":true,"href":"https:\/\/vof-news.eu\/de\/wp-json\/wp\/v2\/comments?post=306936"}],"version-history":[{"count":1,"href":"https:\/\/vof-news.eu\/de\/wp-json\/wp\/v2\/posts\/306936\/revisions"}],"predecessor-version":[{"id":306943,"href":"https:\/\/vof-news.eu\/de\/wp-json\/wp\/v2\/posts\/306936\/revisions\/306943"}],"wp:featuredmedia":[{"embeddable":true,"href":"https:\/\/vof-news.eu\/de\/wp-json\/wp\/v2\/media\/306937"}],"wp:attachment":[{"href":"https:\/\/vof-news.eu\/de\/wp-json\/wp\/v2\/media?parent=306936"}],"wp:term":[{"taxonomy":"category","embeddable":true,"href":"https:\/\/vof-news.eu\/de\/wp-json\/wp\/v2\/categories?post=306936"},{"taxonomy":"post_tag","embeddable":true,"href":"https:\/\/vof-news.eu\/de\/wp-json\/wp\/v2\/tags?post=306936"}],"curies":[{"name":"wp","href":"https:\/\/api.w.org\/{rel}","templated":true}]}}