{"id":306888,"date":"2025-12-12T11:28:12","date_gmt":"2025-12-12T08:28:12","guid":{"rendered":"https:\/\/vof-news.eu\/selenskyj-ist-bereit-uber-zugestandnisse-nachzudenken\/"},"modified":"2025-12-12T11:29:21","modified_gmt":"2025-12-12T08:29:21","slug":"selenskyj-ist-bereit-uber-zugestandnisse-nachzudenken","status":"publish","type":"post","link":"https:\/\/vof-news.eu\/de\/selenskyj-ist-bereit-uber-zugestandnisse-nachzudenken\/","title":{"rendered":"&#8222;Selenskyj ist bereit, \u00fcber Zugest\u00e4ndnisse nachzudenken&#8220;"},"content":{"rendered":"<div>\n<p><strong>DIE ZEIT: <\/strong>In diesen Tagen und Wochen wird so intensiv wie noch nie \u00fcber ein Ende des russisch-ukrainischen Krieges verhandelt. Die Positionen Russlands und der <span><a href=\"https:\/\/www.zeit.de\/politik\/ausland\/ukraine-krieg-news-liveblog\" rel=\"nofollow\">Ukraine<\/a><\/span> scheinen sich dennoch nicht anzun\u00e4hern. Wie bewerten sie den Prozess?\n<\/p>\n<p><strong>Mykola Kapitonenko: <\/strong>Auf den ersten Blick sieht es wirklich so aus, als w\u00fcrden sich alle Beteiligten im Kreis drehen. Ich glaube aber, dass die Chancen auf eine Einigung im Moment etwas h\u00f6her sind als noch vor einigen Monaten. Als <span><a href=\"https:\/\/www.zeit.de\/thema\/donald-trump\" rel=\"nofollow\">Donald Trump<\/a><\/span> gerade erst an die Macht gekommen war, hatte ich die Erfolgschancen der Verhandlungen auf etwa 20 Prozent gesch\u00e4tzt. Jetzt aber w\u00fcrde ich die Chancen aus meiner sehr subjektiven Sicht auf etwa 40 Prozent sch\u00e4tzen.\n<\/p>\n<p><strong>ZEIT:<\/strong> Worauf st\u00fctzt sich Ihre Einsch\u00e4tzung?\n<\/p>\n<p><strong>Kapitonenko: <\/strong>Die Verhandlungsrunde f\u00e4llt in eine Zeit, in der die inneren und \u00e4u\u00dferen Probleme der Ukraine gr\u00f6\u00dfer werden. <span><a href=\"https:\/\/www.zeit.de\/thema\/russland\" rel=\"nofollow\">Russlands<\/a><\/span> Armee r\u00fcckt immer weiter vor. Donald Trump hat in einer Sache recht: Die Verhandlungsmacht der Ukraine ist kleiner geworden. Und es gibt keine Anzeichen daf\u00fcr, dass sie in den n\u00e4chsten zw\u00f6lf Monaten wieder gr\u00f6\u00dfer wird. Die ukrainische F\u00fchrung f\u00e4ngt an, das zu verinnerlichen. Und sie scheint zunehmend realistisch auf die Dinge zu schauen.\n<\/p>\n<p>Daraus folgt ein Dilemma f\u00fcr <span><a href=\"https:\/\/www.zeit.de\/thema\/wolodymyr-selenskyj\" rel=\"nofollow\">Wolodymyr Selenskyj<\/a><\/span>. Einerseits will er verhindern, dass das Ende des Krieges noch schlimmer ausf\u00e4llt. Er ist deshalb zumindest bereit, \u00fcber Zugest\u00e4ndnisse nachzudenken. Gleichzeitig will er sich die M\u00f6glichkeit offenhalten, nach dem Krieg Pr\u00e4sident der Ukraine zu bleiben. Das wiederum schr\u00e4nkt seinen Spielraum ein.\n<\/p>\n<p><strong>ZEIT:<\/strong>\u00a0Hat der Korruptionsskandal den ukrainischen Pr\u00e4sidenten geschw\u00e4cht?\u00a0\n<\/p>\n<p><strong>Kapitonenko:<\/strong> Der Skandal hat bestimmte politische Prozesse beschleunigt und den politischen Wettkampf in der Ukraine wieder deutlich sichtbar gemacht. Die Kritik am Pr\u00e4sidenten wird lauter. Selenskyj schaut immer genau auf seine Beliebtheitswerte. Und wenn diese sinken, schw\u00e4cht das auch seine Verhandlungsposition.\n<\/p>\n<p><strong>ZEIT: <\/strong>Man h\u00f6rt oft, dass es <a href=\"https:\/\/www.zeit.de\/politik\/ausland\/2025-12\/wahlen-ukraine-kriegsrecht-wolodymyr-selenskyj-praesident\" rel=\"nofollow\">der Ukraine bei diesen Gespr\u00e4chen in erster Linie darum geht, Trump bei Laune<\/a> zu halten. Welche Ziele verfolgen die ukrainischen Verhandler?\n<\/p>\n<p><strong>Kapitonenko: <\/strong>Selenskyj hat in diesem Jahr verstanden, dass er Trumps Sicht auf diesen Krieg nicht prinzipiell ver\u00e4ndern kann. Auch wird es ihm nicht gelingen, die Unterst\u00fctzung der <span><a href=\"https:\/\/www.zeit.de\/thema\/usa\" rel=\"nofollow\">USA<\/a><\/span> auf das alte Niveau der Biden-Regierung zu heben. Die Ukraine versucht also das zu retten, was jetzt noch von der Unterst\u00fctzung der USA \u00fcbrig ist. Und nat\u00fcrlich, die Europ\u00e4er als prim\u00e4ren Partner st\u00e4rker in die Pflicht zu nehmen.\u00a0\n<\/p>\n<p>Doch dar\u00fcber hinaus ist Selenskyj <a href=\"https:\/\/www.zeit.de\/politik\/ausland\/2025-12\/ukraine-krieg-verhandlungen-russland-lage-donbass\" rel=\"nofollow\">in einer wirklich schwierigen Lage<\/a>. Ein siegreiches Ende des Krieges, wie es sich viele in der Ukraine noch 2022 oder 2023 vorgestellt hatten, scheint sehr unwahrscheinlich. Das gef\u00e4llt Selenskyj nat\u00fcrlich nicht. Aber er kann das auch nicht mehr ignorieren.\n<\/p>\n<p><strong>ZEIT:<\/strong> Was folgt daraus?\n<\/p>\n<p><strong>Kapitonenko:<\/strong> Der Preis, den die Ukraine in diesem Krieg zahlt, ist enorm hoch: die Zerst\u00f6rung, die kaputte Energieinfrastruktur, die get\u00f6teten Menschen. Das Problem ist jedoch: Niemand kann absch\u00e4tzen, wann dieser Krieg wirklich reif ist, um beendet zu werden. In der jetzigen Lage ist die Frage aus ukrainischer Perspektive: Wann wird ein schlechter Frieden f\u00fcr die Regierenden zur attraktiveren Option \u2013 im Vergleich zur Fortsetzung der K\u00e4mpfe?\n<\/p>\n<p><strong>ZEIT:<\/strong> Ein schlechter Frieden war bereits auf dem Tisch \u2013 Trumps urspr\u00fcnglicher 28-Punkte-Plan. In der Ukraine wurde er kritisiert und als Kapitulationserkl\u00e4rung bezeichnet.\n<\/p>\n<p><strong>Kapitonenko:<\/strong> Das ist verst\u00e4ndlich, schlie\u00dflich entspricht dieser Plan nicht den Erwartungen vieler Ukrainerinnen und Ukrainer an ein gerechtes Ende dieses Krieges. Das Problem ist aber nicht, dass der Plan schlecht war.\n<\/p>\n<p><strong>ZEIT:<\/strong> Sondern?\n<\/p>\n<p><strong>Kapitonenko:<\/strong> Man kann beliebig viele gute Pl\u00e4ne schreiben. Aber einem solchen Plan muss eben auch Russland zustimmen. Stand heute wird aber jeder realistische Vorschlag f\u00fcr ein Kriegsende Russland bevorteilen und deshalb f\u00fcr gro\u00dfen Unmut in der Ukraine sorgen. Es werden sich in jedem Fall Menschen finden, die einen solchen Plan als Kapitulation bezeichnen.\u00a0\n<\/p>\n<\/div>\n","protected":false},"excerpt":{"rendered":"<p>DIE ZEIT: In diesen Tagen und Wochen wird so intensiv wie noch nie \u00fcber ein Ende des russisch-ukrainischen Krieges verhandelt. Die Positionen Russlands und der Ukraine scheinen sich dennoch nicht anzun\u00e4hern. Wie bewerten sie den Prozess? Mykola Kapitonenko: Auf den ersten Blick sieht es wirklich so aus, als w\u00fcrden sich alle Beteiligten im Kreis drehen.<\/p>\n","protected":false},"author":1,"featured_media":306889,"comment_status":"open","ping_status":"open","sticky":false,"template":"","format":"standard","meta":{"footnotes":""},"categories":[116],"tags":[],"class_list":["post-306888","post","type-post","status-publish","format-standard","has-post-thumbnail","hentry","category-war-chronicles-de"],"acf":[],"yoast_head":"<!-- This site is optimized with the Yoast SEO plugin v22.9 - https:\/\/yoast.com\/wordpress\/plugins\/seo\/ -->\n<title>&quot;Selenskyj ist bereit, \u00fcber Zugest\u00e4ndnisse nachzudenken&quot; - vof-news.eu<\/title>\n<meta name=\"description\" content=\"DIE ZEIT: In diesen Tagen und Wochen wird so intensiv wie noch nie \u00fcber ein Ende des russisch-ukrainischen Krieges verhandelt. Die Positionen Russlands und der Ukraine scheinen sich dennoch nicht anzun\u00e4hern. Wie bewerten sie den Prozess?\" \/>\n<meta name=\"robots\" content=\"noindex, follow, max-snippet:-1, max-image-preview:large, max-video-preview:-1\" \/>\n<meta property=\"og:locale\" content=\"de_DE\" \/>\n<meta property=\"og:type\" content=\"article\" \/>\n<meta property=\"og:title\" content=\"&quot;Selenskyj ist bereit, \u00fcber Zugest\u00e4ndnisse nachzudenken&quot; - vof-news.eu\" \/>\n<meta property=\"og:description\" content=\"DIE ZEIT: In diesen Tagen und Wochen wird so intensiv wie noch nie \u00fcber ein Ende des russisch-ukrainischen Krieges verhandelt. Die Positionen Russlands und der Ukraine scheinen sich dennoch nicht anzun\u00e4hern. Wie bewerten sie den Prozess?\" \/>\n<meta property=\"og:url\" content=\"https:\/\/vof-news.eu\/de\/selenskyj-ist-bereit-uber-zugestandnisse-nachzudenken\/\" \/>\n<meta property=\"og:site_name\" content=\"vof-news.eu\" \/>\n<meta property=\"article:published_time\" content=\"2025-12-12T08:28:12+00:00\" \/>\n<meta property=\"article:modified_time\" content=\"2025-12-12T08:29:21+00:00\" \/>\n<meta property=\"og:image\" content=\"https:\/\/vof-news.eu\/wp-content\/uploads\/2025\/12\/wide__1000x562-58.jpg\" \/>\n\t<meta property=\"og:image:width\" content=\"1000\" \/>\n\t<meta property=\"og:image:height\" content=\"562\" \/>\n\t<meta property=\"og:image:type\" content=\"image\/jpeg\" \/>\n<meta name=\"author\" content=\"Author\" \/>\n<meta name=\"twitter:card\" content=\"summary_large_image\" \/>\n<meta name=\"twitter:label1\" content=\"Verfasst von\" \/>\n\t<meta name=\"twitter:data1\" content=\"Author\" \/>\n\t<meta name=\"twitter:label2\" content=\"Gesch\u00e4tzte Lesezeit\" \/>\n\t<meta name=\"twitter:data2\" content=\"3\u00a0Minuten\" \/>\n<script type=\"application\/ld+json\" class=\"yoast-schema-graph\">{\"@context\":\"https:\/\/schema.org\",\"@graph\":[{\"@type\":\"WebPage\",\"@id\":\"https:\/\/vof-news.eu\/de\/selenskyj-ist-bereit-uber-zugestandnisse-nachzudenken\/\",\"url\":\"https:\/\/vof-news.eu\/de\/selenskyj-ist-bereit-uber-zugestandnisse-nachzudenken\/\",\"name\":\"\\\"Selenskyj ist bereit, \u00fcber Zugest\u00e4ndnisse nachzudenken\\\" - vof-news.eu\",\"isPartOf\":{\"@id\":\"https:\/\/vof-news.eu\/de\/#website\"},\"primaryImageOfPage\":{\"@id\":\"https:\/\/vof-news.eu\/de\/selenskyj-ist-bereit-uber-zugestandnisse-nachzudenken\/#primaryimage\"},\"image\":{\"@id\":\"https:\/\/vof-news.eu\/de\/selenskyj-ist-bereit-uber-zugestandnisse-nachzudenken\/#primaryimage\"},\"thumbnailUrl\":\"https:\/\/vof-news.eu\/wp-content\/uploads\/2025\/12\/wide__1000x562-58.jpg\",\"datePublished\":\"2025-12-12T08:28:12+00:00\",\"dateModified\":\"2025-12-12T08:29:21+00:00\",\"author\":{\"@id\":\"https:\/\/vof-news.eu\/de\/#\/schema\/person\/f6a2a4309f0561835797fd8c19b333ed\"},\"description\":\"DIE ZEIT: In diesen Tagen und Wochen wird so intensiv wie noch nie \u00fcber ein Ende des russisch-ukrainischen Krieges verhandelt. Die Positionen Russlands und der Ukraine scheinen sich dennoch nicht anzun\u00e4hern. Wie bewerten sie den Prozess?\",\"breadcrumb\":{\"@id\":\"https:\/\/vof-news.eu\/de\/selenskyj-ist-bereit-uber-zugestandnisse-nachzudenken\/#breadcrumb\"},\"inLanguage\":\"de\",\"potentialAction\":[{\"@type\":\"ReadAction\",\"target\":[\"https:\/\/vof-news.eu\/de\/selenskyj-ist-bereit-uber-zugestandnisse-nachzudenken\/\"]}]},{\"@type\":\"ImageObject\",\"inLanguage\":\"de\",\"@id\":\"https:\/\/vof-news.eu\/de\/selenskyj-ist-bereit-uber-zugestandnisse-nachzudenken\/#primaryimage\",\"url\":\"https:\/\/vof-news.eu\/wp-content\/uploads\/2025\/12\/wide__1000x562-58.jpg\",\"contentUrl\":\"https:\/\/vof-news.eu\/wp-content\/uploads\/2025\/12\/wide__1000x562-58.jpg\",\"width\":1000,\"height\":562},{\"@type\":\"BreadcrumbList\",\"@id\":\"https:\/\/vof-news.eu\/de\/selenskyj-ist-bereit-uber-zugestandnisse-nachzudenken\/#breadcrumb\",\"itemListElement\":[{\"@type\":\"ListItem\",\"position\":1,\"name\":\"Home\",\"item\":\"https:\/\/vof-news.eu\/de\/\"},{\"@type\":\"ListItem\",\"position\":2,\"name\":\"&#8220;Selenskyj ist bereit, \u00fcber Zugest\u00e4ndnisse nachzudenken&#8221;\"}]},{\"@type\":\"WebSite\",\"@id\":\"https:\/\/vof-news.eu\/de\/#website\",\"url\":\"https:\/\/vof-news.eu\/de\/\",\"name\":\"vof-news.eu\",\"description\":\"\",\"potentialAction\":[{\"@type\":\"SearchAction\",\"target\":{\"@type\":\"EntryPoint\",\"urlTemplate\":\"https:\/\/vof-news.eu\/de\/?s={search_term_string}\"},\"query-input\":\"required name=search_term_string\"}],\"inLanguage\":\"de\"},{\"@type\":\"Person\",\"@id\":\"https:\/\/vof-news.eu\/de\/#\/schema\/person\/f6a2a4309f0561835797fd8c19b333ed\",\"name\":\"Author\",\"image\":{\"@type\":\"ImageObject\",\"inLanguage\":\"de\",\"@id\":\"https:\/\/vof-news.eu\/de\/#\/schema\/person\/image\/\",\"url\":\"https:\/\/secure.gravatar.com\/avatar\/b67e614b1b25b3e9c0c239efdd2fde5ab015b5affd6f1c3c85911ca4b384e790?s=96&d=mm&r=g\",\"contentUrl\":\"https:\/\/secure.gravatar.com\/avatar\/b67e614b1b25b3e9c0c239efdd2fde5ab015b5affd6f1c3c85911ca4b384e790?s=96&d=mm&r=g\",\"caption\":\"Author\"},\"sameAs\":[\"http:\/\/vof-news.eu\"],\"url\":\"https:\/\/vof-news.eu\/de\/author\/zwt6qxnjulxbnyg\/\"}]}<\/script>\n<!-- \/ Yoast SEO plugin. -->","yoast_head_json":{"title":"\"Selenskyj ist bereit, \u00fcber Zugest\u00e4ndnisse nachzudenken\" - vof-news.eu","description":"DIE ZEIT: In diesen Tagen und Wochen wird so intensiv wie noch nie \u00fcber ein Ende des russisch-ukrainischen Krieges verhandelt. Die Positionen Russlands und der Ukraine scheinen sich dennoch nicht anzun\u00e4hern. Wie bewerten sie den Prozess?","robots":{"index":"noindex","follow":"follow","max-snippet":"max-snippet:-1","max-image-preview":"max-image-preview:large","max-video-preview":"max-video-preview:-1"},"og_locale":"de_DE","og_type":"article","og_title":"\"Selenskyj ist bereit, \u00fcber Zugest\u00e4ndnisse nachzudenken\" - vof-news.eu","og_description":"DIE ZEIT: In diesen Tagen und Wochen wird so intensiv wie noch nie \u00fcber ein Ende des russisch-ukrainischen Krieges verhandelt. Die Positionen Russlands und der Ukraine scheinen sich dennoch nicht anzun\u00e4hern. Wie bewerten sie den Prozess?","og_url":"https:\/\/vof-news.eu\/de\/selenskyj-ist-bereit-uber-zugestandnisse-nachzudenken\/","og_site_name":"vof-news.eu","article_published_time":"2025-12-12T08:28:12+00:00","article_modified_time":"2025-12-12T08:29:21+00:00","og_image":[{"width":1000,"height":562,"url":"https:\/\/vof-news.eu\/wp-content\/uploads\/2025\/12\/wide__1000x562-58.jpg","type":"image\/jpeg"}],"author":"Author","twitter_card":"summary_large_image","twitter_misc":{"Verfasst von":"Author","Gesch\u00e4tzte Lesezeit":"3\u00a0Minuten"},"schema":{"@context":"https:\/\/schema.org","@graph":[{"@type":"WebPage","@id":"https:\/\/vof-news.eu\/de\/selenskyj-ist-bereit-uber-zugestandnisse-nachzudenken\/","url":"https:\/\/vof-news.eu\/de\/selenskyj-ist-bereit-uber-zugestandnisse-nachzudenken\/","name":"\"Selenskyj ist bereit, \u00fcber Zugest\u00e4ndnisse nachzudenken\" - vof-news.eu","isPartOf":{"@id":"https:\/\/vof-news.eu\/de\/#website"},"primaryImageOfPage":{"@id":"https:\/\/vof-news.eu\/de\/selenskyj-ist-bereit-uber-zugestandnisse-nachzudenken\/#primaryimage"},"image":{"@id":"https:\/\/vof-news.eu\/de\/selenskyj-ist-bereit-uber-zugestandnisse-nachzudenken\/#primaryimage"},"thumbnailUrl":"https:\/\/vof-news.eu\/wp-content\/uploads\/2025\/12\/wide__1000x562-58.jpg","datePublished":"2025-12-12T08:28:12+00:00","dateModified":"2025-12-12T08:29:21+00:00","author":{"@id":"https:\/\/vof-news.eu\/de\/#\/schema\/person\/f6a2a4309f0561835797fd8c19b333ed"},"description":"DIE ZEIT: In diesen Tagen und Wochen wird so intensiv wie noch nie \u00fcber ein Ende des russisch-ukrainischen Krieges verhandelt. Die Positionen Russlands und der Ukraine scheinen sich dennoch nicht anzun\u00e4hern. Wie bewerten sie den Prozess?","breadcrumb":{"@id":"https:\/\/vof-news.eu\/de\/selenskyj-ist-bereit-uber-zugestandnisse-nachzudenken\/#breadcrumb"},"inLanguage":"de","potentialAction":[{"@type":"ReadAction","target":["https:\/\/vof-news.eu\/de\/selenskyj-ist-bereit-uber-zugestandnisse-nachzudenken\/"]}]},{"@type":"ImageObject","inLanguage":"de","@id":"https:\/\/vof-news.eu\/de\/selenskyj-ist-bereit-uber-zugestandnisse-nachzudenken\/#primaryimage","url":"https:\/\/vof-news.eu\/wp-content\/uploads\/2025\/12\/wide__1000x562-58.jpg","contentUrl":"https:\/\/vof-news.eu\/wp-content\/uploads\/2025\/12\/wide__1000x562-58.jpg","width":1000,"height":562},{"@type":"BreadcrumbList","@id":"https:\/\/vof-news.eu\/de\/selenskyj-ist-bereit-uber-zugestandnisse-nachzudenken\/#breadcrumb","itemListElement":[{"@type":"ListItem","position":1,"name":"Home","item":"https:\/\/vof-news.eu\/de\/"},{"@type":"ListItem","position":2,"name":"&#8220;Selenskyj ist bereit, \u00fcber Zugest\u00e4ndnisse nachzudenken&#8221;"}]},{"@type":"WebSite","@id":"https:\/\/vof-news.eu\/de\/#website","url":"https:\/\/vof-news.eu\/de\/","name":"vof-news.eu","description":"","potentialAction":[{"@type":"SearchAction","target":{"@type":"EntryPoint","urlTemplate":"https:\/\/vof-news.eu\/de\/?s={search_term_string}"},"query-input":"required name=search_term_string"}],"inLanguage":"de"},{"@type":"Person","@id":"https:\/\/vof-news.eu\/de\/#\/schema\/person\/f6a2a4309f0561835797fd8c19b333ed","name":"Author","image":{"@type":"ImageObject","inLanguage":"de","@id":"https:\/\/vof-news.eu\/de\/#\/schema\/person\/image\/","url":"https:\/\/secure.gravatar.com\/avatar\/b67e614b1b25b3e9c0c239efdd2fde5ab015b5affd6f1c3c85911ca4b384e790?s=96&d=mm&r=g","contentUrl":"https:\/\/secure.gravatar.com\/avatar\/b67e614b1b25b3e9c0c239efdd2fde5ab015b5affd6f1c3c85911ca4b384e790?s=96&d=mm&r=g","caption":"Author"},"sameAs":["http:\/\/vof-news.eu"],"url":"https:\/\/vof-news.eu\/de\/author\/zwt6qxnjulxbnyg\/"}]}},"yoast_meta":{"yoast_wpseo_title":"","yoast_wpseo_metadesc":"","yoast_wpseo_canonical":""},"_links":{"self":[{"href":"https:\/\/vof-news.eu\/de\/wp-json\/wp\/v2\/posts\/306888","targetHints":{"allow":["GET"]}}],"collection":[{"href":"https:\/\/vof-news.eu\/de\/wp-json\/wp\/v2\/posts"}],"about":[{"href":"https:\/\/vof-news.eu\/de\/wp-json\/wp\/v2\/types\/post"}],"author":[{"embeddable":true,"href":"https:\/\/vof-news.eu\/de\/wp-json\/wp\/v2\/users\/1"}],"replies":[{"embeddable":true,"href":"https:\/\/vof-news.eu\/de\/wp-json\/wp\/v2\/comments?post=306888"}],"version-history":[{"count":1,"href":"https:\/\/vof-news.eu\/de\/wp-json\/wp\/v2\/posts\/306888\/revisions"}],"predecessor-version":[{"id":306895,"href":"https:\/\/vof-news.eu\/de\/wp-json\/wp\/v2\/posts\/306888\/revisions\/306895"}],"wp:featuredmedia":[{"embeddable":true,"href":"https:\/\/vof-news.eu\/de\/wp-json\/wp\/v2\/media\/306889"}],"wp:attachment":[{"href":"https:\/\/vof-news.eu\/de\/wp-json\/wp\/v2\/media?parent=306888"}],"wp:term":[{"taxonomy":"category","embeddable":true,"href":"https:\/\/vof-news.eu\/de\/wp-json\/wp\/v2\/categories?post=306888"},{"taxonomy":"post_tag","embeddable":true,"href":"https:\/\/vof-news.eu\/de\/wp-json\/wp\/v2\/tags?post=306888"}],"curies":[{"name":"wp","href":"https:\/\/api.w.org\/{rel}","templated":true}]}}