{"id":306736,"date":"2025-12-11T21:29:26","date_gmt":"2025-12-11T18:29:26","guid":{"rendered":"https:\/\/vof-news.eu\/nato-generalsekretar-warnt-vor-drohendem-krieg-mit-russland-2\/"},"modified":"2025-12-11T21:31:25","modified_gmt":"2025-12-11T18:31:25","slug":"nato-generalsekretar-warnt-vor-drohendem-krieg-mit-russland-2","status":"publish","type":"post","link":"https:\/\/vof-news.eu\/de\/nato-generalsekretar-warnt-vor-drohendem-krieg-mit-russland-2\/","title":{"rendered":"Nato-Generalsekret\u00e4r warnt vor drohendem Krieg mit Russland"},"content":{"rendered":"<div>\n<p>Nato-Generalsekret\u00e4r <a href=\"https:\/\/www.zeit.de\/thema\/mark-rutte\" rel=\"nofollow\">Mark\u00a0Rutte<\/a>\u00a0hat die Mitgliedsstaaten des Verteidigungsb\u00fcndnisses aufgefordert, ihre Verteidigung auszubauen. Ein von <span><a href=\"https:\/\/www.zeit.de\/thema\/russland\" rel=\"nofollow\">Russland<\/a><\/span> gef\u00fchrter Krieg solle damit verhindert werden, sagte er\u00a0bei einer Veranstaltung der M\u00fcnchner Sicherheitskonferenz in Berlin. Dieser k\u00f6nne &#8222;von einem Ausma\u00df sein, wie ihn unsere Gro\u00dfeltern und Urgro\u00dfeltern erlebt haben&#8220;.\u00a0\n<\/p>\n<p>F\u00fcr die <a href=\"https:\/\/www.zeit.de\/thema\/nato\" rel=\"nofollow\">Nato<\/a> gehe es nun darum, einen Krieg zu stoppen, bevor dieser beginne. &#8222;Daf\u00fcr m\u00fcssen wir uns \u00fcber die Bedrohung v\u00f6llig im Klaren sein&#8220;, sagte er. Man sei bereits in Gefahr.\u00a0\n<\/p>\n<p>Zu viele Nato-Staaten s\u00e4hen nicht die Dringlichkeit der russischen Bedrohung in <a href=\"https:\/\/www.zeit.de\/thema\/europaeische-union\" rel=\"nofollow\">Europa<\/a>, sagte Rutte. Sie m\u00fcssten die Verteidigungsausgaben und die Produktion rasch erh\u00f6hen, um einen Krieg dieses Ausma\u00dfes zu verhindern. &#8222;Wir sind Russlands n\u00e4chstes Ziel&#8220;, sagte\u00a0Rutte.\u00a0\n<\/p>\n<h2>&#8222;Der Konflikt steht vor unserer T\u00fcr&#8220;<\/h2>\n<p>&#8222;Die Zeit zum Handeln ist jetzt&#8220;, sagte Rutte.\u00a0Er f\u00fcrchte, zu viele seien selbstzufrieden und sp\u00fcrten die Dringlichkeit nicht. Russland k\u00f6nnte Rutte zufolge innerhalb von f\u00fcnf Jahren bereit sein, milit\u00e4rische Gewalt gegen die <span><a href=\"https:\/\/www.zeit.de\/thema\/nato\" rel=\"nofollow\">Nato<\/a><\/span> anzuwenden. &#8222;Der Konflikt steht vor unserer T\u00fcr. Russland hat den Krieg nach Europa zur\u00fcckgebracht. Und wir m\u00fcssen vorbereitet sein.&#8220;\n<\/p>\n<p>&#8222;Unsere Streitkr\u00e4fte m\u00fcssen bekommen, was sie brauchen, um uns zu sch\u00fctzen. Und die Ukraine muss bekommen, was sie braucht, um sich zu verteidigen \u2013 jetzt&#8220;, sagte Rutte.\n<\/p>\n<h2>2.900 Angriffsdrohnen pro Monat<\/h2>\n<p>Russland\u00a0sei in diesem Jahr sogar noch dreister, r\u00fccksichtsloser und brutaler geworden, sagte Rutte. In diesem Jahr habe <a href=\"https:\/\/www.zeit.de\/thema\/russland\" rel=\"nofollow\">Russland<\/a> mehr als 46.000 Drohnen und Raketen gegen die <span><a href=\"https:\/\/www.zeit.de\/politik\/ausland\/ukraine-krieg-news-liveblog\" rel=\"nofollow\">Ukraine<\/a><\/span> abgefeuert. Zudem produziere das Land wahrscheinlich 2.900 Angriffsdrohnen pro Monat sowie eine \u00e4hnliche Zahl an Attrappen, um Luftverteidigungssysteme abzulenken. Hinzu seien 2025 rund 2.000 landgest\u00fctzte Marschflugk\u00f6rper und ballistische Raketen gekommen.\n<\/p>\n<p>&#8222;Wenn er bereit ist, normale Russen in diesem Ma\u00dfe zu opfern \u2013 was ist er dann bereit, uns anzutun?&#8220;, sagte Rutte. Seit Beginn des <a href=\"https:\/\/www.zeit.de\/thema\/krieg-in-ukraine\" rel=\"nofollow\">Ukrainekriegs<\/a> 2022 habe es sch\u00e4tzungsweise mehr als 1,1 Millionen russische Tote und Verwundete gegeben. In diesem Jahr seien es pro Tag durchschnittlich 1.200 Soldaten gewesen.\n<\/p>\n<p>Bundesau\u00dfenminister Johann Wadephul forderte auf derselben Veranstaltung von den europ\u00e4ischen Partnern dringend mehr Unterst\u00fctzung f\u00fcr die Ukraine. Deutschland sei in diesem Jahr zum gr\u00f6\u00dften Unterst\u00fctzer des Landes bei der Milit\u00e4r- und sonstigen Hilfe geworden, sagte der CDU-Politiker.\n<\/p>\n<p>\n<\/p>\n<\/div>\n","protected":false},"excerpt":{"rendered":"<p>Nato-Generalsekret\u00e4r Mark\u00a0Rutte\u00a0hat die Mitgliedsstaaten des Verteidigungsb\u00fcndnisses aufgefordert, ihre Verteidigung auszubauen. Ein von Russland gef\u00fchrter Krieg solle damit verhindert werden, sagte er\u00a0bei einer Veranstaltung der M\u00fcnchner Sicherheitskonferenz in Berlin. Dieser k\u00f6nne &#8222;von einem Ausma\u00df sein, wie ihn unsere Gro\u00dfeltern und Urgro\u00dfeltern erlebt haben&#8220;.\u00a0 F\u00fcr die Nato gehe es nun darum, einen Krieg zu stoppen, bevor dieser<\/p>\n","protected":false},"author":1,"featured_media":306737,"comment_status":"open","ping_status":"open","sticky":false,"template":"","format":"standard","meta":{"footnotes":""},"categories":[116],"tags":[],"class_list":["post-306736","post","type-post","status-publish","format-standard","has-post-thumbnail","hentry","category-war-chronicles-de"],"acf":[],"yoast_head":"<!-- This site is optimized with the Yoast SEO plugin v22.9 - https:\/\/yoast.com\/wordpress\/plugins\/seo\/ -->\n<title>Nato-Generalsekret\u00e4r warnt vor drohendem Krieg mit Russland - vof-news.eu<\/title>\n<meta name=\"description\" content=\"Nato-Generalsekret\u00e4r Mark\u00a0Rutte\u00a0hat die Mitgliedsstaaten des Verteidigungsb\u00fcndnisses aufgefordert, ihre Verteidigung auszubauen. Ein von Russland gef\u00fchrter Krieg solle damit verhindert werden, sagte er\u00a0bei einer Veranstaltung der M\u00fcnchner Sicherheitskonferenz in Berlin. Dieser k\u00f6nne &quot;von einem Ausma\u00df sein, wie ihn unsere Gro\u00dfeltern und Urgro\u00dfeltern erlebt haben&quot;.\u00a0\" \/>\n<meta name=\"robots\" content=\"noindex, follow, max-snippet:-1, max-image-preview:large, max-video-preview:-1\" \/>\n<meta property=\"og:locale\" content=\"de_DE\" \/>\n<meta property=\"og:type\" content=\"article\" \/>\n<meta property=\"og:title\" content=\"Nato-Generalsekret\u00e4r warnt vor drohendem Krieg mit Russland - vof-news.eu\" \/>\n<meta property=\"og:description\" content=\"Nato-Generalsekret\u00e4r Mark\u00a0Rutte\u00a0hat die Mitgliedsstaaten des Verteidigungsb\u00fcndnisses aufgefordert, ihre Verteidigung auszubauen. Ein von Russland gef\u00fchrter Krieg solle damit verhindert werden, sagte er\u00a0bei einer Veranstaltung der M\u00fcnchner Sicherheitskonferenz in Berlin. Dieser k\u00f6nne &quot;von einem Ausma\u00df sein, wie ihn unsere Gro\u00dfeltern und Urgro\u00dfeltern erlebt haben&quot;.\u00a0\" \/>\n<meta property=\"og:url\" content=\"https:\/\/vof-news.eu\/de\/nato-generalsekretar-warnt-vor-drohendem-krieg-mit-russland-2\/\" \/>\n<meta property=\"og:site_name\" content=\"vof-news.eu\" \/>\n<meta property=\"article:published_time\" content=\"2025-12-11T18:29:26+00:00\" \/>\n<meta property=\"article:modified_time\" content=\"2025-12-11T18:31:25+00:00\" \/>\n<meta property=\"og:image\" content=\"https:\/\/vof-news.eu\/wp-content\/uploads\/2025\/12\/wide__1000x562-57.jpg\" \/>\n\t<meta property=\"og:image:width\" content=\"1000\" \/>\n\t<meta property=\"og:image:height\" content=\"562\" \/>\n\t<meta property=\"og:image:type\" content=\"image\/jpeg\" \/>\n<meta name=\"author\" content=\"Author\" \/>\n<meta name=\"twitter:card\" content=\"summary_large_image\" \/>\n<meta name=\"twitter:label1\" content=\"Verfasst von\" \/>\n\t<meta name=\"twitter:data1\" content=\"Author\" \/>\n\t<meta name=\"twitter:label2\" content=\"Gesch\u00e4tzte Lesezeit\" \/>\n\t<meta name=\"twitter:data2\" content=\"2\u00a0Minuten\" \/>\n<script type=\"application\/ld+json\" class=\"yoast-schema-graph\">{\"@context\":\"https:\/\/schema.org\",\"@graph\":[{\"@type\":\"WebPage\",\"@id\":\"https:\/\/vof-news.eu\/de\/nato-generalsekretar-warnt-vor-drohendem-krieg-mit-russland-2\/\",\"url\":\"https:\/\/vof-news.eu\/de\/nato-generalsekretar-warnt-vor-drohendem-krieg-mit-russland-2\/\",\"name\":\"Nato-Generalsekret\u00e4r warnt vor drohendem Krieg mit Russland - vof-news.eu\",\"isPartOf\":{\"@id\":\"https:\/\/vof-news.eu\/de\/#website\"},\"primaryImageOfPage\":{\"@id\":\"https:\/\/vof-news.eu\/de\/nato-generalsekretar-warnt-vor-drohendem-krieg-mit-russland-2\/#primaryimage\"},\"image\":{\"@id\":\"https:\/\/vof-news.eu\/de\/nato-generalsekretar-warnt-vor-drohendem-krieg-mit-russland-2\/#primaryimage\"},\"thumbnailUrl\":\"https:\/\/vof-news.eu\/wp-content\/uploads\/2025\/12\/wide__1000x562-57.jpg\",\"datePublished\":\"2025-12-11T18:29:26+00:00\",\"dateModified\":\"2025-12-11T18:31:25+00:00\",\"author\":{\"@id\":\"https:\/\/vof-news.eu\/de\/#\/schema\/person\/f6a2a4309f0561835797fd8c19b333ed\"},\"description\":\"Nato-Generalsekret\u00e4r Mark\u00a0Rutte\u00a0hat die Mitgliedsstaaten des Verteidigungsb\u00fcndnisses aufgefordert, ihre Verteidigung auszubauen. Ein von Russland gef\u00fchrter Krieg solle damit verhindert werden, sagte er\u00a0bei einer Veranstaltung der M\u00fcnchner Sicherheitskonferenz in Berlin. Dieser k\u00f6nne \\\"von einem Ausma\u00df sein, wie ihn unsere Gro\u00dfeltern und Urgro\u00dfeltern erlebt haben\\\".\u00a0\",\"breadcrumb\":{\"@id\":\"https:\/\/vof-news.eu\/de\/nato-generalsekretar-warnt-vor-drohendem-krieg-mit-russland-2\/#breadcrumb\"},\"inLanguage\":\"de\",\"potentialAction\":[{\"@type\":\"ReadAction\",\"target\":[\"https:\/\/vof-news.eu\/de\/nato-generalsekretar-warnt-vor-drohendem-krieg-mit-russland-2\/\"]}]},{\"@type\":\"ImageObject\",\"inLanguage\":\"de\",\"@id\":\"https:\/\/vof-news.eu\/de\/nato-generalsekretar-warnt-vor-drohendem-krieg-mit-russland-2\/#primaryimage\",\"url\":\"https:\/\/vof-news.eu\/wp-content\/uploads\/2025\/12\/wide__1000x562-57.jpg\",\"contentUrl\":\"https:\/\/vof-news.eu\/wp-content\/uploads\/2025\/12\/wide__1000x562-57.jpg\",\"width\":1000,\"height\":562},{\"@type\":\"BreadcrumbList\",\"@id\":\"https:\/\/vof-news.eu\/de\/nato-generalsekretar-warnt-vor-drohendem-krieg-mit-russland-2\/#breadcrumb\",\"itemListElement\":[{\"@type\":\"ListItem\",\"position\":1,\"name\":\"Home\",\"item\":\"https:\/\/vof-news.eu\/de\/\"},{\"@type\":\"ListItem\",\"position\":2,\"name\":\"Nato-Generalsekret\u00e4r warnt vor drohendem Krieg mit Russland\"}]},{\"@type\":\"WebSite\",\"@id\":\"https:\/\/vof-news.eu\/de\/#website\",\"url\":\"https:\/\/vof-news.eu\/de\/\",\"name\":\"vof-news.eu\",\"description\":\"\",\"potentialAction\":[{\"@type\":\"SearchAction\",\"target\":{\"@type\":\"EntryPoint\",\"urlTemplate\":\"https:\/\/vof-news.eu\/de\/?s={search_term_string}\"},\"query-input\":\"required name=search_term_string\"}],\"inLanguage\":\"de\"},{\"@type\":\"Person\",\"@id\":\"https:\/\/vof-news.eu\/de\/#\/schema\/person\/f6a2a4309f0561835797fd8c19b333ed\",\"name\":\"Author\",\"image\":{\"@type\":\"ImageObject\",\"inLanguage\":\"de\",\"@id\":\"https:\/\/vof-news.eu\/de\/#\/schema\/person\/image\/\",\"url\":\"https:\/\/secure.gravatar.com\/avatar\/b67e614b1b25b3e9c0c239efdd2fde5ab015b5affd6f1c3c85911ca4b384e790?s=96&d=mm&r=g\",\"contentUrl\":\"https:\/\/secure.gravatar.com\/avatar\/b67e614b1b25b3e9c0c239efdd2fde5ab015b5affd6f1c3c85911ca4b384e790?s=96&d=mm&r=g\",\"caption\":\"Author\"},\"sameAs\":[\"http:\/\/vof-news.eu\"],\"url\":\"https:\/\/vof-news.eu\/de\/author\/zwt6qxnjulxbnyg\/\"}]}<\/script>\n<!-- \/ Yoast SEO plugin. -->","yoast_head_json":{"title":"Nato-Generalsekret\u00e4r warnt vor drohendem Krieg mit Russland - vof-news.eu","description":"Nato-Generalsekret\u00e4r Mark\u00a0Rutte\u00a0hat die Mitgliedsstaaten des Verteidigungsb\u00fcndnisses aufgefordert, ihre Verteidigung auszubauen. Ein von Russland gef\u00fchrter Krieg solle damit verhindert werden, sagte er\u00a0bei einer Veranstaltung der M\u00fcnchner Sicherheitskonferenz in Berlin. Dieser k\u00f6nne \"von einem Ausma\u00df sein, wie ihn unsere Gro\u00dfeltern und Urgro\u00dfeltern erlebt haben\".\u00a0","robots":{"index":"noindex","follow":"follow","max-snippet":"max-snippet:-1","max-image-preview":"max-image-preview:large","max-video-preview":"max-video-preview:-1"},"og_locale":"de_DE","og_type":"article","og_title":"Nato-Generalsekret\u00e4r warnt vor drohendem Krieg mit Russland - vof-news.eu","og_description":"Nato-Generalsekret\u00e4r Mark\u00a0Rutte\u00a0hat die Mitgliedsstaaten des Verteidigungsb\u00fcndnisses aufgefordert, ihre Verteidigung auszubauen. Ein von Russland gef\u00fchrter Krieg solle damit verhindert werden, sagte er\u00a0bei einer Veranstaltung der M\u00fcnchner Sicherheitskonferenz in Berlin. Dieser k\u00f6nne \"von einem Ausma\u00df sein, wie ihn unsere Gro\u00dfeltern und Urgro\u00dfeltern erlebt haben\".\u00a0","og_url":"https:\/\/vof-news.eu\/de\/nato-generalsekretar-warnt-vor-drohendem-krieg-mit-russland-2\/","og_site_name":"vof-news.eu","article_published_time":"2025-12-11T18:29:26+00:00","article_modified_time":"2025-12-11T18:31:25+00:00","og_image":[{"width":1000,"height":562,"url":"https:\/\/vof-news.eu\/wp-content\/uploads\/2025\/12\/wide__1000x562-57.jpg","type":"image\/jpeg"}],"author":"Author","twitter_card":"summary_large_image","twitter_misc":{"Verfasst von":"Author","Gesch\u00e4tzte Lesezeit":"2\u00a0Minuten"},"schema":{"@context":"https:\/\/schema.org","@graph":[{"@type":"WebPage","@id":"https:\/\/vof-news.eu\/de\/nato-generalsekretar-warnt-vor-drohendem-krieg-mit-russland-2\/","url":"https:\/\/vof-news.eu\/de\/nato-generalsekretar-warnt-vor-drohendem-krieg-mit-russland-2\/","name":"Nato-Generalsekret\u00e4r warnt vor drohendem Krieg mit Russland - vof-news.eu","isPartOf":{"@id":"https:\/\/vof-news.eu\/de\/#website"},"primaryImageOfPage":{"@id":"https:\/\/vof-news.eu\/de\/nato-generalsekretar-warnt-vor-drohendem-krieg-mit-russland-2\/#primaryimage"},"image":{"@id":"https:\/\/vof-news.eu\/de\/nato-generalsekretar-warnt-vor-drohendem-krieg-mit-russland-2\/#primaryimage"},"thumbnailUrl":"https:\/\/vof-news.eu\/wp-content\/uploads\/2025\/12\/wide__1000x562-57.jpg","datePublished":"2025-12-11T18:29:26+00:00","dateModified":"2025-12-11T18:31:25+00:00","author":{"@id":"https:\/\/vof-news.eu\/de\/#\/schema\/person\/f6a2a4309f0561835797fd8c19b333ed"},"description":"Nato-Generalsekret\u00e4r Mark\u00a0Rutte\u00a0hat die Mitgliedsstaaten des Verteidigungsb\u00fcndnisses aufgefordert, ihre Verteidigung auszubauen. Ein von Russland gef\u00fchrter Krieg solle damit verhindert werden, sagte er\u00a0bei einer Veranstaltung der M\u00fcnchner Sicherheitskonferenz in Berlin. Dieser k\u00f6nne \"von einem Ausma\u00df sein, wie ihn unsere Gro\u00dfeltern und Urgro\u00dfeltern erlebt haben\".\u00a0","breadcrumb":{"@id":"https:\/\/vof-news.eu\/de\/nato-generalsekretar-warnt-vor-drohendem-krieg-mit-russland-2\/#breadcrumb"},"inLanguage":"de","potentialAction":[{"@type":"ReadAction","target":["https:\/\/vof-news.eu\/de\/nato-generalsekretar-warnt-vor-drohendem-krieg-mit-russland-2\/"]}]},{"@type":"ImageObject","inLanguage":"de","@id":"https:\/\/vof-news.eu\/de\/nato-generalsekretar-warnt-vor-drohendem-krieg-mit-russland-2\/#primaryimage","url":"https:\/\/vof-news.eu\/wp-content\/uploads\/2025\/12\/wide__1000x562-57.jpg","contentUrl":"https:\/\/vof-news.eu\/wp-content\/uploads\/2025\/12\/wide__1000x562-57.jpg","width":1000,"height":562},{"@type":"BreadcrumbList","@id":"https:\/\/vof-news.eu\/de\/nato-generalsekretar-warnt-vor-drohendem-krieg-mit-russland-2\/#breadcrumb","itemListElement":[{"@type":"ListItem","position":1,"name":"Home","item":"https:\/\/vof-news.eu\/de\/"},{"@type":"ListItem","position":2,"name":"Nato-Generalsekret\u00e4r warnt vor drohendem Krieg mit Russland"}]},{"@type":"WebSite","@id":"https:\/\/vof-news.eu\/de\/#website","url":"https:\/\/vof-news.eu\/de\/","name":"vof-news.eu","description":"","potentialAction":[{"@type":"SearchAction","target":{"@type":"EntryPoint","urlTemplate":"https:\/\/vof-news.eu\/de\/?s={search_term_string}"},"query-input":"required name=search_term_string"}],"inLanguage":"de"},{"@type":"Person","@id":"https:\/\/vof-news.eu\/de\/#\/schema\/person\/f6a2a4309f0561835797fd8c19b333ed","name":"Author","image":{"@type":"ImageObject","inLanguage":"de","@id":"https:\/\/vof-news.eu\/de\/#\/schema\/person\/image\/","url":"https:\/\/secure.gravatar.com\/avatar\/b67e614b1b25b3e9c0c239efdd2fde5ab015b5affd6f1c3c85911ca4b384e790?s=96&d=mm&r=g","contentUrl":"https:\/\/secure.gravatar.com\/avatar\/b67e614b1b25b3e9c0c239efdd2fde5ab015b5affd6f1c3c85911ca4b384e790?s=96&d=mm&r=g","caption":"Author"},"sameAs":["http:\/\/vof-news.eu"],"url":"https:\/\/vof-news.eu\/de\/author\/zwt6qxnjulxbnyg\/"}]}},"yoast_meta":{"yoast_wpseo_title":"","yoast_wpseo_metadesc":"","yoast_wpseo_canonical":""},"_links":{"self":[{"href":"https:\/\/vof-news.eu\/de\/wp-json\/wp\/v2\/posts\/306736","targetHints":{"allow":["GET"]}}],"collection":[{"href":"https:\/\/vof-news.eu\/de\/wp-json\/wp\/v2\/posts"}],"about":[{"href":"https:\/\/vof-news.eu\/de\/wp-json\/wp\/v2\/types\/post"}],"author":[{"embeddable":true,"href":"https:\/\/vof-news.eu\/de\/wp-json\/wp\/v2\/users\/1"}],"replies":[{"embeddable":true,"href":"https:\/\/vof-news.eu\/de\/wp-json\/wp\/v2\/comments?post=306736"}],"version-history":[{"count":1,"href":"https:\/\/vof-news.eu\/de\/wp-json\/wp\/v2\/posts\/306736\/revisions"}],"predecessor-version":[{"id":306751,"href":"https:\/\/vof-news.eu\/de\/wp-json\/wp\/v2\/posts\/306736\/revisions\/306751"}],"wp:featuredmedia":[{"embeddable":true,"href":"https:\/\/vof-news.eu\/de\/wp-json\/wp\/v2\/media\/306737"}],"wp:attachment":[{"href":"https:\/\/vof-news.eu\/de\/wp-json\/wp\/v2\/media?parent=306736"}],"wp:term":[{"taxonomy":"category","embeddable":true,"href":"https:\/\/vof-news.eu\/de\/wp-json\/wp\/v2\/categories?post=306736"},{"taxonomy":"post_tag","embeddable":true,"href":"https:\/\/vof-news.eu\/de\/wp-json\/wp\/v2\/tags?post=306736"}],"curies":[{"name":"wp","href":"https:\/\/api.w.org\/{rel}","templated":true}]}}