{"id":306416,"date":"2025-12-11T09:30:47","date_gmt":"2025-12-11T06:30:47","guid":{"rendered":"https:\/\/vof-news.eu\/abgeordnete-beschliesen-verteidigungsetat-trump-fordert-cnn-verkauf\/"},"modified":"2025-12-11T09:32:16","modified_gmt":"2025-12-11T06:32:16","slug":"abgeordnete-beschliesen-verteidigungsetat-trump-fordert-cnn-verkauf","status":"publish","type":"post","link":"https:\/\/vof-news.eu\/de\/abgeordnete-beschliesen-verteidigungsetat-trump-fordert-cnn-verkauf\/","title":{"rendered":"Abgeordnete beschlie\u00dfen Verteidigungsetat, Trump fordert CNN-Verkauf"},"content":{"rendered":"<div>\n<nav>\n<h2>\u00dcbersicht:<\/h2>\n<ul>\n<li>\n<a href=\"https:\/\/www.zeit.de#us-repraesententantenhaus-beschliesst-billionenschweren-verteidigungsetat\" rel=\"nofollow\"><br \/>\n<span>US-Repr\u00e4sententantenhaus beschlie\u00dft billionenschweren Verteidigungsetat<\/span><\/p>\n<p><\/a>\n<\/li>\n<li>\n<a href=\"https:\/\/www.zeit.de#donald-trump-fordert-verkauf-von-nachrichtensender-cnn\" rel=\"nofollow\"><br \/>\n<span>Donald Trump fordert Verkauf von Nachrichtensender CNN<\/span><\/p>\n<p><\/a>\n<\/li>\n<li>\n<a href=\"https:\/\/www.zeit.de#fed-senkt-erneut-den-us-leitzins\" rel=\"nofollow\"><br \/>\n<span>Fed senkt erneut den US-Leitzins\u00a0<\/span><\/p>\n<p><\/a>\n<\/li>\n<li>\n<a href=\"https:\/\/www.zeit.de#us-militaer-stuermt-oeltanker-vor-venezuela\" rel=\"nofollow\"><br \/>\n<span>US-Milit\u00e4r st\u00fcrmt \u00d6ltanker vor Venezuela<\/span><\/p>\n<p><\/a>\n<\/li>\n<li>\n<a href=\"https:\/\/www.zeit.de#trumps-gold-card-fuer-reiche-einwanderer-ist-da\" rel=\"nofollow\"><br \/>\n<span>Trumps &#8222;Gold Card&#8220; f\u00fcr reiche Einwanderer ist da<\/span><\/p>\n<p><\/a>\n<\/li>\n<\/ul>\n<\/nav>\n<h2>US-Repr\u00e4sententantenhaus beschlie\u00dft billionenschweren Verteidigungsetat<\/h2>\n<p>Abgeordnete des US-Repr\u00e4sentantenhauses haben den n\u00e4chsten Verteidigungshaushalt f\u00fcr die US-Regierung beschlossen.\u00a0Das Gesetz hat einen Umfang<br \/>\nvon fast einer Billion Dollar und legt fest, wof\u00fcr das Pentagon Geld ausgeben darf. Unter anderem bekommen die Soldaten der US-Streitkr\u00e4fte k\u00fcnftig vier Prozent mehr Gehalt.\u00a0\n<\/p>\n<p>Zudem ist ein wichtiger Teil des Etats f\u00fcr Sicherheit in<br \/>\n<span><a href=\"https:\/\/www.zeit.de\/thema\/europa\" rel=\"nofollow\">Europa<\/a><\/span> und f\u00fcr den Umgang mit China bestimmt. So darf die Trump-Regierung laut dem Gesetz die Zahl der US-Soldaten in Europa nicht l\u00e4ngerfristig unter<br \/>\n76.000 senken. Die Ukraine erh\u00e4lt<br \/>\n800 Millionen Dollar, die baltischen Staaten 175<br \/>\nMillionen Dollar f\u00fcr ihre Verteidigung. Die Zusammenarbeit mit<br \/>\nTaiwan wird mit einer Milliarde Dollar unterst\u00fctzt. Grund daf\u00fcr<br \/>\nist die Sorge, dass China die Insel angreifen k\u00f6nnte. Auch<br \/>\nIsrael bekommt mehr Geld f\u00fcr seine Raketenabwehr. Der Senat muss dem Gesetz noch zustimmen.\n<\/p>\n<h2>Donald Trump fordert Verkauf von Nachrichtensender CNN<\/h2>\n<p>US-Pr\u00e4sident <span><a href=\"https:\/\/www.zeit.de\/thema\/donald-trump\" rel=\"nofollow\">Donald Trump<\/a><\/span> hat sich in den Bieterwettstreit um den Medienkonzern Warner Bros. Discovery eingeschaltet und den <a href=\"https:\/\/www.zeit.de\/wirtschaft\/2025-12\/netflix-paramount-warner-bros-uebernahme-saudi-arabien\" rel=\"nofollow\">Verkauf des zum Konzern geh\u00f6renden Nachrichtensenders CNN gefordert<\/a>.<br \/>\n &#8222;CNN sollte verkauft werden&#8220;, sagte Trump vor Reportern im Wei\u00dfen Haus.<br \/>\n Der Pr\u00e4sident ist seit Langem ein entschiedener Kritiker von CNN.<br \/>\n Er wirft dem Sender regelm\u00e4\u00dfig vor, Falschnachrichten zu verbreiten,<br \/>\nohne dies zu belegen, und voreingenommen \u00fcber ihn zu berichten.\u00a0\n<\/p>\n<p><a href=\"https:\/\/www.zeit.de\/politik\/ausland\/2025-12\/cnn-us-praesident-donald-trump-verkauf-forderung\" rel=\"nofollow\"><\/a>\u00a0\n<\/p>\n<h2>Fed senkt erneut den US-Leitzins<\/h2>\n<p>Die US-Notenbank\u00a0Federal Reserve hat zum dritten Mal in diesem Jahr den Leitzins um 0,25<br \/>\nProzentpunkte gesenkt. Er liegt damit fortan zwischen 3,5 und 3,75 Prozent. Das ist der niedrigste Stand seit rund drei Jahren.\u00a0Die Notenbank begr\u00fcndete die Zinssenkung mit der schwierigen<br \/>\nLage auf dem US-Arbeitsmarkt. Die Risiken f\u00fcr die Besch\u00e4ftigung h\u00e4tten<br \/>\nin den vergangenen Monaten zugenommen. US-Pr\u00e4sident Donald Trump kritisierte die Fed als zu z\u00f6gerlich. Der<br \/>\n Zinsschnitt h\u00e4tte &#8222;mindestens doppelt&#8220; so hoch ausfallen k\u00f6nnen wie von<br \/>\n der Fed beschlossen, sagte Trump.\n<\/p>\n<\/p>\n<h2>US-Milit\u00e4r st\u00fcrmt \u00d6ltanker vor Venezuela<\/h2>\n<p>Soldaten der <span><a href=\"https:\/\/www.zeit.de\/thema\/usa\" rel=\"nofollow\">USA<\/a><\/span> haben vor der K\u00fcste Venezuelas einen unter falscher Flagge fahrenden Tanker unter ihre Kontrolle gebracht und beschlagnahmt. Das Schiff h\u00e4tte sanktioniertes \u00d6l aus Venezuela in den Iran transportiert und sei Teil eines illegalen Netzwerks zur Finanzierung ausl\u00e4ndischer Terrororganisationen, teilten das US-Verteidigungsministerium, Justizministerin Pam Bondi und FBI-Chef Kash Patel mit.\u00a0Der Vorfall r\u00fcckt den anhaltenden Konflikt zwischen der<br \/>\nUS-Regierung und Venezuela erneut in den Fokus. Die venezolanische<br \/>\nRegierung warf den USA &#8222;offensichtlichen Diebstahl&#8220; vor. Venezuela hat<br \/>\ndie gr\u00f6\u00dften Erd\u00f6lreserven der Welt.\u00a0\n<\/p>\n<\/p>\n<h2>Trumps &#8222;Gold Card&#8220; f\u00fcr reiche Einwanderer ist da<\/h2>\n<p>Verm\u00f6gende Ausl\u00e4nder k\u00f6nnen sich ab sofort f\u00fcr eine Million US-Dollar (rund 855.000 Euro) eine Aufenthaltsgenehmigung in den USA erkaufen. Pr\u00e4sident Donald Trump gab den Start der Bewerbungsphase f\u00fcr die sogenannte Trump<br \/>\nGold Card bekannt, nachdem die Pl\u00e4ne schon vor Monaten vorgestellt<br \/>\nworden waren.\u00a0Es handelt sich um ein Programm der US-Regierung, mit dem nach<br \/>\noffizieller Darstellung besonders qualifizierte und vorab \u00fcberpr\u00fcfte<br \/>\nArbeitskr\u00e4fte f\u00fcr Unternehmen in den USA gewonnen werden sollen. Trump<br \/>\nhat gewaltige Einnahmen f\u00fcr die Staatskasse in Aussicht gestellt.\n<\/p>\n<\/div>\n","protected":false},"excerpt":{"rendered":"<p>\u00dcbersicht: US-Repr\u00e4sententantenhaus beschlie\u00dft billionenschweren Verteidigungsetat Donald Trump fordert Verkauf von Nachrichtensender CNN Fed senkt erneut den US-Leitzins\u00a0 US-Milit\u00e4r st\u00fcrmt \u00d6ltanker vor Venezuela Trumps &#8222;Gold Card&#8220; f\u00fcr reiche Einwanderer ist da US-Repr\u00e4sententantenhaus beschlie\u00dft billionenschweren Verteidigungsetat Abgeordnete des US-Repr\u00e4sentantenhauses haben den n\u00e4chsten Verteidigungshaushalt f\u00fcr die US-Regierung beschlossen.\u00a0Das Gesetz hat einen Umfang von fast einer Billion Dollar und<\/p>\n","protected":false},"author":1,"featured_media":306417,"comment_status":"open","ping_status":"open","sticky":false,"template":"","format":"standard","meta":{"footnotes":""},"categories":[116],"tags":[],"class_list":["post-306416","post","type-post","status-publish","format-standard","has-post-thumbnail","hentry","category-war-chronicles-de"],"acf":[],"yoast_head":"<!-- This site is optimized with the Yoast SEO plugin v22.9 - https:\/\/yoast.com\/wordpress\/plugins\/seo\/ -->\n<title>Abgeordnete beschlie\u00dfen Verteidigungsetat, Trump fordert CNN-Verkauf - vof-news.eu<\/title>\n<meta name=\"description\" content=\"\u00dcbersicht:\" \/>\n<meta name=\"robots\" content=\"noindex, follow, max-snippet:-1, max-image-preview:large, max-video-preview:-1\" \/>\n<meta property=\"og:locale\" content=\"de_DE\" \/>\n<meta property=\"og:type\" content=\"article\" \/>\n<meta property=\"og:title\" content=\"Abgeordnete beschlie\u00dfen Verteidigungsetat, Trump fordert CNN-Verkauf - vof-news.eu\" \/>\n<meta property=\"og:description\" content=\"\u00dcbersicht:\" \/>\n<meta property=\"og:url\" content=\"https:\/\/vof-news.eu\/de\/abgeordnete-beschliesen-verteidigungsetat-trump-fordert-cnn-verkauf\/\" \/>\n<meta property=\"og:site_name\" content=\"vof-news.eu\" \/>\n<meta property=\"article:published_time\" content=\"2025-12-11T06:30:47+00:00\" \/>\n<meta property=\"article:modified_time\" content=\"2025-12-11T06:32:16+00:00\" \/>\n<meta property=\"og:image\" content=\"https:\/\/vof-news.eu\/wp-content\/uploads\/2025\/12\/wide__1000x562-55.jpg\" \/>\n\t<meta property=\"og:image:width\" content=\"1000\" \/>\n\t<meta property=\"og:image:height\" content=\"562\" \/>\n\t<meta property=\"og:image:type\" content=\"image\/jpeg\" \/>\n<meta name=\"author\" content=\"Author\" \/>\n<meta name=\"twitter:card\" content=\"summary_large_image\" \/>\n<meta name=\"twitter:label1\" content=\"Verfasst von\" \/>\n\t<meta name=\"twitter:data1\" content=\"Author\" \/>\n\t<meta name=\"twitter:label2\" content=\"Gesch\u00e4tzte Lesezeit\" \/>\n\t<meta name=\"twitter:data2\" content=\"3\u00a0Minuten\" \/>\n<script type=\"application\/ld+json\" class=\"yoast-schema-graph\">{\"@context\":\"https:\/\/schema.org\",\"@graph\":[{\"@type\":\"WebPage\",\"@id\":\"https:\/\/vof-news.eu\/de\/abgeordnete-beschliesen-verteidigungsetat-trump-fordert-cnn-verkauf\/\",\"url\":\"https:\/\/vof-news.eu\/de\/abgeordnete-beschliesen-verteidigungsetat-trump-fordert-cnn-verkauf\/\",\"name\":\"Abgeordnete beschlie\u00dfen Verteidigungsetat, Trump fordert CNN-Verkauf - vof-news.eu\",\"isPartOf\":{\"@id\":\"https:\/\/vof-news.eu\/de\/#website\"},\"primaryImageOfPage\":{\"@id\":\"https:\/\/vof-news.eu\/de\/abgeordnete-beschliesen-verteidigungsetat-trump-fordert-cnn-verkauf\/#primaryimage\"},\"image\":{\"@id\":\"https:\/\/vof-news.eu\/de\/abgeordnete-beschliesen-verteidigungsetat-trump-fordert-cnn-verkauf\/#primaryimage\"},\"thumbnailUrl\":\"https:\/\/vof-news.eu\/wp-content\/uploads\/2025\/12\/wide__1000x562-55.jpg\",\"datePublished\":\"2025-12-11T06:30:47+00:00\",\"dateModified\":\"2025-12-11T06:32:16+00:00\",\"author\":{\"@id\":\"https:\/\/vof-news.eu\/de\/#\/schema\/person\/f6a2a4309f0561835797fd8c19b333ed\"},\"description\":\"\u00dcbersicht:\",\"breadcrumb\":{\"@id\":\"https:\/\/vof-news.eu\/de\/abgeordnete-beschliesen-verteidigungsetat-trump-fordert-cnn-verkauf\/#breadcrumb\"},\"inLanguage\":\"de\",\"potentialAction\":[{\"@type\":\"ReadAction\",\"target\":[\"https:\/\/vof-news.eu\/de\/abgeordnete-beschliesen-verteidigungsetat-trump-fordert-cnn-verkauf\/\"]}]},{\"@type\":\"ImageObject\",\"inLanguage\":\"de\",\"@id\":\"https:\/\/vof-news.eu\/de\/abgeordnete-beschliesen-verteidigungsetat-trump-fordert-cnn-verkauf\/#primaryimage\",\"url\":\"https:\/\/vof-news.eu\/wp-content\/uploads\/2025\/12\/wide__1000x562-55.jpg\",\"contentUrl\":\"https:\/\/vof-news.eu\/wp-content\/uploads\/2025\/12\/wide__1000x562-55.jpg\",\"width\":1000,\"height\":562},{\"@type\":\"BreadcrumbList\",\"@id\":\"https:\/\/vof-news.eu\/de\/abgeordnete-beschliesen-verteidigungsetat-trump-fordert-cnn-verkauf\/#breadcrumb\",\"itemListElement\":[{\"@type\":\"ListItem\",\"position\":1,\"name\":\"Home\",\"item\":\"https:\/\/vof-news.eu\/de\/\"},{\"@type\":\"ListItem\",\"position\":2,\"name\":\"Abgeordnete beschlie\u00dfen Verteidigungsetat, Trump fordert CNN-Verkauf\"}]},{\"@type\":\"WebSite\",\"@id\":\"https:\/\/vof-news.eu\/de\/#website\",\"url\":\"https:\/\/vof-news.eu\/de\/\",\"name\":\"vof-news.eu\",\"description\":\"\",\"potentialAction\":[{\"@type\":\"SearchAction\",\"target\":{\"@type\":\"EntryPoint\",\"urlTemplate\":\"https:\/\/vof-news.eu\/de\/?s={search_term_string}\"},\"query-input\":\"required name=search_term_string\"}],\"inLanguage\":\"de\"},{\"@type\":\"Person\",\"@id\":\"https:\/\/vof-news.eu\/de\/#\/schema\/person\/f6a2a4309f0561835797fd8c19b333ed\",\"name\":\"Author\",\"image\":{\"@type\":\"ImageObject\",\"inLanguage\":\"de\",\"@id\":\"https:\/\/vof-news.eu\/de\/#\/schema\/person\/image\/\",\"url\":\"https:\/\/secure.gravatar.com\/avatar\/b67e614b1b25b3e9c0c239efdd2fde5ab015b5affd6f1c3c85911ca4b384e790?s=96&d=mm&r=g\",\"contentUrl\":\"https:\/\/secure.gravatar.com\/avatar\/b67e614b1b25b3e9c0c239efdd2fde5ab015b5affd6f1c3c85911ca4b384e790?s=96&d=mm&r=g\",\"caption\":\"Author\"},\"sameAs\":[\"http:\/\/vof-news.eu\"],\"url\":\"https:\/\/vof-news.eu\/de\/author\/zwt6qxnjulxbnyg\/\"}]}<\/script>\n<!-- \/ Yoast SEO plugin. -->","yoast_head_json":{"title":"Abgeordnete beschlie\u00dfen Verteidigungsetat, Trump fordert CNN-Verkauf - vof-news.eu","description":"\u00dcbersicht:","robots":{"index":"noindex","follow":"follow","max-snippet":"max-snippet:-1","max-image-preview":"max-image-preview:large","max-video-preview":"max-video-preview:-1"},"og_locale":"de_DE","og_type":"article","og_title":"Abgeordnete beschlie\u00dfen Verteidigungsetat, Trump fordert CNN-Verkauf - vof-news.eu","og_description":"\u00dcbersicht:","og_url":"https:\/\/vof-news.eu\/de\/abgeordnete-beschliesen-verteidigungsetat-trump-fordert-cnn-verkauf\/","og_site_name":"vof-news.eu","article_published_time":"2025-12-11T06:30:47+00:00","article_modified_time":"2025-12-11T06:32:16+00:00","og_image":[{"width":1000,"height":562,"url":"https:\/\/vof-news.eu\/wp-content\/uploads\/2025\/12\/wide__1000x562-55.jpg","type":"image\/jpeg"}],"author":"Author","twitter_card":"summary_large_image","twitter_misc":{"Verfasst von":"Author","Gesch\u00e4tzte Lesezeit":"3\u00a0Minuten"},"schema":{"@context":"https:\/\/schema.org","@graph":[{"@type":"WebPage","@id":"https:\/\/vof-news.eu\/de\/abgeordnete-beschliesen-verteidigungsetat-trump-fordert-cnn-verkauf\/","url":"https:\/\/vof-news.eu\/de\/abgeordnete-beschliesen-verteidigungsetat-trump-fordert-cnn-verkauf\/","name":"Abgeordnete beschlie\u00dfen Verteidigungsetat, Trump fordert CNN-Verkauf - vof-news.eu","isPartOf":{"@id":"https:\/\/vof-news.eu\/de\/#website"},"primaryImageOfPage":{"@id":"https:\/\/vof-news.eu\/de\/abgeordnete-beschliesen-verteidigungsetat-trump-fordert-cnn-verkauf\/#primaryimage"},"image":{"@id":"https:\/\/vof-news.eu\/de\/abgeordnete-beschliesen-verteidigungsetat-trump-fordert-cnn-verkauf\/#primaryimage"},"thumbnailUrl":"https:\/\/vof-news.eu\/wp-content\/uploads\/2025\/12\/wide__1000x562-55.jpg","datePublished":"2025-12-11T06:30:47+00:00","dateModified":"2025-12-11T06:32:16+00:00","author":{"@id":"https:\/\/vof-news.eu\/de\/#\/schema\/person\/f6a2a4309f0561835797fd8c19b333ed"},"description":"\u00dcbersicht:","breadcrumb":{"@id":"https:\/\/vof-news.eu\/de\/abgeordnete-beschliesen-verteidigungsetat-trump-fordert-cnn-verkauf\/#breadcrumb"},"inLanguage":"de","potentialAction":[{"@type":"ReadAction","target":["https:\/\/vof-news.eu\/de\/abgeordnete-beschliesen-verteidigungsetat-trump-fordert-cnn-verkauf\/"]}]},{"@type":"ImageObject","inLanguage":"de","@id":"https:\/\/vof-news.eu\/de\/abgeordnete-beschliesen-verteidigungsetat-trump-fordert-cnn-verkauf\/#primaryimage","url":"https:\/\/vof-news.eu\/wp-content\/uploads\/2025\/12\/wide__1000x562-55.jpg","contentUrl":"https:\/\/vof-news.eu\/wp-content\/uploads\/2025\/12\/wide__1000x562-55.jpg","width":1000,"height":562},{"@type":"BreadcrumbList","@id":"https:\/\/vof-news.eu\/de\/abgeordnete-beschliesen-verteidigungsetat-trump-fordert-cnn-verkauf\/#breadcrumb","itemListElement":[{"@type":"ListItem","position":1,"name":"Home","item":"https:\/\/vof-news.eu\/de\/"},{"@type":"ListItem","position":2,"name":"Abgeordnete beschlie\u00dfen Verteidigungsetat, Trump fordert CNN-Verkauf"}]},{"@type":"WebSite","@id":"https:\/\/vof-news.eu\/de\/#website","url":"https:\/\/vof-news.eu\/de\/","name":"vof-news.eu","description":"","potentialAction":[{"@type":"SearchAction","target":{"@type":"EntryPoint","urlTemplate":"https:\/\/vof-news.eu\/de\/?s={search_term_string}"},"query-input":"required name=search_term_string"}],"inLanguage":"de"},{"@type":"Person","@id":"https:\/\/vof-news.eu\/de\/#\/schema\/person\/f6a2a4309f0561835797fd8c19b333ed","name":"Author","image":{"@type":"ImageObject","inLanguage":"de","@id":"https:\/\/vof-news.eu\/de\/#\/schema\/person\/image\/","url":"https:\/\/secure.gravatar.com\/avatar\/b67e614b1b25b3e9c0c239efdd2fde5ab015b5affd6f1c3c85911ca4b384e790?s=96&d=mm&r=g","contentUrl":"https:\/\/secure.gravatar.com\/avatar\/b67e614b1b25b3e9c0c239efdd2fde5ab015b5affd6f1c3c85911ca4b384e790?s=96&d=mm&r=g","caption":"Author"},"sameAs":["http:\/\/vof-news.eu"],"url":"https:\/\/vof-news.eu\/de\/author\/zwt6qxnjulxbnyg\/"}]}},"yoast_meta":{"yoast_wpseo_title":"","yoast_wpseo_metadesc":"","yoast_wpseo_canonical":""},"_links":{"self":[{"href":"https:\/\/vof-news.eu\/de\/wp-json\/wp\/v2\/posts\/306416","targetHints":{"allow":["GET"]}}],"collection":[{"href":"https:\/\/vof-news.eu\/de\/wp-json\/wp\/v2\/posts"}],"about":[{"href":"https:\/\/vof-news.eu\/de\/wp-json\/wp\/v2\/types\/post"}],"author":[{"embeddable":true,"href":"https:\/\/vof-news.eu\/de\/wp-json\/wp\/v2\/users\/1"}],"replies":[{"embeddable":true,"href":"https:\/\/vof-news.eu\/de\/wp-json\/wp\/v2\/comments?post=306416"}],"version-history":[{"count":1,"href":"https:\/\/vof-news.eu\/de\/wp-json\/wp\/v2\/posts\/306416\/revisions"}],"predecessor-version":[{"id":306423,"href":"https:\/\/vof-news.eu\/de\/wp-json\/wp\/v2\/posts\/306416\/revisions\/306423"}],"wp:featuredmedia":[{"embeddable":true,"href":"https:\/\/vof-news.eu\/de\/wp-json\/wp\/v2\/media\/306417"}],"wp:attachment":[{"href":"https:\/\/vof-news.eu\/de\/wp-json\/wp\/v2\/media?parent=306416"}],"wp:term":[{"taxonomy":"category","embeddable":true,"href":"https:\/\/vof-news.eu\/de\/wp-json\/wp\/v2\/categories?post=306416"},{"taxonomy":"post_tag","embeddable":true,"href":"https:\/\/vof-news.eu\/de\/wp-json\/wp\/v2\/tags?post=306416"}],"curies":[{"name":"wp","href":"https:\/\/api.w.org\/{rel}","templated":true}]}}