{"id":306352,"date":"2025-12-11T03:28:08","date_gmt":"2025-12-11T00:28:08","guid":{"rendered":"https:\/\/vof-news.eu\/trump-fordert-von-selenskyj-mehr-realismus\/"},"modified":"2025-12-11T03:29:42","modified_gmt":"2025-12-11T00:29:42","slug":"trump-fordert-von-selenskyj-mehr-realismus","status":"publish","type":"post","link":"https:\/\/vof-news.eu\/de\/trump-fordert-von-selenskyj-mehr-realismus\/","title":{"rendered":"Trump fordert von Selenskyj mehr Realismus"},"content":{"rendered":"<div>\n<p>Zwischen den USA und europ\u00e4ischen Partnern besteht offenbar nach wie vor keine Einigkeit \u00fcber Wege zu einem Kriegsende in der <a href=\"https:\/\/www.zeit.de\/politik\/ausland\/2025-12\/ukrainekrieg-russland-ukraine-angriff-kremenschuk-drohnen-raketen-gxe\" rel=\"nofollow\">Ukraine<\/a>. US-Pr\u00e4sident <span><a href=\"https:\/\/www.zeit.de\/thema\/donald-trump\" rel=\"nofollow\">Donald Trump<\/a><\/span> sagte, bei seinem Telefonat mit den Staatsspitzen von Deutschland, Frankreich und Gro\u00dfbritannien am Mittwoch sei &#8222;in ziemlich deutlichen Worten&#8220; diskutiert worden. Dabei habe es &#8222;einige kleine Meinungsverschiedenheiten \u00fcber Personen&#8220; gegeben.\u00a0\n<\/p>\n<p>Die Europ\u00e4er h\u00e4tten US-Vertreter zu einem Treffen \u00fcber die <span><a href=\"https:\/\/www.zeit.de\/politik\/ausland\/ukraine-krieg-news-liveblog\" rel=\"nofollow\">Ukraine<\/a><\/span> am Wochenende nach Europa eingeladen, sagte Trump. Ihm zufolge haben die USA aber noch nicht entschieden, ob und\u00a0\u2013\u00a0wenn ja\u00a0\u2013\u00a0auf welcher Ebene sie teilnehmen w\u00fcrden. &#8222;Wir wollen keine Zeit verschwenden&#8220;, sagte Trump. Die Sprecher von Merz und Macron hatten sich zuvor deutlich positiver \u00fcber den Austausch mit Trump ge\u00e4u\u00dfert.\u00a0\n<\/p>\n<p>Zudem macht Trump weiter <a href=\"https:\/\/www.zeit.de\/politik\/ausland\/2025-12\/ukraine-krieg-usa-donald-trump-enttaeuscht-ueber-wolodymyr-selenskyj-gxe\" rel=\"nofollow\">Druck auf den ukrainischen Staatschef Wolodymyr Selenskyj<\/a>, sich dem US-Plan f\u00fcr die Ukraine anzuschlie\u00dfen. &#8222;Ich denke, er muss realistisch sein&#8220;, sagte Trump \u00fcber Selenskyj w\u00e4hrend einer Fragerunde mit Reportern. &#8222;Ich frage mich wirklich, wie lange es noch dauern wird, bis sie Wahlen abhalten.&#8220;\n<\/p>\n<h2>&#8222;Druck ist nicht, was wir brauchen&#8220;<\/h2>\n<p>Selenskyj hatte die <span><a href=\"https:\/\/www.zeit.de\/thema\/usa\" rel=\"nofollow\">USA<\/a><\/span> und andere L\u00e4nder zuvor darum gebeten, keinen Druck <a href=\"https:\/\/www.zeit.de\/politik\/ausland\/2025-12\/wolodymyr-selenskyj-erklaert-sich-zu-wahlen-waehrend-des-krieges-bereit\" rel=\"nofollow\">in der Frage m\u00f6glicher Wahlen<\/a> auszu\u00fcben. Er habe mit dem Parlament \u00fcber die rechtlichen und sonstigen Fragen im Zusammenhang mit einer Wahl gesprochen, sagt Selenskyj in seiner abendlichen Videoansprache. Wenn Partner wie die USA auf <a href=\"https:\/\/www.zeit.de\/politik\/ausland\/2025-12\/wahlen-ukraine-kriegsrecht-wolodymyr-selenskyj-praesident\" rel=\"nofollow\">Wahlen unter Kriegsrecht<\/a> dr\u00e4ngten, m\u00fcsse die Abstimmung rechtlich einwandfrei ablaufen. Es m\u00fcsse Antworten auf jede Frage und jeden Zweifel geben. &#8222;Druck in dieser Frage ist jedoch nicht das, was wir brauchen&#8220;, sagte Selenskyj.\n<\/p>\n<p>Zu Wochenbeginn hatte Selenskyj gemeinsam mit Kanzler Friedrich Merz, Frankreichs Pr\u00e4sident Emmanuel Macron sowie dem britischen Premierminister Keir Starmer einen Friedensplan der USA \u00fcberarbeitet. Der <a href=\"https:\/\/www.zeit.de\/politik\/ausland\/2025-11\/usa-friedensplan-ukraine-russland-trump\" rel=\"nofollow\">urspr\u00fcnglich 28 Punkte umfassende Plan<\/a> wurde auf 20 Punkte reduziert. Dieses neue Konzept soll jetzt Trump vorgelegt werden. Nach Informationen der Nachrichtenagentur AFP aus ukrainischen Regierungskreisen ist das Dokument bereits abgeschickt worden.\n<\/p>\n<p>Die erste Fassung des Plans, welche die USA aufgesetzt hatten, galt als russlandfreundlich. Demnach sollte die Ukraine umfangreiche Gebietsabtretungen an Russland akzeptieren, die Armee verkleinern und dauerhaft auf eine Nato-Mitgliedschaft verzichten. Zudem wurden der Ukraine keine belastbaren Sicherheitsgarantien in Aussicht gestellt, die das Land vor einem erneuten Angriff Russlands sch\u00fctzen k\u00f6nnten.\n<\/p>\n<\/p>\n<\/div>\n","protected":false},"excerpt":{"rendered":"<p>Zwischen den USA und europ\u00e4ischen Partnern besteht offenbar nach wie vor keine Einigkeit \u00fcber Wege zu einem Kriegsende in der Ukraine. US-Pr\u00e4sident Donald Trump sagte, bei seinem Telefonat mit den Staatsspitzen von Deutschland, Frankreich und Gro\u00dfbritannien am Mittwoch sei &#8222;in ziemlich deutlichen Worten&#8220; diskutiert worden. Dabei habe es &#8222;einige kleine Meinungsverschiedenheiten \u00fcber Personen&#8220; gegeben.\u00a0 Die<\/p>\n","protected":false},"author":1,"featured_media":306353,"comment_status":"open","ping_status":"open","sticky":false,"template":"","format":"standard","meta":{"footnotes":""},"categories":[116],"tags":[],"class_list":["post-306352","post","type-post","status-publish","format-standard","has-post-thumbnail","hentry","category-war-chronicles-de"],"acf":[],"yoast_head":"<!-- This site is optimized with the Yoast SEO plugin v22.9 - https:\/\/yoast.com\/wordpress\/plugins\/seo\/ -->\n<title>Trump fordert von Selenskyj mehr Realismus - vof-news.eu<\/title>\n<meta name=\"description\" content=\"Zwischen den USA und europ\u00e4ischen Partnern besteht offenbar nach wie vor keine Einigkeit \u00fcber Wege zu einem Kriegsende in der Ukraine. US-Pr\u00e4sident Donald Trump sagte, bei seinem Telefonat mit den Staatsspitzen von Deutschland, Frankreich und Gro\u00dfbritannien am Mittwoch sei &quot;in ziemlich deutlichen Worten&quot; diskutiert worden. Dabei habe es &quot;einige kleine Meinungsverschiedenheiten \u00fcber Personen&quot; gegeben.\u00a0\" \/>\n<meta name=\"robots\" content=\"noindex, follow, max-snippet:-1, max-image-preview:large, max-video-preview:-1\" \/>\n<meta property=\"og:locale\" content=\"de_DE\" \/>\n<meta property=\"og:type\" content=\"article\" \/>\n<meta property=\"og:title\" content=\"Trump fordert von Selenskyj mehr Realismus - vof-news.eu\" \/>\n<meta property=\"og:description\" content=\"Zwischen den USA und europ\u00e4ischen Partnern besteht offenbar nach wie vor keine Einigkeit \u00fcber Wege zu einem Kriegsende in der Ukraine. US-Pr\u00e4sident Donald Trump sagte, bei seinem Telefonat mit den Staatsspitzen von Deutschland, Frankreich und Gro\u00dfbritannien am Mittwoch sei &quot;in ziemlich deutlichen Worten&quot; diskutiert worden. Dabei habe es &quot;einige kleine Meinungsverschiedenheiten \u00fcber Personen&quot; gegeben.\u00a0\" \/>\n<meta property=\"og:url\" content=\"https:\/\/vof-news.eu\/de\/trump-fordert-von-selenskyj-mehr-realismus\/\" \/>\n<meta property=\"og:site_name\" content=\"vof-news.eu\" \/>\n<meta property=\"article:published_time\" content=\"2025-12-11T00:28:08+00:00\" \/>\n<meta property=\"article:modified_time\" content=\"2025-12-11T00:29:42+00:00\" \/>\n<meta property=\"og:image\" content=\"https:\/\/vof-news.eu\/wp-content\/uploads\/2025\/12\/wide__1000x562-53.jpg\" \/>\n\t<meta property=\"og:image:width\" content=\"1000\" \/>\n\t<meta property=\"og:image:height\" content=\"562\" \/>\n\t<meta property=\"og:image:type\" content=\"image\/jpeg\" \/>\n<meta name=\"author\" content=\"Author\" \/>\n<meta name=\"twitter:card\" content=\"summary_large_image\" \/>\n<meta name=\"twitter:label1\" content=\"Verfasst von\" \/>\n\t<meta name=\"twitter:data1\" content=\"Author\" \/>\n\t<meta name=\"twitter:label2\" content=\"Gesch\u00e4tzte Lesezeit\" \/>\n\t<meta name=\"twitter:data2\" content=\"2\u00a0Minuten\" \/>\n<script type=\"application\/ld+json\" class=\"yoast-schema-graph\">{\"@context\":\"https:\/\/schema.org\",\"@graph\":[{\"@type\":\"WebPage\",\"@id\":\"https:\/\/vof-news.eu\/de\/trump-fordert-von-selenskyj-mehr-realismus\/\",\"url\":\"https:\/\/vof-news.eu\/de\/trump-fordert-von-selenskyj-mehr-realismus\/\",\"name\":\"Trump fordert von Selenskyj mehr Realismus - vof-news.eu\",\"isPartOf\":{\"@id\":\"https:\/\/vof-news.eu\/de\/#website\"},\"primaryImageOfPage\":{\"@id\":\"https:\/\/vof-news.eu\/de\/trump-fordert-von-selenskyj-mehr-realismus\/#primaryimage\"},\"image\":{\"@id\":\"https:\/\/vof-news.eu\/de\/trump-fordert-von-selenskyj-mehr-realismus\/#primaryimage\"},\"thumbnailUrl\":\"https:\/\/vof-news.eu\/wp-content\/uploads\/2025\/12\/wide__1000x562-53.jpg\",\"datePublished\":\"2025-12-11T00:28:08+00:00\",\"dateModified\":\"2025-12-11T00:29:42+00:00\",\"author\":{\"@id\":\"https:\/\/vof-news.eu\/de\/#\/schema\/person\/f6a2a4309f0561835797fd8c19b333ed\"},\"description\":\"Zwischen den USA und europ\u00e4ischen Partnern besteht offenbar nach wie vor keine Einigkeit \u00fcber Wege zu einem Kriegsende in der Ukraine. US-Pr\u00e4sident Donald Trump sagte, bei seinem Telefonat mit den Staatsspitzen von Deutschland, Frankreich und Gro\u00dfbritannien am Mittwoch sei \\\"in ziemlich deutlichen Worten\\\" diskutiert worden. Dabei habe es \\\"einige kleine Meinungsverschiedenheiten \u00fcber Personen\\\" gegeben.\u00a0\",\"breadcrumb\":{\"@id\":\"https:\/\/vof-news.eu\/de\/trump-fordert-von-selenskyj-mehr-realismus\/#breadcrumb\"},\"inLanguage\":\"de\",\"potentialAction\":[{\"@type\":\"ReadAction\",\"target\":[\"https:\/\/vof-news.eu\/de\/trump-fordert-von-selenskyj-mehr-realismus\/\"]}]},{\"@type\":\"ImageObject\",\"inLanguage\":\"de\",\"@id\":\"https:\/\/vof-news.eu\/de\/trump-fordert-von-selenskyj-mehr-realismus\/#primaryimage\",\"url\":\"https:\/\/vof-news.eu\/wp-content\/uploads\/2025\/12\/wide__1000x562-53.jpg\",\"contentUrl\":\"https:\/\/vof-news.eu\/wp-content\/uploads\/2025\/12\/wide__1000x562-53.jpg\",\"width\":1000,\"height\":562},{\"@type\":\"BreadcrumbList\",\"@id\":\"https:\/\/vof-news.eu\/de\/trump-fordert-von-selenskyj-mehr-realismus\/#breadcrumb\",\"itemListElement\":[{\"@type\":\"ListItem\",\"position\":1,\"name\":\"Home\",\"item\":\"https:\/\/vof-news.eu\/de\/\"},{\"@type\":\"ListItem\",\"position\":2,\"name\":\"Trump fordert von Selenskyj mehr Realismus\"}]},{\"@type\":\"WebSite\",\"@id\":\"https:\/\/vof-news.eu\/de\/#website\",\"url\":\"https:\/\/vof-news.eu\/de\/\",\"name\":\"vof-news.eu\",\"description\":\"\",\"potentialAction\":[{\"@type\":\"SearchAction\",\"target\":{\"@type\":\"EntryPoint\",\"urlTemplate\":\"https:\/\/vof-news.eu\/de\/?s={search_term_string}\"},\"query-input\":\"required name=search_term_string\"}],\"inLanguage\":\"de\"},{\"@type\":\"Person\",\"@id\":\"https:\/\/vof-news.eu\/de\/#\/schema\/person\/f6a2a4309f0561835797fd8c19b333ed\",\"name\":\"Author\",\"image\":{\"@type\":\"ImageObject\",\"inLanguage\":\"de\",\"@id\":\"https:\/\/vof-news.eu\/de\/#\/schema\/person\/image\/\",\"url\":\"https:\/\/secure.gravatar.com\/avatar\/b67e614b1b25b3e9c0c239efdd2fde5ab015b5affd6f1c3c85911ca4b384e790?s=96&d=mm&r=g\",\"contentUrl\":\"https:\/\/secure.gravatar.com\/avatar\/b67e614b1b25b3e9c0c239efdd2fde5ab015b5affd6f1c3c85911ca4b384e790?s=96&d=mm&r=g\",\"caption\":\"Author\"},\"sameAs\":[\"http:\/\/vof-news.eu\"],\"url\":\"https:\/\/vof-news.eu\/de\/author\/zwt6qxnjulxbnyg\/\"}]}<\/script>\n<!-- \/ Yoast SEO plugin. -->","yoast_head_json":{"title":"Trump fordert von Selenskyj mehr Realismus - vof-news.eu","description":"Zwischen den USA und europ\u00e4ischen Partnern besteht offenbar nach wie vor keine Einigkeit \u00fcber Wege zu einem Kriegsende in der Ukraine. US-Pr\u00e4sident Donald Trump sagte, bei seinem Telefonat mit den Staatsspitzen von Deutschland, Frankreich und Gro\u00dfbritannien am Mittwoch sei \"in ziemlich deutlichen Worten\" diskutiert worden. Dabei habe es \"einige kleine Meinungsverschiedenheiten \u00fcber Personen\" gegeben.\u00a0","robots":{"index":"noindex","follow":"follow","max-snippet":"max-snippet:-1","max-image-preview":"max-image-preview:large","max-video-preview":"max-video-preview:-1"},"og_locale":"de_DE","og_type":"article","og_title":"Trump fordert von Selenskyj mehr Realismus - vof-news.eu","og_description":"Zwischen den USA und europ\u00e4ischen Partnern besteht offenbar nach wie vor keine Einigkeit \u00fcber Wege zu einem Kriegsende in der Ukraine. US-Pr\u00e4sident Donald Trump sagte, bei seinem Telefonat mit den Staatsspitzen von Deutschland, Frankreich und Gro\u00dfbritannien am Mittwoch sei \"in ziemlich deutlichen Worten\" diskutiert worden. Dabei habe es \"einige kleine Meinungsverschiedenheiten \u00fcber Personen\" gegeben.\u00a0","og_url":"https:\/\/vof-news.eu\/de\/trump-fordert-von-selenskyj-mehr-realismus\/","og_site_name":"vof-news.eu","article_published_time":"2025-12-11T00:28:08+00:00","article_modified_time":"2025-12-11T00:29:42+00:00","og_image":[{"width":1000,"height":562,"url":"https:\/\/vof-news.eu\/wp-content\/uploads\/2025\/12\/wide__1000x562-53.jpg","type":"image\/jpeg"}],"author":"Author","twitter_card":"summary_large_image","twitter_misc":{"Verfasst von":"Author","Gesch\u00e4tzte Lesezeit":"2\u00a0Minuten"},"schema":{"@context":"https:\/\/schema.org","@graph":[{"@type":"WebPage","@id":"https:\/\/vof-news.eu\/de\/trump-fordert-von-selenskyj-mehr-realismus\/","url":"https:\/\/vof-news.eu\/de\/trump-fordert-von-selenskyj-mehr-realismus\/","name":"Trump fordert von Selenskyj mehr Realismus - vof-news.eu","isPartOf":{"@id":"https:\/\/vof-news.eu\/de\/#website"},"primaryImageOfPage":{"@id":"https:\/\/vof-news.eu\/de\/trump-fordert-von-selenskyj-mehr-realismus\/#primaryimage"},"image":{"@id":"https:\/\/vof-news.eu\/de\/trump-fordert-von-selenskyj-mehr-realismus\/#primaryimage"},"thumbnailUrl":"https:\/\/vof-news.eu\/wp-content\/uploads\/2025\/12\/wide__1000x562-53.jpg","datePublished":"2025-12-11T00:28:08+00:00","dateModified":"2025-12-11T00:29:42+00:00","author":{"@id":"https:\/\/vof-news.eu\/de\/#\/schema\/person\/f6a2a4309f0561835797fd8c19b333ed"},"description":"Zwischen den USA und europ\u00e4ischen Partnern besteht offenbar nach wie vor keine Einigkeit \u00fcber Wege zu einem Kriegsende in der Ukraine. US-Pr\u00e4sident Donald Trump sagte, bei seinem Telefonat mit den Staatsspitzen von Deutschland, Frankreich und Gro\u00dfbritannien am Mittwoch sei \"in ziemlich deutlichen Worten\" diskutiert worden. Dabei habe es \"einige kleine Meinungsverschiedenheiten \u00fcber Personen\" gegeben.\u00a0","breadcrumb":{"@id":"https:\/\/vof-news.eu\/de\/trump-fordert-von-selenskyj-mehr-realismus\/#breadcrumb"},"inLanguage":"de","potentialAction":[{"@type":"ReadAction","target":["https:\/\/vof-news.eu\/de\/trump-fordert-von-selenskyj-mehr-realismus\/"]}]},{"@type":"ImageObject","inLanguage":"de","@id":"https:\/\/vof-news.eu\/de\/trump-fordert-von-selenskyj-mehr-realismus\/#primaryimage","url":"https:\/\/vof-news.eu\/wp-content\/uploads\/2025\/12\/wide__1000x562-53.jpg","contentUrl":"https:\/\/vof-news.eu\/wp-content\/uploads\/2025\/12\/wide__1000x562-53.jpg","width":1000,"height":562},{"@type":"BreadcrumbList","@id":"https:\/\/vof-news.eu\/de\/trump-fordert-von-selenskyj-mehr-realismus\/#breadcrumb","itemListElement":[{"@type":"ListItem","position":1,"name":"Home","item":"https:\/\/vof-news.eu\/de\/"},{"@type":"ListItem","position":2,"name":"Trump fordert von Selenskyj mehr Realismus"}]},{"@type":"WebSite","@id":"https:\/\/vof-news.eu\/de\/#website","url":"https:\/\/vof-news.eu\/de\/","name":"vof-news.eu","description":"","potentialAction":[{"@type":"SearchAction","target":{"@type":"EntryPoint","urlTemplate":"https:\/\/vof-news.eu\/de\/?s={search_term_string}"},"query-input":"required name=search_term_string"}],"inLanguage":"de"},{"@type":"Person","@id":"https:\/\/vof-news.eu\/de\/#\/schema\/person\/f6a2a4309f0561835797fd8c19b333ed","name":"Author","image":{"@type":"ImageObject","inLanguage":"de","@id":"https:\/\/vof-news.eu\/de\/#\/schema\/person\/image\/","url":"https:\/\/secure.gravatar.com\/avatar\/b67e614b1b25b3e9c0c239efdd2fde5ab015b5affd6f1c3c85911ca4b384e790?s=96&d=mm&r=g","contentUrl":"https:\/\/secure.gravatar.com\/avatar\/b67e614b1b25b3e9c0c239efdd2fde5ab015b5affd6f1c3c85911ca4b384e790?s=96&d=mm&r=g","caption":"Author"},"sameAs":["http:\/\/vof-news.eu"],"url":"https:\/\/vof-news.eu\/de\/author\/zwt6qxnjulxbnyg\/"}]}},"yoast_meta":{"yoast_wpseo_title":"","yoast_wpseo_metadesc":"","yoast_wpseo_canonical":""},"_links":{"self":[{"href":"https:\/\/vof-news.eu\/de\/wp-json\/wp\/v2\/posts\/306352","targetHints":{"allow":["GET"]}}],"collection":[{"href":"https:\/\/vof-news.eu\/de\/wp-json\/wp\/v2\/posts"}],"about":[{"href":"https:\/\/vof-news.eu\/de\/wp-json\/wp\/v2\/types\/post"}],"author":[{"embeddable":true,"href":"https:\/\/vof-news.eu\/de\/wp-json\/wp\/v2\/users\/1"}],"replies":[{"embeddable":true,"href":"https:\/\/vof-news.eu\/de\/wp-json\/wp\/v2\/comments?post=306352"}],"version-history":[{"count":1,"href":"https:\/\/vof-news.eu\/de\/wp-json\/wp\/v2\/posts\/306352\/revisions"}],"predecessor-version":[{"id":306359,"href":"https:\/\/vof-news.eu\/de\/wp-json\/wp\/v2\/posts\/306352\/revisions\/306359"}],"wp:featuredmedia":[{"embeddable":true,"href":"https:\/\/vof-news.eu\/de\/wp-json\/wp\/v2\/media\/306353"}],"wp:attachment":[{"href":"https:\/\/vof-news.eu\/de\/wp-json\/wp\/v2\/media?parent=306352"}],"wp:term":[{"taxonomy":"category","embeddable":true,"href":"https:\/\/vof-news.eu\/de\/wp-json\/wp\/v2\/categories?post=306352"},{"taxonomy":"post_tag","embeddable":true,"href":"https:\/\/vof-news.eu\/de\/wp-json\/wp\/v2\/tags?post=306352"}],"curies":[{"name":"wp","href":"https:\/\/api.w.org\/{rel}","templated":true}]}}