{"id":305841,"date":"2025-12-09T23:28:11","date_gmt":"2025-12-09T20:28:11","guid":{"rendered":"https:\/\/vof-news.eu\/wolodymyr-selenskyj-erklart-sich-zu-wahlen-wahrend-des-krieges-bereit\/"},"modified":"2025-12-09T23:30:13","modified_gmt":"2025-12-09T20:30:13","slug":"wolodymyr-selenskyj-erklart-sich-zu-wahlen-wahrend-des-krieges-bereit","status":"publish","type":"post","link":"https:\/\/vof-news.eu\/de\/wolodymyr-selenskyj-erklart-sich-zu-wahlen-wahrend-des-krieges-bereit\/","title":{"rendered":"Wolodymyr Selenskyj erkl\u00e4rt sich zu Wahlen w\u00e4hrend des Krieges bereit"},"content":{"rendered":"<div>\n<p>Der ukrainische Pr\u00e4sident <span><a href=\"https:\/\/www.zeit.de\/thema\/wolodymyr-selenskyj\" rel=\"nofollow\">Wolodymyr Selenskyj<\/a><\/span> kann sich Wahlen in seinem Land auch unter Kriegsrecht vorstellen. Er sei bereit, Wahlen abzuhalten, wenn die Verb\u00fcndeten in den USA und in Europa f\u00fcr die Sicherheit w\u00e4hrend des Prozesses garantierten, sagte Selenskyj. Sei dies der Fall, k\u00f6nne innerhalb von 60 bis 90 Tagen gew\u00e4hlt werden.\u00a0Weiter sagte der Pr\u00e4sident, er werde die Abgeordneten bitten, &#8222;Vorschl\u00e4ge zur M\u00f6glichkeit einer \u00c4nderung der gesetzlichen Grundlagen und des Wahlgesetzes w\u00e4hrend des Kriegsrechts&#8220; auszuarbeiten.\n<\/p>\n<p>US-Pr\u00e4sident Donald Trump hatte sich in einem Interview mit dem Nachrichtenportal zuvor f\u00fcr Wahlen in der Ukraine ausgesprochen. Er denke, dass es an der Zeit sei, sagte er und behauptete, der Krieg werde als Vorwand genutzt, um keine Wahlen<br \/>\n abzuhalten. &#8222;Sie sprechen zwar von einer<br \/>\nDemokratie, aber irgendwann ist es keine Demokratie mehr&#8220;, sagte Trump, der Selenskyj schon kurz nach seinem<br \/>\nAmtsantritt kritisiert und ihn als &#8222;Diktator&#8220; bezeichnet hatte. Im Falle von Neuwahlen w\u00fcrde der ukrainische Pr\u00e4sident nur vier Prozent erhalten,<br \/>\nbehauptete Trump damals.\u00a0\n<\/p>\n<h2>Neuwahlen w\u00e4hrend des Kriegs ausgesetzt<\/h2>\n<p>Die ukrainische Regierung hat die Forderung nach Neuwahlen, wie sie<br \/>\nauch Russland schon mehrfach erhoben hat, bisher stets unter Verweis auf das geltende Kriegsrecht zur\u00fcckgewiesen. Zwar w\u00e4re die Amtszeit Selenskyjs regul\u00e4r im<br \/>\n vergangenen Jahr abgelaufen, doch w\u00e4hrend des Kriegs sind Wahlen ausgesetzt.\n<\/p>\n<p>Innenpolitisch ist Selenskyjs Regierung zuletzt unter Druck geraten. Ein <a href=\"https:\/\/www.zeit.de\/politik\/ausland\/2025-11\/ukraine-korruption-wolodymyr-selenskyj-ruecktritte-minister\" rel=\"nofollow\">Korruptionsskandal ersch\u00fcttert das Land<\/a>, Selenskyjs B\u00fcrochef und enger Vertrauter <a href=\"https:\/\/www.zeit.de\/politik\/ausland\/2025-11\/selenskyjs-stabschef-jermak-tritt-wegen-korruptionsaffaere-zurueck\" rel=\"nofollow\">Andrij Jermak ist zur\u00fcckgetreten<\/a>. Gleichzeitig befindet sich Selenskyj in Verhandlungen \u00fcber den US-Plan f\u00fcr ein m\u00f6gliches Kriegsende. Der \u00fcberarbeitete Plan werde voraussichtlich an diesem Mittwoch an die USA<br \/>\nzur\u00fcckgeschickt, k\u00fcndigte Selenskyj an.\u00a0\n<\/p>\n<p>Der urspr\u00fcngliche Entwurf war auf Dr\u00e4ngen der Ukraine und seiner europ\u00e4ischen Verb\u00fcndeten in zentralen<\/p>\n<p>Punkten \u00fcberarbeitet worden. Laut Selenskyj umfasst er nun noch 20 statt der <a href=\"https:\/\/www.zeit.de\/politik\/ausland\/2025-11\/usa-friedensplan-ukraine-russland-trump\" rel=\"nofollow\">urspr\u00fcnglich 28 Punkte<\/a>.\n<\/p>\n<p><a href=\"https:\/\/www.zeit.de\/politik\/ausland\/ukraine-krieg-news-liveblog\" rel=\"nofollow\"><\/a>\n<\/p>\n<\/div>\n","protected":false},"excerpt":{"rendered":"<p>Der ukrainische Pr\u00e4sident Wolodymyr Selenskyj kann sich Wahlen in seinem Land auch unter Kriegsrecht vorstellen. Er sei bereit, Wahlen abzuhalten, wenn die Verb\u00fcndeten in den USA und in Europa f\u00fcr die Sicherheit w\u00e4hrend des Prozesses garantierten, sagte Selenskyj. Sei dies der Fall, k\u00f6nne innerhalb von 60 bis 90 Tagen gew\u00e4hlt werden.\u00a0Weiter sagte der Pr\u00e4sident, er<\/p>\n","protected":false},"author":1,"featured_media":305842,"comment_status":"open","ping_status":"open","sticky":false,"template":"","format":"standard","meta":{"footnotes":""},"categories":[116],"tags":[],"class_list":["post-305841","post","type-post","status-publish","format-standard","has-post-thumbnail","hentry","category-war-chronicles-de"],"acf":[],"yoast_head":"<!-- This site is optimized with the Yoast SEO plugin v22.9 - https:\/\/yoast.com\/wordpress\/plugins\/seo\/ -->\n<title>Wolodymyr Selenskyj erkl\u00e4rt sich zu Wahlen w\u00e4hrend des Krieges bereit - vof-news.eu<\/title>\n<meta name=\"description\" content=\"Der ukrainische Pr\u00e4sident Wolodymyr Selenskyj kann sich Wahlen in seinem Land auch unter Kriegsrecht vorstellen. Er sei bereit, Wahlen abzuhalten, wenn die Verb\u00fcndeten in den USA und in Europa f\u00fcr die Sicherheit w\u00e4hrend des Prozesses garantierten, sagte Selenskyj. Sei dies der Fall, k\u00f6nne innerhalb von 60 bis 90 Tagen gew\u00e4hlt werden.\u00a0Weiter sagte der Pr\u00e4sident, er werde die Abgeordneten bitten, &quot;Vorschl\u00e4ge zur M\u00f6glichkeit einer \u00c4nderung der gesetzlichen Grundlagen und des Wahlgesetzes w\u00e4hrend des Kriegsrechts&quot; auszuarbeiten.\" \/>\n<meta name=\"robots\" content=\"noindex, follow, max-snippet:-1, max-image-preview:large, max-video-preview:-1\" \/>\n<meta property=\"og:locale\" content=\"de_DE\" \/>\n<meta property=\"og:type\" content=\"article\" \/>\n<meta property=\"og:title\" content=\"Wolodymyr Selenskyj erkl\u00e4rt sich zu Wahlen w\u00e4hrend des Krieges bereit - vof-news.eu\" \/>\n<meta property=\"og:description\" content=\"Der ukrainische Pr\u00e4sident Wolodymyr Selenskyj kann sich Wahlen in seinem Land auch unter Kriegsrecht vorstellen. Er sei bereit, Wahlen abzuhalten, wenn die Verb\u00fcndeten in den USA und in Europa f\u00fcr die Sicherheit w\u00e4hrend des Prozesses garantierten, sagte Selenskyj. Sei dies der Fall, k\u00f6nne innerhalb von 60 bis 90 Tagen gew\u00e4hlt werden.\u00a0Weiter sagte der Pr\u00e4sident, er werde die Abgeordneten bitten, &quot;Vorschl\u00e4ge zur M\u00f6glichkeit einer \u00c4nderung der gesetzlichen Grundlagen und des Wahlgesetzes w\u00e4hrend des Kriegsrechts&quot; auszuarbeiten.\" \/>\n<meta property=\"og:url\" content=\"https:\/\/vof-news.eu\/de\/wolodymyr-selenskyj-erklart-sich-zu-wahlen-wahrend-des-krieges-bereit\/\" \/>\n<meta property=\"og:site_name\" content=\"vof-news.eu\" \/>\n<meta property=\"article:published_time\" content=\"2025-12-09T20:28:11+00:00\" \/>\n<meta property=\"article:modified_time\" content=\"2025-12-09T20:30:13+00:00\" \/>\n<meta property=\"og:image\" content=\"https:\/\/vof-news.eu\/wp-content\/uploads\/2025\/12\/wide__1000x562-50.jpg\" \/>\n\t<meta property=\"og:image:width\" content=\"1000\" \/>\n\t<meta property=\"og:image:height\" content=\"562\" \/>\n\t<meta property=\"og:image:type\" content=\"image\/jpeg\" \/>\n<meta name=\"author\" content=\"Author\" \/>\n<meta name=\"twitter:card\" content=\"summary_large_image\" \/>\n<meta name=\"twitter:label1\" content=\"Verfasst von\" \/>\n\t<meta name=\"twitter:data1\" content=\"Author\" \/>\n\t<meta name=\"twitter:label2\" content=\"Gesch\u00e4tzte Lesezeit\" \/>\n\t<meta name=\"twitter:data2\" content=\"2\u00a0Minuten\" \/>\n<script type=\"application\/ld+json\" class=\"yoast-schema-graph\">{\"@context\":\"https:\/\/schema.org\",\"@graph\":[{\"@type\":\"WebPage\",\"@id\":\"https:\/\/vof-news.eu\/de\/wolodymyr-selenskyj-erklart-sich-zu-wahlen-wahrend-des-krieges-bereit\/\",\"url\":\"https:\/\/vof-news.eu\/de\/wolodymyr-selenskyj-erklart-sich-zu-wahlen-wahrend-des-krieges-bereit\/\",\"name\":\"Wolodymyr Selenskyj erkl\u00e4rt sich zu Wahlen w\u00e4hrend des Krieges bereit - vof-news.eu\",\"isPartOf\":{\"@id\":\"https:\/\/vof-news.eu\/de\/#website\"},\"primaryImageOfPage\":{\"@id\":\"https:\/\/vof-news.eu\/de\/wolodymyr-selenskyj-erklart-sich-zu-wahlen-wahrend-des-krieges-bereit\/#primaryimage\"},\"image\":{\"@id\":\"https:\/\/vof-news.eu\/de\/wolodymyr-selenskyj-erklart-sich-zu-wahlen-wahrend-des-krieges-bereit\/#primaryimage\"},\"thumbnailUrl\":\"https:\/\/vof-news.eu\/wp-content\/uploads\/2025\/12\/wide__1000x562-50.jpg\",\"datePublished\":\"2025-12-09T20:28:11+00:00\",\"dateModified\":\"2025-12-09T20:30:13+00:00\",\"author\":{\"@id\":\"https:\/\/vof-news.eu\/de\/#\/schema\/person\/f6a2a4309f0561835797fd8c19b333ed\"},\"description\":\"Der ukrainische Pr\u00e4sident Wolodymyr Selenskyj kann sich Wahlen in seinem Land auch unter Kriegsrecht vorstellen. Er sei bereit, Wahlen abzuhalten, wenn die Verb\u00fcndeten in den USA und in Europa f\u00fcr die Sicherheit w\u00e4hrend des Prozesses garantierten, sagte Selenskyj. Sei dies der Fall, k\u00f6nne innerhalb von 60 bis 90 Tagen gew\u00e4hlt werden.\u00a0Weiter sagte der Pr\u00e4sident, er werde die Abgeordneten bitten, \\\"Vorschl\u00e4ge zur M\u00f6glichkeit einer \u00c4nderung der gesetzlichen Grundlagen und des Wahlgesetzes w\u00e4hrend des Kriegsrechts\\\" auszuarbeiten.\",\"breadcrumb\":{\"@id\":\"https:\/\/vof-news.eu\/de\/wolodymyr-selenskyj-erklart-sich-zu-wahlen-wahrend-des-krieges-bereit\/#breadcrumb\"},\"inLanguage\":\"de\",\"potentialAction\":[{\"@type\":\"ReadAction\",\"target\":[\"https:\/\/vof-news.eu\/de\/wolodymyr-selenskyj-erklart-sich-zu-wahlen-wahrend-des-krieges-bereit\/\"]}]},{\"@type\":\"ImageObject\",\"inLanguage\":\"de\",\"@id\":\"https:\/\/vof-news.eu\/de\/wolodymyr-selenskyj-erklart-sich-zu-wahlen-wahrend-des-krieges-bereit\/#primaryimage\",\"url\":\"https:\/\/vof-news.eu\/wp-content\/uploads\/2025\/12\/wide__1000x562-50.jpg\",\"contentUrl\":\"https:\/\/vof-news.eu\/wp-content\/uploads\/2025\/12\/wide__1000x562-50.jpg\",\"width\":1000,\"height\":562},{\"@type\":\"BreadcrumbList\",\"@id\":\"https:\/\/vof-news.eu\/de\/wolodymyr-selenskyj-erklart-sich-zu-wahlen-wahrend-des-krieges-bereit\/#breadcrumb\",\"itemListElement\":[{\"@type\":\"ListItem\",\"position\":1,\"name\":\"Home\",\"item\":\"https:\/\/vof-news.eu\/de\/\"},{\"@type\":\"ListItem\",\"position\":2,\"name\":\"Wolodymyr Selenskyj erkl\u00e4rt sich zu Wahlen w\u00e4hrend des Krieges bereit\"}]},{\"@type\":\"WebSite\",\"@id\":\"https:\/\/vof-news.eu\/de\/#website\",\"url\":\"https:\/\/vof-news.eu\/de\/\",\"name\":\"vof-news.eu\",\"description\":\"\",\"potentialAction\":[{\"@type\":\"SearchAction\",\"target\":{\"@type\":\"EntryPoint\",\"urlTemplate\":\"https:\/\/vof-news.eu\/de\/?s={search_term_string}\"},\"query-input\":\"required name=search_term_string\"}],\"inLanguage\":\"de\"},{\"@type\":\"Person\",\"@id\":\"https:\/\/vof-news.eu\/de\/#\/schema\/person\/f6a2a4309f0561835797fd8c19b333ed\",\"name\":\"Author\",\"image\":{\"@type\":\"ImageObject\",\"inLanguage\":\"de\",\"@id\":\"https:\/\/vof-news.eu\/de\/#\/schema\/person\/image\/\",\"url\":\"https:\/\/secure.gravatar.com\/avatar\/b67e614b1b25b3e9c0c239efdd2fde5ab015b5affd6f1c3c85911ca4b384e790?s=96&d=mm&r=g\",\"contentUrl\":\"https:\/\/secure.gravatar.com\/avatar\/b67e614b1b25b3e9c0c239efdd2fde5ab015b5affd6f1c3c85911ca4b384e790?s=96&d=mm&r=g\",\"caption\":\"Author\"},\"sameAs\":[\"http:\/\/vof-news.eu\"],\"url\":\"https:\/\/vof-news.eu\/de\/author\/zwt6qxnjulxbnyg\/\"}]}<\/script>\n<!-- \/ Yoast SEO plugin. -->","yoast_head_json":{"title":"Wolodymyr Selenskyj erkl\u00e4rt sich zu Wahlen w\u00e4hrend des Krieges bereit - vof-news.eu","description":"Der ukrainische Pr\u00e4sident Wolodymyr Selenskyj kann sich Wahlen in seinem Land auch unter Kriegsrecht vorstellen. Er sei bereit, Wahlen abzuhalten, wenn die Verb\u00fcndeten in den USA und in Europa f\u00fcr die Sicherheit w\u00e4hrend des Prozesses garantierten, sagte Selenskyj. Sei dies der Fall, k\u00f6nne innerhalb von 60 bis 90 Tagen gew\u00e4hlt werden.\u00a0Weiter sagte der Pr\u00e4sident, er werde die Abgeordneten bitten, \"Vorschl\u00e4ge zur M\u00f6glichkeit einer \u00c4nderung der gesetzlichen Grundlagen und des Wahlgesetzes w\u00e4hrend des Kriegsrechts\" auszuarbeiten.","robots":{"index":"noindex","follow":"follow","max-snippet":"max-snippet:-1","max-image-preview":"max-image-preview:large","max-video-preview":"max-video-preview:-1"},"og_locale":"de_DE","og_type":"article","og_title":"Wolodymyr Selenskyj erkl\u00e4rt sich zu Wahlen w\u00e4hrend des Krieges bereit - vof-news.eu","og_description":"Der ukrainische Pr\u00e4sident Wolodymyr Selenskyj kann sich Wahlen in seinem Land auch unter Kriegsrecht vorstellen. Er sei bereit, Wahlen abzuhalten, wenn die Verb\u00fcndeten in den USA und in Europa f\u00fcr die Sicherheit w\u00e4hrend des Prozesses garantierten, sagte Selenskyj. Sei dies der Fall, k\u00f6nne innerhalb von 60 bis 90 Tagen gew\u00e4hlt werden.\u00a0Weiter sagte der Pr\u00e4sident, er werde die Abgeordneten bitten, \"Vorschl\u00e4ge zur M\u00f6glichkeit einer \u00c4nderung der gesetzlichen Grundlagen und des Wahlgesetzes w\u00e4hrend des Kriegsrechts\" auszuarbeiten.","og_url":"https:\/\/vof-news.eu\/de\/wolodymyr-selenskyj-erklart-sich-zu-wahlen-wahrend-des-krieges-bereit\/","og_site_name":"vof-news.eu","article_published_time":"2025-12-09T20:28:11+00:00","article_modified_time":"2025-12-09T20:30:13+00:00","og_image":[{"width":1000,"height":562,"url":"https:\/\/vof-news.eu\/wp-content\/uploads\/2025\/12\/wide__1000x562-50.jpg","type":"image\/jpeg"}],"author":"Author","twitter_card":"summary_large_image","twitter_misc":{"Verfasst von":"Author","Gesch\u00e4tzte Lesezeit":"2\u00a0Minuten"},"schema":{"@context":"https:\/\/schema.org","@graph":[{"@type":"WebPage","@id":"https:\/\/vof-news.eu\/de\/wolodymyr-selenskyj-erklart-sich-zu-wahlen-wahrend-des-krieges-bereit\/","url":"https:\/\/vof-news.eu\/de\/wolodymyr-selenskyj-erklart-sich-zu-wahlen-wahrend-des-krieges-bereit\/","name":"Wolodymyr Selenskyj erkl\u00e4rt sich zu Wahlen w\u00e4hrend des Krieges bereit - vof-news.eu","isPartOf":{"@id":"https:\/\/vof-news.eu\/de\/#website"},"primaryImageOfPage":{"@id":"https:\/\/vof-news.eu\/de\/wolodymyr-selenskyj-erklart-sich-zu-wahlen-wahrend-des-krieges-bereit\/#primaryimage"},"image":{"@id":"https:\/\/vof-news.eu\/de\/wolodymyr-selenskyj-erklart-sich-zu-wahlen-wahrend-des-krieges-bereit\/#primaryimage"},"thumbnailUrl":"https:\/\/vof-news.eu\/wp-content\/uploads\/2025\/12\/wide__1000x562-50.jpg","datePublished":"2025-12-09T20:28:11+00:00","dateModified":"2025-12-09T20:30:13+00:00","author":{"@id":"https:\/\/vof-news.eu\/de\/#\/schema\/person\/f6a2a4309f0561835797fd8c19b333ed"},"description":"Der ukrainische Pr\u00e4sident Wolodymyr Selenskyj kann sich Wahlen in seinem Land auch unter Kriegsrecht vorstellen. Er sei bereit, Wahlen abzuhalten, wenn die Verb\u00fcndeten in den USA und in Europa f\u00fcr die Sicherheit w\u00e4hrend des Prozesses garantierten, sagte Selenskyj. Sei dies der Fall, k\u00f6nne innerhalb von 60 bis 90 Tagen gew\u00e4hlt werden.\u00a0Weiter sagte der Pr\u00e4sident, er werde die Abgeordneten bitten, \"Vorschl\u00e4ge zur M\u00f6glichkeit einer \u00c4nderung der gesetzlichen Grundlagen und des Wahlgesetzes w\u00e4hrend des Kriegsrechts\" auszuarbeiten.","breadcrumb":{"@id":"https:\/\/vof-news.eu\/de\/wolodymyr-selenskyj-erklart-sich-zu-wahlen-wahrend-des-krieges-bereit\/#breadcrumb"},"inLanguage":"de","potentialAction":[{"@type":"ReadAction","target":["https:\/\/vof-news.eu\/de\/wolodymyr-selenskyj-erklart-sich-zu-wahlen-wahrend-des-krieges-bereit\/"]}]},{"@type":"ImageObject","inLanguage":"de","@id":"https:\/\/vof-news.eu\/de\/wolodymyr-selenskyj-erklart-sich-zu-wahlen-wahrend-des-krieges-bereit\/#primaryimage","url":"https:\/\/vof-news.eu\/wp-content\/uploads\/2025\/12\/wide__1000x562-50.jpg","contentUrl":"https:\/\/vof-news.eu\/wp-content\/uploads\/2025\/12\/wide__1000x562-50.jpg","width":1000,"height":562},{"@type":"BreadcrumbList","@id":"https:\/\/vof-news.eu\/de\/wolodymyr-selenskyj-erklart-sich-zu-wahlen-wahrend-des-krieges-bereit\/#breadcrumb","itemListElement":[{"@type":"ListItem","position":1,"name":"Home","item":"https:\/\/vof-news.eu\/de\/"},{"@type":"ListItem","position":2,"name":"Wolodymyr Selenskyj erkl\u00e4rt sich zu Wahlen w\u00e4hrend des Krieges bereit"}]},{"@type":"WebSite","@id":"https:\/\/vof-news.eu\/de\/#website","url":"https:\/\/vof-news.eu\/de\/","name":"vof-news.eu","description":"","potentialAction":[{"@type":"SearchAction","target":{"@type":"EntryPoint","urlTemplate":"https:\/\/vof-news.eu\/de\/?s={search_term_string}"},"query-input":"required name=search_term_string"}],"inLanguage":"de"},{"@type":"Person","@id":"https:\/\/vof-news.eu\/de\/#\/schema\/person\/f6a2a4309f0561835797fd8c19b333ed","name":"Author","image":{"@type":"ImageObject","inLanguage":"de","@id":"https:\/\/vof-news.eu\/de\/#\/schema\/person\/image\/","url":"https:\/\/secure.gravatar.com\/avatar\/b67e614b1b25b3e9c0c239efdd2fde5ab015b5affd6f1c3c85911ca4b384e790?s=96&d=mm&r=g","contentUrl":"https:\/\/secure.gravatar.com\/avatar\/b67e614b1b25b3e9c0c239efdd2fde5ab015b5affd6f1c3c85911ca4b384e790?s=96&d=mm&r=g","caption":"Author"},"sameAs":["http:\/\/vof-news.eu"],"url":"https:\/\/vof-news.eu\/de\/author\/zwt6qxnjulxbnyg\/"}]}},"yoast_meta":{"yoast_wpseo_title":"","yoast_wpseo_metadesc":"","yoast_wpseo_canonical":""},"_links":{"self":[{"href":"https:\/\/vof-news.eu\/de\/wp-json\/wp\/v2\/posts\/305841","targetHints":{"allow":["GET"]}}],"collection":[{"href":"https:\/\/vof-news.eu\/de\/wp-json\/wp\/v2\/posts"}],"about":[{"href":"https:\/\/vof-news.eu\/de\/wp-json\/wp\/v2\/types\/post"}],"author":[{"embeddable":true,"href":"https:\/\/vof-news.eu\/de\/wp-json\/wp\/v2\/users\/1"}],"replies":[{"embeddable":true,"href":"https:\/\/vof-news.eu\/de\/wp-json\/wp\/v2\/comments?post=305841"}],"version-history":[{"count":1,"href":"https:\/\/vof-news.eu\/de\/wp-json\/wp\/v2\/posts\/305841\/revisions"}],"predecessor-version":[{"id":305848,"href":"https:\/\/vof-news.eu\/de\/wp-json\/wp\/v2\/posts\/305841\/revisions\/305848"}],"wp:featuredmedia":[{"embeddable":true,"href":"https:\/\/vof-news.eu\/de\/wp-json\/wp\/v2\/media\/305842"}],"wp:attachment":[{"href":"https:\/\/vof-news.eu\/de\/wp-json\/wp\/v2\/media?parent=305841"}],"wp:term":[{"taxonomy":"category","embeddable":true,"href":"https:\/\/vof-news.eu\/de\/wp-json\/wp\/v2\/categories?post=305841"},{"taxonomy":"post_tag","embeddable":true,"href":"https:\/\/vof-news.eu\/de\/wp-json\/wp\/v2\/tags?post=305841"}],"curies":[{"name":"wp","href":"https:\/\/api.w.org\/{rel}","templated":true}]}}