{"id":305577,"date":"2025-12-09T13:28:18","date_gmt":"2025-12-09T10:28:18","guid":{"rendered":"https:\/\/vof-news.eu\/andrej-babis-zum-tschechischen-ministerprasidenten-ernannt\/"},"modified":"2025-12-09T13:29:35","modified_gmt":"2025-12-09T10:29:35","slug":"andrej-babis-zum-tschechischen-ministerprasidenten-ernannt","status":"publish","type":"post","link":"https:\/\/vof-news.eu\/de\/andrej-babis-zum-tschechischen-ministerprasidenten-ernannt\/","title":{"rendered":"Andrej Babi\u0161 zum tschechischen Ministerpr\u00e4sidenten ernannt"},"content":{"rendered":"<div>\n<p>In <span><a href=\"https:\/\/www.zeit.de\/thema\/tschechien\" rel=\"nofollow\">Tschechien<\/a><\/span> ist der Rechtspopulist Andrej Babi\u0161\u00a0<a href=\"https:\/\/www.zeit.de\/politik\/ausland\/2025-12\/tschechien-andrej-babi-ministerpraesident-regierung\" rel=\"nofollow\">zum neuen Ministerpr\u00e4sidenten ernannt worden<\/a>. Der Milliard\u00e4r wurde von Pr\u00e4sident Petr Pavel vereidigt.\u00a0Babi\u0161\u00a0soll die Amtsgesch\u00e4fte der bisherigen Mitte-rechts-Regierung \u00fcbernehmen, sobald sein gesamtes Kabinett ernannt ist, was noch in diesem Monat erwartet wird.\u00a0Babi\u0161\u00a0war bereits von 2017 bis 2021 Ministerpr\u00e4sident, war die vergangenen\u00a0vier Jahre jedoch in der Opposition. Seine ANO-Partei hatte die <a href=\"https:\/\/www.zeit.de\/politik\/ausland\/2025-09\/parlamentswahl-tschechien-andrej-babis-eu-russland-rechtsruck-faq\" rel=\"nofollow\">Parlamentswahl Anfang Oktober gewonnen<\/a>.\n<\/p>\n<p>Zu dem <a href=\"https:\/\/www.zeit.de\/politik\/ausland\/2025-10\/andrej-babi-petr-pavel-regierungsbildung-auftrag-tschechien\" rel=\"nofollow\">Kabinett des 71-J\u00e4hrigen werden die EU-feindliche und prorussische Partei SPD sowie die Autofahrerpartei geh\u00f6ren<\/a>, deren Hauptanliegen die Ablehnung der EU-Klimapolitik ist.\u00a0\n<\/p>\n<p>Babi\u0161\u00a0hat angek\u00fcndigt, die Milit\u00e4rhilfe f\u00fcr die <span><a href=\"https:\/\/www.zeit.de\/politik\/ausland\/ukraine-krieg-news-liveblog\" rel=\"nofollow\">Ukraine<\/a><\/span> aus dem Staatshaushalt zu k\u00fcrzen. Zudem erw\u00e4gt er, eine von Tschechien geleitete Initiative zur Beschaffung von Munition f\u00fcr die Ukraine zu beenden.\u00a0Babi\u0161\u00a0hat das Programm als nicht transparent und \u00fcberteuert kritisiert. Er hat aber noch keine klare Haltung zur Zukunft des Projekts eingenommen, das vom tschechischen Pr\u00e4sidenten entschieden unterst\u00fctzt wird.\u00a0\n<\/p>\n<p>Ein Konflikt der neuen Regierung k\u00f6nnte nach wie vor die Nominierung des Ex-Rennfahrers und Unternehmers Filip Turek von der Autofahrerpartei f\u00fcr den Posten des Umweltministers sein. Tschechische Medien hatten nach der Wahl berichtet, dass Turek rassistische, homophobe und frauenfeindliche Kommentare in sozialen Medien ver\u00f6ffentlicht haben soll. Pr\u00e4sident Pavel k\u00fcndigte an, Turek nicht zum Minister ernennen zu wollen.\n<\/p>\n<h2>Babi\u0161 will Interessenkonflikt aufgel\u00f6st haben<\/h2>\n<p>\u00a0&#8222;Ich verspreche allen B\u00fcrgern der Tschechischen Republik, mich im In-<br \/>\nund Ausland f\u00fcr ihre Interessen einzusetzen&#8220;, sagte\u00a0Babi\u0161 bei seiner Ernennung. Zuvor hatte der Pr\u00e4sident ihn aufgefordert, seinen Interessenkonflikt als Eigent\u00fcmer des Lebensmittel- und<br \/>\nChemiekonzerns Agrofert und als Spitzenpolitiker zu l\u00f6sen.\u00a0\n<\/p>\n<p>In der vergangenen Woche teilte\u00a0Babi\u0161\u00a0mit, dass Agrofert vorerst einem unabh\u00e4ngigen<br \/>\nVerwalter \u00fcbergeben werde. Nach seinem Tod w\u00fcrden seine Kinder den Konzern<br \/>\nerben.\u00a0Der neue Ministerpr\u00e4sident z\u00e4hlt zu den zehn reichsten Tschechen.\n<\/p>\n<\/div>\n","protected":false},"excerpt":{"rendered":"<p>In Tschechien ist der Rechtspopulist Andrej Babi\u0161\u00a0zum neuen Ministerpr\u00e4sidenten ernannt worden. Der Milliard\u00e4r wurde von Pr\u00e4sident Petr Pavel vereidigt.\u00a0Babi\u0161\u00a0soll die Amtsgesch\u00e4fte der bisherigen Mitte-rechts-Regierung \u00fcbernehmen, sobald sein gesamtes Kabinett ernannt ist, was noch in diesem Monat erwartet wird.\u00a0Babi\u0161\u00a0war bereits von 2017 bis 2021 Ministerpr\u00e4sident, war die vergangenen\u00a0vier Jahre jedoch in der Opposition. Seine ANO-Partei hatte<\/p>\n","protected":false},"author":1,"featured_media":305578,"comment_status":"open","ping_status":"open","sticky":false,"template":"","format":"standard","meta":{"footnotes":""},"categories":[116],"tags":[],"class_list":["post-305577","post","type-post","status-publish","format-standard","has-post-thumbnail","hentry","category-war-chronicles-de"],"acf":[],"yoast_head":"<!-- This site is optimized with the Yoast SEO plugin v22.9 - https:\/\/yoast.com\/wordpress\/plugins\/seo\/ -->\n<title>Andrej Babi\u0161 zum tschechischen Ministerpr\u00e4sidenten ernannt - vof-news.eu<\/title>\n<meta name=\"description\" content=\"In Tschechien ist der Rechtspopulist Andrej Babi\u0161\u00a0zum neuen Ministerpr\u00e4sidenten ernannt worden. Der Milliard\u00e4r wurde von Pr\u00e4sident Petr Pavel vereidigt.\u00a0Babi\u0161\u00a0soll die Amtsgesch\u00e4fte der bisherigen Mitte-rechts-Regierung \u00fcbernehmen, sobald sein gesamtes Kabinett ernannt ist, was noch in diesem Monat erwartet wird.\u00a0Babi\u0161\u00a0war bereits von 2017 bis 2021 Ministerpr\u00e4sident, war die vergangenen\u00a0vier Jahre jedoch in der Opposition. Seine ANO-Partei hatte die Parlamentswahl Anfang Oktober gewonnen.\" \/>\n<meta name=\"robots\" content=\"noindex, follow, max-snippet:-1, max-image-preview:large, max-video-preview:-1\" \/>\n<meta property=\"og:locale\" content=\"de_DE\" \/>\n<meta property=\"og:type\" content=\"article\" \/>\n<meta property=\"og:title\" content=\"Andrej Babi\u0161 zum tschechischen Ministerpr\u00e4sidenten ernannt - vof-news.eu\" \/>\n<meta property=\"og:description\" content=\"In Tschechien ist der Rechtspopulist Andrej Babi\u0161\u00a0zum neuen Ministerpr\u00e4sidenten ernannt worden. Der Milliard\u00e4r wurde von Pr\u00e4sident Petr Pavel vereidigt.\u00a0Babi\u0161\u00a0soll die Amtsgesch\u00e4fte der bisherigen Mitte-rechts-Regierung \u00fcbernehmen, sobald sein gesamtes Kabinett ernannt ist, was noch in diesem Monat erwartet wird.\u00a0Babi\u0161\u00a0war bereits von 2017 bis 2021 Ministerpr\u00e4sident, war die vergangenen\u00a0vier Jahre jedoch in der Opposition. Seine ANO-Partei hatte die Parlamentswahl Anfang Oktober gewonnen.\" \/>\n<meta property=\"og:url\" content=\"https:\/\/vof-news.eu\/de\/andrej-babis-zum-tschechischen-ministerprasidenten-ernannt\/\" \/>\n<meta property=\"og:site_name\" content=\"vof-news.eu\" \/>\n<meta property=\"article:published_time\" content=\"2025-12-09T10:28:18+00:00\" \/>\n<meta property=\"article:modified_time\" content=\"2025-12-09T10:29:35+00:00\" \/>\n<meta property=\"og:image\" content=\"https:\/\/vof-news.eu\/wp-content\/uploads\/2025\/12\/wide__1000x562-48.jpg\" \/>\n\t<meta property=\"og:image:width\" content=\"1000\" \/>\n\t<meta property=\"og:image:height\" content=\"562\" \/>\n\t<meta property=\"og:image:type\" content=\"image\/jpeg\" \/>\n<meta name=\"author\" content=\"Author\" \/>\n<meta name=\"twitter:card\" content=\"summary_large_image\" \/>\n<meta name=\"twitter:label1\" content=\"Verfasst von\" \/>\n\t<meta name=\"twitter:data1\" content=\"Author\" \/>\n\t<meta name=\"twitter:label2\" content=\"Gesch\u00e4tzte Lesezeit\" \/>\n\t<meta name=\"twitter:data2\" content=\"2\u00a0Minuten\" \/>\n<script type=\"application\/ld+json\" class=\"yoast-schema-graph\">{\"@context\":\"https:\/\/schema.org\",\"@graph\":[{\"@type\":\"WebPage\",\"@id\":\"https:\/\/vof-news.eu\/de\/andrej-babis-zum-tschechischen-ministerprasidenten-ernannt\/\",\"url\":\"https:\/\/vof-news.eu\/de\/andrej-babis-zum-tschechischen-ministerprasidenten-ernannt\/\",\"name\":\"Andrej Babi\u0161 zum tschechischen Ministerpr\u00e4sidenten ernannt - vof-news.eu\",\"isPartOf\":{\"@id\":\"https:\/\/vof-news.eu\/de\/#website\"},\"primaryImageOfPage\":{\"@id\":\"https:\/\/vof-news.eu\/de\/andrej-babis-zum-tschechischen-ministerprasidenten-ernannt\/#primaryimage\"},\"image\":{\"@id\":\"https:\/\/vof-news.eu\/de\/andrej-babis-zum-tschechischen-ministerprasidenten-ernannt\/#primaryimage\"},\"thumbnailUrl\":\"https:\/\/vof-news.eu\/wp-content\/uploads\/2025\/12\/wide__1000x562-48.jpg\",\"datePublished\":\"2025-12-09T10:28:18+00:00\",\"dateModified\":\"2025-12-09T10:29:35+00:00\",\"author\":{\"@id\":\"https:\/\/vof-news.eu\/de\/#\/schema\/person\/f6a2a4309f0561835797fd8c19b333ed\"},\"description\":\"In Tschechien ist der Rechtspopulist Andrej Babi\u0161\u00a0zum neuen Ministerpr\u00e4sidenten ernannt worden. Der Milliard\u00e4r wurde von Pr\u00e4sident Petr Pavel vereidigt.\u00a0Babi\u0161\u00a0soll die Amtsgesch\u00e4fte der bisherigen Mitte-rechts-Regierung \u00fcbernehmen, sobald sein gesamtes Kabinett ernannt ist, was noch in diesem Monat erwartet wird.\u00a0Babi\u0161\u00a0war bereits von 2017 bis 2021 Ministerpr\u00e4sident, war die vergangenen\u00a0vier Jahre jedoch in der Opposition. Seine ANO-Partei hatte die Parlamentswahl Anfang Oktober gewonnen.\",\"breadcrumb\":{\"@id\":\"https:\/\/vof-news.eu\/de\/andrej-babis-zum-tschechischen-ministerprasidenten-ernannt\/#breadcrumb\"},\"inLanguage\":\"de\",\"potentialAction\":[{\"@type\":\"ReadAction\",\"target\":[\"https:\/\/vof-news.eu\/de\/andrej-babis-zum-tschechischen-ministerprasidenten-ernannt\/\"]}]},{\"@type\":\"ImageObject\",\"inLanguage\":\"de\",\"@id\":\"https:\/\/vof-news.eu\/de\/andrej-babis-zum-tschechischen-ministerprasidenten-ernannt\/#primaryimage\",\"url\":\"https:\/\/vof-news.eu\/wp-content\/uploads\/2025\/12\/wide__1000x562-48.jpg\",\"contentUrl\":\"https:\/\/vof-news.eu\/wp-content\/uploads\/2025\/12\/wide__1000x562-48.jpg\",\"width\":1000,\"height\":562},{\"@type\":\"BreadcrumbList\",\"@id\":\"https:\/\/vof-news.eu\/de\/andrej-babis-zum-tschechischen-ministerprasidenten-ernannt\/#breadcrumb\",\"itemListElement\":[{\"@type\":\"ListItem\",\"position\":1,\"name\":\"Home\",\"item\":\"https:\/\/vof-news.eu\/de\/\"},{\"@type\":\"ListItem\",\"position\":2,\"name\":\"Andrej Babi\u0161 zum tschechischen Ministerpr\u00e4sidenten ernannt\"}]},{\"@type\":\"WebSite\",\"@id\":\"https:\/\/vof-news.eu\/de\/#website\",\"url\":\"https:\/\/vof-news.eu\/de\/\",\"name\":\"vof-news.eu\",\"description\":\"\",\"potentialAction\":[{\"@type\":\"SearchAction\",\"target\":{\"@type\":\"EntryPoint\",\"urlTemplate\":\"https:\/\/vof-news.eu\/de\/?s={search_term_string}\"},\"query-input\":\"required name=search_term_string\"}],\"inLanguage\":\"de\"},{\"@type\":\"Person\",\"@id\":\"https:\/\/vof-news.eu\/de\/#\/schema\/person\/f6a2a4309f0561835797fd8c19b333ed\",\"name\":\"Author\",\"image\":{\"@type\":\"ImageObject\",\"inLanguage\":\"de\",\"@id\":\"https:\/\/vof-news.eu\/de\/#\/schema\/person\/image\/\",\"url\":\"https:\/\/secure.gravatar.com\/avatar\/b67e614b1b25b3e9c0c239efdd2fde5ab015b5affd6f1c3c85911ca4b384e790?s=96&d=mm&r=g\",\"contentUrl\":\"https:\/\/secure.gravatar.com\/avatar\/b67e614b1b25b3e9c0c239efdd2fde5ab015b5affd6f1c3c85911ca4b384e790?s=96&d=mm&r=g\",\"caption\":\"Author\"},\"sameAs\":[\"http:\/\/vof-news.eu\"],\"url\":\"https:\/\/vof-news.eu\/de\/author\/zwt6qxnjulxbnyg\/\"}]}<\/script>\n<!-- \/ Yoast SEO plugin. -->","yoast_head_json":{"title":"Andrej Babi\u0161 zum tschechischen Ministerpr\u00e4sidenten ernannt - vof-news.eu","description":"In Tschechien ist der Rechtspopulist Andrej Babi\u0161\u00a0zum neuen Ministerpr\u00e4sidenten ernannt worden. Der Milliard\u00e4r wurde von Pr\u00e4sident Petr Pavel vereidigt.\u00a0Babi\u0161\u00a0soll die Amtsgesch\u00e4fte der bisherigen Mitte-rechts-Regierung \u00fcbernehmen, sobald sein gesamtes Kabinett ernannt ist, was noch in diesem Monat erwartet wird.\u00a0Babi\u0161\u00a0war bereits von 2017 bis 2021 Ministerpr\u00e4sident, war die vergangenen\u00a0vier Jahre jedoch in der Opposition. Seine ANO-Partei hatte die Parlamentswahl Anfang Oktober gewonnen.","robots":{"index":"noindex","follow":"follow","max-snippet":"max-snippet:-1","max-image-preview":"max-image-preview:large","max-video-preview":"max-video-preview:-1"},"og_locale":"de_DE","og_type":"article","og_title":"Andrej Babi\u0161 zum tschechischen Ministerpr\u00e4sidenten ernannt - vof-news.eu","og_description":"In Tschechien ist der Rechtspopulist Andrej Babi\u0161\u00a0zum neuen Ministerpr\u00e4sidenten ernannt worden. Der Milliard\u00e4r wurde von Pr\u00e4sident Petr Pavel vereidigt.\u00a0Babi\u0161\u00a0soll die Amtsgesch\u00e4fte der bisherigen Mitte-rechts-Regierung \u00fcbernehmen, sobald sein gesamtes Kabinett ernannt ist, was noch in diesem Monat erwartet wird.\u00a0Babi\u0161\u00a0war bereits von 2017 bis 2021 Ministerpr\u00e4sident, war die vergangenen\u00a0vier Jahre jedoch in der Opposition. Seine ANO-Partei hatte die Parlamentswahl Anfang Oktober gewonnen.","og_url":"https:\/\/vof-news.eu\/de\/andrej-babis-zum-tschechischen-ministerprasidenten-ernannt\/","og_site_name":"vof-news.eu","article_published_time":"2025-12-09T10:28:18+00:00","article_modified_time":"2025-12-09T10:29:35+00:00","og_image":[{"width":1000,"height":562,"url":"https:\/\/vof-news.eu\/wp-content\/uploads\/2025\/12\/wide__1000x562-48.jpg","type":"image\/jpeg"}],"author":"Author","twitter_card":"summary_large_image","twitter_misc":{"Verfasst von":"Author","Gesch\u00e4tzte Lesezeit":"2\u00a0Minuten"},"schema":{"@context":"https:\/\/schema.org","@graph":[{"@type":"WebPage","@id":"https:\/\/vof-news.eu\/de\/andrej-babis-zum-tschechischen-ministerprasidenten-ernannt\/","url":"https:\/\/vof-news.eu\/de\/andrej-babis-zum-tschechischen-ministerprasidenten-ernannt\/","name":"Andrej Babi\u0161 zum tschechischen Ministerpr\u00e4sidenten ernannt - vof-news.eu","isPartOf":{"@id":"https:\/\/vof-news.eu\/de\/#website"},"primaryImageOfPage":{"@id":"https:\/\/vof-news.eu\/de\/andrej-babis-zum-tschechischen-ministerprasidenten-ernannt\/#primaryimage"},"image":{"@id":"https:\/\/vof-news.eu\/de\/andrej-babis-zum-tschechischen-ministerprasidenten-ernannt\/#primaryimage"},"thumbnailUrl":"https:\/\/vof-news.eu\/wp-content\/uploads\/2025\/12\/wide__1000x562-48.jpg","datePublished":"2025-12-09T10:28:18+00:00","dateModified":"2025-12-09T10:29:35+00:00","author":{"@id":"https:\/\/vof-news.eu\/de\/#\/schema\/person\/f6a2a4309f0561835797fd8c19b333ed"},"description":"In Tschechien ist der Rechtspopulist Andrej Babi\u0161\u00a0zum neuen Ministerpr\u00e4sidenten ernannt worden. Der Milliard\u00e4r wurde von Pr\u00e4sident Petr Pavel vereidigt.\u00a0Babi\u0161\u00a0soll die Amtsgesch\u00e4fte der bisherigen Mitte-rechts-Regierung \u00fcbernehmen, sobald sein gesamtes Kabinett ernannt ist, was noch in diesem Monat erwartet wird.\u00a0Babi\u0161\u00a0war bereits von 2017 bis 2021 Ministerpr\u00e4sident, war die vergangenen\u00a0vier Jahre jedoch in der Opposition. Seine ANO-Partei hatte die Parlamentswahl Anfang Oktober gewonnen.","breadcrumb":{"@id":"https:\/\/vof-news.eu\/de\/andrej-babis-zum-tschechischen-ministerprasidenten-ernannt\/#breadcrumb"},"inLanguage":"de","potentialAction":[{"@type":"ReadAction","target":["https:\/\/vof-news.eu\/de\/andrej-babis-zum-tschechischen-ministerprasidenten-ernannt\/"]}]},{"@type":"ImageObject","inLanguage":"de","@id":"https:\/\/vof-news.eu\/de\/andrej-babis-zum-tschechischen-ministerprasidenten-ernannt\/#primaryimage","url":"https:\/\/vof-news.eu\/wp-content\/uploads\/2025\/12\/wide__1000x562-48.jpg","contentUrl":"https:\/\/vof-news.eu\/wp-content\/uploads\/2025\/12\/wide__1000x562-48.jpg","width":1000,"height":562},{"@type":"BreadcrumbList","@id":"https:\/\/vof-news.eu\/de\/andrej-babis-zum-tschechischen-ministerprasidenten-ernannt\/#breadcrumb","itemListElement":[{"@type":"ListItem","position":1,"name":"Home","item":"https:\/\/vof-news.eu\/de\/"},{"@type":"ListItem","position":2,"name":"Andrej Babi\u0161 zum tschechischen Ministerpr\u00e4sidenten ernannt"}]},{"@type":"WebSite","@id":"https:\/\/vof-news.eu\/de\/#website","url":"https:\/\/vof-news.eu\/de\/","name":"vof-news.eu","description":"","potentialAction":[{"@type":"SearchAction","target":{"@type":"EntryPoint","urlTemplate":"https:\/\/vof-news.eu\/de\/?s={search_term_string}"},"query-input":"required name=search_term_string"}],"inLanguage":"de"},{"@type":"Person","@id":"https:\/\/vof-news.eu\/de\/#\/schema\/person\/f6a2a4309f0561835797fd8c19b333ed","name":"Author","image":{"@type":"ImageObject","inLanguage":"de","@id":"https:\/\/vof-news.eu\/de\/#\/schema\/person\/image\/","url":"https:\/\/secure.gravatar.com\/avatar\/b67e614b1b25b3e9c0c239efdd2fde5ab015b5affd6f1c3c85911ca4b384e790?s=96&d=mm&r=g","contentUrl":"https:\/\/secure.gravatar.com\/avatar\/b67e614b1b25b3e9c0c239efdd2fde5ab015b5affd6f1c3c85911ca4b384e790?s=96&d=mm&r=g","caption":"Author"},"sameAs":["http:\/\/vof-news.eu"],"url":"https:\/\/vof-news.eu\/de\/author\/zwt6qxnjulxbnyg\/"}]}},"yoast_meta":{"yoast_wpseo_title":"","yoast_wpseo_metadesc":"","yoast_wpseo_canonical":""},"_links":{"self":[{"href":"https:\/\/vof-news.eu\/de\/wp-json\/wp\/v2\/posts\/305577","targetHints":{"allow":["GET"]}}],"collection":[{"href":"https:\/\/vof-news.eu\/de\/wp-json\/wp\/v2\/posts"}],"about":[{"href":"https:\/\/vof-news.eu\/de\/wp-json\/wp\/v2\/types\/post"}],"author":[{"embeddable":true,"href":"https:\/\/vof-news.eu\/de\/wp-json\/wp\/v2\/users\/1"}],"replies":[{"embeddable":true,"href":"https:\/\/vof-news.eu\/de\/wp-json\/wp\/v2\/comments?post=305577"}],"version-history":[{"count":1,"href":"https:\/\/vof-news.eu\/de\/wp-json\/wp\/v2\/posts\/305577\/revisions"}],"predecessor-version":[{"id":305584,"href":"https:\/\/vof-news.eu\/de\/wp-json\/wp\/v2\/posts\/305577\/revisions\/305584"}],"wp:featuredmedia":[{"embeddable":true,"href":"https:\/\/vof-news.eu\/de\/wp-json\/wp\/v2\/media\/305578"}],"wp:attachment":[{"href":"https:\/\/vof-news.eu\/de\/wp-json\/wp\/v2\/media?parent=305577"}],"wp:term":[{"taxonomy":"category","embeddable":true,"href":"https:\/\/vof-news.eu\/de\/wp-json\/wp\/v2\/categories?post=305577"},{"taxonomy":"post_tag","embeddable":true,"href":"https:\/\/vof-news.eu\/de\/wp-json\/wp\/v2\/tags?post=305577"}],"curies":[{"name":"wp","href":"https:\/\/api.w.org\/{rel}","templated":true}]}}