{"id":305212,"date":"2025-12-08T11:28:16","date_gmt":"2025-12-08T08:28:16","guid":{"rendered":"https:\/\/vof-news.eu\/donald-trump-zweifelt-an-selenskyjs-haltung-zu-us-plan-fur-die-ukraine\/"},"modified":"2025-12-08T11:29:40","modified_gmt":"2025-12-08T08:29:40","slug":"donald-trump-zweifelt-an-selenskyjs-haltung-zu-us-plan-fur-die-ukraine","status":"publish","type":"post","link":"https:\/\/vof-news.eu\/de\/donald-trump-zweifelt-an-selenskyjs-haltung-zu-us-plan-fur-die-ukraine\/","title":{"rendered":"Donald Trump zweifelt an Selenskyjs Haltung zu US-Plan f\u00fcr die Ukraine"},"content":{"rendered":"<div>\n<p>Im diplomatischen Bem\u00fchen um ein Ende des Ukrainekriegs hat sich <a href=\"https:\/\/www.zeit.de\/thema\/donald-trump\" rel=\"nofollow\">US-Pr\u00e4sident Donald Trump<\/a> skeptisch \u00fcber die Haltung der Ukraine gezeigt. Er sei sich nicht sicher, ob der ukrainische<br \/>\nPr\u00e4sident <span><a href=\"https:\/\/www.zeit.de\/thema\/wolodymyr-selenskyj\" rel=\"nofollow\">Wolodymyr Selenskyj<\/a><\/span> mit einem neuen Vorschlag f\u00fcr ein Ende des<br \/>\n russischen Angriffskriegs einverstanden ist.\u00a0\n<\/p>\n<p>Die USA h\u00e4tten mit <span><a href=\"https:\/\/www.zeit.de\/thema\/russland\" rel=\"nofollow\">Russlands<\/a><\/span> Staatschef Wladimir Putin gesprochen und mit ukrainischen Vertretern,<br \/>\ndarunter Selenskyj, sagte Trump. &#8222;Und ich muss sagen, dass ich ein<br \/>\n wenig entt\u00e4uscht bin, dass Pr\u00e4sident Selenskyj den Vorschlag noch nicht<br \/>\n gelesen hat&#8220;, schob der US-Pr\u00e4sident hinterher. Das sei der Stand von<br \/>\nvor ein paar Stunden gewesen.\u00a0\n<\/p>\n<p><a href=\"https:\/\/www.zeit.de\/thema\/russland\" rel=\"nofollow\">Russland<\/a> w\u00fcrde wohl lieber das ganze Land<br \/>\nhaben, dennoch glaube er, dass die Regierung in Moskau mit dem Vorschlag einverstanden<br \/>\nsei. &#8222;Aber ich bin mir nicht sicher, ob Selenskyj damit einverstanden<br \/>\nist&#8220;, sagte Trump. &#8222;Seine Leute lieben ihn (den Vorschlag)&#8220;, schob er nach.\n<\/p>\n<h2>Wichtige Punkte noch offen, Verhandlungsstand unklar<\/h2>\n<p>Zuvor hatten in den vergangenen Tagen <a href=\"https:\/\/www.zeit.de\/politik\/ausland\/2025-12\/ukraine-verhandlungen-florida-usa-russland-verantwortung-einigung-frieden-gxe\" rel=\"nofollow\">im US-Bundesstaat Florida intensive Gespr\u00e4che zwischen Vertretern der USA und der Ukraine stattgefunden<\/a>. Der US-Sondergesandte <a href=\"https:\/\/www.zeit.de\/politik\/ausland\/2025-12\/wladimir-putin-steve-witkoff-ukraine-gespraeche-kein-kompromiss\" rel=\"nofollow\">Steve Witkoff<\/a> und Trumps Schwiegersohn <a href=\"https:\/\/www.zeit.de\/politik\/ausland\/2025-12\/jared-kushner-donald-trump-eigeninteresse-verhandlungen-ukrainekrieg-nahost\" rel=\"nofollow\">Jared Kushner<\/a> f\u00fchrten die Verhandlungen auf US-amerikanischer Seite. F\u00fcr die <span><a href=\"https:\/\/www.zeit.de\/politik\/ausland\/ukraine-krieg-news-liveblog\" rel=\"nofollow\">Ukraine<\/a><\/span> waren Ex-Verteidigungsminister Rustem Umjerow und Generalstabschef Andrij Hnatow anwesend. Zum Abschluss der Gespr\u00e4che in Florida schaltete sich auch Selenskyj telefonisch dazu und bezeichnete den Austausch als konzentriert und konstruktiv.\n<\/p>\n<p>Offen sind weiterhin wichtige Punkte, darunter m\u00f6gliche Gebietsabtretungen und US-<a href=\"https:\/\/www.zeit.de\/politik\/ausland\/2025-08\/sicherheitsgarantien-ukraine-russland-nato-usa\" rel=\"nofollow\">Sicherheitsgarantien<\/a> f\u00fcr die Ukraine. Wie sich der Ursprungsplan der USA seit seiner ersten Ver\u00f6ffentlichung vor rund drei Wochen ver\u00e4ndert hat, ist bislang nicht bekannt. Am Montag wird Selenskyj zu Gespr\u00e4chen mit westlichen Partnern um Bundeskanzler <a href=\"https:\/\/www.zeit.de\/thema\/friedrich-merz\" rel=\"nofollow\">Friedrich Merz<\/a> (CDU) in London erwartet, um den aktuellen Stand zu er\u00f6rtern.\n<\/p>\n<p><a href=\"https:\/\/www.zeit.de\/politik\/ausland\/2025-11\/usa-friedensplan-ukraine-russland-trump\" rel=\"nofollow\">Der erste, sehr russlandfreundliche Entwurf<\/a> wurde auf Dr\u00e4ngen der Ukraine und ihrer europ\u00e4ischen Verb\u00fcndeten in mehreren zentralen Punkten \u00fcberarbeitet. Urspr\u00fcnglich sah der Plan unter anderem vor, <a href=\"https:\/\/www.zeit.de\/politik\/ausland\/2025-11\/us-plan-ukraine-sicherheitsgarantien-gebietsabtretungen-russland\" rel=\"nofollow\">dass die Ukraine auf einen Nato-Beitritt verzichtet<\/a>, ihre Streitkr\u00e4fte verkleinert und den gesamten Donbass an Russland abtritt \u2013 auch jene Gebiete, die derzeit nicht von Russland besetzt sind.\u00a0\n<\/p>\n<\/div>\n","protected":false},"excerpt":{"rendered":"<p>Im diplomatischen Bem\u00fchen um ein Ende des Ukrainekriegs hat sich US-Pr\u00e4sident Donald Trump skeptisch \u00fcber die Haltung der Ukraine gezeigt. Er sei sich nicht sicher, ob der ukrainische Pr\u00e4sident Wolodymyr Selenskyj mit einem neuen Vorschlag f\u00fcr ein Ende des russischen Angriffskriegs einverstanden ist.\u00a0 Die USA h\u00e4tten mit Russlands Staatschef Wladimir Putin gesprochen und mit ukrainischen<\/p>\n","protected":false},"author":1,"featured_media":305213,"comment_status":"open","ping_status":"open","sticky":false,"template":"","format":"standard","meta":{"footnotes":""},"categories":[116],"tags":[],"class_list":["post-305212","post","type-post","status-publish","format-standard","has-post-thumbnail","hentry","category-war-chronicles-de"],"acf":[],"yoast_head":"<!-- This site is optimized with the Yoast SEO plugin v22.9 - https:\/\/yoast.com\/wordpress\/plugins\/seo\/ -->\n<title>Donald Trump zweifelt an Selenskyjs Haltung zu US-Plan f\u00fcr die Ukraine - vof-news.eu<\/title>\n<meta name=\"description\" content=\"Im diplomatischen Bem\u00fchen um ein Ende des Ukrainekriegs hat sich US-Pr\u00e4sident Donald Trump skeptisch \u00fcber die Haltung der Ukraine gezeigt. Er sei sich nicht sicher, ob der ukrainische\" \/>\n<meta name=\"robots\" content=\"noindex, follow, max-snippet:-1, max-image-preview:large, max-video-preview:-1\" \/>\n<meta property=\"og:locale\" content=\"de_DE\" \/>\n<meta property=\"og:type\" content=\"article\" \/>\n<meta property=\"og:title\" content=\"Donald Trump zweifelt an Selenskyjs Haltung zu US-Plan f\u00fcr die Ukraine - vof-news.eu\" \/>\n<meta property=\"og:description\" content=\"Im diplomatischen Bem\u00fchen um ein Ende des Ukrainekriegs hat sich US-Pr\u00e4sident Donald Trump skeptisch \u00fcber die Haltung der Ukraine gezeigt. Er sei sich nicht sicher, ob der ukrainische\" \/>\n<meta property=\"og:url\" content=\"https:\/\/vof-news.eu\/de\/donald-trump-zweifelt-an-selenskyjs-haltung-zu-us-plan-fur-die-ukraine\/\" \/>\n<meta property=\"og:site_name\" content=\"vof-news.eu\" \/>\n<meta property=\"article:published_time\" content=\"2025-12-08T08:28:16+00:00\" \/>\n<meta property=\"article:modified_time\" content=\"2025-12-08T08:29:40+00:00\" \/>\n<meta property=\"og:image\" content=\"https:\/\/vof-news.eu\/wp-content\/uploads\/2025\/12\/wide__1000x562-43.jpg\" \/>\n\t<meta property=\"og:image:width\" content=\"1000\" \/>\n\t<meta property=\"og:image:height\" content=\"562\" \/>\n\t<meta property=\"og:image:type\" content=\"image\/jpeg\" \/>\n<meta name=\"author\" content=\"Author\" \/>\n<meta name=\"twitter:card\" content=\"summary_large_image\" \/>\n<meta name=\"twitter:label1\" content=\"Verfasst von\" \/>\n\t<meta name=\"twitter:data1\" content=\"Author\" \/>\n\t<meta name=\"twitter:label2\" content=\"Gesch\u00e4tzte Lesezeit\" \/>\n\t<meta name=\"twitter:data2\" content=\"2\u00a0Minuten\" \/>\n<script type=\"application\/ld+json\" class=\"yoast-schema-graph\">{\"@context\":\"https:\/\/schema.org\",\"@graph\":[{\"@type\":\"WebPage\",\"@id\":\"https:\/\/vof-news.eu\/de\/donald-trump-zweifelt-an-selenskyjs-haltung-zu-us-plan-fur-die-ukraine\/\",\"url\":\"https:\/\/vof-news.eu\/de\/donald-trump-zweifelt-an-selenskyjs-haltung-zu-us-plan-fur-die-ukraine\/\",\"name\":\"Donald Trump zweifelt an Selenskyjs Haltung zu US-Plan f\u00fcr die Ukraine - vof-news.eu\",\"isPartOf\":{\"@id\":\"https:\/\/vof-news.eu\/de\/#website\"},\"primaryImageOfPage\":{\"@id\":\"https:\/\/vof-news.eu\/de\/donald-trump-zweifelt-an-selenskyjs-haltung-zu-us-plan-fur-die-ukraine\/#primaryimage\"},\"image\":{\"@id\":\"https:\/\/vof-news.eu\/de\/donald-trump-zweifelt-an-selenskyjs-haltung-zu-us-plan-fur-die-ukraine\/#primaryimage\"},\"thumbnailUrl\":\"https:\/\/vof-news.eu\/wp-content\/uploads\/2025\/12\/wide__1000x562-43.jpg\",\"datePublished\":\"2025-12-08T08:28:16+00:00\",\"dateModified\":\"2025-12-08T08:29:40+00:00\",\"author\":{\"@id\":\"https:\/\/vof-news.eu\/de\/#\/schema\/person\/f6a2a4309f0561835797fd8c19b333ed\"},\"description\":\"Im diplomatischen Bem\u00fchen um ein Ende des Ukrainekriegs hat sich US-Pr\u00e4sident Donald Trump skeptisch \u00fcber die Haltung der Ukraine gezeigt. Er sei sich nicht sicher, ob der ukrainische\",\"breadcrumb\":{\"@id\":\"https:\/\/vof-news.eu\/de\/donald-trump-zweifelt-an-selenskyjs-haltung-zu-us-plan-fur-die-ukraine\/#breadcrumb\"},\"inLanguage\":\"de\",\"potentialAction\":[{\"@type\":\"ReadAction\",\"target\":[\"https:\/\/vof-news.eu\/de\/donald-trump-zweifelt-an-selenskyjs-haltung-zu-us-plan-fur-die-ukraine\/\"]}]},{\"@type\":\"ImageObject\",\"inLanguage\":\"de\",\"@id\":\"https:\/\/vof-news.eu\/de\/donald-trump-zweifelt-an-selenskyjs-haltung-zu-us-plan-fur-die-ukraine\/#primaryimage\",\"url\":\"https:\/\/vof-news.eu\/wp-content\/uploads\/2025\/12\/wide__1000x562-43.jpg\",\"contentUrl\":\"https:\/\/vof-news.eu\/wp-content\/uploads\/2025\/12\/wide__1000x562-43.jpg\",\"width\":1000,\"height\":562},{\"@type\":\"BreadcrumbList\",\"@id\":\"https:\/\/vof-news.eu\/de\/donald-trump-zweifelt-an-selenskyjs-haltung-zu-us-plan-fur-die-ukraine\/#breadcrumb\",\"itemListElement\":[{\"@type\":\"ListItem\",\"position\":1,\"name\":\"Home\",\"item\":\"https:\/\/vof-news.eu\/de\/\"},{\"@type\":\"ListItem\",\"position\":2,\"name\":\"Donald Trump zweifelt an Selenskyjs Haltung zu US-Plan f\u00fcr die Ukraine\"}]},{\"@type\":\"WebSite\",\"@id\":\"https:\/\/vof-news.eu\/de\/#website\",\"url\":\"https:\/\/vof-news.eu\/de\/\",\"name\":\"vof-news.eu\",\"description\":\"\",\"potentialAction\":[{\"@type\":\"SearchAction\",\"target\":{\"@type\":\"EntryPoint\",\"urlTemplate\":\"https:\/\/vof-news.eu\/de\/?s={search_term_string}\"},\"query-input\":\"required name=search_term_string\"}],\"inLanguage\":\"de\"},{\"@type\":\"Person\",\"@id\":\"https:\/\/vof-news.eu\/de\/#\/schema\/person\/f6a2a4309f0561835797fd8c19b333ed\",\"name\":\"Author\",\"image\":{\"@type\":\"ImageObject\",\"inLanguage\":\"de\",\"@id\":\"https:\/\/vof-news.eu\/de\/#\/schema\/person\/image\/\",\"url\":\"https:\/\/secure.gravatar.com\/avatar\/b67e614b1b25b3e9c0c239efdd2fde5ab015b5affd6f1c3c85911ca4b384e790?s=96&d=mm&r=g\",\"contentUrl\":\"https:\/\/secure.gravatar.com\/avatar\/b67e614b1b25b3e9c0c239efdd2fde5ab015b5affd6f1c3c85911ca4b384e790?s=96&d=mm&r=g\",\"caption\":\"Author\"},\"sameAs\":[\"http:\/\/vof-news.eu\"],\"url\":\"https:\/\/vof-news.eu\/de\/author\/zwt6qxnjulxbnyg\/\"}]}<\/script>\n<!-- \/ Yoast SEO plugin. -->","yoast_head_json":{"title":"Donald Trump zweifelt an Selenskyjs Haltung zu US-Plan f\u00fcr die Ukraine - vof-news.eu","description":"Im diplomatischen Bem\u00fchen um ein Ende des Ukrainekriegs hat sich US-Pr\u00e4sident Donald Trump skeptisch \u00fcber die Haltung der Ukraine gezeigt. Er sei sich nicht sicher, ob der ukrainische","robots":{"index":"noindex","follow":"follow","max-snippet":"max-snippet:-1","max-image-preview":"max-image-preview:large","max-video-preview":"max-video-preview:-1"},"og_locale":"de_DE","og_type":"article","og_title":"Donald Trump zweifelt an Selenskyjs Haltung zu US-Plan f\u00fcr die Ukraine - vof-news.eu","og_description":"Im diplomatischen Bem\u00fchen um ein Ende des Ukrainekriegs hat sich US-Pr\u00e4sident Donald Trump skeptisch \u00fcber die Haltung der Ukraine gezeigt. Er sei sich nicht sicher, ob der ukrainische","og_url":"https:\/\/vof-news.eu\/de\/donald-trump-zweifelt-an-selenskyjs-haltung-zu-us-plan-fur-die-ukraine\/","og_site_name":"vof-news.eu","article_published_time":"2025-12-08T08:28:16+00:00","article_modified_time":"2025-12-08T08:29:40+00:00","og_image":[{"width":1000,"height":562,"url":"https:\/\/vof-news.eu\/wp-content\/uploads\/2025\/12\/wide__1000x562-43.jpg","type":"image\/jpeg"}],"author":"Author","twitter_card":"summary_large_image","twitter_misc":{"Verfasst von":"Author","Gesch\u00e4tzte Lesezeit":"2\u00a0Minuten"},"schema":{"@context":"https:\/\/schema.org","@graph":[{"@type":"WebPage","@id":"https:\/\/vof-news.eu\/de\/donald-trump-zweifelt-an-selenskyjs-haltung-zu-us-plan-fur-die-ukraine\/","url":"https:\/\/vof-news.eu\/de\/donald-trump-zweifelt-an-selenskyjs-haltung-zu-us-plan-fur-die-ukraine\/","name":"Donald Trump zweifelt an Selenskyjs Haltung zu US-Plan f\u00fcr die Ukraine - vof-news.eu","isPartOf":{"@id":"https:\/\/vof-news.eu\/de\/#website"},"primaryImageOfPage":{"@id":"https:\/\/vof-news.eu\/de\/donald-trump-zweifelt-an-selenskyjs-haltung-zu-us-plan-fur-die-ukraine\/#primaryimage"},"image":{"@id":"https:\/\/vof-news.eu\/de\/donald-trump-zweifelt-an-selenskyjs-haltung-zu-us-plan-fur-die-ukraine\/#primaryimage"},"thumbnailUrl":"https:\/\/vof-news.eu\/wp-content\/uploads\/2025\/12\/wide__1000x562-43.jpg","datePublished":"2025-12-08T08:28:16+00:00","dateModified":"2025-12-08T08:29:40+00:00","author":{"@id":"https:\/\/vof-news.eu\/de\/#\/schema\/person\/f6a2a4309f0561835797fd8c19b333ed"},"description":"Im diplomatischen Bem\u00fchen um ein Ende des Ukrainekriegs hat sich US-Pr\u00e4sident Donald Trump skeptisch \u00fcber die Haltung der Ukraine gezeigt. Er sei sich nicht sicher, ob der ukrainische","breadcrumb":{"@id":"https:\/\/vof-news.eu\/de\/donald-trump-zweifelt-an-selenskyjs-haltung-zu-us-plan-fur-die-ukraine\/#breadcrumb"},"inLanguage":"de","potentialAction":[{"@type":"ReadAction","target":["https:\/\/vof-news.eu\/de\/donald-trump-zweifelt-an-selenskyjs-haltung-zu-us-plan-fur-die-ukraine\/"]}]},{"@type":"ImageObject","inLanguage":"de","@id":"https:\/\/vof-news.eu\/de\/donald-trump-zweifelt-an-selenskyjs-haltung-zu-us-plan-fur-die-ukraine\/#primaryimage","url":"https:\/\/vof-news.eu\/wp-content\/uploads\/2025\/12\/wide__1000x562-43.jpg","contentUrl":"https:\/\/vof-news.eu\/wp-content\/uploads\/2025\/12\/wide__1000x562-43.jpg","width":1000,"height":562},{"@type":"BreadcrumbList","@id":"https:\/\/vof-news.eu\/de\/donald-trump-zweifelt-an-selenskyjs-haltung-zu-us-plan-fur-die-ukraine\/#breadcrumb","itemListElement":[{"@type":"ListItem","position":1,"name":"Home","item":"https:\/\/vof-news.eu\/de\/"},{"@type":"ListItem","position":2,"name":"Donald Trump zweifelt an Selenskyjs Haltung zu US-Plan f\u00fcr die Ukraine"}]},{"@type":"WebSite","@id":"https:\/\/vof-news.eu\/de\/#website","url":"https:\/\/vof-news.eu\/de\/","name":"vof-news.eu","description":"","potentialAction":[{"@type":"SearchAction","target":{"@type":"EntryPoint","urlTemplate":"https:\/\/vof-news.eu\/de\/?s={search_term_string}"},"query-input":"required name=search_term_string"}],"inLanguage":"de"},{"@type":"Person","@id":"https:\/\/vof-news.eu\/de\/#\/schema\/person\/f6a2a4309f0561835797fd8c19b333ed","name":"Author","image":{"@type":"ImageObject","inLanguage":"de","@id":"https:\/\/vof-news.eu\/de\/#\/schema\/person\/image\/","url":"https:\/\/secure.gravatar.com\/avatar\/b67e614b1b25b3e9c0c239efdd2fde5ab015b5affd6f1c3c85911ca4b384e790?s=96&d=mm&r=g","contentUrl":"https:\/\/secure.gravatar.com\/avatar\/b67e614b1b25b3e9c0c239efdd2fde5ab015b5affd6f1c3c85911ca4b384e790?s=96&d=mm&r=g","caption":"Author"},"sameAs":["http:\/\/vof-news.eu"],"url":"https:\/\/vof-news.eu\/de\/author\/zwt6qxnjulxbnyg\/"}]}},"yoast_meta":{"yoast_wpseo_title":"","yoast_wpseo_metadesc":"","yoast_wpseo_canonical":""},"_links":{"self":[{"href":"https:\/\/vof-news.eu\/de\/wp-json\/wp\/v2\/posts\/305212","targetHints":{"allow":["GET"]}}],"collection":[{"href":"https:\/\/vof-news.eu\/de\/wp-json\/wp\/v2\/posts"}],"about":[{"href":"https:\/\/vof-news.eu\/de\/wp-json\/wp\/v2\/types\/post"}],"author":[{"embeddable":true,"href":"https:\/\/vof-news.eu\/de\/wp-json\/wp\/v2\/users\/1"}],"replies":[{"embeddable":true,"href":"https:\/\/vof-news.eu\/de\/wp-json\/wp\/v2\/comments?post=305212"}],"version-history":[{"count":1,"href":"https:\/\/vof-news.eu\/de\/wp-json\/wp\/v2\/posts\/305212\/revisions"}],"predecessor-version":[{"id":305219,"href":"https:\/\/vof-news.eu\/de\/wp-json\/wp\/v2\/posts\/305212\/revisions\/305219"}],"wp:featuredmedia":[{"embeddable":true,"href":"https:\/\/vof-news.eu\/de\/wp-json\/wp\/v2\/media\/305213"}],"wp:attachment":[{"href":"https:\/\/vof-news.eu\/de\/wp-json\/wp\/v2\/media?parent=305212"}],"wp:term":[{"taxonomy":"category","embeddable":true,"href":"https:\/\/vof-news.eu\/de\/wp-json\/wp\/v2\/categories?post=305212"},{"taxonomy":"post_tag","embeddable":true,"href":"https:\/\/vof-news.eu\/de\/wp-json\/wp\/v2\/tags?post=305212"}],"curies":[{"name":"wp","href":"https:\/\/api.w.org\/{rel}","templated":true}]}}