{"id":305186,"date":"2025-12-08T09:28:11","date_gmt":"2025-12-08T06:28:11","guid":{"rendered":"https:\/\/vof-news.eu\/johann-wadephul-betont-notwendigkeit-von-freihandel-mit-china\/"},"modified":"2025-12-08T09:29:17","modified_gmt":"2025-12-08T06:29:17","slug":"johann-wadephul-betont-notwendigkeit-von-freihandel-mit-china","status":"publish","type":"post","link":"https:\/\/vof-news.eu\/de\/johann-wadephul-betont-notwendigkeit-von-freihandel-mit-china\/","title":{"rendered":"Johann Wadephul betont Notwendigkeit von Freihandel mit China"},"content":{"rendered":"<div>\n<p>Bundesau\u00dfenminister Johann Wadephul holt seinen Ende Oktober kurzfristig abgesagten\u00a0<a href=\"https:\/\/www.zeit.de\/thema\/china\" rel=\"nofollow\">China<\/a>besuch nach. Im Zentrum stehen chinesische <a href=\"https:\/\/www.zeit.de\/wirtschaft\/2025-10\/china-seltene-erden-exportkontrollen\" rel=\"nofollow\">Exportkontrollen f\u00fcr sogenannte Seltene Erden<\/a>, die negative Auswirkungen<br \/>\n auf deutsche und europ\u00e4ische Unternehmen haben. Ein weiterer Fokus<br \/>\nliegt\u00a0auf deutschen<br \/>\nund europ\u00e4ischen Sicherheitsinteressen\u00a0angesichts der <a href=\"https:\/\/www.zeit.de\/thema\/krieg-in-ukraine\" rel=\"nofollow\">laufenden Verhandlungen<\/a>\u00a0in den USA und Russland zu einem Kriegsende in der Ukraine. Zwar betont <span><a href=\"https:\/\/www.zeit.de\/thema\/china\" rel=\"nofollow\">China<\/a><\/span> immer wieder<br \/>\nseine Neutralit\u00e4t, steht aber im Westen in der Kritik, vor allem <a href=\"https:\/\/www.zeit.de\/thema\/russland\" rel=\"nofollow\">Russland<\/a> zu unterst\u00fctzen.\n<\/p>\n<p><span><a href=\"https:\/\/www.zeit.de\/thema\/johann-wadephul\" rel=\"nofollow\">Wadephul<\/a><\/span> hob zum Auftakttreffen mit Handelsminister Wang Wentao in der Hauptstadt Peking die Bedeutung von fairem und regelgebundenem Handel hervor.\u00a0Die<br \/>\nWirtschaftsbeziehungen zwischen Deutschland und\u00a0<a href=\"https:\/\/www.zeit.de\/thema\/china\" rel=\"nofollow\">China<\/a>\u00a0seien &#8222;von<br \/>\nzentraler Bedeutung&#8220;, sagte Wadephul.<br \/>\nChina sei f\u00fcr Deutschland der wichtigste Handelspartner. Daran<br \/>\nwolle die Bundesregierung festhalten und dies weiter ausbauen. Zugleich gehe es darum, herauszufinden, &#8222;wo wir unsere wirtschaftlichen<br \/>\nBeziehungen st\u00e4rken k\u00f6nnen, aber auch ermitteln k\u00f6nnen, wo es<br \/>\nBehinderungen gibt&#8220;, sagte Wadephul.\u00a0\n<\/p>\n<h2>&#8222;Wir sind f\u00fcr den Abbau von Handelsbarrieren&#8220;<\/h2>\n<p>Deutschland sei kein Freund des Protektionismus. &#8222;Wir sind f\u00fcr freien<br \/>\nWelthandel. Wir sind f\u00fcr den Abbau von Handelsbarrieren&#8220;, sagte er. Und<br \/>\ndie Bundesregierung sei &#8222;auch daf\u00fcr, dass man klaren Blick darauf<br \/>\nbeh\u00e4lt, dass nicht ein indirekter Einfluss des Staates zu<br \/>\nWettbewerbsungleichgewichten f\u00fchrt&#8220;.\n<\/p>\n<p>Wadephul mahnte zugleich, beide Seiten m\u00fcssten auch \u00fcber<br \/>\nThemen sprechen, in denen keine Einigkeit herrsche, etwa in<br \/>\nHandelsfragen. Deutschland verstehe sich als ein Mitgliedsland<br \/>\nder <a href=\"https:\/\/www.zeit.de\/thema\/europaeische-union\" rel=\"nofollow\">Europ\u00e4ischen Union<\/a> und koordiniere sich innerhalb des<br \/>\nStaatenbundes.\u00a0Wichtig sei, dass die Welthandelsorganisation in diesem Zusammenhang<br \/>\nnachhaltige L\u00f6sungen entwickle, sagte der CDU-Politiker.\u00a0\n<\/p>\n<h2>China meldet \u00fcberraschend starke Exportzahlen<\/h2>\n<p>W\u00e4hrend des Besuchs meldete die chinesische Zollbeh\u00f6rde \u00fcberraschend starke neue Exportdaten. Demnach hat sich Chinas Exportwirtschaft im November dank einer Entspannung im Zollstreit mit den <span><a href=\"https:\/\/www.zeit.de\/thema\/usa\" rel=\"nofollow\">USA<\/a><\/span> deutlich erholt. Der Wert der chinesischen Exporte sei im Jahresvergleich um 5,9 Prozent gestiegen, teilte die Beh\u00f6rde mit.\u00a0Im<br \/>\nVormonat waren sie noch um 1,1 Prozent geschrumpft. Hintergrund<br \/>\nder Erholung ist die Einigung zwischen den USA und China von<br \/>\nAnfang November, einige Z\u00f6lle zur\u00fcckzunehmen.\n<\/p>\n<p>Nach Deutschland exportierte die Volksrepublik im November 15,5 Prozent mehr,<br \/>\numgekehrt fielen die Einfuhren aus der Bundesrepublik um 4,2 Prozent<br \/>\ngeringer aus.\u00a0\n<\/p>\n<p>Wadephul hatte eigentlich schon im Oktober nach China reisen wollen, den Besuch aber kurzfristig <a href=\"https:\/\/www.zeit.de\/politik\/ausland\/2025-10\/aussenminister-johann-wadephul-reise-china-verschoben-gxe\" rel=\"nofollow\">verschoben, weil die chinesische Regierung ihm nicht genug Termine best\u00e4tigt<\/a>\u00a0hatte. Im Tagesverlauf<br \/>\nsind Gespr\u00e4che mit weiteren Vertretern der chinesischen<br \/>\nRegierung geplant, darunter auch Au\u00dfenminister Wang Yi. F\u00fcr<br \/>\nDienstag ist dann ein Besuch in der s\u00fcdchinesischen<br \/>\nWirtschaftsmetropole Guangzhou geplant.\n<\/p>\n<p>\n<\/p>\n<\/div>\n","protected":false},"excerpt":{"rendered":"<p>Bundesau\u00dfenminister Johann Wadephul holt seinen Ende Oktober kurzfristig abgesagten\u00a0Chinabesuch nach. Im Zentrum stehen chinesische Exportkontrollen f\u00fcr sogenannte Seltene Erden, die negative Auswirkungen auf deutsche und europ\u00e4ische Unternehmen haben. Ein weiterer Fokus liegt\u00a0auf deutschen und europ\u00e4ischen Sicherheitsinteressen\u00a0angesichts der laufenden Verhandlungen\u00a0in den USA und Russland zu einem Kriegsende in der Ukraine. Zwar betont China immer wieder seine<\/p>\n","protected":false},"author":1,"featured_media":305187,"comment_status":"open","ping_status":"open","sticky":false,"template":"","format":"standard","meta":{"footnotes":""},"categories":[116],"tags":[],"class_list":["post-305186","post","type-post","status-publish","format-standard","has-post-thumbnail","hentry","category-war-chronicles-de"],"acf":[],"yoast_head":"<!-- This site is optimized with the Yoast SEO plugin v22.9 - https:\/\/yoast.com\/wordpress\/plugins\/seo\/ -->\n<title>Johann Wadephul betont Notwendigkeit von Freihandel mit China - vof-news.eu<\/title>\n<meta name=\"description\" content=\"Bundesau\u00dfenminister Johann Wadephul holt seinen Ende Oktober kurzfristig abgesagten\u00a0Chinabesuch nach. Im Zentrum stehen chinesische Exportkontrollen f\u00fcr sogenannte Seltene Erden, die negative Auswirkungen\" \/>\n<meta name=\"robots\" content=\"noindex, follow, max-snippet:-1, max-image-preview:large, max-video-preview:-1\" \/>\n<meta property=\"og:locale\" content=\"de_DE\" \/>\n<meta property=\"og:type\" content=\"article\" \/>\n<meta property=\"og:title\" content=\"Johann Wadephul betont Notwendigkeit von Freihandel mit China - vof-news.eu\" \/>\n<meta property=\"og:description\" content=\"Bundesau\u00dfenminister Johann Wadephul holt seinen Ende Oktober kurzfristig abgesagten\u00a0Chinabesuch nach. Im Zentrum stehen chinesische Exportkontrollen f\u00fcr sogenannte Seltene Erden, die negative Auswirkungen\" \/>\n<meta property=\"og:url\" content=\"https:\/\/vof-news.eu\/de\/johann-wadephul-betont-notwendigkeit-von-freihandel-mit-china\/\" \/>\n<meta property=\"og:site_name\" content=\"vof-news.eu\" \/>\n<meta property=\"article:published_time\" content=\"2025-12-08T06:28:11+00:00\" \/>\n<meta property=\"article:modified_time\" content=\"2025-12-08T06:29:17+00:00\" \/>\n<meta property=\"og:image\" content=\"https:\/\/vof-news.eu\/wp-content\/uploads\/2025\/12\/wide__1000x562-42.jpg\" \/>\n\t<meta property=\"og:image:width\" content=\"1000\" \/>\n\t<meta property=\"og:image:height\" content=\"562\" \/>\n\t<meta property=\"og:image:type\" content=\"image\/jpeg\" \/>\n<meta name=\"author\" content=\"Author\" \/>\n<meta name=\"twitter:card\" content=\"summary_large_image\" \/>\n<meta name=\"twitter:label1\" content=\"Verfasst von\" \/>\n\t<meta name=\"twitter:data1\" content=\"Author\" \/>\n\t<meta name=\"twitter:label2\" content=\"Gesch\u00e4tzte Lesezeit\" \/>\n\t<meta name=\"twitter:data2\" content=\"2\u00a0Minuten\" \/>\n<script type=\"application\/ld+json\" class=\"yoast-schema-graph\">{\"@context\":\"https:\/\/schema.org\",\"@graph\":[{\"@type\":\"WebPage\",\"@id\":\"https:\/\/vof-news.eu\/de\/johann-wadephul-betont-notwendigkeit-von-freihandel-mit-china\/\",\"url\":\"https:\/\/vof-news.eu\/de\/johann-wadephul-betont-notwendigkeit-von-freihandel-mit-china\/\",\"name\":\"Johann Wadephul betont Notwendigkeit von Freihandel mit China - vof-news.eu\",\"isPartOf\":{\"@id\":\"https:\/\/vof-news.eu\/de\/#website\"},\"primaryImageOfPage\":{\"@id\":\"https:\/\/vof-news.eu\/de\/johann-wadephul-betont-notwendigkeit-von-freihandel-mit-china\/#primaryimage\"},\"image\":{\"@id\":\"https:\/\/vof-news.eu\/de\/johann-wadephul-betont-notwendigkeit-von-freihandel-mit-china\/#primaryimage\"},\"thumbnailUrl\":\"https:\/\/vof-news.eu\/wp-content\/uploads\/2025\/12\/wide__1000x562-42.jpg\",\"datePublished\":\"2025-12-08T06:28:11+00:00\",\"dateModified\":\"2025-12-08T06:29:17+00:00\",\"author\":{\"@id\":\"https:\/\/vof-news.eu\/de\/#\/schema\/person\/f6a2a4309f0561835797fd8c19b333ed\"},\"description\":\"Bundesau\u00dfenminister Johann Wadephul holt seinen Ende Oktober kurzfristig abgesagten\u00a0Chinabesuch nach. Im Zentrum stehen chinesische Exportkontrollen f\u00fcr sogenannte Seltene Erden, die negative Auswirkungen\",\"breadcrumb\":{\"@id\":\"https:\/\/vof-news.eu\/de\/johann-wadephul-betont-notwendigkeit-von-freihandel-mit-china\/#breadcrumb\"},\"inLanguage\":\"de\",\"potentialAction\":[{\"@type\":\"ReadAction\",\"target\":[\"https:\/\/vof-news.eu\/de\/johann-wadephul-betont-notwendigkeit-von-freihandel-mit-china\/\"]}]},{\"@type\":\"ImageObject\",\"inLanguage\":\"de\",\"@id\":\"https:\/\/vof-news.eu\/de\/johann-wadephul-betont-notwendigkeit-von-freihandel-mit-china\/#primaryimage\",\"url\":\"https:\/\/vof-news.eu\/wp-content\/uploads\/2025\/12\/wide__1000x562-42.jpg\",\"contentUrl\":\"https:\/\/vof-news.eu\/wp-content\/uploads\/2025\/12\/wide__1000x562-42.jpg\",\"width\":1000,\"height\":562},{\"@type\":\"BreadcrumbList\",\"@id\":\"https:\/\/vof-news.eu\/de\/johann-wadephul-betont-notwendigkeit-von-freihandel-mit-china\/#breadcrumb\",\"itemListElement\":[{\"@type\":\"ListItem\",\"position\":1,\"name\":\"Home\",\"item\":\"https:\/\/vof-news.eu\/de\/\"},{\"@type\":\"ListItem\",\"position\":2,\"name\":\"Johann Wadephul betont Notwendigkeit von Freihandel mit China\"}]},{\"@type\":\"WebSite\",\"@id\":\"https:\/\/vof-news.eu\/de\/#website\",\"url\":\"https:\/\/vof-news.eu\/de\/\",\"name\":\"vof-news.eu\",\"description\":\"\",\"potentialAction\":[{\"@type\":\"SearchAction\",\"target\":{\"@type\":\"EntryPoint\",\"urlTemplate\":\"https:\/\/vof-news.eu\/de\/?s={search_term_string}\"},\"query-input\":\"required name=search_term_string\"}],\"inLanguage\":\"de\"},{\"@type\":\"Person\",\"@id\":\"https:\/\/vof-news.eu\/de\/#\/schema\/person\/f6a2a4309f0561835797fd8c19b333ed\",\"name\":\"Author\",\"image\":{\"@type\":\"ImageObject\",\"inLanguage\":\"de\",\"@id\":\"https:\/\/vof-news.eu\/de\/#\/schema\/person\/image\/\",\"url\":\"https:\/\/secure.gravatar.com\/avatar\/b67e614b1b25b3e9c0c239efdd2fde5ab015b5affd6f1c3c85911ca4b384e790?s=96&d=mm&r=g\",\"contentUrl\":\"https:\/\/secure.gravatar.com\/avatar\/b67e614b1b25b3e9c0c239efdd2fde5ab015b5affd6f1c3c85911ca4b384e790?s=96&d=mm&r=g\",\"caption\":\"Author\"},\"sameAs\":[\"http:\/\/vof-news.eu\"],\"url\":\"https:\/\/vof-news.eu\/de\/author\/zwt6qxnjulxbnyg\/\"}]}<\/script>\n<!-- \/ Yoast SEO plugin. -->","yoast_head_json":{"title":"Johann Wadephul betont Notwendigkeit von Freihandel mit China - vof-news.eu","description":"Bundesau\u00dfenminister Johann Wadephul holt seinen Ende Oktober kurzfristig abgesagten\u00a0Chinabesuch nach. Im Zentrum stehen chinesische Exportkontrollen f\u00fcr sogenannte Seltene Erden, die negative Auswirkungen","robots":{"index":"noindex","follow":"follow","max-snippet":"max-snippet:-1","max-image-preview":"max-image-preview:large","max-video-preview":"max-video-preview:-1"},"og_locale":"de_DE","og_type":"article","og_title":"Johann Wadephul betont Notwendigkeit von Freihandel mit China - vof-news.eu","og_description":"Bundesau\u00dfenminister Johann Wadephul holt seinen Ende Oktober kurzfristig abgesagten\u00a0Chinabesuch nach. Im Zentrum stehen chinesische Exportkontrollen f\u00fcr sogenannte Seltene Erden, die negative Auswirkungen","og_url":"https:\/\/vof-news.eu\/de\/johann-wadephul-betont-notwendigkeit-von-freihandel-mit-china\/","og_site_name":"vof-news.eu","article_published_time":"2025-12-08T06:28:11+00:00","article_modified_time":"2025-12-08T06:29:17+00:00","og_image":[{"width":1000,"height":562,"url":"https:\/\/vof-news.eu\/wp-content\/uploads\/2025\/12\/wide__1000x562-42.jpg","type":"image\/jpeg"}],"author":"Author","twitter_card":"summary_large_image","twitter_misc":{"Verfasst von":"Author","Gesch\u00e4tzte Lesezeit":"2\u00a0Minuten"},"schema":{"@context":"https:\/\/schema.org","@graph":[{"@type":"WebPage","@id":"https:\/\/vof-news.eu\/de\/johann-wadephul-betont-notwendigkeit-von-freihandel-mit-china\/","url":"https:\/\/vof-news.eu\/de\/johann-wadephul-betont-notwendigkeit-von-freihandel-mit-china\/","name":"Johann Wadephul betont Notwendigkeit von Freihandel mit China - vof-news.eu","isPartOf":{"@id":"https:\/\/vof-news.eu\/de\/#website"},"primaryImageOfPage":{"@id":"https:\/\/vof-news.eu\/de\/johann-wadephul-betont-notwendigkeit-von-freihandel-mit-china\/#primaryimage"},"image":{"@id":"https:\/\/vof-news.eu\/de\/johann-wadephul-betont-notwendigkeit-von-freihandel-mit-china\/#primaryimage"},"thumbnailUrl":"https:\/\/vof-news.eu\/wp-content\/uploads\/2025\/12\/wide__1000x562-42.jpg","datePublished":"2025-12-08T06:28:11+00:00","dateModified":"2025-12-08T06:29:17+00:00","author":{"@id":"https:\/\/vof-news.eu\/de\/#\/schema\/person\/f6a2a4309f0561835797fd8c19b333ed"},"description":"Bundesau\u00dfenminister Johann Wadephul holt seinen Ende Oktober kurzfristig abgesagten\u00a0Chinabesuch nach. Im Zentrum stehen chinesische Exportkontrollen f\u00fcr sogenannte Seltene Erden, die negative Auswirkungen","breadcrumb":{"@id":"https:\/\/vof-news.eu\/de\/johann-wadephul-betont-notwendigkeit-von-freihandel-mit-china\/#breadcrumb"},"inLanguage":"de","potentialAction":[{"@type":"ReadAction","target":["https:\/\/vof-news.eu\/de\/johann-wadephul-betont-notwendigkeit-von-freihandel-mit-china\/"]}]},{"@type":"ImageObject","inLanguage":"de","@id":"https:\/\/vof-news.eu\/de\/johann-wadephul-betont-notwendigkeit-von-freihandel-mit-china\/#primaryimage","url":"https:\/\/vof-news.eu\/wp-content\/uploads\/2025\/12\/wide__1000x562-42.jpg","contentUrl":"https:\/\/vof-news.eu\/wp-content\/uploads\/2025\/12\/wide__1000x562-42.jpg","width":1000,"height":562},{"@type":"BreadcrumbList","@id":"https:\/\/vof-news.eu\/de\/johann-wadephul-betont-notwendigkeit-von-freihandel-mit-china\/#breadcrumb","itemListElement":[{"@type":"ListItem","position":1,"name":"Home","item":"https:\/\/vof-news.eu\/de\/"},{"@type":"ListItem","position":2,"name":"Johann Wadephul betont Notwendigkeit von Freihandel mit China"}]},{"@type":"WebSite","@id":"https:\/\/vof-news.eu\/de\/#website","url":"https:\/\/vof-news.eu\/de\/","name":"vof-news.eu","description":"","potentialAction":[{"@type":"SearchAction","target":{"@type":"EntryPoint","urlTemplate":"https:\/\/vof-news.eu\/de\/?s={search_term_string}"},"query-input":"required name=search_term_string"}],"inLanguage":"de"},{"@type":"Person","@id":"https:\/\/vof-news.eu\/de\/#\/schema\/person\/f6a2a4309f0561835797fd8c19b333ed","name":"Author","image":{"@type":"ImageObject","inLanguage":"de","@id":"https:\/\/vof-news.eu\/de\/#\/schema\/person\/image\/","url":"https:\/\/secure.gravatar.com\/avatar\/b67e614b1b25b3e9c0c239efdd2fde5ab015b5affd6f1c3c85911ca4b384e790?s=96&d=mm&r=g","contentUrl":"https:\/\/secure.gravatar.com\/avatar\/b67e614b1b25b3e9c0c239efdd2fde5ab015b5affd6f1c3c85911ca4b384e790?s=96&d=mm&r=g","caption":"Author"},"sameAs":["http:\/\/vof-news.eu"],"url":"https:\/\/vof-news.eu\/de\/author\/zwt6qxnjulxbnyg\/"}]}},"yoast_meta":{"yoast_wpseo_title":"","yoast_wpseo_metadesc":"","yoast_wpseo_canonical":""},"_links":{"self":[{"href":"https:\/\/vof-news.eu\/de\/wp-json\/wp\/v2\/posts\/305186","targetHints":{"allow":["GET"]}}],"collection":[{"href":"https:\/\/vof-news.eu\/de\/wp-json\/wp\/v2\/posts"}],"about":[{"href":"https:\/\/vof-news.eu\/de\/wp-json\/wp\/v2\/types\/post"}],"author":[{"embeddable":true,"href":"https:\/\/vof-news.eu\/de\/wp-json\/wp\/v2\/users\/1"}],"replies":[{"embeddable":true,"href":"https:\/\/vof-news.eu\/de\/wp-json\/wp\/v2\/comments?post=305186"}],"version-history":[{"count":1,"href":"https:\/\/vof-news.eu\/de\/wp-json\/wp\/v2\/posts\/305186\/revisions"}],"predecessor-version":[{"id":305193,"href":"https:\/\/vof-news.eu\/de\/wp-json\/wp\/v2\/posts\/305186\/revisions\/305193"}],"wp:featuredmedia":[{"embeddable":true,"href":"https:\/\/vof-news.eu\/de\/wp-json\/wp\/v2\/media\/305187"}],"wp:attachment":[{"href":"https:\/\/vof-news.eu\/de\/wp-json\/wp\/v2\/media?parent=305186"}],"wp:term":[{"taxonomy":"category","embeddable":true,"href":"https:\/\/vof-news.eu\/de\/wp-json\/wp\/v2\/categories?post=305186"},{"taxonomy":"post_tag","embeddable":true,"href":"https:\/\/vof-news.eu\/de\/wp-json\/wp\/v2\/tags?post=305186"}],"curies":[{"name":"wp","href":"https:\/\/api.w.org\/{rel}","templated":true}]}}