{"id":304892,"date":"2025-12-06T23:28:12","date_gmt":"2025-12-06T20:28:12","guid":{"rendered":"https:\/\/vof-news.eu\/wolodymyr-selenskyj-telefoniert-mit-witkoff-und-kushner\/"},"modified":"2025-12-06T23:29:14","modified_gmt":"2025-12-06T20:29:14","slug":"wolodymyr-selenskyj-telefoniert-mit-witkoff-und-kushner","status":"publish","type":"post","link":"https:\/\/vof-news.eu\/de\/wolodymyr-selenskyj-telefoniert-mit-witkoff-und-kushner\/","title":{"rendered":"Wolodymyr Selenskyj telefoniert mit Witkoff und Kushner"},"content":{"rendered":"<div>\n<p>Der ukrainische Pr\u00e4sident <span><a href=\"https:\/\/www.zeit.de\/thema\/wolodymyr-selenskyj\" rel=\"nofollow\">Wolodymyr Selenskyj<\/a><\/span><br \/>\nberichtet von einem langen und &#8222;substanziellen&#8220; Telefonat mit dem<br \/>\nSondergesandten von US-Pr\u00e4sident Donald Trump, Steve Witkoff,<br \/>\nund <a href=\"https:\/\/www.zeit.de\/politik\/ausland\/2025-12\/jared-kushner-donald-trump-eigeninteresse-verhandlungen-ukrainekrieg-nahost\" rel=\"nofollow\">Trumps Schwiegersohn und Verhandler Jared Kushner<\/a>. Die Ukraine sei<br \/>\nentschlossen, weiter vertrauensvoll mit den USA zusammenzuarbeiten, um Frieden zu erreichen, schrieb Selenskyj auf<br \/>\nder Plattform X. Man habe sich auf die n\u00e4chsten Schritte und<br \/>\nden Rahmen f\u00fcr Gespr\u00e4che mit den USA geeinigt.\n<\/p>\n<p><a href=\"https:\/\/www.zeit.de\/2025\/52\/diplomatie-donald-trump-wladimir-putin-steve-witkoff-russland\" rel=\"nofollow\">Witkoff und Kushner hatten Anfang der Woche den russischen Staatschef Wladimir Putin in Moskau getroffen<\/a>, um \u00fcber ein Ende des seit fast vier Jahren<br \/>\nandauernden russischen Krieges gegen die <span><a href=\"https:\/\/www.zeit.de\/politik\/ausland\/ukraine-krieg-news-liveblog\" rel=\"nofollow\">Ukraine<\/a><\/span> zu sprechen. Das f\u00fcnfst\u00fcndige Treffen f\u00fchrte<br \/>\njedoch zu keinem Durchbruch.\u00a0\n<\/p>\n<p>Anschlie\u00dfend berieten Witkoff und Kushner zwei Tage lang in Miami mit\u00a0dem ukrainischen Chefunterh\u00e4ndler Rustem Umjerow. Ein weiteres Treffen mit ihm ist geplant. Beide Seiten seien sich<br \/>\neinig, dass wirkliche Fortschritte von der Bereitschaft Russlands<br \/>\nabhingen, &#8222;sich ernsthaft f\u00fcr einen langfristigen Frieden einzusetzen&#8220;, teilte das US-Au\u00dfenministerium mit.\n<\/p>\n<p>Dabei ist allerdings unklar, inwiefern <span><a href=\"https:\/\/www.zeit.de\/thema\/donald-trump\" rel=\"nofollow\">Trump<\/a><\/span> die Einsch\u00e4tzung teilt, wonach Russland an der Reihe sei, Vorschl\u00e4ge zu machen: Au\u00dfenminister Marco Rubio gilt als deutlich kritischer gegen\u00fcber Putin als Trumps Vertraute Witkoff und Kushner, die eine gr\u00f6\u00dfere Rolle bei den Gespr\u00e4chen mit Russland spielen als Rubio.\n<\/p>\n<h2>Merz kommt zum Treffen mit Selenskyj nach London<\/h2>\n<p>Unterdessen lie\u00df Bundeskanzler Friedrich Merz (CDU) mitteilen, dass er zu einem Treffen von europ\u00e4ischen Regierungschefs mit Selenskyj nach London reisen werde. Am Montag werden dort au\u00dferdem Frankreichs Pr\u00e4sident <span><a href=\"https:\/\/www.zeit.de\/thema\/emmanuel-macron\" rel=\"nofollow\">Emmanuel Macron<\/a><\/span> und der britische Premier Keir Starmer erwartet. Macron hatte das Treffen zuvor auf X angek\u00fcndigt.\n<\/p>\n<p>Man wolle dort den aktuellen Stand der Verhandlungen besprechen, schrieb Macron. Die<br \/>\nVerhandlungsbem\u00fchungen mit den USA m\u00fcssten fortgesetzt werden. Ziel der EU sei es, der Ukraine Sicherheitsgarantien zu geben, &#8222;ohne die kein robuster und<br \/>\ndauerhafter Friede m\u00f6glich sein wird&#8220;. Allerdings misstrauen <span><a href=\"https:\/\/www.zeit.de\/thema\/friedrich-merz\" rel=\"nofollow\">Merz<\/a><\/span> und Macron den US-Pl\u00e4nen offenbar: <a href=\"https:\/\/www.zeit.de\/politik\/2025-12\/ukraine-usa-unterhaendler-merz-macron\" rel=\"nofollow\">Einem Bericht zufolge hatten sie Selenskyj gewarnt, die USA k\u00f6nnten Europa und die Ukraine hintergehen<\/a>.\n<\/p>\n<p>Grundlage der aktuellen Verhandlungen ist der Ukraine-Plan, den die USA vor knapp drei Wochen vorgelegt hatten. Der urspr\u00fcngliche Entwurf, der als ausgesprochen russlandfreundlich bewertet wird, wurde auf Dr\u00e4ngen der Ukraine und ihrer europ\u00e4ischen Verb\u00fcndeten<br \/>\nin zentralen Punkten \u00fcberarbeitet.\u00a0\n<\/p>\n<p>Nach dem\u00a0urspr\u00fcnglichen Plan sollte die<br \/>\nUkraine einen Nato-Beitritt verbindlich ausschlie\u00dfen, ihre Streitkr\u00e4fte<br \/>\nverkleinern und den gesamten Donbass im Osten der Ukraine an Russland<br \/>\nabgeben \u2013 auch Gebiete, die nicht von Russland besetzt sind. Russland w\u00fcrde hingegen eingeladen, den G7 beizutreten und w\u00fcrde sein in der EU gesperrtes Staatsverm\u00f6gen zur\u00fcckerhalten. \u00dcber die<br \/>\n\u00fcberarbeitete Fassung des Plans wurde bislang kaum etwas bekannt gegeben.\u00a0\n<\/p>\n<\/div>\n","protected":false},"excerpt":{"rendered":"<p>Der ukrainische Pr\u00e4sident Wolodymyr Selenskyj berichtet von einem langen und &#8222;substanziellen&#8220; Telefonat mit dem Sondergesandten von US-Pr\u00e4sident Donald Trump, Steve Witkoff, und Trumps Schwiegersohn und Verhandler Jared Kushner. Die Ukraine sei entschlossen, weiter vertrauensvoll mit den USA zusammenzuarbeiten, um Frieden zu erreichen, schrieb Selenskyj auf der Plattform X. Man habe sich auf die n\u00e4chsten Schritte<\/p>\n","protected":false},"author":1,"featured_media":304893,"comment_status":"open","ping_status":"open","sticky":false,"template":"","format":"standard","meta":{"footnotes":""},"categories":[116],"tags":[],"class_list":["post-304892","post","type-post","status-publish","format-standard","has-post-thumbnail","hentry","category-war-chronicles-de"],"acf":[],"yoast_head":"<!-- This site is optimized with the Yoast SEO plugin v22.9 - https:\/\/yoast.com\/wordpress\/plugins\/seo\/ -->\n<title>Wolodymyr Selenskyj telefoniert mit Witkoff und Kushner - vof-news.eu<\/title>\n<meta name=\"description\" content=\"Der ukrainische Pr\u00e4sident Wolodymyr Selenskyj\" \/>\n<meta name=\"robots\" content=\"noindex, follow, max-snippet:-1, max-image-preview:large, max-video-preview:-1\" \/>\n<meta property=\"og:locale\" content=\"de_DE\" \/>\n<meta property=\"og:type\" content=\"article\" \/>\n<meta property=\"og:title\" content=\"Wolodymyr Selenskyj telefoniert mit Witkoff und Kushner - vof-news.eu\" \/>\n<meta property=\"og:description\" content=\"Der ukrainische Pr\u00e4sident Wolodymyr Selenskyj\" \/>\n<meta property=\"og:url\" content=\"https:\/\/vof-news.eu\/de\/wolodymyr-selenskyj-telefoniert-mit-witkoff-und-kushner\/\" \/>\n<meta property=\"og:site_name\" content=\"vof-news.eu\" \/>\n<meta property=\"article:published_time\" content=\"2025-12-06T20:28:12+00:00\" \/>\n<meta property=\"article:modified_time\" content=\"2025-12-06T20:29:14+00:00\" \/>\n<meta property=\"og:image\" content=\"https:\/\/vof-news.eu\/wp-content\/uploads\/2025\/12\/wide__1000x562-33.jpg\" \/>\n\t<meta property=\"og:image:width\" content=\"1000\" \/>\n\t<meta property=\"og:image:height\" content=\"562\" \/>\n\t<meta property=\"og:image:type\" content=\"image\/jpeg\" \/>\n<meta name=\"author\" content=\"Author\" \/>\n<meta name=\"twitter:card\" content=\"summary_large_image\" \/>\n<meta name=\"twitter:label1\" content=\"Verfasst von\" \/>\n\t<meta name=\"twitter:data1\" content=\"Author\" \/>\n\t<meta name=\"twitter:label2\" content=\"Gesch\u00e4tzte Lesezeit\" \/>\n\t<meta name=\"twitter:data2\" content=\"2\u00a0Minuten\" \/>\n<script type=\"application\/ld+json\" class=\"yoast-schema-graph\">{\"@context\":\"https:\/\/schema.org\",\"@graph\":[{\"@type\":\"WebPage\",\"@id\":\"https:\/\/vof-news.eu\/de\/wolodymyr-selenskyj-telefoniert-mit-witkoff-und-kushner\/\",\"url\":\"https:\/\/vof-news.eu\/de\/wolodymyr-selenskyj-telefoniert-mit-witkoff-und-kushner\/\",\"name\":\"Wolodymyr Selenskyj telefoniert mit Witkoff und Kushner - vof-news.eu\",\"isPartOf\":{\"@id\":\"https:\/\/vof-news.eu\/de\/#website\"},\"primaryImageOfPage\":{\"@id\":\"https:\/\/vof-news.eu\/de\/wolodymyr-selenskyj-telefoniert-mit-witkoff-und-kushner\/#primaryimage\"},\"image\":{\"@id\":\"https:\/\/vof-news.eu\/de\/wolodymyr-selenskyj-telefoniert-mit-witkoff-und-kushner\/#primaryimage\"},\"thumbnailUrl\":\"https:\/\/vof-news.eu\/wp-content\/uploads\/2025\/12\/wide__1000x562-33.jpg\",\"datePublished\":\"2025-12-06T20:28:12+00:00\",\"dateModified\":\"2025-12-06T20:29:14+00:00\",\"author\":{\"@id\":\"https:\/\/vof-news.eu\/de\/#\/schema\/person\/f6a2a4309f0561835797fd8c19b333ed\"},\"description\":\"Der ukrainische Pr\u00e4sident Wolodymyr Selenskyj\",\"breadcrumb\":{\"@id\":\"https:\/\/vof-news.eu\/de\/wolodymyr-selenskyj-telefoniert-mit-witkoff-und-kushner\/#breadcrumb\"},\"inLanguage\":\"de\",\"potentialAction\":[{\"@type\":\"ReadAction\",\"target\":[\"https:\/\/vof-news.eu\/de\/wolodymyr-selenskyj-telefoniert-mit-witkoff-und-kushner\/\"]}]},{\"@type\":\"ImageObject\",\"inLanguage\":\"de\",\"@id\":\"https:\/\/vof-news.eu\/de\/wolodymyr-selenskyj-telefoniert-mit-witkoff-und-kushner\/#primaryimage\",\"url\":\"https:\/\/vof-news.eu\/wp-content\/uploads\/2025\/12\/wide__1000x562-33.jpg\",\"contentUrl\":\"https:\/\/vof-news.eu\/wp-content\/uploads\/2025\/12\/wide__1000x562-33.jpg\",\"width\":1000,\"height\":562},{\"@type\":\"BreadcrumbList\",\"@id\":\"https:\/\/vof-news.eu\/de\/wolodymyr-selenskyj-telefoniert-mit-witkoff-und-kushner\/#breadcrumb\",\"itemListElement\":[{\"@type\":\"ListItem\",\"position\":1,\"name\":\"Home\",\"item\":\"https:\/\/vof-news.eu\/de\/\"},{\"@type\":\"ListItem\",\"position\":2,\"name\":\"Wolodymyr Selenskyj telefoniert mit Witkoff und Kushner\"}]},{\"@type\":\"WebSite\",\"@id\":\"https:\/\/vof-news.eu\/de\/#website\",\"url\":\"https:\/\/vof-news.eu\/de\/\",\"name\":\"vof-news.eu\",\"description\":\"\",\"potentialAction\":[{\"@type\":\"SearchAction\",\"target\":{\"@type\":\"EntryPoint\",\"urlTemplate\":\"https:\/\/vof-news.eu\/de\/?s={search_term_string}\"},\"query-input\":\"required name=search_term_string\"}],\"inLanguage\":\"de\"},{\"@type\":\"Person\",\"@id\":\"https:\/\/vof-news.eu\/de\/#\/schema\/person\/f6a2a4309f0561835797fd8c19b333ed\",\"name\":\"Author\",\"image\":{\"@type\":\"ImageObject\",\"inLanguage\":\"de\",\"@id\":\"https:\/\/vof-news.eu\/de\/#\/schema\/person\/image\/\",\"url\":\"https:\/\/secure.gravatar.com\/avatar\/b67e614b1b25b3e9c0c239efdd2fde5ab015b5affd6f1c3c85911ca4b384e790?s=96&d=mm&r=g\",\"contentUrl\":\"https:\/\/secure.gravatar.com\/avatar\/b67e614b1b25b3e9c0c239efdd2fde5ab015b5affd6f1c3c85911ca4b384e790?s=96&d=mm&r=g\",\"caption\":\"Author\"},\"sameAs\":[\"http:\/\/vof-news.eu\"],\"url\":\"https:\/\/vof-news.eu\/de\/author\/zwt6qxnjulxbnyg\/\"}]}<\/script>\n<!-- \/ Yoast SEO plugin. -->","yoast_head_json":{"title":"Wolodymyr Selenskyj telefoniert mit Witkoff und Kushner - vof-news.eu","description":"Der ukrainische Pr\u00e4sident Wolodymyr Selenskyj","robots":{"index":"noindex","follow":"follow","max-snippet":"max-snippet:-1","max-image-preview":"max-image-preview:large","max-video-preview":"max-video-preview:-1"},"og_locale":"de_DE","og_type":"article","og_title":"Wolodymyr Selenskyj telefoniert mit Witkoff und Kushner - vof-news.eu","og_description":"Der ukrainische Pr\u00e4sident Wolodymyr Selenskyj","og_url":"https:\/\/vof-news.eu\/de\/wolodymyr-selenskyj-telefoniert-mit-witkoff-und-kushner\/","og_site_name":"vof-news.eu","article_published_time":"2025-12-06T20:28:12+00:00","article_modified_time":"2025-12-06T20:29:14+00:00","og_image":[{"width":1000,"height":562,"url":"https:\/\/vof-news.eu\/wp-content\/uploads\/2025\/12\/wide__1000x562-33.jpg","type":"image\/jpeg"}],"author":"Author","twitter_card":"summary_large_image","twitter_misc":{"Verfasst von":"Author","Gesch\u00e4tzte Lesezeit":"2\u00a0Minuten"},"schema":{"@context":"https:\/\/schema.org","@graph":[{"@type":"WebPage","@id":"https:\/\/vof-news.eu\/de\/wolodymyr-selenskyj-telefoniert-mit-witkoff-und-kushner\/","url":"https:\/\/vof-news.eu\/de\/wolodymyr-selenskyj-telefoniert-mit-witkoff-und-kushner\/","name":"Wolodymyr Selenskyj telefoniert mit Witkoff und Kushner - vof-news.eu","isPartOf":{"@id":"https:\/\/vof-news.eu\/de\/#website"},"primaryImageOfPage":{"@id":"https:\/\/vof-news.eu\/de\/wolodymyr-selenskyj-telefoniert-mit-witkoff-und-kushner\/#primaryimage"},"image":{"@id":"https:\/\/vof-news.eu\/de\/wolodymyr-selenskyj-telefoniert-mit-witkoff-und-kushner\/#primaryimage"},"thumbnailUrl":"https:\/\/vof-news.eu\/wp-content\/uploads\/2025\/12\/wide__1000x562-33.jpg","datePublished":"2025-12-06T20:28:12+00:00","dateModified":"2025-12-06T20:29:14+00:00","author":{"@id":"https:\/\/vof-news.eu\/de\/#\/schema\/person\/f6a2a4309f0561835797fd8c19b333ed"},"description":"Der ukrainische Pr\u00e4sident Wolodymyr Selenskyj","breadcrumb":{"@id":"https:\/\/vof-news.eu\/de\/wolodymyr-selenskyj-telefoniert-mit-witkoff-und-kushner\/#breadcrumb"},"inLanguage":"de","potentialAction":[{"@type":"ReadAction","target":["https:\/\/vof-news.eu\/de\/wolodymyr-selenskyj-telefoniert-mit-witkoff-und-kushner\/"]}]},{"@type":"ImageObject","inLanguage":"de","@id":"https:\/\/vof-news.eu\/de\/wolodymyr-selenskyj-telefoniert-mit-witkoff-und-kushner\/#primaryimage","url":"https:\/\/vof-news.eu\/wp-content\/uploads\/2025\/12\/wide__1000x562-33.jpg","contentUrl":"https:\/\/vof-news.eu\/wp-content\/uploads\/2025\/12\/wide__1000x562-33.jpg","width":1000,"height":562},{"@type":"BreadcrumbList","@id":"https:\/\/vof-news.eu\/de\/wolodymyr-selenskyj-telefoniert-mit-witkoff-und-kushner\/#breadcrumb","itemListElement":[{"@type":"ListItem","position":1,"name":"Home","item":"https:\/\/vof-news.eu\/de\/"},{"@type":"ListItem","position":2,"name":"Wolodymyr Selenskyj telefoniert mit Witkoff und Kushner"}]},{"@type":"WebSite","@id":"https:\/\/vof-news.eu\/de\/#website","url":"https:\/\/vof-news.eu\/de\/","name":"vof-news.eu","description":"","potentialAction":[{"@type":"SearchAction","target":{"@type":"EntryPoint","urlTemplate":"https:\/\/vof-news.eu\/de\/?s={search_term_string}"},"query-input":"required name=search_term_string"}],"inLanguage":"de"},{"@type":"Person","@id":"https:\/\/vof-news.eu\/de\/#\/schema\/person\/f6a2a4309f0561835797fd8c19b333ed","name":"Author","image":{"@type":"ImageObject","inLanguage":"de","@id":"https:\/\/vof-news.eu\/de\/#\/schema\/person\/image\/","url":"https:\/\/secure.gravatar.com\/avatar\/b67e614b1b25b3e9c0c239efdd2fde5ab015b5affd6f1c3c85911ca4b384e790?s=96&d=mm&r=g","contentUrl":"https:\/\/secure.gravatar.com\/avatar\/b67e614b1b25b3e9c0c239efdd2fde5ab015b5affd6f1c3c85911ca4b384e790?s=96&d=mm&r=g","caption":"Author"},"sameAs":["http:\/\/vof-news.eu"],"url":"https:\/\/vof-news.eu\/de\/author\/zwt6qxnjulxbnyg\/"}]}},"yoast_meta":{"yoast_wpseo_title":"","yoast_wpseo_metadesc":"","yoast_wpseo_canonical":""},"_links":{"self":[{"href":"https:\/\/vof-news.eu\/de\/wp-json\/wp\/v2\/posts\/304892","targetHints":{"allow":["GET"]}}],"collection":[{"href":"https:\/\/vof-news.eu\/de\/wp-json\/wp\/v2\/posts"}],"about":[{"href":"https:\/\/vof-news.eu\/de\/wp-json\/wp\/v2\/types\/post"}],"author":[{"embeddable":true,"href":"https:\/\/vof-news.eu\/de\/wp-json\/wp\/v2\/users\/1"}],"replies":[{"embeddable":true,"href":"https:\/\/vof-news.eu\/de\/wp-json\/wp\/v2\/comments?post=304892"}],"version-history":[{"count":1,"href":"https:\/\/vof-news.eu\/de\/wp-json\/wp\/v2\/posts\/304892\/revisions"}],"predecessor-version":[{"id":304899,"href":"https:\/\/vof-news.eu\/de\/wp-json\/wp\/v2\/posts\/304892\/revisions\/304899"}],"wp:featuredmedia":[{"embeddable":true,"href":"https:\/\/vof-news.eu\/de\/wp-json\/wp\/v2\/media\/304893"}],"wp:attachment":[{"href":"https:\/\/vof-news.eu\/de\/wp-json\/wp\/v2\/media?parent=304892"}],"wp:term":[{"taxonomy":"category","embeddable":true,"href":"https:\/\/vof-news.eu\/de\/wp-json\/wp\/v2\/categories?post=304892"},{"taxonomy":"post_tag","embeddable":true,"href":"https:\/\/vof-news.eu\/de\/wp-json\/wp\/v2\/tags?post=304892"}],"curies":[{"name":"wp","href":"https:\/\/api.w.org\/{rel}","templated":true}]}}