{"id":304684,"date":"2025-12-06T05:29:47","date_gmt":"2025-12-06T02:29:47","guid":{"rendered":"https:\/\/vof-news.eu\/merz-drangt-belgien-zu-kompromiss-uber-eingefrorenes-russlandvermogen\/"},"modified":"2025-12-06T05:31:28","modified_gmt":"2025-12-06T02:31:28","slug":"merz-drangt-belgien-zu-kompromiss-uber-eingefrorenes-russlandvermogen","status":"publish","type":"post","link":"https:\/\/vof-news.eu\/de\/merz-drangt-belgien-zu-kompromiss-uber-eingefrorenes-russlandvermogen\/","title":{"rendered":"Merz dr\u00e4ngt Belgien zu Kompromiss \u00fcber eingefrorenes Russlandverm\u00f6gen"},"content":{"rendered":"<div>\n<p>In die Debatte \u00fcber die k\u00fcnftige Verwendung von eingefrorenem russischen Staatsverm\u00f6gen in der EU<br \/>\nkommt Bewegung: Bei einem Teffen in <a href=\"https:\/\/www.zeit.de\/thema\/bruessel\" rel=\"nofollow\">Br\u00fcssel<\/a> hat Bundeskanzler <a href=\"https:\/\/www.zeit.de\/politik\/deutschland\/2025-09\/russische-vermoegen-ukraine-kredit-friedrich-merz\" rel=\"nofollow\">Friedrich Merz<\/a><br \/>\n(CDU) dem belgischen Ministerpr\u00e4sidenten Bart De Wever eine gleichm\u00e4\u00dfige<br \/>\nRisikoverteilung versprochen. Die besondere Betroffenheit <span><a href=\"https:\/\/www.zeit.de\/thema\/belgien\" rel=\"nofollow\">Belgiens<\/a><\/span> in der<br \/>\nFrage, was mit den russischen Milliarden geschehen soll, sei<br \/>\n&#8222;unbestreitbar&#8220; und m\u00fcsse &#8222;in jeder denkbaren L\u00f6sung so<br \/>\nadressiert werden, dass alle europ\u00e4ischen Staaten dasselbe Risiko tragen&#8220;,<br \/>\nhie\u00df es am Freitagabend in einer Erkl\u00e4rung des Bundeskanzlers.\n<\/p>\n<p>Merz hatte f\u00fcr<br \/>\ndas Abendessen in &#8222;privatem Rahmen&#8220; extra eine geplante Reise nach Norwegen<br \/>\nabgesagt. Auch EU-Kommissionspr\u00e4sidentin <a href=\"https:\/\/www.zeit.de\/thema\/ursula-von-der-leyen\" rel=\"nofollow\">Ursula von der Leyen<\/a> nahm an dem<br \/>\nGespr\u00e4ch teil. Seit Wochen versuchen die beiden, De Wever davon zu \u00fcberzeugen,<br \/>\nseinen Widerstand gegen einen Plan aufzugeben, <a href=\"https:\/\/www.zeit.de\/wirtschaft\/2025-12\/russisches-vermoegen-eingefroren-ukraine-krieg-belgien\" rel=\"nofollow\">eingefrorenes Verm\u00f6gen der<br \/>\nrussischen Zentralbank der Ukraine zu \u00fcberlassen \u2013 in Form eines Darlehens<\/a>. Doch<br \/>\nder Belgier verweigert die Zustimmung aus Angst vor rechtlichen Konsequenzen<br \/>\nund russischer Vergeltung. Grund: Mit etwa 185 Milliarden Euro <a href=\"https:\/\/www.zeit.de\/politik\/ausland\/2025-09\/friedrich-merz-russische-vermoegen-kredit-ukraine\" rel=\"nofollow\">liegt ein<br \/>\nGro\u00dfteil des Geldes in Br\u00fcssel<\/a>, verwaltet vom Finanzinstitut Euroclear.\n<\/p>\n<h2>Russischer Botschafter droht mit &#8222;weitreichenden Konsequenzen&#8220;<\/h2>\n<p>Die drei<br \/>\nGespr\u00e4chspartner seien sich einig gewesen, dass in der aktuellen geopolitischen<br \/>\nLage die Zeit dr\u00e4nge, teilte Regierungssprecher Stefan Kornelius nach dem<br \/>\nTreffen mit. Sie h\u00e4tten festgestellt, dass die finanzielle Unterst\u00fctzung der<br \/>\n<span><a href=\"https:\/\/www.zeit.de\/politik\/ausland\/ukraine-krieg-news-liveblog\" rel=\"nofollow\">Ukraine<\/a><\/span> von zentraler Bedeutung f\u00fcr die Sicherheit Europas sei. De Wever f\u00fcrchtet<br \/>\njedoch um die Existenz von Euroclear und sieht auch die Gefahr, dass Russland gegen<br \/>\neurop\u00e4ische Privatpersonen und andere Unternehmen vorgehen k\u00f6nnte \u2013 etwa \u00fcber<br \/>\nEnteignungen in Russland.\n<\/p>\n<p>Der russische<br \/>\nBotschafter in Berlin heizte diese Angst am Freitag zus\u00e4tzlich an. Er drohte<br \/>\nmit &#8222;weitreichenden Konsequenzen&#8220;, sollte die <span><a href=\"https:\/\/www.zeit.de\/thema\/europaeische-union\" rel=\"nofollow\">EU<\/a><\/span> eingefrorenes<br \/>\nrussisches Verm\u00f6gen f\u00fcr die Ukraine nutzen. &#8222;Jede Operation mit<br \/>\n\u00f6ffentlichen russischen Verm\u00f6genswerten ohne Zustimmung Russlands w\u00e4re<br \/>\nDiebstahl&#8220;, schrieb der russische Botschafter Sergej Netschajew in einer<br \/>\nErkl\u00e4rung an die Nachrichtenagentur AFP.\n<\/p>\n<p>Eine Nutzung der<br \/>\nrussischen Gelder w\u00fcrde nach Ansicht des Botschafters letztlich zu<br \/>\n&#8222;rechtlicher Anarchie&#8220; und der &#8222;Zerst\u00f6rung der Grundlagen des<br \/>\nglobalen Finanzsystems&#8220; f\u00fchren, was vor allem die Europ\u00e4ische Union<br \/>\ntreffen werde. &#8222;Wir sind zuversichtlich, dass dies in Br\u00fcssel und Berlin<br \/>\nverstanden wird&#8220;, f\u00fcgte Netschajew hinzu.\n<\/p>\n<h2>Merz und De Wever wollen bis 18. Dezember eine L\u00f6sung finden<\/h2>\n<p>Der belgische Premierminister<br \/>\nhatte mehrere Bedingungen genannt, unter denen er m\u00f6glicherweise den Plan<br \/>\nunterst\u00fctzen w\u00fcrde. Unter anderem m\u00fcsse eine Vergemeinschaftung aller m\u00f6glichen<br \/>\nRisiken garantiert sein. Zudem m\u00fcsste es ausreichend finanzielle Garantien<br \/>\ngeben, um m\u00f6glichen finanziellen Verpflichtungen nachzukommen.\n<\/p>\n<p>Merz, De Wever und<br \/>\nvon der Leyen vereinbarten dem Sprecher zufolge, ihren Austausch fortzusetzen.<br \/>\nZiel sei es, bis zum n\u00e4chsten Gipfel des Europ\u00e4ischen Rats am 18. Dezember eine<br \/>\neinvernehmliche L\u00f6sung zu finden.\n<\/p>\n<p>Merz hatte vor<br \/>\nseiner Reise nach <a href=\"https:\/\/www.zeit.de\/thema\/belgien\" rel=\"nofollow\">Belgien<\/a> gesagt, er wolle De Wever davon \u00fcberzeugen,<br \/>\n&#8222;dass der Weg, den wir hier vorschlagen, richtig ist&#8220;. \u00d6ffentliche<br \/>\n\u00c4u\u00dferungen vor oder nach dem Treffen waren nicht vorgesehen.\n<\/p>\n<p>Die EU hat sich<br \/>\nbis zum Gipfel der Staats- und Regierungschefs am 18. Dezember Zeit gegeben,<br \/>\neine Einigung \u00fcber die Finanzierung der <a href=\"https:\/\/www.zeit.de\/thema\/krieg-in-ukraine\" rel=\"nofollow\">Ukraine<\/a>-Hilfe f\u00fcr die n\u00e4chsten zwei<br \/>\nJahre zu erzielen. Die Kommission stellte am Mittwoch einen Plan f\u00fcr die<br \/>\nNutzung der russischen Verm\u00f6gen vor.\n<\/p>\n<p>Mit den darin<br \/>\nvorgeschlagenen Ma\u00dfnahmen soll laut der Kommission sichergestellt werden, dass<br \/>\nes &#8222;kein Szenario gibt&#8220;, in dem die betreffenden Finanzinstitutionen<br \/>\nwie Euroclear das geliehene Geld nicht zur\u00fcckerhalten, und &#8222;dass sie in<br \/>\nder Lage sind, alle vertraglichen Verpflichtungen im Zusammenhang mit den<br \/>\nVerm\u00f6genswerten und Reserven der Zentralbank Russlands zu erf\u00fcllen&#8220;.\n<\/p>\n<\/div>\n","protected":false},"excerpt":{"rendered":"<p>In die Debatte \u00fcber die k\u00fcnftige Verwendung von eingefrorenem russischen Staatsverm\u00f6gen in der EU kommt Bewegung: Bei einem Teffen in Br\u00fcssel hat Bundeskanzler Friedrich Merz (CDU) dem belgischen Ministerpr\u00e4sidenten Bart De Wever eine gleichm\u00e4\u00dfige Risikoverteilung versprochen. Die besondere Betroffenheit Belgiens in der Frage, was mit den russischen Milliarden geschehen soll, sei &#8222;unbestreitbar&#8220; und m\u00fcsse &#8222;in<\/p>\n","protected":false},"author":1,"featured_media":304685,"comment_status":"open","ping_status":"open","sticky":false,"template":"","format":"standard","meta":{"footnotes":""},"categories":[116],"tags":[],"class_list":["post-304684","post","type-post","status-publish","format-standard","has-post-thumbnail","hentry","category-war-chronicles-de"],"acf":[],"yoast_head":"<!-- This site is optimized with the Yoast SEO plugin v22.9 - https:\/\/yoast.com\/wordpress\/plugins\/seo\/ -->\n<title>Merz dr\u00e4ngt Belgien zu Kompromiss \u00fcber eingefrorenes Russlandverm\u00f6gen - vof-news.eu<\/title>\n<meta name=\"description\" content=\"In die Debatte \u00fcber die k\u00fcnftige Verwendung von eingefrorenem russischen Staatsverm\u00f6gen in der EU\" \/>\n<meta name=\"robots\" content=\"noindex, follow, max-snippet:-1, max-image-preview:large, max-video-preview:-1\" \/>\n<meta property=\"og:locale\" content=\"de_DE\" \/>\n<meta property=\"og:type\" content=\"article\" \/>\n<meta property=\"og:title\" content=\"Merz dr\u00e4ngt Belgien zu Kompromiss \u00fcber eingefrorenes Russlandverm\u00f6gen - vof-news.eu\" \/>\n<meta property=\"og:description\" content=\"In die Debatte \u00fcber die k\u00fcnftige Verwendung von eingefrorenem russischen Staatsverm\u00f6gen in der EU\" \/>\n<meta property=\"og:url\" content=\"https:\/\/vof-news.eu\/de\/merz-drangt-belgien-zu-kompromiss-uber-eingefrorenes-russlandvermogen\/\" \/>\n<meta property=\"og:site_name\" content=\"vof-news.eu\" \/>\n<meta property=\"article:published_time\" content=\"2025-12-06T02:29:47+00:00\" \/>\n<meta property=\"article:modified_time\" content=\"2025-12-06T02:31:28+00:00\" \/>\n<meta property=\"og:image\" content=\"https:\/\/vof-news.eu\/wp-content\/uploads\/2025\/12\/wide__1000x562-28.jpg\" \/>\n\t<meta property=\"og:image:width\" content=\"1000\" \/>\n\t<meta property=\"og:image:height\" content=\"562\" \/>\n\t<meta property=\"og:image:type\" content=\"image\/jpeg\" \/>\n<meta name=\"author\" content=\"Author\" \/>\n<meta name=\"twitter:card\" content=\"summary_large_image\" \/>\n<meta name=\"twitter:label1\" content=\"Verfasst von\" \/>\n\t<meta name=\"twitter:data1\" content=\"Author\" \/>\n\t<meta name=\"twitter:label2\" content=\"Gesch\u00e4tzte Lesezeit\" \/>\n\t<meta name=\"twitter:data2\" content=\"3\u00a0Minuten\" \/>\n<script type=\"application\/ld+json\" class=\"yoast-schema-graph\">{\"@context\":\"https:\/\/schema.org\",\"@graph\":[{\"@type\":\"WebPage\",\"@id\":\"https:\/\/vof-news.eu\/de\/merz-drangt-belgien-zu-kompromiss-uber-eingefrorenes-russlandvermogen\/\",\"url\":\"https:\/\/vof-news.eu\/de\/merz-drangt-belgien-zu-kompromiss-uber-eingefrorenes-russlandvermogen\/\",\"name\":\"Merz dr\u00e4ngt Belgien zu Kompromiss \u00fcber eingefrorenes Russlandverm\u00f6gen - vof-news.eu\",\"isPartOf\":{\"@id\":\"https:\/\/vof-news.eu\/de\/#website\"},\"primaryImageOfPage\":{\"@id\":\"https:\/\/vof-news.eu\/de\/merz-drangt-belgien-zu-kompromiss-uber-eingefrorenes-russlandvermogen\/#primaryimage\"},\"image\":{\"@id\":\"https:\/\/vof-news.eu\/de\/merz-drangt-belgien-zu-kompromiss-uber-eingefrorenes-russlandvermogen\/#primaryimage\"},\"thumbnailUrl\":\"https:\/\/vof-news.eu\/wp-content\/uploads\/2025\/12\/wide__1000x562-28.jpg\",\"datePublished\":\"2025-12-06T02:29:47+00:00\",\"dateModified\":\"2025-12-06T02:31:28+00:00\",\"author\":{\"@id\":\"https:\/\/vof-news.eu\/de\/#\/schema\/person\/f6a2a4309f0561835797fd8c19b333ed\"},\"description\":\"In die Debatte \u00fcber die k\u00fcnftige Verwendung von eingefrorenem russischen Staatsverm\u00f6gen in der EU\",\"breadcrumb\":{\"@id\":\"https:\/\/vof-news.eu\/de\/merz-drangt-belgien-zu-kompromiss-uber-eingefrorenes-russlandvermogen\/#breadcrumb\"},\"inLanguage\":\"de\",\"potentialAction\":[{\"@type\":\"ReadAction\",\"target\":[\"https:\/\/vof-news.eu\/de\/merz-drangt-belgien-zu-kompromiss-uber-eingefrorenes-russlandvermogen\/\"]}]},{\"@type\":\"ImageObject\",\"inLanguage\":\"de\",\"@id\":\"https:\/\/vof-news.eu\/de\/merz-drangt-belgien-zu-kompromiss-uber-eingefrorenes-russlandvermogen\/#primaryimage\",\"url\":\"https:\/\/vof-news.eu\/wp-content\/uploads\/2025\/12\/wide__1000x562-28.jpg\",\"contentUrl\":\"https:\/\/vof-news.eu\/wp-content\/uploads\/2025\/12\/wide__1000x562-28.jpg\",\"width\":1000,\"height\":562},{\"@type\":\"BreadcrumbList\",\"@id\":\"https:\/\/vof-news.eu\/de\/merz-drangt-belgien-zu-kompromiss-uber-eingefrorenes-russlandvermogen\/#breadcrumb\",\"itemListElement\":[{\"@type\":\"ListItem\",\"position\":1,\"name\":\"Home\",\"item\":\"https:\/\/vof-news.eu\/de\/\"},{\"@type\":\"ListItem\",\"position\":2,\"name\":\"Merz dr\u00e4ngt Belgien zu Kompromiss \u00fcber eingefrorenes Russlandverm\u00f6gen\"}]},{\"@type\":\"WebSite\",\"@id\":\"https:\/\/vof-news.eu\/de\/#website\",\"url\":\"https:\/\/vof-news.eu\/de\/\",\"name\":\"vof-news.eu\",\"description\":\"\",\"potentialAction\":[{\"@type\":\"SearchAction\",\"target\":{\"@type\":\"EntryPoint\",\"urlTemplate\":\"https:\/\/vof-news.eu\/de\/?s={search_term_string}\"},\"query-input\":\"required name=search_term_string\"}],\"inLanguage\":\"de\"},{\"@type\":\"Person\",\"@id\":\"https:\/\/vof-news.eu\/de\/#\/schema\/person\/f6a2a4309f0561835797fd8c19b333ed\",\"name\":\"Author\",\"image\":{\"@type\":\"ImageObject\",\"inLanguage\":\"de\",\"@id\":\"https:\/\/vof-news.eu\/de\/#\/schema\/person\/image\/\",\"url\":\"https:\/\/secure.gravatar.com\/avatar\/b67e614b1b25b3e9c0c239efdd2fde5ab015b5affd6f1c3c85911ca4b384e790?s=96&d=mm&r=g\",\"contentUrl\":\"https:\/\/secure.gravatar.com\/avatar\/b67e614b1b25b3e9c0c239efdd2fde5ab015b5affd6f1c3c85911ca4b384e790?s=96&d=mm&r=g\",\"caption\":\"Author\"},\"sameAs\":[\"http:\/\/vof-news.eu\"],\"url\":\"https:\/\/vof-news.eu\/de\/author\/zwt6qxnjulxbnyg\/\"}]}<\/script>\n<!-- \/ Yoast SEO plugin. -->","yoast_head_json":{"title":"Merz dr\u00e4ngt Belgien zu Kompromiss \u00fcber eingefrorenes Russlandverm\u00f6gen - vof-news.eu","description":"In die Debatte \u00fcber die k\u00fcnftige Verwendung von eingefrorenem russischen Staatsverm\u00f6gen in der EU","robots":{"index":"noindex","follow":"follow","max-snippet":"max-snippet:-1","max-image-preview":"max-image-preview:large","max-video-preview":"max-video-preview:-1"},"og_locale":"de_DE","og_type":"article","og_title":"Merz dr\u00e4ngt Belgien zu Kompromiss \u00fcber eingefrorenes Russlandverm\u00f6gen - vof-news.eu","og_description":"In die Debatte \u00fcber die k\u00fcnftige Verwendung von eingefrorenem russischen Staatsverm\u00f6gen in der EU","og_url":"https:\/\/vof-news.eu\/de\/merz-drangt-belgien-zu-kompromiss-uber-eingefrorenes-russlandvermogen\/","og_site_name":"vof-news.eu","article_published_time":"2025-12-06T02:29:47+00:00","article_modified_time":"2025-12-06T02:31:28+00:00","og_image":[{"width":1000,"height":562,"url":"https:\/\/vof-news.eu\/wp-content\/uploads\/2025\/12\/wide__1000x562-28.jpg","type":"image\/jpeg"}],"author":"Author","twitter_card":"summary_large_image","twitter_misc":{"Verfasst von":"Author","Gesch\u00e4tzte Lesezeit":"3\u00a0Minuten"},"schema":{"@context":"https:\/\/schema.org","@graph":[{"@type":"WebPage","@id":"https:\/\/vof-news.eu\/de\/merz-drangt-belgien-zu-kompromiss-uber-eingefrorenes-russlandvermogen\/","url":"https:\/\/vof-news.eu\/de\/merz-drangt-belgien-zu-kompromiss-uber-eingefrorenes-russlandvermogen\/","name":"Merz dr\u00e4ngt Belgien zu Kompromiss \u00fcber eingefrorenes Russlandverm\u00f6gen - vof-news.eu","isPartOf":{"@id":"https:\/\/vof-news.eu\/de\/#website"},"primaryImageOfPage":{"@id":"https:\/\/vof-news.eu\/de\/merz-drangt-belgien-zu-kompromiss-uber-eingefrorenes-russlandvermogen\/#primaryimage"},"image":{"@id":"https:\/\/vof-news.eu\/de\/merz-drangt-belgien-zu-kompromiss-uber-eingefrorenes-russlandvermogen\/#primaryimage"},"thumbnailUrl":"https:\/\/vof-news.eu\/wp-content\/uploads\/2025\/12\/wide__1000x562-28.jpg","datePublished":"2025-12-06T02:29:47+00:00","dateModified":"2025-12-06T02:31:28+00:00","author":{"@id":"https:\/\/vof-news.eu\/de\/#\/schema\/person\/f6a2a4309f0561835797fd8c19b333ed"},"description":"In die Debatte \u00fcber die k\u00fcnftige Verwendung von eingefrorenem russischen Staatsverm\u00f6gen in der EU","breadcrumb":{"@id":"https:\/\/vof-news.eu\/de\/merz-drangt-belgien-zu-kompromiss-uber-eingefrorenes-russlandvermogen\/#breadcrumb"},"inLanguage":"de","potentialAction":[{"@type":"ReadAction","target":["https:\/\/vof-news.eu\/de\/merz-drangt-belgien-zu-kompromiss-uber-eingefrorenes-russlandvermogen\/"]}]},{"@type":"ImageObject","inLanguage":"de","@id":"https:\/\/vof-news.eu\/de\/merz-drangt-belgien-zu-kompromiss-uber-eingefrorenes-russlandvermogen\/#primaryimage","url":"https:\/\/vof-news.eu\/wp-content\/uploads\/2025\/12\/wide__1000x562-28.jpg","contentUrl":"https:\/\/vof-news.eu\/wp-content\/uploads\/2025\/12\/wide__1000x562-28.jpg","width":1000,"height":562},{"@type":"BreadcrumbList","@id":"https:\/\/vof-news.eu\/de\/merz-drangt-belgien-zu-kompromiss-uber-eingefrorenes-russlandvermogen\/#breadcrumb","itemListElement":[{"@type":"ListItem","position":1,"name":"Home","item":"https:\/\/vof-news.eu\/de\/"},{"@type":"ListItem","position":2,"name":"Merz dr\u00e4ngt Belgien zu Kompromiss \u00fcber eingefrorenes Russlandverm\u00f6gen"}]},{"@type":"WebSite","@id":"https:\/\/vof-news.eu\/de\/#website","url":"https:\/\/vof-news.eu\/de\/","name":"vof-news.eu","description":"","potentialAction":[{"@type":"SearchAction","target":{"@type":"EntryPoint","urlTemplate":"https:\/\/vof-news.eu\/de\/?s={search_term_string}"},"query-input":"required name=search_term_string"}],"inLanguage":"de"},{"@type":"Person","@id":"https:\/\/vof-news.eu\/de\/#\/schema\/person\/f6a2a4309f0561835797fd8c19b333ed","name":"Author","image":{"@type":"ImageObject","inLanguage":"de","@id":"https:\/\/vof-news.eu\/de\/#\/schema\/person\/image\/","url":"https:\/\/secure.gravatar.com\/avatar\/b67e614b1b25b3e9c0c239efdd2fde5ab015b5affd6f1c3c85911ca4b384e790?s=96&d=mm&r=g","contentUrl":"https:\/\/secure.gravatar.com\/avatar\/b67e614b1b25b3e9c0c239efdd2fde5ab015b5affd6f1c3c85911ca4b384e790?s=96&d=mm&r=g","caption":"Author"},"sameAs":["http:\/\/vof-news.eu"],"url":"https:\/\/vof-news.eu\/de\/author\/zwt6qxnjulxbnyg\/"}]}},"yoast_meta":{"yoast_wpseo_title":"","yoast_wpseo_metadesc":"","yoast_wpseo_canonical":""},"_links":{"self":[{"href":"https:\/\/vof-news.eu\/de\/wp-json\/wp\/v2\/posts\/304684","targetHints":{"allow":["GET"]}}],"collection":[{"href":"https:\/\/vof-news.eu\/de\/wp-json\/wp\/v2\/posts"}],"about":[{"href":"https:\/\/vof-news.eu\/de\/wp-json\/wp\/v2\/types\/post"}],"author":[{"embeddable":true,"href":"https:\/\/vof-news.eu\/de\/wp-json\/wp\/v2\/users\/1"}],"replies":[{"embeddable":true,"href":"https:\/\/vof-news.eu\/de\/wp-json\/wp\/v2\/comments?post=304684"}],"version-history":[{"count":1,"href":"https:\/\/vof-news.eu\/de\/wp-json\/wp\/v2\/posts\/304684\/revisions"}],"predecessor-version":[{"id":304691,"href":"https:\/\/vof-news.eu\/de\/wp-json\/wp\/v2\/posts\/304684\/revisions\/304691"}],"wp:featuredmedia":[{"embeddable":true,"href":"https:\/\/vof-news.eu\/de\/wp-json\/wp\/v2\/media\/304685"}],"wp:attachment":[{"href":"https:\/\/vof-news.eu\/de\/wp-json\/wp\/v2\/media?parent=304684"}],"wp:term":[{"taxonomy":"category","embeddable":true,"href":"https:\/\/vof-news.eu\/de\/wp-json\/wp\/v2\/categories?post=304684"},{"taxonomy":"post_tag","embeddable":true,"href":"https:\/\/vof-news.eu\/de\/wp-json\/wp\/v2\/tags?post=304684"}],"curies":[{"name":"wp","href":"https:\/\/api.w.org\/{rel}","templated":true}]}}