{"id":304225,"date":"2025-12-04T19:28:09","date_gmt":"2025-12-04T16:28:09","guid":{"rendered":"https:\/\/vof-news.eu\/merz-und-macron-ausern-misstrauen-gegenuber-us-unterhandlern\/"},"modified":"2025-12-04T19:29:12","modified_gmt":"2025-12-04T16:29:12","slug":"merz-und-macron-ausern-misstrauen-gegenuber-us-unterhandlern","status":"publish","type":"post","link":"https:\/\/vof-news.eu\/de\/merz-und-macron-ausern-misstrauen-gegenuber-us-unterhandlern\/","title":{"rendered":"Merz und Macron \u00e4u\u00dfern Misstrauen gegen\u00fcber US-Unterh\u00e4ndlern"},"content":{"rendered":"<div>\n<p>Bundeskanzler Friedrich Merz (CDU), der franz\u00f6sische Pr\u00e4sident Emmanuel Macron und weitere europ\u00e4ische Staats- und Regierungschefs haben einem Medienbericht zufolge in einem Telefonat ihr Misstrauen gegen die <a href=\"https:\/\/www.zeit.de\/politik\/ausland\/2025-12\/ukraine-krieg-russland-usa-treffen-gespraeche-florida\" rel=\"nofollow\">US-F\u00fchrung<\/a> in den laufenden Ukraine-Gespr\u00e4chen ge\u00e4u\u00dfert. Auch Staatschef <span><a href=\"https:\/\/www.zeit.de\/thema\/wolodymyr-selenskyj\" rel=\"nofollow\">Wolodymyr Selenskyj<\/a><\/span> habe an dem Gespr\u00e4ch Anfang der Woche teilgenommen, <a href=\"https:\/\/www.spiegel.de\/politik\/ukraine-verhandlungen-europaeer-misstrauen-trumps-friedensplan-a-7a439009-716d-48de-bda6-5d3926d8dbc3\" rel=\"nofollow\">berichtete der\u00a0unter Berufung auf einen Mitschnitt des Telefonats<\/a>.\u00a0Merz und Macron warnten demnach davor, die USA k\u00f6nnen die Ukraine und<br \/>\n Europa in den Gespr\u00e4chen mit Russland hintergehen.\n<\/p>\n<p>Demnach ereignete sich das Gespr\u00e4ch am vergangenen Montag, bevor die US-Sondergesandten Steve Witkoff und Jared Kushner am Dienstag in Moskau <a href=\"https:\/\/www.zeit.de\/2025\/52\/diplomatie-donald-trump-wladimir-putin-steve-witkoff-russland\" rel=\"nofollow\">mit dem russischen Pr\u00e4sidenten Wladimir Putin<\/a> zusammenkamen. &#8222;Es besteht die M\u00f6glichkeit, dass die USA die Ukraine beim Thema Territorium verraten, ohne Klarheit \u00fcber Sicherheitsgarantien&#8220;, sagte Macron. F\u00fcr Selenskyj bestehe &#8222;eine gro\u00dfe Gefahr&#8220;. <span><a href=\"https:\/\/www.zeit.de\/thema\/friedrich-merz\" rel=\"nofollow\">Merz<\/a><\/span> sagte demnach, Selenskyj m\u00fcsse &#8222;in den n\u00e4chsten Tagen extrem vorsichtig&#8220; sein. &#8222;Sie spielen Spielchen, sowohl mit euch als auch mit uns&#8220;, habe Merz wohl mit Blick auf Witkoff und Kushner hinzugef\u00fcgt. Die Bundesregierung wollte sich nicht zum Bericht \u00e4u\u00dfern.\n<\/p>\n<p>Auch Finnlands Pr\u00e4sident Alexander Stubb habe in dem Gespr\u00e4ch vor den<br \/>\n US-Verhandlern gewarnt. &#8222;Wir d\u00fcrfen die Ukraine und Wolodymyr nicht mit<br \/>\n diesen Jungs alleinlassen&#8220;, sagte Stubb demnach. Nato-Generalsekret\u00e4r<br \/>\nMark Rutte habe sich dem angeschlossen. &#8222;Ich bin mit Alexander einer<br \/>\nMeinung, wir m\u00fcssen Wolodymyr besch\u00fctzen&#8220;, wird Rutte zitiert.\u00a0Weitere<br \/>\nTeilnehmer des Gespr\u00e4chs waren laut  Italiens<br \/>\nMinisterpr\u00e4sidentin Giorgia Meloni, der polnische Regierungschef Donald<br \/>\nTusk, die d\u00e4nische Ministerpr\u00e4sidentin Mette Frederiksen, Norwegens<br \/>\nRegierungschef Jonas Gahr\u00a0St\u00f8re\u00a0sowie die EU-Spitzen Ursula von der<br \/>\nLeyen und\u00a0Ant\u00f3nio\u00a0Costa.\n<\/p>\n<p>Die USA hatten die <a href=\"https:\/\/www.zeit.de\/politik\/deutschland\/2025-12\/eu-gasimporte-russland-ukraine\" rel=\"nofollow\">Ukraine<\/a> und die Europ\u00e4er mit der Ver\u00f6ffentlichung eines Friedensplans irritiert, in dem die russischen Forderungen weitgehend \u00fcbernommen wurden. So sollte die <span><a href=\"https:\/\/www.zeit.de\/politik\/ausland\/ukraine-krieg-news-liveblog\" rel=\"nofollow\">Ukraine<\/a><\/span> auf eine Nato-Mitgliedschaft verzichten, Gebiete an <a href=\"https:\/\/www.zeit.de\/2025\/52\/geheimtreffen-abu-dhabi-deutsche-politiker-petersburger-dialog\" rel=\"nofollow\">Russland<\/a> abtreten, die sie noch kontrolliert, und ihre Streitkr\u00e4fte auf eine Obergrenze reduzieren. Die Europ\u00e4er legten daraufhin in Absprache mit den USA und der Ukraine einen modifizierten Plan vor, \u00fcber dessen konkrete Inhalte aber nach wie vor nichts bekannt ist. Der ukrainische Pr\u00e4sident Selenskyj ist bereit, nach einer Waffenruhe unmittelbar Verhandlungen mit Russland aufzunehmen. Putin verweigert sich dem und l\u00e4sst die Ukraine nach wie vor t\u00e4glich angreifen.\n<\/p>\n<\/div>\n","protected":false},"excerpt":{"rendered":"<p>Bundeskanzler Friedrich Merz (CDU), der franz\u00f6sische Pr\u00e4sident Emmanuel Macron und weitere europ\u00e4ische Staats- und Regierungschefs haben einem Medienbericht zufolge in einem Telefonat ihr Misstrauen gegen die US-F\u00fchrung in den laufenden Ukraine-Gespr\u00e4chen ge\u00e4u\u00dfert. Auch Staatschef Wolodymyr Selenskyj habe an dem Gespr\u00e4ch Anfang der Woche teilgenommen, berichtete der\u00a0unter Berufung auf einen Mitschnitt des Telefonats.\u00a0Merz und Macron warnten<\/p>\n","protected":false},"author":1,"featured_media":304226,"comment_status":"open","ping_status":"open","sticky":false,"template":"","format":"standard","meta":{"footnotes":""},"categories":[116],"tags":[],"class_list":["post-304225","post","type-post","status-publish","format-standard","has-post-thumbnail","hentry","category-war-chronicles-de"],"acf":[],"yoast_head":"<!-- This site is optimized with the Yoast SEO plugin v22.9 - https:\/\/yoast.com\/wordpress\/plugins\/seo\/ -->\n<title>Merz und Macron \u00e4u\u00dfern Misstrauen gegen\u00fcber US-Unterh\u00e4ndlern - vof-news.eu<\/title>\n<meta name=\"description\" content=\"Bundeskanzler Friedrich Merz (CDU), der franz\u00f6sische Pr\u00e4sident Emmanuel Macron und weitere europ\u00e4ische Staats- und Regierungschefs haben einem Medienbericht zufolge in einem Telefonat ihr Misstrauen gegen die US-F\u00fchrung in den laufenden Ukraine-Gespr\u00e4chen ge\u00e4u\u00dfert. Auch Staatschef Wolodymyr Selenskyj habe an dem Gespr\u00e4ch Anfang der Woche teilgenommen, berichtete der\u00a0unter Berufung auf einen Mitschnitt des Telefonats.\u00a0Merz und Macron warnten demnach davor, die USA k\u00f6nnen die Ukraine und\" \/>\n<meta name=\"robots\" content=\"noindex, follow, max-snippet:-1, max-image-preview:large, max-video-preview:-1\" \/>\n<meta property=\"og:locale\" content=\"de_DE\" \/>\n<meta property=\"og:type\" content=\"article\" \/>\n<meta property=\"og:title\" content=\"Merz und Macron \u00e4u\u00dfern Misstrauen gegen\u00fcber US-Unterh\u00e4ndlern - vof-news.eu\" \/>\n<meta property=\"og:description\" content=\"Bundeskanzler Friedrich Merz (CDU), der franz\u00f6sische Pr\u00e4sident Emmanuel Macron und weitere europ\u00e4ische Staats- und Regierungschefs haben einem Medienbericht zufolge in einem Telefonat ihr Misstrauen gegen die US-F\u00fchrung in den laufenden Ukraine-Gespr\u00e4chen ge\u00e4u\u00dfert. Auch Staatschef Wolodymyr Selenskyj habe an dem Gespr\u00e4ch Anfang der Woche teilgenommen, berichtete der\u00a0unter Berufung auf einen Mitschnitt des Telefonats.\u00a0Merz und Macron warnten demnach davor, die USA k\u00f6nnen die Ukraine und\" \/>\n<meta property=\"og:url\" content=\"https:\/\/vof-news.eu\/de\/merz-und-macron-ausern-misstrauen-gegenuber-us-unterhandlern\/\" \/>\n<meta property=\"og:site_name\" content=\"vof-news.eu\" \/>\n<meta property=\"article:published_time\" content=\"2025-12-04T16:28:09+00:00\" \/>\n<meta property=\"article:modified_time\" content=\"2025-12-04T16:29:12+00:00\" \/>\n<meta property=\"og:image\" content=\"https:\/\/vof-news.eu\/wp-content\/uploads\/2025\/12\/wide__1000x562-21.jpg\" \/>\n\t<meta property=\"og:image:width\" content=\"1000\" \/>\n\t<meta property=\"og:image:height\" content=\"562\" \/>\n\t<meta property=\"og:image:type\" content=\"image\/jpeg\" \/>\n<meta name=\"author\" content=\"Author\" \/>\n<meta name=\"twitter:card\" content=\"summary_large_image\" \/>\n<meta name=\"twitter:label1\" content=\"Verfasst von\" \/>\n\t<meta name=\"twitter:data1\" content=\"Author\" \/>\n\t<meta name=\"twitter:label2\" content=\"Gesch\u00e4tzte Lesezeit\" \/>\n\t<meta name=\"twitter:data2\" content=\"2\u00a0Minuten\" \/>\n<script type=\"application\/ld+json\" class=\"yoast-schema-graph\">{\"@context\":\"https:\/\/schema.org\",\"@graph\":[{\"@type\":\"WebPage\",\"@id\":\"https:\/\/vof-news.eu\/de\/merz-und-macron-ausern-misstrauen-gegenuber-us-unterhandlern\/\",\"url\":\"https:\/\/vof-news.eu\/de\/merz-und-macron-ausern-misstrauen-gegenuber-us-unterhandlern\/\",\"name\":\"Merz und Macron \u00e4u\u00dfern Misstrauen gegen\u00fcber US-Unterh\u00e4ndlern - vof-news.eu\",\"isPartOf\":{\"@id\":\"https:\/\/vof-news.eu\/de\/#website\"},\"primaryImageOfPage\":{\"@id\":\"https:\/\/vof-news.eu\/de\/merz-und-macron-ausern-misstrauen-gegenuber-us-unterhandlern\/#primaryimage\"},\"image\":{\"@id\":\"https:\/\/vof-news.eu\/de\/merz-und-macron-ausern-misstrauen-gegenuber-us-unterhandlern\/#primaryimage\"},\"thumbnailUrl\":\"https:\/\/vof-news.eu\/wp-content\/uploads\/2025\/12\/wide__1000x562-21.jpg\",\"datePublished\":\"2025-12-04T16:28:09+00:00\",\"dateModified\":\"2025-12-04T16:29:12+00:00\",\"author\":{\"@id\":\"https:\/\/vof-news.eu\/de\/#\/schema\/person\/f6a2a4309f0561835797fd8c19b333ed\"},\"description\":\"Bundeskanzler Friedrich Merz (CDU), der franz\u00f6sische Pr\u00e4sident Emmanuel Macron und weitere europ\u00e4ische Staats- und Regierungschefs haben einem Medienbericht zufolge in einem Telefonat ihr Misstrauen gegen die US-F\u00fchrung in den laufenden Ukraine-Gespr\u00e4chen ge\u00e4u\u00dfert. Auch Staatschef Wolodymyr Selenskyj habe an dem Gespr\u00e4ch Anfang der Woche teilgenommen, berichtete der\u00a0unter Berufung auf einen Mitschnitt des Telefonats.\u00a0Merz und Macron warnten demnach davor, die USA k\u00f6nnen die Ukraine und\",\"breadcrumb\":{\"@id\":\"https:\/\/vof-news.eu\/de\/merz-und-macron-ausern-misstrauen-gegenuber-us-unterhandlern\/#breadcrumb\"},\"inLanguage\":\"de\",\"potentialAction\":[{\"@type\":\"ReadAction\",\"target\":[\"https:\/\/vof-news.eu\/de\/merz-und-macron-ausern-misstrauen-gegenuber-us-unterhandlern\/\"]}]},{\"@type\":\"ImageObject\",\"inLanguage\":\"de\",\"@id\":\"https:\/\/vof-news.eu\/de\/merz-und-macron-ausern-misstrauen-gegenuber-us-unterhandlern\/#primaryimage\",\"url\":\"https:\/\/vof-news.eu\/wp-content\/uploads\/2025\/12\/wide__1000x562-21.jpg\",\"contentUrl\":\"https:\/\/vof-news.eu\/wp-content\/uploads\/2025\/12\/wide__1000x562-21.jpg\",\"width\":1000,\"height\":562},{\"@type\":\"BreadcrumbList\",\"@id\":\"https:\/\/vof-news.eu\/de\/merz-und-macron-ausern-misstrauen-gegenuber-us-unterhandlern\/#breadcrumb\",\"itemListElement\":[{\"@type\":\"ListItem\",\"position\":1,\"name\":\"Home\",\"item\":\"https:\/\/vof-news.eu\/de\/\"},{\"@type\":\"ListItem\",\"position\":2,\"name\":\"Merz und Macron \u00e4u\u00dfern Misstrauen gegen\u00fcber US-Unterh\u00e4ndlern\"}]},{\"@type\":\"WebSite\",\"@id\":\"https:\/\/vof-news.eu\/de\/#website\",\"url\":\"https:\/\/vof-news.eu\/de\/\",\"name\":\"vof-news.eu\",\"description\":\"\",\"potentialAction\":[{\"@type\":\"SearchAction\",\"target\":{\"@type\":\"EntryPoint\",\"urlTemplate\":\"https:\/\/vof-news.eu\/de\/?s={search_term_string}\"},\"query-input\":\"required name=search_term_string\"}],\"inLanguage\":\"de\"},{\"@type\":\"Person\",\"@id\":\"https:\/\/vof-news.eu\/de\/#\/schema\/person\/f6a2a4309f0561835797fd8c19b333ed\",\"name\":\"Author\",\"image\":{\"@type\":\"ImageObject\",\"inLanguage\":\"de\",\"@id\":\"https:\/\/vof-news.eu\/de\/#\/schema\/person\/image\/\",\"url\":\"https:\/\/secure.gravatar.com\/avatar\/b67e614b1b25b3e9c0c239efdd2fde5ab015b5affd6f1c3c85911ca4b384e790?s=96&d=mm&r=g\",\"contentUrl\":\"https:\/\/secure.gravatar.com\/avatar\/b67e614b1b25b3e9c0c239efdd2fde5ab015b5affd6f1c3c85911ca4b384e790?s=96&d=mm&r=g\",\"caption\":\"Author\"},\"sameAs\":[\"http:\/\/vof-news.eu\"],\"url\":\"https:\/\/vof-news.eu\/de\/author\/zwt6qxnjulxbnyg\/\"}]}<\/script>\n<!-- \/ Yoast SEO plugin. -->","yoast_head_json":{"title":"Merz und Macron \u00e4u\u00dfern Misstrauen gegen\u00fcber US-Unterh\u00e4ndlern - vof-news.eu","description":"Bundeskanzler Friedrich Merz (CDU), der franz\u00f6sische Pr\u00e4sident Emmanuel Macron und weitere europ\u00e4ische Staats- und Regierungschefs haben einem Medienbericht zufolge in einem Telefonat ihr Misstrauen gegen die US-F\u00fchrung in den laufenden Ukraine-Gespr\u00e4chen ge\u00e4u\u00dfert. Auch Staatschef Wolodymyr Selenskyj habe an dem Gespr\u00e4ch Anfang der Woche teilgenommen, berichtete der\u00a0unter Berufung auf einen Mitschnitt des Telefonats.\u00a0Merz und Macron warnten demnach davor, die USA k\u00f6nnen die Ukraine und","robots":{"index":"noindex","follow":"follow","max-snippet":"max-snippet:-1","max-image-preview":"max-image-preview:large","max-video-preview":"max-video-preview:-1"},"og_locale":"de_DE","og_type":"article","og_title":"Merz und Macron \u00e4u\u00dfern Misstrauen gegen\u00fcber US-Unterh\u00e4ndlern - vof-news.eu","og_description":"Bundeskanzler Friedrich Merz (CDU), der franz\u00f6sische Pr\u00e4sident Emmanuel Macron und weitere europ\u00e4ische Staats- und Regierungschefs haben einem Medienbericht zufolge in einem Telefonat ihr Misstrauen gegen die US-F\u00fchrung in den laufenden Ukraine-Gespr\u00e4chen ge\u00e4u\u00dfert. Auch Staatschef Wolodymyr Selenskyj habe an dem Gespr\u00e4ch Anfang der Woche teilgenommen, berichtete der\u00a0unter Berufung auf einen Mitschnitt des Telefonats.\u00a0Merz und Macron warnten demnach davor, die USA k\u00f6nnen die Ukraine und","og_url":"https:\/\/vof-news.eu\/de\/merz-und-macron-ausern-misstrauen-gegenuber-us-unterhandlern\/","og_site_name":"vof-news.eu","article_published_time":"2025-12-04T16:28:09+00:00","article_modified_time":"2025-12-04T16:29:12+00:00","og_image":[{"width":1000,"height":562,"url":"https:\/\/vof-news.eu\/wp-content\/uploads\/2025\/12\/wide__1000x562-21.jpg","type":"image\/jpeg"}],"author":"Author","twitter_card":"summary_large_image","twitter_misc":{"Verfasst von":"Author","Gesch\u00e4tzte Lesezeit":"2\u00a0Minuten"},"schema":{"@context":"https:\/\/schema.org","@graph":[{"@type":"WebPage","@id":"https:\/\/vof-news.eu\/de\/merz-und-macron-ausern-misstrauen-gegenuber-us-unterhandlern\/","url":"https:\/\/vof-news.eu\/de\/merz-und-macron-ausern-misstrauen-gegenuber-us-unterhandlern\/","name":"Merz und Macron \u00e4u\u00dfern Misstrauen gegen\u00fcber US-Unterh\u00e4ndlern - vof-news.eu","isPartOf":{"@id":"https:\/\/vof-news.eu\/de\/#website"},"primaryImageOfPage":{"@id":"https:\/\/vof-news.eu\/de\/merz-und-macron-ausern-misstrauen-gegenuber-us-unterhandlern\/#primaryimage"},"image":{"@id":"https:\/\/vof-news.eu\/de\/merz-und-macron-ausern-misstrauen-gegenuber-us-unterhandlern\/#primaryimage"},"thumbnailUrl":"https:\/\/vof-news.eu\/wp-content\/uploads\/2025\/12\/wide__1000x562-21.jpg","datePublished":"2025-12-04T16:28:09+00:00","dateModified":"2025-12-04T16:29:12+00:00","author":{"@id":"https:\/\/vof-news.eu\/de\/#\/schema\/person\/f6a2a4309f0561835797fd8c19b333ed"},"description":"Bundeskanzler Friedrich Merz (CDU), der franz\u00f6sische Pr\u00e4sident Emmanuel Macron und weitere europ\u00e4ische Staats- und Regierungschefs haben einem Medienbericht zufolge in einem Telefonat ihr Misstrauen gegen die US-F\u00fchrung in den laufenden Ukraine-Gespr\u00e4chen ge\u00e4u\u00dfert. Auch Staatschef Wolodymyr Selenskyj habe an dem Gespr\u00e4ch Anfang der Woche teilgenommen, berichtete der\u00a0unter Berufung auf einen Mitschnitt des Telefonats.\u00a0Merz und Macron warnten demnach davor, die USA k\u00f6nnen die Ukraine und","breadcrumb":{"@id":"https:\/\/vof-news.eu\/de\/merz-und-macron-ausern-misstrauen-gegenuber-us-unterhandlern\/#breadcrumb"},"inLanguage":"de","potentialAction":[{"@type":"ReadAction","target":["https:\/\/vof-news.eu\/de\/merz-und-macron-ausern-misstrauen-gegenuber-us-unterhandlern\/"]}]},{"@type":"ImageObject","inLanguage":"de","@id":"https:\/\/vof-news.eu\/de\/merz-und-macron-ausern-misstrauen-gegenuber-us-unterhandlern\/#primaryimage","url":"https:\/\/vof-news.eu\/wp-content\/uploads\/2025\/12\/wide__1000x562-21.jpg","contentUrl":"https:\/\/vof-news.eu\/wp-content\/uploads\/2025\/12\/wide__1000x562-21.jpg","width":1000,"height":562},{"@type":"BreadcrumbList","@id":"https:\/\/vof-news.eu\/de\/merz-und-macron-ausern-misstrauen-gegenuber-us-unterhandlern\/#breadcrumb","itemListElement":[{"@type":"ListItem","position":1,"name":"Home","item":"https:\/\/vof-news.eu\/de\/"},{"@type":"ListItem","position":2,"name":"Merz und Macron \u00e4u\u00dfern Misstrauen gegen\u00fcber US-Unterh\u00e4ndlern"}]},{"@type":"WebSite","@id":"https:\/\/vof-news.eu\/de\/#website","url":"https:\/\/vof-news.eu\/de\/","name":"vof-news.eu","description":"","potentialAction":[{"@type":"SearchAction","target":{"@type":"EntryPoint","urlTemplate":"https:\/\/vof-news.eu\/de\/?s={search_term_string}"},"query-input":"required name=search_term_string"}],"inLanguage":"de"},{"@type":"Person","@id":"https:\/\/vof-news.eu\/de\/#\/schema\/person\/f6a2a4309f0561835797fd8c19b333ed","name":"Author","image":{"@type":"ImageObject","inLanguage":"de","@id":"https:\/\/vof-news.eu\/de\/#\/schema\/person\/image\/","url":"https:\/\/secure.gravatar.com\/avatar\/b67e614b1b25b3e9c0c239efdd2fde5ab015b5affd6f1c3c85911ca4b384e790?s=96&d=mm&r=g","contentUrl":"https:\/\/secure.gravatar.com\/avatar\/b67e614b1b25b3e9c0c239efdd2fde5ab015b5affd6f1c3c85911ca4b384e790?s=96&d=mm&r=g","caption":"Author"},"sameAs":["http:\/\/vof-news.eu"],"url":"https:\/\/vof-news.eu\/de\/author\/zwt6qxnjulxbnyg\/"}]}},"yoast_meta":{"yoast_wpseo_title":"","yoast_wpseo_metadesc":"","yoast_wpseo_canonical":""},"_links":{"self":[{"href":"https:\/\/vof-news.eu\/de\/wp-json\/wp\/v2\/posts\/304225","targetHints":{"allow":["GET"]}}],"collection":[{"href":"https:\/\/vof-news.eu\/de\/wp-json\/wp\/v2\/posts"}],"about":[{"href":"https:\/\/vof-news.eu\/de\/wp-json\/wp\/v2\/types\/post"}],"author":[{"embeddable":true,"href":"https:\/\/vof-news.eu\/de\/wp-json\/wp\/v2\/users\/1"}],"replies":[{"embeddable":true,"href":"https:\/\/vof-news.eu\/de\/wp-json\/wp\/v2\/comments?post=304225"}],"version-history":[{"count":1,"href":"https:\/\/vof-news.eu\/de\/wp-json\/wp\/v2\/posts\/304225\/revisions"}],"predecessor-version":[{"id":304232,"href":"https:\/\/vof-news.eu\/de\/wp-json\/wp\/v2\/posts\/304225\/revisions\/304232"}],"wp:featuredmedia":[{"embeddable":true,"href":"https:\/\/vof-news.eu\/de\/wp-json\/wp\/v2\/media\/304226"}],"wp:attachment":[{"href":"https:\/\/vof-news.eu\/de\/wp-json\/wp\/v2\/media?parent=304225"}],"wp:term":[{"taxonomy":"category","embeddable":true,"href":"https:\/\/vof-news.eu\/de\/wp-json\/wp\/v2\/categories?post=304225"},{"taxonomy":"post_tag","embeddable":true,"href":"https:\/\/vof-news.eu\/de\/wp-json\/wp\/v2\/tags?post=304225"}],"curies":[{"name":"wp","href":"https:\/\/api.w.org\/{rel}","templated":true}]}}