{"id":304171,"date":"2025-12-04T17:28:17","date_gmt":"2025-12-04T14:28:17","guid":{"rendered":"https:\/\/vof-news.eu\/endlich-macht-sich-europa-weniger-erpressbar\/"},"modified":"2025-12-04T17:29:23","modified_gmt":"2025-12-04T14:29:23","slug":"endlich-macht-sich-europa-weniger-erpressbar","status":"publish","type":"post","link":"https:\/\/vof-news.eu\/de\/endlich-macht-sich-europa-weniger-erpressbar\/","title":{"rendered":"Endlich macht sich Europa weniger erpressbar"},"content":{"rendered":"<div>\n<p>Die Europ\u00e4ische Union hat sich seit Tag eins des russischen \u00dcberfalls unmissverst\u00e4ndlich auf die Seite der<br \/>\nUkraine gestellt. Und gleichzeitig flossen in diesen bald vier Kriegsjahren gewaltige<br \/>\nSummen nach <span><a href=\"https:\/\/www.zeit.de\/thema\/russland\" rel=\"nofollow\">Russland<\/a><\/span>, bis heute sind es Monat f\u00fcr Monat 1,5 Milliarden Euro. Die<br \/>\nEurop\u00e4er haben also Putins Kriegskasse gef\u00fcllt, w\u00e4hrend sie gleichzeitig die angegriffene<br \/>\nUkraine mit vielen Milliarden unterst\u00fctzen. Das ist \u2013 gelinde gesagt \u2013 ein<br \/>\nschmerzhafter Widerspruch.\n<\/p>\n<p>Nun hat die <span><a href=\"https:\/\/www.zeit.de\/thema\/europaeische-union\" rel=\"nofollow\">EU<\/a><\/span> ihn aufgel\u00f6st. Sp\u00e4testens<br \/>\nab 2027 darf kein Gas aus Russland mehr nach Europa importiert werden. Das hat<br \/>\ndie EU jetzt per Gesetz geregelt. Endlich, muss man sagen, denn es hat viel zu<br \/>\nlange gedauert.\n<\/p>\n<p>Wer einem Aggressor, den er aus gutem<br \/>\nGrund bek\u00e4mpft, gleichzeitig Geld \u00fcberweist, hat ein Glaubw\u00fcrdigkeitsproblem; er wird nicht wirklich ernst genommen. US-Pr\u00e4sident Donald Trump kritisierte<br \/>\nin der Vergangenheit die europ\u00e4ischen Gas- und \u00d6limporte aus Russland. Warum,<br \/>\nso stellte er sinngem\u00e4\u00df die Frage, soll ich mit Russland hart umspringen, wenn ihr Europ\u00e4er dort einkauft?\n<\/p>\n<p>Nun muss man fairerweise sagen, dass die<br \/>\nAbh\u00e4ngigkeit Europas von russischen Gaslieferungen sehr gro\u00df war, das gilt<br \/>\nbesonders f\u00fcr Deutschland. Die Gasimporte sofort nach \u00dcberfall Russlands auf null<br \/>\nzu bringen, w\u00e4re allzu schmerzhaft und in den einzelnen Mitgliedsstaaten kaum<br \/>\nvermittelbar gewesen. Die EU verh\u00e4ngte zwar sehr schnell nach Beginn des<br \/>\nKrieges das erste Sanktionspaket \u2013 heute sind wir beim 19. angelangt \u2013, aber die<br \/>\nLeitlinie war: Was immer wir unternehmen, es muss Russland mehr schaden als<br \/>\nuns. Das diente nicht nur dem Schutz der eigenen Wirtschaft, sondern war<br \/>\nauch der Versuch, Zeit zu gewinnen.\n<\/p>\n<p>Niemand konnte bei Beginn des Krieges ja<br \/>\nvoraussagen, wie lange er dauern w\u00fcrde. Sicher aber war, dass man die eigenen<br \/>\nGasimporte nicht von heute auf morgen umstellen konnte. Diversifizieren braucht<br \/>\nZeit. Au\u00dferdem d\u00fcrften viele insgeheim gehofft haben, dass man in<br \/>\nabsehbarer Zeit mit Russland wieder in gesch\u00e4ftliche Beziehungen treten k\u00f6nnte.\u00a0\n<\/p>\n<p>Diese Vorstellung hat sich als Illusion<br \/>\nentpuppt. Putin f\u00fchrt den Krieg bis zum heutigen Tag gnadenlos weiter und r\u00fcckt<br \/>\nvon seinem Ziel nicht ab, er will die <span><a href=\"https:\/\/www.zeit.de\/politik\/ausland\/ukraine-krieg-news-liveblog\" rel=\"nofollow\">Ukraine<\/a><\/span> unterwerfen.\n<\/p>\n<p>Bei diesem Mann weiter Gas kaufen?! Das kann<br \/>\nkeiner mehr verstehen.\u00a0\n<\/p>\n<p>Und es ist auch klar geworden, dass<br \/>\nPutin nur ernsthaft verhandeln wird, wenn der Preis f\u00fcr seinen Krieg weiter in<br \/>\ndie H\u00f6he getrieben wird.\n<\/p>\n<p>Deswegen hat sich die EU nun durchgerungen und verbietet sp\u00e4testens ab 2027 alle Gasimporte aus Russland,<br \/>\nsei es LNG-Gas oder \u00fcber Pipelines geliefertes Gas. Das f\u00e4llt ihr heute leichter, weil sie inzwischen andere Gaslieferanten aufgetan hat. Sie bezieht heute erhebliche Mengen LNG-Gas aus den USA, was Donald Trump<br \/>\nfreuen d\u00fcrfte. Auch bei den \u00d6limporten hat die EU in den letzten Jahren<br \/>\ndiversifiziert. Vor dem Krieg bezog sie 27 Prozent ihres Roh\u00f6lbedarfs aus Russland,<br \/>\nheute sind es nur mehr zwei Prozent.\u00a0\n<\/p>\n<p>Auch der Widerstand der ungarischen und der slowakischen Regierungen konnte das jetzt beschlossene Gesetz nicht aufhalten. Beide Regierungen sind russlandfreundlich, und beide L\u00e4nder sind bis heute in erheblichem Ma\u00dfe<br \/>\nvon Gas- und \u00d6limporten aus Russland abh\u00e4ngig.\n<\/p>\n<p>Kein Gas mehr aus Russland \u2013 das ist ein Schritt in die Richtung der viel beschworenen europ\u00e4ischen<br \/>\nSouver\u00e4nit\u00e4t. Europa macht sich mit dieser Entscheidung weniger erpressbar. In<br \/>\neiner Welt wie dieser von fremder Macht abh\u00e4ngig zu sein, ob sie Russland,<br \/>\nChina oder USA hei\u00dft \u2013 das ist einfach keine gute Idee.\n<\/p>\n<\/div>\n","protected":false},"excerpt":{"rendered":"<p>Die Europ\u00e4ische Union hat sich seit Tag eins des russischen \u00dcberfalls unmissverst\u00e4ndlich auf die Seite der Ukraine gestellt. Und gleichzeitig flossen in diesen bald vier Kriegsjahren gewaltige Summen nach Russland, bis heute sind es Monat f\u00fcr Monat 1,5 Milliarden Euro. Die Europ\u00e4er haben also Putins Kriegskasse gef\u00fcllt, w\u00e4hrend sie gleichzeitig die angegriffene Ukraine mit vielen<\/p>\n","protected":false},"author":1,"featured_media":304172,"comment_status":"open","ping_status":"open","sticky":false,"template":"","format":"standard","meta":{"footnotes":""},"categories":[116],"tags":[],"class_list":["post-304171","post","type-post","status-publish","format-standard","has-post-thumbnail","hentry","category-war-chronicles-de"],"acf":[],"yoast_head":"<!-- This site is optimized with the Yoast SEO plugin v22.9 - https:\/\/yoast.com\/wordpress\/plugins\/seo\/ -->\n<title>Endlich macht sich Europa weniger erpressbar - vof-news.eu<\/title>\n<meta name=\"description\" content=\"Die Europ\u00e4ische Union hat sich seit Tag eins des russischen \u00dcberfalls unmissverst\u00e4ndlich auf die Seite der\" \/>\n<meta name=\"robots\" content=\"noindex, follow, max-snippet:-1, max-image-preview:large, max-video-preview:-1\" \/>\n<meta property=\"og:locale\" content=\"de_DE\" \/>\n<meta property=\"og:type\" content=\"article\" \/>\n<meta property=\"og:title\" content=\"Endlich macht sich Europa weniger erpressbar - vof-news.eu\" \/>\n<meta property=\"og:description\" content=\"Die Europ\u00e4ische Union hat sich seit Tag eins des russischen \u00dcberfalls unmissverst\u00e4ndlich auf die Seite der\" \/>\n<meta property=\"og:url\" content=\"https:\/\/vof-news.eu\/de\/endlich-macht-sich-europa-weniger-erpressbar\/\" \/>\n<meta property=\"og:site_name\" content=\"vof-news.eu\" \/>\n<meta property=\"article:published_time\" content=\"2025-12-04T14:28:17+00:00\" \/>\n<meta property=\"article:modified_time\" content=\"2025-12-04T14:29:23+00:00\" \/>\n<meta property=\"og:image\" content=\"https:\/\/vof-news.eu\/wp-content\/uploads\/2025\/12\/wide__1000x562-20.jpg\" \/>\n\t<meta property=\"og:image:width\" content=\"1000\" \/>\n\t<meta property=\"og:image:height\" content=\"562\" \/>\n\t<meta property=\"og:image:type\" content=\"image\/jpeg\" \/>\n<meta name=\"author\" content=\"Author\" \/>\n<meta name=\"twitter:card\" content=\"summary_large_image\" \/>\n<meta name=\"twitter:label1\" content=\"Verfasst von\" \/>\n\t<meta name=\"twitter:data1\" content=\"Author\" \/>\n\t<meta name=\"twitter:label2\" content=\"Gesch\u00e4tzte Lesezeit\" \/>\n\t<meta name=\"twitter:data2\" content=\"3\u00a0Minuten\" \/>\n<script type=\"application\/ld+json\" class=\"yoast-schema-graph\">{\"@context\":\"https:\/\/schema.org\",\"@graph\":[{\"@type\":\"WebPage\",\"@id\":\"https:\/\/vof-news.eu\/de\/endlich-macht-sich-europa-weniger-erpressbar\/\",\"url\":\"https:\/\/vof-news.eu\/de\/endlich-macht-sich-europa-weniger-erpressbar\/\",\"name\":\"Endlich macht sich Europa weniger erpressbar - vof-news.eu\",\"isPartOf\":{\"@id\":\"https:\/\/vof-news.eu\/de\/#website\"},\"primaryImageOfPage\":{\"@id\":\"https:\/\/vof-news.eu\/de\/endlich-macht-sich-europa-weniger-erpressbar\/#primaryimage\"},\"image\":{\"@id\":\"https:\/\/vof-news.eu\/de\/endlich-macht-sich-europa-weniger-erpressbar\/#primaryimage\"},\"thumbnailUrl\":\"https:\/\/vof-news.eu\/wp-content\/uploads\/2025\/12\/wide__1000x562-20.jpg\",\"datePublished\":\"2025-12-04T14:28:17+00:00\",\"dateModified\":\"2025-12-04T14:29:23+00:00\",\"author\":{\"@id\":\"https:\/\/vof-news.eu\/de\/#\/schema\/person\/f6a2a4309f0561835797fd8c19b333ed\"},\"description\":\"Die Europ\u00e4ische Union hat sich seit Tag eins des russischen \u00dcberfalls unmissverst\u00e4ndlich auf die Seite der\",\"breadcrumb\":{\"@id\":\"https:\/\/vof-news.eu\/de\/endlich-macht-sich-europa-weniger-erpressbar\/#breadcrumb\"},\"inLanguage\":\"de\",\"potentialAction\":[{\"@type\":\"ReadAction\",\"target\":[\"https:\/\/vof-news.eu\/de\/endlich-macht-sich-europa-weniger-erpressbar\/\"]}]},{\"@type\":\"ImageObject\",\"inLanguage\":\"de\",\"@id\":\"https:\/\/vof-news.eu\/de\/endlich-macht-sich-europa-weniger-erpressbar\/#primaryimage\",\"url\":\"https:\/\/vof-news.eu\/wp-content\/uploads\/2025\/12\/wide__1000x562-20.jpg\",\"contentUrl\":\"https:\/\/vof-news.eu\/wp-content\/uploads\/2025\/12\/wide__1000x562-20.jpg\",\"width\":1000,\"height\":562},{\"@type\":\"BreadcrumbList\",\"@id\":\"https:\/\/vof-news.eu\/de\/endlich-macht-sich-europa-weniger-erpressbar\/#breadcrumb\",\"itemListElement\":[{\"@type\":\"ListItem\",\"position\":1,\"name\":\"Home\",\"item\":\"https:\/\/vof-news.eu\/de\/\"},{\"@type\":\"ListItem\",\"position\":2,\"name\":\"Endlich macht sich Europa weniger erpressbar\"}]},{\"@type\":\"WebSite\",\"@id\":\"https:\/\/vof-news.eu\/de\/#website\",\"url\":\"https:\/\/vof-news.eu\/de\/\",\"name\":\"vof-news.eu\",\"description\":\"\",\"potentialAction\":[{\"@type\":\"SearchAction\",\"target\":{\"@type\":\"EntryPoint\",\"urlTemplate\":\"https:\/\/vof-news.eu\/de\/?s={search_term_string}\"},\"query-input\":\"required name=search_term_string\"}],\"inLanguage\":\"de\"},{\"@type\":\"Person\",\"@id\":\"https:\/\/vof-news.eu\/de\/#\/schema\/person\/f6a2a4309f0561835797fd8c19b333ed\",\"name\":\"Author\",\"image\":{\"@type\":\"ImageObject\",\"inLanguage\":\"de\",\"@id\":\"https:\/\/vof-news.eu\/de\/#\/schema\/person\/image\/\",\"url\":\"https:\/\/secure.gravatar.com\/avatar\/b67e614b1b25b3e9c0c239efdd2fde5ab015b5affd6f1c3c85911ca4b384e790?s=96&d=mm&r=g\",\"contentUrl\":\"https:\/\/secure.gravatar.com\/avatar\/b67e614b1b25b3e9c0c239efdd2fde5ab015b5affd6f1c3c85911ca4b384e790?s=96&d=mm&r=g\",\"caption\":\"Author\"},\"sameAs\":[\"http:\/\/vof-news.eu\"],\"url\":\"https:\/\/vof-news.eu\/de\/author\/zwt6qxnjulxbnyg\/\"}]}<\/script>\n<!-- \/ Yoast SEO plugin. -->","yoast_head_json":{"title":"Endlich macht sich Europa weniger erpressbar - vof-news.eu","description":"Die Europ\u00e4ische Union hat sich seit Tag eins des russischen \u00dcberfalls unmissverst\u00e4ndlich auf die Seite der","robots":{"index":"noindex","follow":"follow","max-snippet":"max-snippet:-1","max-image-preview":"max-image-preview:large","max-video-preview":"max-video-preview:-1"},"og_locale":"de_DE","og_type":"article","og_title":"Endlich macht sich Europa weniger erpressbar - vof-news.eu","og_description":"Die Europ\u00e4ische Union hat sich seit Tag eins des russischen \u00dcberfalls unmissverst\u00e4ndlich auf die Seite der","og_url":"https:\/\/vof-news.eu\/de\/endlich-macht-sich-europa-weniger-erpressbar\/","og_site_name":"vof-news.eu","article_published_time":"2025-12-04T14:28:17+00:00","article_modified_time":"2025-12-04T14:29:23+00:00","og_image":[{"width":1000,"height":562,"url":"https:\/\/vof-news.eu\/wp-content\/uploads\/2025\/12\/wide__1000x562-20.jpg","type":"image\/jpeg"}],"author":"Author","twitter_card":"summary_large_image","twitter_misc":{"Verfasst von":"Author","Gesch\u00e4tzte Lesezeit":"3\u00a0Minuten"},"schema":{"@context":"https:\/\/schema.org","@graph":[{"@type":"WebPage","@id":"https:\/\/vof-news.eu\/de\/endlich-macht-sich-europa-weniger-erpressbar\/","url":"https:\/\/vof-news.eu\/de\/endlich-macht-sich-europa-weniger-erpressbar\/","name":"Endlich macht sich Europa weniger erpressbar - vof-news.eu","isPartOf":{"@id":"https:\/\/vof-news.eu\/de\/#website"},"primaryImageOfPage":{"@id":"https:\/\/vof-news.eu\/de\/endlich-macht-sich-europa-weniger-erpressbar\/#primaryimage"},"image":{"@id":"https:\/\/vof-news.eu\/de\/endlich-macht-sich-europa-weniger-erpressbar\/#primaryimage"},"thumbnailUrl":"https:\/\/vof-news.eu\/wp-content\/uploads\/2025\/12\/wide__1000x562-20.jpg","datePublished":"2025-12-04T14:28:17+00:00","dateModified":"2025-12-04T14:29:23+00:00","author":{"@id":"https:\/\/vof-news.eu\/de\/#\/schema\/person\/f6a2a4309f0561835797fd8c19b333ed"},"description":"Die Europ\u00e4ische Union hat sich seit Tag eins des russischen \u00dcberfalls unmissverst\u00e4ndlich auf die Seite der","breadcrumb":{"@id":"https:\/\/vof-news.eu\/de\/endlich-macht-sich-europa-weniger-erpressbar\/#breadcrumb"},"inLanguage":"de","potentialAction":[{"@type":"ReadAction","target":["https:\/\/vof-news.eu\/de\/endlich-macht-sich-europa-weniger-erpressbar\/"]}]},{"@type":"ImageObject","inLanguage":"de","@id":"https:\/\/vof-news.eu\/de\/endlich-macht-sich-europa-weniger-erpressbar\/#primaryimage","url":"https:\/\/vof-news.eu\/wp-content\/uploads\/2025\/12\/wide__1000x562-20.jpg","contentUrl":"https:\/\/vof-news.eu\/wp-content\/uploads\/2025\/12\/wide__1000x562-20.jpg","width":1000,"height":562},{"@type":"BreadcrumbList","@id":"https:\/\/vof-news.eu\/de\/endlich-macht-sich-europa-weniger-erpressbar\/#breadcrumb","itemListElement":[{"@type":"ListItem","position":1,"name":"Home","item":"https:\/\/vof-news.eu\/de\/"},{"@type":"ListItem","position":2,"name":"Endlich macht sich Europa weniger erpressbar"}]},{"@type":"WebSite","@id":"https:\/\/vof-news.eu\/de\/#website","url":"https:\/\/vof-news.eu\/de\/","name":"vof-news.eu","description":"","potentialAction":[{"@type":"SearchAction","target":{"@type":"EntryPoint","urlTemplate":"https:\/\/vof-news.eu\/de\/?s={search_term_string}"},"query-input":"required name=search_term_string"}],"inLanguage":"de"},{"@type":"Person","@id":"https:\/\/vof-news.eu\/de\/#\/schema\/person\/f6a2a4309f0561835797fd8c19b333ed","name":"Author","image":{"@type":"ImageObject","inLanguage":"de","@id":"https:\/\/vof-news.eu\/de\/#\/schema\/person\/image\/","url":"https:\/\/secure.gravatar.com\/avatar\/b67e614b1b25b3e9c0c239efdd2fde5ab015b5affd6f1c3c85911ca4b384e790?s=96&d=mm&r=g","contentUrl":"https:\/\/secure.gravatar.com\/avatar\/b67e614b1b25b3e9c0c239efdd2fde5ab015b5affd6f1c3c85911ca4b384e790?s=96&d=mm&r=g","caption":"Author"},"sameAs":["http:\/\/vof-news.eu"],"url":"https:\/\/vof-news.eu\/de\/author\/zwt6qxnjulxbnyg\/"}]}},"yoast_meta":{"yoast_wpseo_title":"","yoast_wpseo_metadesc":"","yoast_wpseo_canonical":""},"_links":{"self":[{"href":"https:\/\/vof-news.eu\/de\/wp-json\/wp\/v2\/posts\/304171","targetHints":{"allow":["GET"]}}],"collection":[{"href":"https:\/\/vof-news.eu\/de\/wp-json\/wp\/v2\/posts"}],"about":[{"href":"https:\/\/vof-news.eu\/de\/wp-json\/wp\/v2\/types\/post"}],"author":[{"embeddable":true,"href":"https:\/\/vof-news.eu\/de\/wp-json\/wp\/v2\/users\/1"}],"replies":[{"embeddable":true,"href":"https:\/\/vof-news.eu\/de\/wp-json\/wp\/v2\/comments?post=304171"}],"version-history":[{"count":1,"href":"https:\/\/vof-news.eu\/de\/wp-json\/wp\/v2\/posts\/304171\/revisions"}],"predecessor-version":[{"id":304178,"href":"https:\/\/vof-news.eu\/de\/wp-json\/wp\/v2\/posts\/304171\/revisions\/304178"}],"wp:featuredmedia":[{"embeddable":true,"href":"https:\/\/vof-news.eu\/de\/wp-json\/wp\/v2\/media\/304172"}],"wp:attachment":[{"href":"https:\/\/vof-news.eu\/de\/wp-json\/wp\/v2\/media?parent=304171"}],"wp:term":[{"taxonomy":"category","embeddable":true,"href":"https:\/\/vof-news.eu\/de\/wp-json\/wp\/v2\/categories?post=304171"},{"taxonomy":"post_tag","embeddable":true,"href":"https:\/\/vof-news.eu\/de\/wp-json\/wp\/v2\/tags?post=304171"}],"curies":[{"name":"wp","href":"https:\/\/api.w.org\/{rel}","templated":true}]}}