{"id":304105,"date":"2025-12-04T15:28:05","date_gmt":"2025-12-04T12:28:05","guid":{"rendered":"https:\/\/vof-news.eu\/innenministerkonferenz-will-drohnenabwehrzentrum-etablieren\/"},"modified":"2025-12-04T15:29:32","modified_gmt":"2025-12-04T12:29:32","slug":"innenministerkonferenz-will-drohnenabwehrzentrum-etablieren","status":"publish","type":"post","link":"https:\/\/vof-news.eu\/de\/innenministerkonferenz-will-drohnenabwehrzentrum-etablieren\/","title":{"rendered":"Innenministerkonferenz will Drohnenabwehrzentrum etablieren"},"content":{"rendered":"<div>\n<p>Die\u00a0Innenminister\u00a0von Bund und L\u00e4ndern wollen ein Drohnenabwehrzentrum einrichten. Dieses soll <a href=\"https:\/\/www.zeit.de\/politik\/ausland\/2025-11\/drohnen-belgien-flughafen-gxe\" rel=\"nofollow\">unerlaubt fliegende Drohnen<\/a> in Zukunft besser bek\u00e4mpfen und bereits in knapp zwei Wochen er\u00f6ffnet werden.\u00a0\n<\/p>\n<p>Die <span><a href=\"https:\/\/www.zeit.de\/thema\/bundespolizei\" rel=\"nofollow\">Bundespolizei<\/a><\/span> hat bereits eine Einheit gegr\u00fcndet, die auf Drohnenabwehr spezialisiert ist. Den Teilnehmern der Innenministerkonferenz (IMK) demonstrierte diese zuletzt, wie die Abwehr von unbemannten Flugger\u00e4ten funktioniert. Mehrere Landesminister berichteten von den bei ihren Polizeien bereits vorhandenen F\u00e4higkeiten zur Drohnenabwehr.\n<\/p>\n<p>Man habe f\u00fcr die geplante Zusammenarbeit in dem <a href=\"https:\/\/www.zeit.de\/politik\/deutschland\/2025-11\/drohnen-abwehr-bundespolizei-einsatzbeginn-dezember\" rel=\"nofollow\">Drohnenabwehrzentrum<\/a> einen tragf\u00e4higen Kompromiss gefunden, berichten Teilnehmer aus der Innenministerkonferenz. Dabei gehe es etwa darum, ein gemeinsames Lagebild zu erstellen und allen Beteiligten zug\u00e4nglich zu machen.\u00a0\n<\/p>\n<p>Wenn &#8222;unkooperative Drohnen&#8220; gesichtet werden, bei denen Spionage, Sabotage oder gar ein Angriff auf Menschen zu bef\u00fcrchten ist, m\u00fcsse schnell entschieden werden. Zust\u00e4ndig daf\u00fcr sei die Landespolizei, die Bundespolizei oder die Bundeswehr.\u00a0Auch die zivile <a href=\"https:\/\/www.zeit.de\/politik\/deutschland\/2025-11\/gesetzentwurf-drohnenabwehr-luftsicherheitsgesetz-reform-kabinett-beschlossen\" rel=\"nofollow\">Luftraum\u00fcberwachung<\/a> m\u00fcsse dort eingebunden sein, sagte Hamburgs Innensenator Andy Grote (SPD).\n<\/p>\n<h2>Zahl der Drohnensichtungen seit Ukrainekrieg angestiegen<\/h2>\n<p>Im Fokus stehen bei der Drohnenabwehr vor allem Flugh\u00e4fen, Bundeswehrstandorte und Energieversorger. Drohnensichtungen an wichtigen Einrichtungen in Deutschland haben laut Bundesregierung seit Beginn des <a href=\"https:\/\/www.zeit.de\/politik\/ausland\/2025-12\/ukraine-krieg-verhandlungen-russland-lage-donbass\" rel=\"nofollow\">russischen Angriffskriegs in der Ukraine<\/a> zugenommen. &#8222;Wir werden nicht neben jedes Kraftwerk, neben jede Hafenanlage eine Polizeieinheit stellen&#8220;, betonte Grote.\n<\/p>\n<p>&#8222;Wer uns<br \/>\n bedroht, der muss damit rechnen, dass wir uns zur Wehr setzen&#8220;, sagte Bundesinnenminister Alexander Dobrindt (CSU). Jedoch stelle nicht jede Drohne automatisch eine Bedrohung dar. Berlins Innensenatorin Iris Spranger (SPD) sagte, die Bundeshauptstadt habe zur Drohnenabwehr bereits f\u00fcr die Sicherheit bei der Fu\u00dfball-EM 2024 Kapazit\u00e4ten aufgebaut.\n<\/p>\n<\/div>\n","protected":false},"excerpt":{"rendered":"<p>Die\u00a0Innenminister\u00a0von Bund und L\u00e4ndern wollen ein Drohnenabwehrzentrum einrichten. Dieses soll unerlaubt fliegende Drohnen in Zukunft besser bek\u00e4mpfen und bereits in knapp zwei Wochen er\u00f6ffnet werden.\u00a0 Die Bundespolizei hat bereits eine Einheit gegr\u00fcndet, die auf Drohnenabwehr spezialisiert ist. Den Teilnehmern der Innenministerkonferenz (IMK) demonstrierte diese zuletzt, wie die Abwehr von unbemannten Flugger\u00e4ten funktioniert. Mehrere Landesminister berichteten<\/p>\n","protected":false},"author":1,"featured_media":304106,"comment_status":"open","ping_status":"open","sticky":false,"template":"","format":"standard","meta":{"footnotes":""},"categories":[116],"tags":[],"class_list":["post-304105","post","type-post","status-publish","format-standard","has-post-thumbnail","hentry","category-war-chronicles-de"],"acf":[],"yoast_head":"<!-- This site is optimized with the Yoast SEO plugin v22.9 - https:\/\/yoast.com\/wordpress\/plugins\/seo\/ -->\n<title>Innenministerkonferenz will Drohnenabwehrzentrum etablieren - vof-news.eu<\/title>\n<meta name=\"description\" content=\"Die\u00a0Innenminister\u00a0von Bund und L\u00e4ndern wollen ein Drohnenabwehrzentrum einrichten. Dieses soll unerlaubt fliegende Drohnen in Zukunft besser bek\u00e4mpfen und bereits in knapp zwei Wochen er\u00f6ffnet werden.\u00a0\" \/>\n<meta name=\"robots\" content=\"noindex, follow, max-snippet:-1, max-image-preview:large, max-video-preview:-1\" \/>\n<meta property=\"og:locale\" content=\"de_DE\" \/>\n<meta property=\"og:type\" content=\"article\" \/>\n<meta property=\"og:title\" content=\"Innenministerkonferenz will Drohnenabwehrzentrum etablieren - vof-news.eu\" \/>\n<meta property=\"og:description\" content=\"Die\u00a0Innenminister\u00a0von Bund und L\u00e4ndern wollen ein Drohnenabwehrzentrum einrichten. Dieses soll unerlaubt fliegende Drohnen in Zukunft besser bek\u00e4mpfen und bereits in knapp zwei Wochen er\u00f6ffnet werden.\u00a0\" \/>\n<meta property=\"og:url\" content=\"https:\/\/vof-news.eu\/de\/innenministerkonferenz-will-drohnenabwehrzentrum-etablieren\/\" \/>\n<meta property=\"og:site_name\" content=\"vof-news.eu\" \/>\n<meta property=\"article:published_time\" content=\"2025-12-04T12:28:05+00:00\" \/>\n<meta property=\"article:modified_time\" content=\"2025-12-04T12:29:32+00:00\" \/>\n<meta property=\"og:image\" content=\"https:\/\/vof-news.eu\/wp-content\/uploads\/2025\/12\/wide__1000x562-19.jpg\" \/>\n\t<meta property=\"og:image:width\" content=\"1000\" \/>\n\t<meta property=\"og:image:height\" content=\"562\" \/>\n\t<meta property=\"og:image:type\" content=\"image\/jpeg\" \/>\n<meta name=\"author\" content=\"Author\" \/>\n<meta name=\"twitter:card\" content=\"summary_large_image\" \/>\n<meta name=\"twitter:label1\" content=\"Verfasst von\" \/>\n\t<meta name=\"twitter:data1\" content=\"Author\" \/>\n\t<meta name=\"twitter:label2\" content=\"Gesch\u00e4tzte Lesezeit\" \/>\n\t<meta name=\"twitter:data2\" content=\"1\u00a0Minute\" \/>\n<script type=\"application\/ld+json\" class=\"yoast-schema-graph\">{\"@context\":\"https:\/\/schema.org\",\"@graph\":[{\"@type\":\"WebPage\",\"@id\":\"https:\/\/vof-news.eu\/de\/innenministerkonferenz-will-drohnenabwehrzentrum-etablieren\/\",\"url\":\"https:\/\/vof-news.eu\/de\/innenministerkonferenz-will-drohnenabwehrzentrum-etablieren\/\",\"name\":\"Innenministerkonferenz will Drohnenabwehrzentrum etablieren - vof-news.eu\",\"isPartOf\":{\"@id\":\"https:\/\/vof-news.eu\/de\/#website\"},\"primaryImageOfPage\":{\"@id\":\"https:\/\/vof-news.eu\/de\/innenministerkonferenz-will-drohnenabwehrzentrum-etablieren\/#primaryimage\"},\"image\":{\"@id\":\"https:\/\/vof-news.eu\/de\/innenministerkonferenz-will-drohnenabwehrzentrum-etablieren\/#primaryimage\"},\"thumbnailUrl\":\"https:\/\/vof-news.eu\/wp-content\/uploads\/2025\/12\/wide__1000x562-19.jpg\",\"datePublished\":\"2025-12-04T12:28:05+00:00\",\"dateModified\":\"2025-12-04T12:29:32+00:00\",\"author\":{\"@id\":\"https:\/\/vof-news.eu\/de\/#\/schema\/person\/f6a2a4309f0561835797fd8c19b333ed\"},\"description\":\"Die\u00a0Innenminister\u00a0von Bund und L\u00e4ndern wollen ein Drohnenabwehrzentrum einrichten. Dieses soll unerlaubt fliegende Drohnen in Zukunft besser bek\u00e4mpfen und bereits in knapp zwei Wochen er\u00f6ffnet werden.\u00a0\",\"breadcrumb\":{\"@id\":\"https:\/\/vof-news.eu\/de\/innenministerkonferenz-will-drohnenabwehrzentrum-etablieren\/#breadcrumb\"},\"inLanguage\":\"de\",\"potentialAction\":[{\"@type\":\"ReadAction\",\"target\":[\"https:\/\/vof-news.eu\/de\/innenministerkonferenz-will-drohnenabwehrzentrum-etablieren\/\"]}]},{\"@type\":\"ImageObject\",\"inLanguage\":\"de\",\"@id\":\"https:\/\/vof-news.eu\/de\/innenministerkonferenz-will-drohnenabwehrzentrum-etablieren\/#primaryimage\",\"url\":\"https:\/\/vof-news.eu\/wp-content\/uploads\/2025\/12\/wide__1000x562-19.jpg\",\"contentUrl\":\"https:\/\/vof-news.eu\/wp-content\/uploads\/2025\/12\/wide__1000x562-19.jpg\",\"width\":1000,\"height\":562},{\"@type\":\"BreadcrumbList\",\"@id\":\"https:\/\/vof-news.eu\/de\/innenministerkonferenz-will-drohnenabwehrzentrum-etablieren\/#breadcrumb\",\"itemListElement\":[{\"@type\":\"ListItem\",\"position\":1,\"name\":\"Home\",\"item\":\"https:\/\/vof-news.eu\/de\/\"},{\"@type\":\"ListItem\",\"position\":2,\"name\":\"Innenministerkonferenz will Drohnenabwehrzentrum etablieren\"}]},{\"@type\":\"WebSite\",\"@id\":\"https:\/\/vof-news.eu\/de\/#website\",\"url\":\"https:\/\/vof-news.eu\/de\/\",\"name\":\"vof-news.eu\",\"description\":\"\",\"potentialAction\":[{\"@type\":\"SearchAction\",\"target\":{\"@type\":\"EntryPoint\",\"urlTemplate\":\"https:\/\/vof-news.eu\/de\/?s={search_term_string}\"},\"query-input\":\"required name=search_term_string\"}],\"inLanguage\":\"de\"},{\"@type\":\"Person\",\"@id\":\"https:\/\/vof-news.eu\/de\/#\/schema\/person\/f6a2a4309f0561835797fd8c19b333ed\",\"name\":\"Author\",\"image\":{\"@type\":\"ImageObject\",\"inLanguage\":\"de\",\"@id\":\"https:\/\/vof-news.eu\/de\/#\/schema\/person\/image\/\",\"url\":\"https:\/\/secure.gravatar.com\/avatar\/b67e614b1b25b3e9c0c239efdd2fde5ab015b5affd6f1c3c85911ca4b384e790?s=96&d=mm&r=g\",\"contentUrl\":\"https:\/\/secure.gravatar.com\/avatar\/b67e614b1b25b3e9c0c239efdd2fde5ab015b5affd6f1c3c85911ca4b384e790?s=96&d=mm&r=g\",\"caption\":\"Author\"},\"sameAs\":[\"http:\/\/vof-news.eu\"],\"url\":\"https:\/\/vof-news.eu\/de\/author\/zwt6qxnjulxbnyg\/\"}]}<\/script>\n<!-- \/ Yoast SEO plugin. -->","yoast_head_json":{"title":"Innenministerkonferenz will Drohnenabwehrzentrum etablieren - vof-news.eu","description":"Die\u00a0Innenminister\u00a0von Bund und L\u00e4ndern wollen ein Drohnenabwehrzentrum einrichten. Dieses soll unerlaubt fliegende Drohnen in Zukunft besser bek\u00e4mpfen und bereits in knapp zwei Wochen er\u00f6ffnet werden.\u00a0","robots":{"index":"noindex","follow":"follow","max-snippet":"max-snippet:-1","max-image-preview":"max-image-preview:large","max-video-preview":"max-video-preview:-1"},"og_locale":"de_DE","og_type":"article","og_title":"Innenministerkonferenz will Drohnenabwehrzentrum etablieren - vof-news.eu","og_description":"Die\u00a0Innenminister\u00a0von Bund und L\u00e4ndern wollen ein Drohnenabwehrzentrum einrichten. Dieses soll unerlaubt fliegende Drohnen in Zukunft besser bek\u00e4mpfen und bereits in knapp zwei Wochen er\u00f6ffnet werden.\u00a0","og_url":"https:\/\/vof-news.eu\/de\/innenministerkonferenz-will-drohnenabwehrzentrum-etablieren\/","og_site_name":"vof-news.eu","article_published_time":"2025-12-04T12:28:05+00:00","article_modified_time":"2025-12-04T12:29:32+00:00","og_image":[{"width":1000,"height":562,"url":"https:\/\/vof-news.eu\/wp-content\/uploads\/2025\/12\/wide__1000x562-19.jpg","type":"image\/jpeg"}],"author":"Author","twitter_card":"summary_large_image","twitter_misc":{"Verfasst von":"Author","Gesch\u00e4tzte Lesezeit":"1\u00a0Minute"},"schema":{"@context":"https:\/\/schema.org","@graph":[{"@type":"WebPage","@id":"https:\/\/vof-news.eu\/de\/innenministerkonferenz-will-drohnenabwehrzentrum-etablieren\/","url":"https:\/\/vof-news.eu\/de\/innenministerkonferenz-will-drohnenabwehrzentrum-etablieren\/","name":"Innenministerkonferenz will Drohnenabwehrzentrum etablieren - vof-news.eu","isPartOf":{"@id":"https:\/\/vof-news.eu\/de\/#website"},"primaryImageOfPage":{"@id":"https:\/\/vof-news.eu\/de\/innenministerkonferenz-will-drohnenabwehrzentrum-etablieren\/#primaryimage"},"image":{"@id":"https:\/\/vof-news.eu\/de\/innenministerkonferenz-will-drohnenabwehrzentrum-etablieren\/#primaryimage"},"thumbnailUrl":"https:\/\/vof-news.eu\/wp-content\/uploads\/2025\/12\/wide__1000x562-19.jpg","datePublished":"2025-12-04T12:28:05+00:00","dateModified":"2025-12-04T12:29:32+00:00","author":{"@id":"https:\/\/vof-news.eu\/de\/#\/schema\/person\/f6a2a4309f0561835797fd8c19b333ed"},"description":"Die\u00a0Innenminister\u00a0von Bund und L\u00e4ndern wollen ein Drohnenabwehrzentrum einrichten. Dieses soll unerlaubt fliegende Drohnen in Zukunft besser bek\u00e4mpfen und bereits in knapp zwei Wochen er\u00f6ffnet werden.\u00a0","breadcrumb":{"@id":"https:\/\/vof-news.eu\/de\/innenministerkonferenz-will-drohnenabwehrzentrum-etablieren\/#breadcrumb"},"inLanguage":"de","potentialAction":[{"@type":"ReadAction","target":["https:\/\/vof-news.eu\/de\/innenministerkonferenz-will-drohnenabwehrzentrum-etablieren\/"]}]},{"@type":"ImageObject","inLanguage":"de","@id":"https:\/\/vof-news.eu\/de\/innenministerkonferenz-will-drohnenabwehrzentrum-etablieren\/#primaryimage","url":"https:\/\/vof-news.eu\/wp-content\/uploads\/2025\/12\/wide__1000x562-19.jpg","contentUrl":"https:\/\/vof-news.eu\/wp-content\/uploads\/2025\/12\/wide__1000x562-19.jpg","width":1000,"height":562},{"@type":"BreadcrumbList","@id":"https:\/\/vof-news.eu\/de\/innenministerkonferenz-will-drohnenabwehrzentrum-etablieren\/#breadcrumb","itemListElement":[{"@type":"ListItem","position":1,"name":"Home","item":"https:\/\/vof-news.eu\/de\/"},{"@type":"ListItem","position":2,"name":"Innenministerkonferenz will Drohnenabwehrzentrum etablieren"}]},{"@type":"WebSite","@id":"https:\/\/vof-news.eu\/de\/#website","url":"https:\/\/vof-news.eu\/de\/","name":"vof-news.eu","description":"","potentialAction":[{"@type":"SearchAction","target":{"@type":"EntryPoint","urlTemplate":"https:\/\/vof-news.eu\/de\/?s={search_term_string}"},"query-input":"required name=search_term_string"}],"inLanguage":"de"},{"@type":"Person","@id":"https:\/\/vof-news.eu\/de\/#\/schema\/person\/f6a2a4309f0561835797fd8c19b333ed","name":"Author","image":{"@type":"ImageObject","inLanguage":"de","@id":"https:\/\/vof-news.eu\/de\/#\/schema\/person\/image\/","url":"https:\/\/secure.gravatar.com\/avatar\/b67e614b1b25b3e9c0c239efdd2fde5ab015b5affd6f1c3c85911ca4b384e790?s=96&d=mm&r=g","contentUrl":"https:\/\/secure.gravatar.com\/avatar\/b67e614b1b25b3e9c0c239efdd2fde5ab015b5affd6f1c3c85911ca4b384e790?s=96&d=mm&r=g","caption":"Author"},"sameAs":["http:\/\/vof-news.eu"],"url":"https:\/\/vof-news.eu\/de\/author\/zwt6qxnjulxbnyg\/"}]}},"yoast_meta":{"yoast_wpseo_title":"","yoast_wpseo_metadesc":"","yoast_wpseo_canonical":""},"_links":{"self":[{"href":"https:\/\/vof-news.eu\/de\/wp-json\/wp\/v2\/posts\/304105","targetHints":{"allow":["GET"]}}],"collection":[{"href":"https:\/\/vof-news.eu\/de\/wp-json\/wp\/v2\/posts"}],"about":[{"href":"https:\/\/vof-news.eu\/de\/wp-json\/wp\/v2\/types\/post"}],"author":[{"embeddable":true,"href":"https:\/\/vof-news.eu\/de\/wp-json\/wp\/v2\/users\/1"}],"replies":[{"embeddable":true,"href":"https:\/\/vof-news.eu\/de\/wp-json\/wp\/v2\/comments?post=304105"}],"version-history":[{"count":1,"href":"https:\/\/vof-news.eu\/de\/wp-json\/wp\/v2\/posts\/304105\/revisions"}],"predecessor-version":[{"id":304112,"href":"https:\/\/vof-news.eu\/de\/wp-json\/wp\/v2\/posts\/304105\/revisions\/304112"}],"wp:featuredmedia":[{"embeddable":true,"href":"https:\/\/vof-news.eu\/de\/wp-json\/wp\/v2\/media\/304106"}],"wp:attachment":[{"href":"https:\/\/vof-news.eu\/de\/wp-json\/wp\/v2\/media?parent=304105"}],"wp:term":[{"taxonomy":"category","embeddable":true,"href":"https:\/\/vof-news.eu\/de\/wp-json\/wp\/v2\/categories?post=304105"},{"taxonomy":"post_tag","embeddable":true,"href":"https:\/\/vof-news.eu\/de\/wp-json\/wp\/v2\/tags?post=304105"}],"curies":[{"name":"wp","href":"https:\/\/api.w.org\/{rel}","templated":true}]}}