{"id":303398,"date":"2025-12-02T19:28:06","date_gmt":"2025-12-02T16:28:06","guid":{"rendered":"https:\/\/vof-news.eu\/putin-weist-forderungen-der-europaer-fur-frieden-in-der-ukraine-zuruck\/"},"modified":"2025-12-02T19:29:34","modified_gmt":"2025-12-02T16:29:34","slug":"putin-weist-forderungen-der-europaer-fur-frieden-in-der-ukraine-zuruck","status":"publish","type":"post","link":"https:\/\/vof-news.eu\/de\/putin-weist-forderungen-der-europaer-fur-frieden-in-der-ukraine-zuruck\/","title":{"rendered":"Putin weist Forderungen der Europ\u00e4er f\u00fcr Frieden in der Ukraine zur\u00fcck"},"content":{"rendered":"<div>\n<p>Der russische Pr\u00e4sident Wladimir Putin hat die europ\u00e4ischen Forderungen f\u00fcr einen Frieden in der <span><a href=\"https:\/\/www.zeit.de\/politik\/ausland\/ukraine-krieg-news-liveblog\" rel=\"nofollow\">Ukraine<\/a><\/span> zur\u00fcckgewiesen. Die Forderungen der europ\u00e4ischen Staats- und Regierungschefs f\u00fcr einen m\u00f6glichen Friedensplan f\u00fcr die Ukraine seien nicht akzeptabel, sagte Putin. Der russische Machthaber sprach vor einem Treffen mit dem US-Sondergesandten Steve Witkoff\u00a0und Trumps Schwiegersohn Jared Kushner, die zu Verhandlungen \u00fcber den Friedensplan nach Moskau kamen.\n<\/p>\n<p>Weiter behauptete Putin, Russland wolle keinen Krieg mit den Europ\u00e4ern.\u00a0&#8222;Wir haben nicht die Absicht, Krieg gegen Europa zu f\u00fchren, aber wenn<br \/>\nEuropa dies will und damit beginnt, sind wir ab sofort bereit&#8220;, sagte er. Die<br \/>\nEurop\u00e4er w\u00fcrden die Bem\u00fchungen der USA um ein Ende des Krieges in der<br \/>\nUkraine behindern und st\u00fcnden &#8222;auf der Seite des Krieges&#8220;.\n<\/p>\n<p>Die Vereinigten Staaten <a href=\"https:\/\/www.zeit.de\/politik\/ausland\/2025-11\/ukraine-rubio-vance-trump-witkoff-russland\" rel=\"nofollow\">hatten einen umstrittenen Plan f\u00fcr ein Ende des Krieges in der Ukraine<\/a> erarbeitet. Zu den <a href=\"https:\/\/www.zeit.de\/politik\/ausland\/2025-11\/usa-ukraine-krieg-russland-friedensverhandlungen\" rel=\"nofollow\">Rahmenbedingungen sind die Ukraine und die USA nach ukrainischen Angaben weiterhin in Gespr\u00e4chen<\/a>. Die <a href=\"https:\/\/www.zeit.de\/politik\/ausland\/2025-12\/macron-selenskyj-gespaeche-usa-russland-ukraine-krieg\" rel=\"nofollow\">Europ\u00e4er hatten daraufhin gefordert, einbezogen zu werden<\/a>, und legten eigene Forderungen vor, die zum Teil in den Plan aufgenommen worden waren. Der ukrainische Pr\u00e4sident Wolodymyr Selenskyj hatte zuletzt Frankreich besucht.\n<\/p>\n<h2>Drohung wegen Angriffen auf Tanker<\/h2>\n<p>Zugleich drohte Putin in seiner Ansprache, Russland werde gegen Tanker von L\u00e4ndern vorgehen, die die Ukraine unterst\u00fctzten. Nach den vergangenen Angriffen auf russische Tanker vor der t\u00fcrkischen K\u00fcste sprach er von &#8222;Piraterie&#8220;. Er drohte, Russland werde seine Angriffe auf ukrainische Einrichtungen und Schiffe intensivieren. <a href=\"https:\/\/www.zeit.de\/politik\/ausland\/2025-11\/russland-grossangriff-ukraine-kyjiw-strom-gxe\" rel=\"nofollow\">Russland greift die Ukraine ungeachtet der Verhandlungen weiter an<\/a>.\n<\/p>\n<p>Die Ukraine dementiert, mit den Angriffen zu tun zu haben. Vor der t\u00fcrkischen K\u00fcste war ein mit Sonnenblumen\u00f6l beladener Tanker mit Drohnen angegriffen worden, die 13 Crewmitglieder blieben unverletzt. <a href=\"https:\/\/www.zeit.de\/politik\/ausland\/schwarzes-meer-oeltanker-brand-tuerkei-gxe\" rel=\"nofollow\">Bereits vergangene Woche waren zwei Tanker angegriffen worden<\/a>.\n<\/p>\n<p>Selenskyj hatte zuvor ein vollst\u00e4ndiges Ende<br \/>\n des russischen Angriffskriegs in der Ukraine gefordert. &#8222;Unsere<br \/>\ngemeinsame Aufgabe ist es, den Krieg zu beenden, nicht nur eine Pause in<br \/>\n den Kampfhandlungen zu erreichen&#8220;, sagte Selenskyj bei<br \/>\neinem Besuch in Irland. Damit ein &#8222;w\u00fcrdiger Frieden&#8220; m\u00f6glich werde,<br \/>\nm\u00fcssten jedoch &#8222;alle auf der Seite des Friedens sein&#8220;. Er ist gerade auf einer Reise durch Europa, um die Verb\u00fcndeten der Ukraine zu treffen.\n<\/p>\n<\/p>\n<\/div>\n","protected":false},"excerpt":{"rendered":"<p>Der russische Pr\u00e4sident Wladimir Putin hat die europ\u00e4ischen Forderungen f\u00fcr einen Frieden in der Ukraine zur\u00fcckgewiesen. Die Forderungen der europ\u00e4ischen Staats- und Regierungschefs f\u00fcr einen m\u00f6glichen Friedensplan f\u00fcr die Ukraine seien nicht akzeptabel, sagte Putin. Der russische Machthaber sprach vor einem Treffen mit dem US-Sondergesandten Steve Witkoff\u00a0und Trumps Schwiegersohn Jared Kushner, die zu Verhandlungen \u00fcber<\/p>\n","protected":false},"author":1,"featured_media":303399,"comment_status":"open","ping_status":"open","sticky":false,"template":"","format":"standard","meta":{"footnotes":""},"categories":[116],"tags":[],"class_list":["post-303398","post","type-post","status-publish","format-standard","has-post-thumbnail","hentry","category-war-chronicles-de"],"acf":[],"yoast_head":"<!-- This site is optimized with the Yoast SEO plugin v22.9 - https:\/\/yoast.com\/wordpress\/plugins\/seo\/ -->\n<title>Putin weist Forderungen der Europ\u00e4er f\u00fcr Frieden in der Ukraine zur\u00fcck - vof-news.eu<\/title>\n<meta name=\"description\" content=\"Der russische Pr\u00e4sident Wladimir Putin hat die europ\u00e4ischen Forderungen f\u00fcr einen Frieden in der Ukraine zur\u00fcckgewiesen. Die Forderungen der europ\u00e4ischen Staats- und Regierungschefs f\u00fcr einen m\u00f6glichen Friedensplan f\u00fcr die Ukraine seien nicht akzeptabel, sagte Putin. Der russische Machthaber sprach vor einem Treffen mit dem US-Sondergesandten Steve Witkoff\u00a0und Trumps Schwiegersohn Jared Kushner, die zu Verhandlungen \u00fcber den Friedensplan nach Moskau kamen.\" \/>\n<meta name=\"robots\" content=\"noindex, follow, max-snippet:-1, max-image-preview:large, max-video-preview:-1\" \/>\n<meta property=\"og:locale\" content=\"de_DE\" \/>\n<meta property=\"og:type\" content=\"article\" \/>\n<meta property=\"og:title\" content=\"Putin weist Forderungen der Europ\u00e4er f\u00fcr Frieden in der Ukraine zur\u00fcck - vof-news.eu\" \/>\n<meta property=\"og:description\" content=\"Der russische Pr\u00e4sident Wladimir Putin hat die europ\u00e4ischen Forderungen f\u00fcr einen Frieden in der Ukraine zur\u00fcckgewiesen. Die Forderungen der europ\u00e4ischen Staats- und Regierungschefs f\u00fcr einen m\u00f6glichen Friedensplan f\u00fcr die Ukraine seien nicht akzeptabel, sagte Putin. Der russische Machthaber sprach vor einem Treffen mit dem US-Sondergesandten Steve Witkoff\u00a0und Trumps Schwiegersohn Jared Kushner, die zu Verhandlungen \u00fcber den Friedensplan nach Moskau kamen.\" \/>\n<meta property=\"og:url\" content=\"https:\/\/vof-news.eu\/de\/putin-weist-forderungen-der-europaer-fur-frieden-in-der-ukraine-zuruck\/\" \/>\n<meta property=\"og:site_name\" content=\"vof-news.eu\" \/>\n<meta property=\"article:published_time\" content=\"2025-12-02T16:28:06+00:00\" \/>\n<meta property=\"article:modified_time\" content=\"2025-12-02T16:29:34+00:00\" \/>\n<meta property=\"og:image\" content=\"https:\/\/vof-news.eu\/wp-content\/uploads\/2025\/12\/wide__1000x562-9.jpg\" \/>\n\t<meta property=\"og:image:width\" content=\"1000\" \/>\n\t<meta property=\"og:image:height\" content=\"562\" \/>\n\t<meta property=\"og:image:type\" content=\"image\/jpeg\" \/>\n<meta name=\"author\" content=\"Author\" \/>\n<meta name=\"twitter:card\" content=\"summary_large_image\" \/>\n<meta name=\"twitter:label1\" content=\"Verfasst von\" \/>\n\t<meta name=\"twitter:data1\" content=\"Author\" \/>\n\t<meta name=\"twitter:label2\" content=\"Gesch\u00e4tzte Lesezeit\" \/>\n\t<meta name=\"twitter:data2\" content=\"2\u00a0Minuten\" \/>\n<script type=\"application\/ld+json\" class=\"yoast-schema-graph\">{\"@context\":\"https:\/\/schema.org\",\"@graph\":[{\"@type\":\"WebPage\",\"@id\":\"https:\/\/vof-news.eu\/de\/putin-weist-forderungen-der-europaer-fur-frieden-in-der-ukraine-zuruck\/\",\"url\":\"https:\/\/vof-news.eu\/de\/putin-weist-forderungen-der-europaer-fur-frieden-in-der-ukraine-zuruck\/\",\"name\":\"Putin weist Forderungen der Europ\u00e4er f\u00fcr Frieden in der Ukraine zur\u00fcck - vof-news.eu\",\"isPartOf\":{\"@id\":\"https:\/\/vof-news.eu\/de\/#website\"},\"primaryImageOfPage\":{\"@id\":\"https:\/\/vof-news.eu\/de\/putin-weist-forderungen-der-europaer-fur-frieden-in-der-ukraine-zuruck\/#primaryimage\"},\"image\":{\"@id\":\"https:\/\/vof-news.eu\/de\/putin-weist-forderungen-der-europaer-fur-frieden-in-der-ukraine-zuruck\/#primaryimage\"},\"thumbnailUrl\":\"https:\/\/vof-news.eu\/wp-content\/uploads\/2025\/12\/wide__1000x562-9.jpg\",\"datePublished\":\"2025-12-02T16:28:06+00:00\",\"dateModified\":\"2025-12-02T16:29:34+00:00\",\"author\":{\"@id\":\"https:\/\/vof-news.eu\/de\/#\/schema\/person\/f6a2a4309f0561835797fd8c19b333ed\"},\"description\":\"Der russische Pr\u00e4sident Wladimir Putin hat die europ\u00e4ischen Forderungen f\u00fcr einen Frieden in der Ukraine zur\u00fcckgewiesen. Die Forderungen der europ\u00e4ischen Staats- und Regierungschefs f\u00fcr einen m\u00f6glichen Friedensplan f\u00fcr die Ukraine seien nicht akzeptabel, sagte Putin. Der russische Machthaber sprach vor einem Treffen mit dem US-Sondergesandten Steve Witkoff\u00a0und Trumps Schwiegersohn Jared Kushner, die zu Verhandlungen \u00fcber den Friedensplan nach Moskau kamen.\",\"breadcrumb\":{\"@id\":\"https:\/\/vof-news.eu\/de\/putin-weist-forderungen-der-europaer-fur-frieden-in-der-ukraine-zuruck\/#breadcrumb\"},\"inLanguage\":\"de\",\"potentialAction\":[{\"@type\":\"ReadAction\",\"target\":[\"https:\/\/vof-news.eu\/de\/putin-weist-forderungen-der-europaer-fur-frieden-in-der-ukraine-zuruck\/\"]}]},{\"@type\":\"ImageObject\",\"inLanguage\":\"de\",\"@id\":\"https:\/\/vof-news.eu\/de\/putin-weist-forderungen-der-europaer-fur-frieden-in-der-ukraine-zuruck\/#primaryimage\",\"url\":\"https:\/\/vof-news.eu\/wp-content\/uploads\/2025\/12\/wide__1000x562-9.jpg\",\"contentUrl\":\"https:\/\/vof-news.eu\/wp-content\/uploads\/2025\/12\/wide__1000x562-9.jpg\",\"width\":1000,\"height\":562},{\"@type\":\"BreadcrumbList\",\"@id\":\"https:\/\/vof-news.eu\/de\/putin-weist-forderungen-der-europaer-fur-frieden-in-der-ukraine-zuruck\/#breadcrumb\",\"itemListElement\":[{\"@type\":\"ListItem\",\"position\":1,\"name\":\"Home\",\"item\":\"https:\/\/vof-news.eu\/de\/\"},{\"@type\":\"ListItem\",\"position\":2,\"name\":\"Putin weist Forderungen der Europ\u00e4er f\u00fcr Frieden in der Ukraine zur\u00fcck\"}]},{\"@type\":\"WebSite\",\"@id\":\"https:\/\/vof-news.eu\/de\/#website\",\"url\":\"https:\/\/vof-news.eu\/de\/\",\"name\":\"vof-news.eu\",\"description\":\"\",\"potentialAction\":[{\"@type\":\"SearchAction\",\"target\":{\"@type\":\"EntryPoint\",\"urlTemplate\":\"https:\/\/vof-news.eu\/de\/?s={search_term_string}\"},\"query-input\":\"required name=search_term_string\"}],\"inLanguage\":\"de\"},{\"@type\":\"Person\",\"@id\":\"https:\/\/vof-news.eu\/de\/#\/schema\/person\/f6a2a4309f0561835797fd8c19b333ed\",\"name\":\"Author\",\"image\":{\"@type\":\"ImageObject\",\"inLanguage\":\"de\",\"@id\":\"https:\/\/vof-news.eu\/de\/#\/schema\/person\/image\/\",\"url\":\"https:\/\/secure.gravatar.com\/avatar\/b67e614b1b25b3e9c0c239efdd2fde5ab015b5affd6f1c3c85911ca4b384e790?s=96&d=mm&r=g\",\"contentUrl\":\"https:\/\/secure.gravatar.com\/avatar\/b67e614b1b25b3e9c0c239efdd2fde5ab015b5affd6f1c3c85911ca4b384e790?s=96&d=mm&r=g\",\"caption\":\"Author\"},\"sameAs\":[\"http:\/\/vof-news.eu\"],\"url\":\"https:\/\/vof-news.eu\/de\/author\/zwt6qxnjulxbnyg\/\"}]}<\/script>\n<!-- \/ Yoast SEO plugin. -->","yoast_head_json":{"title":"Putin weist Forderungen der Europ\u00e4er f\u00fcr Frieden in der Ukraine zur\u00fcck - vof-news.eu","description":"Der russische Pr\u00e4sident Wladimir Putin hat die europ\u00e4ischen Forderungen f\u00fcr einen Frieden in der Ukraine zur\u00fcckgewiesen. Die Forderungen der europ\u00e4ischen Staats- und Regierungschefs f\u00fcr einen m\u00f6glichen Friedensplan f\u00fcr die Ukraine seien nicht akzeptabel, sagte Putin. Der russische Machthaber sprach vor einem Treffen mit dem US-Sondergesandten Steve Witkoff\u00a0und Trumps Schwiegersohn Jared Kushner, die zu Verhandlungen \u00fcber den Friedensplan nach Moskau kamen.","robots":{"index":"noindex","follow":"follow","max-snippet":"max-snippet:-1","max-image-preview":"max-image-preview:large","max-video-preview":"max-video-preview:-1"},"og_locale":"de_DE","og_type":"article","og_title":"Putin weist Forderungen der Europ\u00e4er f\u00fcr Frieden in der Ukraine zur\u00fcck - vof-news.eu","og_description":"Der russische Pr\u00e4sident Wladimir Putin hat die europ\u00e4ischen Forderungen f\u00fcr einen Frieden in der Ukraine zur\u00fcckgewiesen. Die Forderungen der europ\u00e4ischen Staats- und Regierungschefs f\u00fcr einen m\u00f6glichen Friedensplan f\u00fcr die Ukraine seien nicht akzeptabel, sagte Putin. Der russische Machthaber sprach vor einem Treffen mit dem US-Sondergesandten Steve Witkoff\u00a0und Trumps Schwiegersohn Jared Kushner, die zu Verhandlungen \u00fcber den Friedensplan nach Moskau kamen.","og_url":"https:\/\/vof-news.eu\/de\/putin-weist-forderungen-der-europaer-fur-frieden-in-der-ukraine-zuruck\/","og_site_name":"vof-news.eu","article_published_time":"2025-12-02T16:28:06+00:00","article_modified_time":"2025-12-02T16:29:34+00:00","og_image":[{"width":1000,"height":562,"url":"https:\/\/vof-news.eu\/wp-content\/uploads\/2025\/12\/wide__1000x562-9.jpg","type":"image\/jpeg"}],"author":"Author","twitter_card":"summary_large_image","twitter_misc":{"Verfasst von":"Author","Gesch\u00e4tzte Lesezeit":"2\u00a0Minuten"},"schema":{"@context":"https:\/\/schema.org","@graph":[{"@type":"WebPage","@id":"https:\/\/vof-news.eu\/de\/putin-weist-forderungen-der-europaer-fur-frieden-in-der-ukraine-zuruck\/","url":"https:\/\/vof-news.eu\/de\/putin-weist-forderungen-der-europaer-fur-frieden-in-der-ukraine-zuruck\/","name":"Putin weist Forderungen der Europ\u00e4er f\u00fcr Frieden in der Ukraine zur\u00fcck - vof-news.eu","isPartOf":{"@id":"https:\/\/vof-news.eu\/de\/#website"},"primaryImageOfPage":{"@id":"https:\/\/vof-news.eu\/de\/putin-weist-forderungen-der-europaer-fur-frieden-in-der-ukraine-zuruck\/#primaryimage"},"image":{"@id":"https:\/\/vof-news.eu\/de\/putin-weist-forderungen-der-europaer-fur-frieden-in-der-ukraine-zuruck\/#primaryimage"},"thumbnailUrl":"https:\/\/vof-news.eu\/wp-content\/uploads\/2025\/12\/wide__1000x562-9.jpg","datePublished":"2025-12-02T16:28:06+00:00","dateModified":"2025-12-02T16:29:34+00:00","author":{"@id":"https:\/\/vof-news.eu\/de\/#\/schema\/person\/f6a2a4309f0561835797fd8c19b333ed"},"description":"Der russische Pr\u00e4sident Wladimir Putin hat die europ\u00e4ischen Forderungen f\u00fcr einen Frieden in der Ukraine zur\u00fcckgewiesen. Die Forderungen der europ\u00e4ischen Staats- und Regierungschefs f\u00fcr einen m\u00f6glichen Friedensplan f\u00fcr die Ukraine seien nicht akzeptabel, sagte Putin. Der russische Machthaber sprach vor einem Treffen mit dem US-Sondergesandten Steve Witkoff\u00a0und Trumps Schwiegersohn Jared Kushner, die zu Verhandlungen \u00fcber den Friedensplan nach Moskau kamen.","breadcrumb":{"@id":"https:\/\/vof-news.eu\/de\/putin-weist-forderungen-der-europaer-fur-frieden-in-der-ukraine-zuruck\/#breadcrumb"},"inLanguage":"de","potentialAction":[{"@type":"ReadAction","target":["https:\/\/vof-news.eu\/de\/putin-weist-forderungen-der-europaer-fur-frieden-in-der-ukraine-zuruck\/"]}]},{"@type":"ImageObject","inLanguage":"de","@id":"https:\/\/vof-news.eu\/de\/putin-weist-forderungen-der-europaer-fur-frieden-in-der-ukraine-zuruck\/#primaryimage","url":"https:\/\/vof-news.eu\/wp-content\/uploads\/2025\/12\/wide__1000x562-9.jpg","contentUrl":"https:\/\/vof-news.eu\/wp-content\/uploads\/2025\/12\/wide__1000x562-9.jpg","width":1000,"height":562},{"@type":"BreadcrumbList","@id":"https:\/\/vof-news.eu\/de\/putin-weist-forderungen-der-europaer-fur-frieden-in-der-ukraine-zuruck\/#breadcrumb","itemListElement":[{"@type":"ListItem","position":1,"name":"Home","item":"https:\/\/vof-news.eu\/de\/"},{"@type":"ListItem","position":2,"name":"Putin weist Forderungen der Europ\u00e4er f\u00fcr Frieden in der Ukraine zur\u00fcck"}]},{"@type":"WebSite","@id":"https:\/\/vof-news.eu\/de\/#website","url":"https:\/\/vof-news.eu\/de\/","name":"vof-news.eu","description":"","potentialAction":[{"@type":"SearchAction","target":{"@type":"EntryPoint","urlTemplate":"https:\/\/vof-news.eu\/de\/?s={search_term_string}"},"query-input":"required name=search_term_string"}],"inLanguage":"de"},{"@type":"Person","@id":"https:\/\/vof-news.eu\/de\/#\/schema\/person\/f6a2a4309f0561835797fd8c19b333ed","name":"Author","image":{"@type":"ImageObject","inLanguage":"de","@id":"https:\/\/vof-news.eu\/de\/#\/schema\/person\/image\/","url":"https:\/\/secure.gravatar.com\/avatar\/b67e614b1b25b3e9c0c239efdd2fde5ab015b5affd6f1c3c85911ca4b384e790?s=96&d=mm&r=g","contentUrl":"https:\/\/secure.gravatar.com\/avatar\/b67e614b1b25b3e9c0c239efdd2fde5ab015b5affd6f1c3c85911ca4b384e790?s=96&d=mm&r=g","caption":"Author"},"sameAs":["http:\/\/vof-news.eu"],"url":"https:\/\/vof-news.eu\/de\/author\/zwt6qxnjulxbnyg\/"}]}},"yoast_meta":{"yoast_wpseo_title":"","yoast_wpseo_metadesc":"","yoast_wpseo_canonical":""},"_links":{"self":[{"href":"https:\/\/vof-news.eu\/de\/wp-json\/wp\/v2\/posts\/303398","targetHints":{"allow":["GET"]}}],"collection":[{"href":"https:\/\/vof-news.eu\/de\/wp-json\/wp\/v2\/posts"}],"about":[{"href":"https:\/\/vof-news.eu\/de\/wp-json\/wp\/v2\/types\/post"}],"author":[{"embeddable":true,"href":"https:\/\/vof-news.eu\/de\/wp-json\/wp\/v2\/users\/1"}],"replies":[{"embeddable":true,"href":"https:\/\/vof-news.eu\/de\/wp-json\/wp\/v2\/comments?post=303398"}],"version-history":[{"count":1,"href":"https:\/\/vof-news.eu\/de\/wp-json\/wp\/v2\/posts\/303398\/revisions"}],"predecessor-version":[{"id":303405,"href":"https:\/\/vof-news.eu\/de\/wp-json\/wp\/v2\/posts\/303398\/revisions\/303405"}],"wp:featuredmedia":[{"embeddable":true,"href":"https:\/\/vof-news.eu\/de\/wp-json\/wp\/v2\/media\/303399"}],"wp:attachment":[{"href":"https:\/\/vof-news.eu\/de\/wp-json\/wp\/v2\/media?parent=303398"}],"wp:term":[{"taxonomy":"category","embeddable":true,"href":"https:\/\/vof-news.eu\/de\/wp-json\/wp\/v2\/categories?post=303398"},{"taxonomy":"post_tag","embeddable":true,"href":"https:\/\/vof-news.eu\/de\/wp-json\/wp\/v2\/tags?post=303398"}],"curies":[{"name":"wp","href":"https:\/\/api.w.org\/{rel}","templated":true}]}}