{"id":303124,"date":"2025-12-01T23:28:14","date_gmt":"2025-12-01T20:28:14","guid":{"rendered":"https:\/\/vof-news.eu\/eu-staatschefs-fordern-einbezug-von-ukraine-in-verhandlungen\/"},"modified":"2025-12-01T23:29:21","modified_gmt":"2025-12-01T20:29:21","slug":"eu-staatschefs-fordern-einbezug-von-ukraine-in-verhandlungen","status":"publish","type":"post","link":"https:\/\/vof-news.eu\/de\/eu-staatschefs-fordern-einbezug-von-ukraine-in-verhandlungen\/","title":{"rendered":"EU-Staatschefs fordern Einbezug von Ukraine in Verhandlungen"},"content":{"rendered":"<div>\n<p>Kurz vor dem Treffen zwischen US-Vertretern und <span><a href=\"https:\/\/www.zeit.de\/thema\/russland\" rel=\"nofollow\">Russland<\/a><\/span> haben<br \/>\nsich der franz\u00f6sische Pr\u00e4sident Emmanuel Macron und der ukrainische Pr\u00e4sident<br \/>\n<a href=\"https:\/\/www.zeit.de\/thema\/wolodymyr-selenskyj\" rel=\"nofollow\">Wolodymyr Selenskyj<\/a> gemeinsam mit Verb\u00fcndeten beraten. <a href=\"https:\/\/www.zeit.de\/thema\/emmanuel-macron\" rel=\"nofollow\">Macron<\/a> empfing Selenskyj<br \/>\nin Paris. In einer Telefonschalte sei dann mit europ\u00e4ischen Regierungschefs,<br \/>\ndarunter Bundeskanzler Friedrich Merz (CDU), \u00fcber die von den USA angesto\u00dfenen<br \/>\ndiplomatischen Bem\u00fchungen zur Beendigung des russischen Angriffskriegs beraten worden, teilte das franz\u00f6sische Pr\u00e4sidialamt mit.\n<\/p>\n<p>Auch der US-Sondergesandte Steve Witkoff, der am Dienstag in<br \/>\nMoskau von Russlands Staatschef <a href=\"https:\/\/www.zeit.de\/thema\/wladimir-putin\" rel=\"nofollow\">Wladimir Putin<\/a> empfangen wird, sowie der Chef<br \/>\ndes ukrainischen Verhandlungsteams, Rustem Umjerow, nahmen an den Gespr\u00e4chen<br \/>\nteil. Ebenfalls dabei waren unter anderem EU-Kommissionspr\u00e4sidentin Ursula von<br \/>\nder Leyen, Nato-Generalsekret\u00e4r Mark Rutte und der britische Premierminister<br \/>\nKeir Starmer.\n<\/p>\n<p>&#8222;Der Frieden muss wirklich dauerhaft sein. Der Krieg muss so<br \/>\nschnell wie m\u00f6glich beendet werden. Vieles h\u00e4ngt nun vom Engagement aller<br \/>\nStaats- und Regierungschefs ab&#8220;,\u00a0<a href=\"https:\/\/x.com\/ZelenskyyUa\/status\/1995490193638305844\" rel=\"nofollow\">s<\/a><a href=\"https:\/\/x.com\/ZelenskyyUa\/status\/1995490193638305844\" rel=\"nofollow\">chrieb Selenskyj auf X<\/a> nach Gespr\u00e4chen mit<br \/>\n<span><a href=\"https:\/\/www.zeit.de\/thema\/emmanuel-macron\" rel=\"nofollow\">Macron<\/a><\/span>. Jene mit den USA bezeichnete er sp\u00e4ter als <a href=\"https:\/\/x.com\/ZelenskyyUa\/status\/1995507343648235773\" rel=\"nofollow\">&#8222;sehr<br \/>\nkonstruktiv&#8220;<\/a>. &#8222;Es gibt einige schwierige Themen, die noch bearbeitet<br \/>\nwerden m\u00fcssen&#8220;, schrieb er auf X. Eine Entscheidung, wie es weitergehe,<br \/>\nwerde erst nach Gespr\u00e4chen mit den &#8222;Freunden in Europa&#8220; getroffen.\n<\/p>\n<h2>Merz beschw\u00f6rt Einigkeit der EU<\/h2>\n<p>Als Priorit\u00e4ten f\u00fcr Friedensgespr\u00e4che nannte Selenskyj die<br \/>\nWahrung der Souver\u00e4nit\u00e4t und starke Sicherheitsgarantien. Russland d\u00fcrfe nicht<br \/>\nf\u00fcr den von ihm begonnenen Krieg belohnt werden, sagt der Pr\u00e4sident. Er hoffe<br \/>\nzudem auf Gespr\u00e4che mit US-Pr\u00e4sident Donald Trump, nachdem dessen<br \/>\nSondergesandter Steve Witkoff Russland besucht habe.\n<\/p>\n<p>Merz nahm gemeinsam mit dem polnischen Ministerpr\u00e4sidenten<br \/>\nDonald Tusk an den Gespr\u00e4chen teil. &#8222;Vor uns liegen jetzt wichtige Tage und<br \/>\nWochen f\u00fcr die Ukraine, in die wir eng abgestimmt miteinander gehen&#8220;, sagte der<br \/>\nBundeskanzler. Zu dem strategischen Ziel geh\u00f6re es, alles in der Macht<br \/>\nStehende zu tun, um der <span><a href=\"https:\/\/www.zeit.de\/politik\/ausland\/ukraine-krieg-news-liveblog\" rel=\"nofollow\">Ukraine<\/a><\/span> gegen\u00fcber dem russischen Aggressor beizustehen.<br \/>\n&#8222;Wir wollen dabei nun den st\u00e4rksten Hebel nutzen, der uns zur Verf\u00fcgung steht,<br \/>\num Moskau endlich an den Verhandlungstisch zu bringen. Zusammen wollen wir in<br \/>\nBr\u00fcssel durchsetzen, dass wir die eingefrorenen russischen Verm\u00f6genswerte<br \/>\nnutzen.&#8220;\u00a0\n<\/p>\n<h2>Kampf gegen Korruption in Ukraine funktioniere<\/h2>\n<p>Es stehe auch die Einigkeit Europas auf dem Spiel, sagte Merz. &#8222;Kein<br \/>\nBlatt darf deshalb zwischen Polen und Deutsche passen. Mit Frankreich und<br \/>\nGro\u00dfbritannien, mit Italien und anderen tragen wir besondere Verantwortung<br \/>\ndaf\u00fcr, dass nichts und niemand einen Keil in Europa treibt.&#8220;\n<\/p>\n<p>Auch Macron sprach sich daf\u00fcr aus, eingefrorene russische<br \/>\nVerm\u00f6genswerte zu nutzen. Der franz\u00f6sische Pr\u00e4sident \u00e4u\u00dferte sich zudem zu Korruptionsvorw\u00fcrfen<br \/>\nin der Ukraine: Es sei nicht die Aufgabe Frankreichs, der Ukraine Lektionen<br \/>\n\u00fcber Korruption zu erteilen. Der Kampf gegen die Korruption in der Ukraine<br \/>\nfunktioniere, sagte er. In Russland habe er solche Schritte gegen Korruption<br \/>\nnicht gesehen, dort herrsche eine Diktatur.\n<\/p>\n<h2>Kallas warnt vor einseitigen Verhandlungen<\/h2>\n<p>Der franz\u00f6sische Au\u00dfenminister Jean-No\u00ebl Barrot hatte im<br \/>\nVorfeld darauf hingewiesen, dass die Gespr\u00e4che f\u00fcr eine Ukrainel\u00f6sung nicht ohne die<br \/>\nEurop\u00e4er gef\u00fchrt werden k\u00f6nnten. Europa habe bei den Verhandlungen \u00fcber den<br \/>\nUS-Plan bereits Zugest\u00e4ndnisse zugunsten Kyjiws erreicht, sagte Barrot im<br \/>\nSender France Culture.\n<\/p>\n<p>Auch die EU-Au\u00dfenbeauftragte Kaja Kallas warnte vor einseitigen<br \/>\n<a href=\"https:\/\/www.zeit.de\/politik\/ausland\/2025-11\/usa-ukraine-krieg-russland-friedensverhandlungen\" rel=\"nofollow\">Verhandlungen<\/a>. &#8222;Ich bef\u00fcrchte, dass der gesamte Druck auf die Opfer<br \/>\nausge\u00fcbt wird&#8220; und &#8222;dass die Ukraine Zugest\u00e4ndnisse machen und<br \/>\nVerpflichtungen eingehen muss&#8220;, sagte Kallas nach einem Treffen der<br \/>\nEU-Verteidigungsminister.\n<\/p>\n<p>Stattdessen m\u00fcsse man Druck auf &#8222;denjenigen aus\u00fcben,<br \/>\nder die Aggression betreibt, n\u00e4mlich Russland&#8220;, sagte Kallas. Eine<br \/>\nKapitulation der Ukraine sei &#8222;der einfachere Weg&#8220;, den Krieg zu<br \/>\nbeenden. Das liege aber &#8222;weder im Interesse der Ukraine, noch im Interesse<br \/>\nder Europ\u00e4ischen Union, noch im Interesse der globalen Sicherheit<br \/>\ninsgesamt&#8220;. Sollte die Aggression Russlands Erfolg haben, werde \u00fcberall<br \/>\nauf der Welt zu sehen sein, &#8222;dass diejenigen, die die Macht haben, nehmen<br \/>\nk\u00f6nnen, was sie wollen&#8220;.\n<\/p>\n<\/p>\n<\/div>\n","protected":false},"excerpt":{"rendered":"<p>Kurz vor dem Treffen zwischen US-Vertretern und Russland haben sich der franz\u00f6sische Pr\u00e4sident Emmanuel Macron und der ukrainische Pr\u00e4sident Wolodymyr Selenskyj gemeinsam mit Verb\u00fcndeten beraten. Macron empfing Selenskyj in Paris. In einer Telefonschalte sei dann mit europ\u00e4ischen Regierungschefs, darunter Bundeskanzler Friedrich Merz (CDU), \u00fcber die von den USA angesto\u00dfenen diplomatischen Bem\u00fchungen zur Beendigung des russischen<\/p>\n","protected":false},"author":1,"featured_media":303125,"comment_status":"open","ping_status":"open","sticky":false,"template":"","format":"standard","meta":{"footnotes":""},"categories":[116],"tags":[],"class_list":["post-303124","post","type-post","status-publish","format-standard","has-post-thumbnail","hentry","category-war-chronicles-de"],"acf":[],"yoast_head":"<!-- This site is optimized with the Yoast SEO plugin v22.9 - https:\/\/yoast.com\/wordpress\/plugins\/seo\/ -->\n<title>EU-Staatschefs fordern Einbezug von Ukraine in Verhandlungen - vof-news.eu<\/title>\n<meta name=\"description\" content=\"Kurz vor dem Treffen zwischen US-Vertretern und Russland haben\" \/>\n<meta name=\"robots\" content=\"noindex, follow, max-snippet:-1, max-image-preview:large, max-video-preview:-1\" \/>\n<meta property=\"og:locale\" content=\"de_DE\" \/>\n<meta property=\"og:type\" content=\"article\" \/>\n<meta property=\"og:title\" content=\"EU-Staatschefs fordern Einbezug von Ukraine in Verhandlungen - vof-news.eu\" \/>\n<meta property=\"og:description\" content=\"Kurz vor dem Treffen zwischen US-Vertretern und Russland haben\" \/>\n<meta property=\"og:url\" content=\"https:\/\/vof-news.eu\/de\/eu-staatschefs-fordern-einbezug-von-ukraine-in-verhandlungen\/\" \/>\n<meta property=\"og:site_name\" content=\"vof-news.eu\" \/>\n<meta property=\"article:published_time\" content=\"2025-12-01T20:28:14+00:00\" \/>\n<meta property=\"article:modified_time\" content=\"2025-12-01T20:29:21+00:00\" \/>\n<meta property=\"og:image\" content=\"https:\/\/vof-news.eu\/wp-content\/uploads\/2025\/12\/wide__1000x562-7.jpg\" \/>\n\t<meta property=\"og:image:width\" content=\"1000\" \/>\n\t<meta property=\"og:image:height\" content=\"562\" \/>\n\t<meta property=\"og:image:type\" content=\"image\/jpeg\" \/>\n<meta name=\"author\" content=\"Author\" \/>\n<meta name=\"twitter:card\" content=\"summary_large_image\" \/>\n<meta name=\"twitter:label1\" content=\"Verfasst von\" \/>\n\t<meta name=\"twitter:data1\" content=\"Author\" \/>\n\t<meta name=\"twitter:label2\" content=\"Gesch\u00e4tzte Lesezeit\" \/>\n\t<meta name=\"twitter:data2\" content=\"3\u00a0Minuten\" \/>\n<script type=\"application\/ld+json\" class=\"yoast-schema-graph\">{\"@context\":\"https:\/\/schema.org\",\"@graph\":[{\"@type\":\"WebPage\",\"@id\":\"https:\/\/vof-news.eu\/de\/eu-staatschefs-fordern-einbezug-von-ukraine-in-verhandlungen\/\",\"url\":\"https:\/\/vof-news.eu\/de\/eu-staatschefs-fordern-einbezug-von-ukraine-in-verhandlungen\/\",\"name\":\"EU-Staatschefs fordern Einbezug von Ukraine in Verhandlungen - vof-news.eu\",\"isPartOf\":{\"@id\":\"https:\/\/vof-news.eu\/de\/#website\"},\"primaryImageOfPage\":{\"@id\":\"https:\/\/vof-news.eu\/de\/eu-staatschefs-fordern-einbezug-von-ukraine-in-verhandlungen\/#primaryimage\"},\"image\":{\"@id\":\"https:\/\/vof-news.eu\/de\/eu-staatschefs-fordern-einbezug-von-ukraine-in-verhandlungen\/#primaryimage\"},\"thumbnailUrl\":\"https:\/\/vof-news.eu\/wp-content\/uploads\/2025\/12\/wide__1000x562-7.jpg\",\"datePublished\":\"2025-12-01T20:28:14+00:00\",\"dateModified\":\"2025-12-01T20:29:21+00:00\",\"author\":{\"@id\":\"https:\/\/vof-news.eu\/de\/#\/schema\/person\/f6a2a4309f0561835797fd8c19b333ed\"},\"description\":\"Kurz vor dem Treffen zwischen US-Vertretern und Russland haben\",\"breadcrumb\":{\"@id\":\"https:\/\/vof-news.eu\/de\/eu-staatschefs-fordern-einbezug-von-ukraine-in-verhandlungen\/#breadcrumb\"},\"inLanguage\":\"de\",\"potentialAction\":[{\"@type\":\"ReadAction\",\"target\":[\"https:\/\/vof-news.eu\/de\/eu-staatschefs-fordern-einbezug-von-ukraine-in-verhandlungen\/\"]}]},{\"@type\":\"ImageObject\",\"inLanguage\":\"de\",\"@id\":\"https:\/\/vof-news.eu\/de\/eu-staatschefs-fordern-einbezug-von-ukraine-in-verhandlungen\/#primaryimage\",\"url\":\"https:\/\/vof-news.eu\/wp-content\/uploads\/2025\/12\/wide__1000x562-7.jpg\",\"contentUrl\":\"https:\/\/vof-news.eu\/wp-content\/uploads\/2025\/12\/wide__1000x562-7.jpg\",\"width\":1000,\"height\":562},{\"@type\":\"BreadcrumbList\",\"@id\":\"https:\/\/vof-news.eu\/de\/eu-staatschefs-fordern-einbezug-von-ukraine-in-verhandlungen\/#breadcrumb\",\"itemListElement\":[{\"@type\":\"ListItem\",\"position\":1,\"name\":\"Home\",\"item\":\"https:\/\/vof-news.eu\/de\/\"},{\"@type\":\"ListItem\",\"position\":2,\"name\":\"EU-Staatschefs fordern Einbezug von Ukraine in Verhandlungen\"}]},{\"@type\":\"WebSite\",\"@id\":\"https:\/\/vof-news.eu\/de\/#website\",\"url\":\"https:\/\/vof-news.eu\/de\/\",\"name\":\"vof-news.eu\",\"description\":\"\",\"potentialAction\":[{\"@type\":\"SearchAction\",\"target\":{\"@type\":\"EntryPoint\",\"urlTemplate\":\"https:\/\/vof-news.eu\/de\/?s={search_term_string}\"},\"query-input\":\"required name=search_term_string\"}],\"inLanguage\":\"de\"},{\"@type\":\"Person\",\"@id\":\"https:\/\/vof-news.eu\/de\/#\/schema\/person\/f6a2a4309f0561835797fd8c19b333ed\",\"name\":\"Author\",\"image\":{\"@type\":\"ImageObject\",\"inLanguage\":\"de\",\"@id\":\"https:\/\/vof-news.eu\/de\/#\/schema\/person\/image\/\",\"url\":\"https:\/\/secure.gravatar.com\/avatar\/b67e614b1b25b3e9c0c239efdd2fde5ab015b5affd6f1c3c85911ca4b384e790?s=96&d=mm&r=g\",\"contentUrl\":\"https:\/\/secure.gravatar.com\/avatar\/b67e614b1b25b3e9c0c239efdd2fde5ab015b5affd6f1c3c85911ca4b384e790?s=96&d=mm&r=g\",\"caption\":\"Author\"},\"sameAs\":[\"http:\/\/vof-news.eu\"],\"url\":\"https:\/\/vof-news.eu\/de\/author\/zwt6qxnjulxbnyg\/\"}]}<\/script>\n<!-- \/ Yoast SEO plugin. -->","yoast_head_json":{"title":"EU-Staatschefs fordern Einbezug von Ukraine in Verhandlungen - vof-news.eu","description":"Kurz vor dem Treffen zwischen US-Vertretern und Russland haben","robots":{"index":"noindex","follow":"follow","max-snippet":"max-snippet:-1","max-image-preview":"max-image-preview:large","max-video-preview":"max-video-preview:-1"},"og_locale":"de_DE","og_type":"article","og_title":"EU-Staatschefs fordern Einbezug von Ukraine in Verhandlungen - vof-news.eu","og_description":"Kurz vor dem Treffen zwischen US-Vertretern und Russland haben","og_url":"https:\/\/vof-news.eu\/de\/eu-staatschefs-fordern-einbezug-von-ukraine-in-verhandlungen\/","og_site_name":"vof-news.eu","article_published_time":"2025-12-01T20:28:14+00:00","article_modified_time":"2025-12-01T20:29:21+00:00","og_image":[{"width":1000,"height":562,"url":"https:\/\/vof-news.eu\/wp-content\/uploads\/2025\/12\/wide__1000x562-7.jpg","type":"image\/jpeg"}],"author":"Author","twitter_card":"summary_large_image","twitter_misc":{"Verfasst von":"Author","Gesch\u00e4tzte Lesezeit":"3\u00a0Minuten"},"schema":{"@context":"https:\/\/schema.org","@graph":[{"@type":"WebPage","@id":"https:\/\/vof-news.eu\/de\/eu-staatschefs-fordern-einbezug-von-ukraine-in-verhandlungen\/","url":"https:\/\/vof-news.eu\/de\/eu-staatschefs-fordern-einbezug-von-ukraine-in-verhandlungen\/","name":"EU-Staatschefs fordern Einbezug von Ukraine in Verhandlungen - vof-news.eu","isPartOf":{"@id":"https:\/\/vof-news.eu\/de\/#website"},"primaryImageOfPage":{"@id":"https:\/\/vof-news.eu\/de\/eu-staatschefs-fordern-einbezug-von-ukraine-in-verhandlungen\/#primaryimage"},"image":{"@id":"https:\/\/vof-news.eu\/de\/eu-staatschefs-fordern-einbezug-von-ukraine-in-verhandlungen\/#primaryimage"},"thumbnailUrl":"https:\/\/vof-news.eu\/wp-content\/uploads\/2025\/12\/wide__1000x562-7.jpg","datePublished":"2025-12-01T20:28:14+00:00","dateModified":"2025-12-01T20:29:21+00:00","author":{"@id":"https:\/\/vof-news.eu\/de\/#\/schema\/person\/f6a2a4309f0561835797fd8c19b333ed"},"description":"Kurz vor dem Treffen zwischen US-Vertretern und Russland haben","breadcrumb":{"@id":"https:\/\/vof-news.eu\/de\/eu-staatschefs-fordern-einbezug-von-ukraine-in-verhandlungen\/#breadcrumb"},"inLanguage":"de","potentialAction":[{"@type":"ReadAction","target":["https:\/\/vof-news.eu\/de\/eu-staatschefs-fordern-einbezug-von-ukraine-in-verhandlungen\/"]}]},{"@type":"ImageObject","inLanguage":"de","@id":"https:\/\/vof-news.eu\/de\/eu-staatschefs-fordern-einbezug-von-ukraine-in-verhandlungen\/#primaryimage","url":"https:\/\/vof-news.eu\/wp-content\/uploads\/2025\/12\/wide__1000x562-7.jpg","contentUrl":"https:\/\/vof-news.eu\/wp-content\/uploads\/2025\/12\/wide__1000x562-7.jpg","width":1000,"height":562},{"@type":"BreadcrumbList","@id":"https:\/\/vof-news.eu\/de\/eu-staatschefs-fordern-einbezug-von-ukraine-in-verhandlungen\/#breadcrumb","itemListElement":[{"@type":"ListItem","position":1,"name":"Home","item":"https:\/\/vof-news.eu\/de\/"},{"@type":"ListItem","position":2,"name":"EU-Staatschefs fordern Einbezug von Ukraine in Verhandlungen"}]},{"@type":"WebSite","@id":"https:\/\/vof-news.eu\/de\/#website","url":"https:\/\/vof-news.eu\/de\/","name":"vof-news.eu","description":"","potentialAction":[{"@type":"SearchAction","target":{"@type":"EntryPoint","urlTemplate":"https:\/\/vof-news.eu\/de\/?s={search_term_string}"},"query-input":"required name=search_term_string"}],"inLanguage":"de"},{"@type":"Person","@id":"https:\/\/vof-news.eu\/de\/#\/schema\/person\/f6a2a4309f0561835797fd8c19b333ed","name":"Author","image":{"@type":"ImageObject","inLanguage":"de","@id":"https:\/\/vof-news.eu\/de\/#\/schema\/person\/image\/","url":"https:\/\/secure.gravatar.com\/avatar\/b67e614b1b25b3e9c0c239efdd2fde5ab015b5affd6f1c3c85911ca4b384e790?s=96&d=mm&r=g","contentUrl":"https:\/\/secure.gravatar.com\/avatar\/b67e614b1b25b3e9c0c239efdd2fde5ab015b5affd6f1c3c85911ca4b384e790?s=96&d=mm&r=g","caption":"Author"},"sameAs":["http:\/\/vof-news.eu"],"url":"https:\/\/vof-news.eu\/de\/author\/zwt6qxnjulxbnyg\/"}]}},"yoast_meta":{"yoast_wpseo_title":"","yoast_wpseo_metadesc":"","yoast_wpseo_canonical":""},"_links":{"self":[{"href":"https:\/\/vof-news.eu\/de\/wp-json\/wp\/v2\/posts\/303124","targetHints":{"allow":["GET"]}}],"collection":[{"href":"https:\/\/vof-news.eu\/de\/wp-json\/wp\/v2\/posts"}],"about":[{"href":"https:\/\/vof-news.eu\/de\/wp-json\/wp\/v2\/types\/post"}],"author":[{"embeddable":true,"href":"https:\/\/vof-news.eu\/de\/wp-json\/wp\/v2\/users\/1"}],"replies":[{"embeddable":true,"href":"https:\/\/vof-news.eu\/de\/wp-json\/wp\/v2\/comments?post=303124"}],"version-history":[{"count":1,"href":"https:\/\/vof-news.eu\/de\/wp-json\/wp\/v2\/posts\/303124\/revisions"}],"predecessor-version":[{"id":303131,"href":"https:\/\/vof-news.eu\/de\/wp-json\/wp\/v2\/posts\/303124\/revisions\/303131"}],"wp:featuredmedia":[{"embeddable":true,"href":"https:\/\/vof-news.eu\/de\/wp-json\/wp\/v2\/media\/303125"}],"wp:attachment":[{"href":"https:\/\/vof-news.eu\/de\/wp-json\/wp\/v2\/media?parent=303124"}],"wp:term":[{"taxonomy":"category","embeddable":true,"href":"https:\/\/vof-news.eu\/de\/wp-json\/wp\/v2\/categories?post=303124"},{"taxonomy":"post_tag","embeddable":true,"href":"https:\/\/vof-news.eu\/de\/wp-json\/wp\/v2\/tags?post=303124"}],"curies":[{"name":"wp","href":"https:\/\/api.w.org\/{rel}","templated":true}]}}