{"id":303018,"date":"2025-12-01T19:28:10","date_gmt":"2025-12-01T16:28:10","guid":{"rendered":"https:\/\/vof-news.eu\/macron-und-selenskyj-telefonieren-mit-witkoff-und-eu-staatschefs\/"},"modified":"2025-12-01T19:29:12","modified_gmt":"2025-12-01T16:29:12","slug":"macron-und-selenskyj-telefonieren-mit-witkoff-und-eu-staatschefs","status":"publish","type":"post","link":"https:\/\/vof-news.eu\/de\/macron-und-selenskyj-telefonieren-mit-witkoff-und-eu-staatschefs\/","title":{"rendered":"Macron und Selenskyj telefonieren mit Witkoff und EU-Staatschefs"},"content":{"rendered":"<div>\n<p>Kurz vor dem Treffen zwischen US-Vertretern und Russland haben<br \/>\nsich der franz\u00f6sische Pr\u00e4sident <span><a href=\"https:\/\/www.zeit.de\/thema\/emmanuel-macron\" rel=\"nofollow\">Emmanuel Macron<\/a><\/span> und der ukrainische Pr\u00e4sident<br \/>\n<a href=\"https:\/\/www.zeit.de\/thema\/wolodymyr-selenskyj\" rel=\"nofollow\">Wolodymyr Selenskyj<\/a> gemeinsam mit Verb\u00fcndeten beraten. <a href=\"https:\/\/www.zeit.de\/thema\/emmanuel-macron\" rel=\"nofollow\">Macron<\/a> empfing Selenskyj<br \/>\nin Paris. In einer Telefonschalte sei dann mit europ\u00e4ischen Regierungschefs,<br \/>\ndarunter Bundeskanzler Friedrich Merz (CDU), \u00fcber die von den USA angesto\u00dfenen<br \/>\ndiplomatischen Bem\u00fchungen zur Beendigung des russischen Angriffskriegs beraten worden, teilte das franz\u00f6sische Pr\u00e4sidialamt mit.\n<\/p>\n<p>Auch der US-Sondergesandte Steve Witkoff, der am Dienstag in<br \/>\nMoskau von <span><a href=\"https:\/\/www.zeit.de\/thema\/russland\" rel=\"nofollow\">Russlands<\/a><\/span> Staatschef <a href=\"https:\/\/www.zeit.de\/thema\/wladimir-putin\" rel=\"nofollow\">Wladimir Putin<\/a> empfangen wird, sowie der Chef<br \/>\ndes ukrainischen Verhandlungsteams, Rustem Umjerow, nahmen an den Gespr\u00e4chen<br \/>\nteil. Ebenfalls dabei waren unter anderem EU-Kommissionspr\u00e4sidentin Ursula von<br \/>\nder Leyen, Nato-Generalsekret\u00e4r Mark Rutte und der britische Premierminister<br \/>\nKeir Starmer.\n<\/p>\n<p>&#8222;Der Frieden muss wirklich dauerhaft sein. Der Krieg muss so<br \/>\nschnell wie m\u00f6glich beendet werden. Vieles h\u00e4ngt nun vom Engagement aller<br \/>\nStaats- und Regierungschefs ab&#8220;, s<a href=\"https:\/\/x.com\/ZelenskyyUa\/status\/1995490193638305844\" rel=\"nofollow\">chrieb Selenskyj auf X<\/a> nach Gespr\u00e4chen mit<br \/>\nMacron. Jene mit den <span><a href=\"https:\/\/www.zeit.de\/thema\/usa\" rel=\"nofollow\">USA<\/a><\/span> bezeichnete er sp\u00e4ter als <a href=\"https:\/\/x.com\/ZelenskyyUa\/status\/1995507343648235773\" rel=\"nofollow\">&#8222;sehr<br \/>\nkonstruktiv&#8220;<\/a>. &#8222;Es gibt einige schwierige Themen, die noch bearbeitet<br \/>\nwerden m\u00fcssen&#8220;, schrieb er auf X. Eine Entscheidung, wie es weitergehe,<br \/>\nwerde erst nach Gespr\u00e4chen mit den &#8222;Freunden in Europa&#8220; getroffen.\n<\/p>\n<h2>Kallas warnt vor einseitigen Verhandlungen<\/h2>\n<p>Der franz\u00f6sische Au\u00dfenminister Jean-No\u00ebl Barrot hatte im<br \/>\nVorfeld darauf hingewiesen, dass die Gespr\u00e4che f\u00fcr eine Ukrainel\u00f6sung nicht ohne die<br \/>\nEurop\u00e4er gef\u00fchrt werden k\u00f6nnten. Europa habe bei den Verhandlungen \u00fcber den<br \/>\nUS-Plan bereits Zugest\u00e4ndnisse zugunsten Kyjiws erreicht, sagte Barrot im<br \/>\nSender France Culture.\n<\/p>\n<p>Auch EU-Au\u00dfenbeauftragte Kaja Kallas warnte vor einseitigen<br \/>\n<a href=\"https:\/\/www.zeit.de\/politik\/ausland\/2025-11\/usa-ukraine-krieg-russland-friedensverhandlungen\" rel=\"nofollow\">Verhandlungen<\/a>. &#8222;Ich bef\u00fcrchte, dass der gesamte Druck auf die Opfer<br \/>\nausge\u00fcbt wird&#8220; und &#8222;dass die Ukraine Zugest\u00e4ndnisse machen und<br \/>\nVerpflichtungen eingehen muss&#8220;, sagte Kallas nach einem Treffen der<br \/>\nEU-Verteidigungsminister.\n<\/p>\n<p>Stattdessen m\u00fcsse man Druck auf &#8222;denjenigen aus\u00fcben,<br \/>\nder die Aggression betreibt, n\u00e4mlich Russland&#8220;, sagte Kallas. Eine<br \/>\nKapitulation der <span><a href=\"https:\/\/www.zeit.de\/politik\/ausland\/ukraine-krieg-news-liveblog\" rel=\"nofollow\">Ukraine<\/a><\/span> sei &#8222;der einfachere Weg&#8220;, den Krieg zu<br \/>\nbeenden. Das liege aber &#8222;weder im Interesse der Ukraine, noch im Interesse<br \/>\nder Europ\u00e4ischen Union, noch im Interesse der globalen Sicherheit<br \/>\ninsgesamt&#8220;. Sollte die Aggression Russlands Erfolg haben, werde \u00fcberall<br \/>\nauf der Welt zu sehen sein, &#8222;dass diejenigen, die die Macht haben, nehmen<br \/>\nk\u00f6nnen, was sie wollen&#8220;.\n<\/p>\n<\/p>\n<\/div>\n","protected":false},"excerpt":{"rendered":"<p>Kurz vor dem Treffen zwischen US-Vertretern und Russland haben sich der franz\u00f6sische Pr\u00e4sident Emmanuel Macron und der ukrainische Pr\u00e4sident Wolodymyr Selenskyj gemeinsam mit Verb\u00fcndeten beraten. Macron empfing Selenskyj in Paris. In einer Telefonschalte sei dann mit europ\u00e4ischen Regierungschefs, darunter Bundeskanzler Friedrich Merz (CDU), \u00fcber die von den USA angesto\u00dfenen diplomatischen Bem\u00fchungen zur Beendigung des russischen<\/p>\n","protected":false},"author":1,"featured_media":303019,"comment_status":"open","ping_status":"open","sticky":false,"template":"","format":"standard","meta":{"footnotes":""},"categories":[116],"tags":[],"class_list":["post-303018","post","type-post","status-publish","format-standard","has-post-thumbnail","hentry","category-war-chronicles-de"],"acf":[],"yoast_head":"<!-- This site is optimized with the Yoast SEO plugin v22.9 - https:\/\/yoast.com\/wordpress\/plugins\/seo\/ -->\n<title>Macron und Selenskyj telefonieren mit Witkoff und EU-Staatschefs - vof-news.eu<\/title>\n<meta name=\"description\" content=\"Kurz vor dem Treffen zwischen US-Vertretern und Russland haben\" \/>\n<meta name=\"robots\" content=\"noindex, follow, max-snippet:-1, max-image-preview:large, max-video-preview:-1\" \/>\n<meta property=\"og:locale\" content=\"de_DE\" \/>\n<meta property=\"og:type\" content=\"article\" \/>\n<meta property=\"og:title\" content=\"Macron und Selenskyj telefonieren mit Witkoff und EU-Staatschefs - vof-news.eu\" \/>\n<meta property=\"og:description\" content=\"Kurz vor dem Treffen zwischen US-Vertretern und Russland haben\" \/>\n<meta property=\"og:url\" content=\"https:\/\/vof-news.eu\/de\/macron-und-selenskyj-telefonieren-mit-witkoff-und-eu-staatschefs\/\" \/>\n<meta property=\"og:site_name\" content=\"vof-news.eu\" \/>\n<meta property=\"article:published_time\" content=\"2025-12-01T16:28:10+00:00\" \/>\n<meta property=\"article:modified_time\" content=\"2025-12-01T16:29:12+00:00\" \/>\n<meta property=\"og:image\" content=\"https:\/\/vof-news.eu\/wp-content\/uploads\/2025\/12\/wide__1000x562-4.jpg\" \/>\n\t<meta property=\"og:image:width\" content=\"1000\" \/>\n\t<meta property=\"og:image:height\" content=\"562\" \/>\n\t<meta property=\"og:image:type\" content=\"image\/jpeg\" \/>\n<meta name=\"author\" content=\"Author\" \/>\n<meta name=\"twitter:card\" content=\"summary_large_image\" \/>\n<meta name=\"twitter:label1\" content=\"Verfasst von\" \/>\n\t<meta name=\"twitter:data1\" content=\"Author\" \/>\n\t<meta name=\"twitter:label2\" content=\"Gesch\u00e4tzte Lesezeit\" \/>\n\t<meta name=\"twitter:data2\" content=\"2\u00a0Minuten\" \/>\n<script type=\"application\/ld+json\" class=\"yoast-schema-graph\">{\"@context\":\"https:\/\/schema.org\",\"@graph\":[{\"@type\":\"WebPage\",\"@id\":\"https:\/\/vof-news.eu\/de\/macron-und-selenskyj-telefonieren-mit-witkoff-und-eu-staatschefs\/\",\"url\":\"https:\/\/vof-news.eu\/de\/macron-und-selenskyj-telefonieren-mit-witkoff-und-eu-staatschefs\/\",\"name\":\"Macron und Selenskyj telefonieren mit Witkoff und EU-Staatschefs - vof-news.eu\",\"isPartOf\":{\"@id\":\"https:\/\/vof-news.eu\/de\/#website\"},\"primaryImageOfPage\":{\"@id\":\"https:\/\/vof-news.eu\/de\/macron-und-selenskyj-telefonieren-mit-witkoff-und-eu-staatschefs\/#primaryimage\"},\"image\":{\"@id\":\"https:\/\/vof-news.eu\/de\/macron-und-selenskyj-telefonieren-mit-witkoff-und-eu-staatschefs\/#primaryimage\"},\"thumbnailUrl\":\"https:\/\/vof-news.eu\/wp-content\/uploads\/2025\/12\/wide__1000x562-4.jpg\",\"datePublished\":\"2025-12-01T16:28:10+00:00\",\"dateModified\":\"2025-12-01T16:29:12+00:00\",\"author\":{\"@id\":\"https:\/\/vof-news.eu\/de\/#\/schema\/person\/f6a2a4309f0561835797fd8c19b333ed\"},\"description\":\"Kurz vor dem Treffen zwischen US-Vertretern und Russland haben\",\"breadcrumb\":{\"@id\":\"https:\/\/vof-news.eu\/de\/macron-und-selenskyj-telefonieren-mit-witkoff-und-eu-staatschefs\/#breadcrumb\"},\"inLanguage\":\"de\",\"potentialAction\":[{\"@type\":\"ReadAction\",\"target\":[\"https:\/\/vof-news.eu\/de\/macron-und-selenskyj-telefonieren-mit-witkoff-und-eu-staatschefs\/\"]}]},{\"@type\":\"ImageObject\",\"inLanguage\":\"de\",\"@id\":\"https:\/\/vof-news.eu\/de\/macron-und-selenskyj-telefonieren-mit-witkoff-und-eu-staatschefs\/#primaryimage\",\"url\":\"https:\/\/vof-news.eu\/wp-content\/uploads\/2025\/12\/wide__1000x562-4.jpg\",\"contentUrl\":\"https:\/\/vof-news.eu\/wp-content\/uploads\/2025\/12\/wide__1000x562-4.jpg\",\"width\":1000,\"height\":562},{\"@type\":\"BreadcrumbList\",\"@id\":\"https:\/\/vof-news.eu\/de\/macron-und-selenskyj-telefonieren-mit-witkoff-und-eu-staatschefs\/#breadcrumb\",\"itemListElement\":[{\"@type\":\"ListItem\",\"position\":1,\"name\":\"Home\",\"item\":\"https:\/\/vof-news.eu\/de\/\"},{\"@type\":\"ListItem\",\"position\":2,\"name\":\"Macron und Selenskyj telefonieren mit Witkoff und EU-Staatschefs\"}]},{\"@type\":\"WebSite\",\"@id\":\"https:\/\/vof-news.eu\/de\/#website\",\"url\":\"https:\/\/vof-news.eu\/de\/\",\"name\":\"vof-news.eu\",\"description\":\"\",\"potentialAction\":[{\"@type\":\"SearchAction\",\"target\":{\"@type\":\"EntryPoint\",\"urlTemplate\":\"https:\/\/vof-news.eu\/de\/?s={search_term_string}\"},\"query-input\":\"required name=search_term_string\"}],\"inLanguage\":\"de\"},{\"@type\":\"Person\",\"@id\":\"https:\/\/vof-news.eu\/de\/#\/schema\/person\/f6a2a4309f0561835797fd8c19b333ed\",\"name\":\"Author\",\"image\":{\"@type\":\"ImageObject\",\"inLanguage\":\"de\",\"@id\":\"https:\/\/vof-news.eu\/de\/#\/schema\/person\/image\/\",\"url\":\"https:\/\/secure.gravatar.com\/avatar\/b67e614b1b25b3e9c0c239efdd2fde5ab015b5affd6f1c3c85911ca4b384e790?s=96&d=mm&r=g\",\"contentUrl\":\"https:\/\/secure.gravatar.com\/avatar\/b67e614b1b25b3e9c0c239efdd2fde5ab015b5affd6f1c3c85911ca4b384e790?s=96&d=mm&r=g\",\"caption\":\"Author\"},\"sameAs\":[\"http:\/\/vof-news.eu\"],\"url\":\"https:\/\/vof-news.eu\/de\/author\/zwt6qxnjulxbnyg\/\"}]}<\/script>\n<!-- \/ Yoast SEO plugin. -->","yoast_head_json":{"title":"Macron und Selenskyj telefonieren mit Witkoff und EU-Staatschefs - vof-news.eu","description":"Kurz vor dem Treffen zwischen US-Vertretern und Russland haben","robots":{"index":"noindex","follow":"follow","max-snippet":"max-snippet:-1","max-image-preview":"max-image-preview:large","max-video-preview":"max-video-preview:-1"},"og_locale":"de_DE","og_type":"article","og_title":"Macron und Selenskyj telefonieren mit Witkoff und EU-Staatschefs - vof-news.eu","og_description":"Kurz vor dem Treffen zwischen US-Vertretern und Russland haben","og_url":"https:\/\/vof-news.eu\/de\/macron-und-selenskyj-telefonieren-mit-witkoff-und-eu-staatschefs\/","og_site_name":"vof-news.eu","article_published_time":"2025-12-01T16:28:10+00:00","article_modified_time":"2025-12-01T16:29:12+00:00","og_image":[{"width":1000,"height":562,"url":"https:\/\/vof-news.eu\/wp-content\/uploads\/2025\/12\/wide__1000x562-4.jpg","type":"image\/jpeg"}],"author":"Author","twitter_card":"summary_large_image","twitter_misc":{"Verfasst von":"Author","Gesch\u00e4tzte Lesezeit":"2\u00a0Minuten"},"schema":{"@context":"https:\/\/schema.org","@graph":[{"@type":"WebPage","@id":"https:\/\/vof-news.eu\/de\/macron-und-selenskyj-telefonieren-mit-witkoff-und-eu-staatschefs\/","url":"https:\/\/vof-news.eu\/de\/macron-und-selenskyj-telefonieren-mit-witkoff-und-eu-staatschefs\/","name":"Macron und Selenskyj telefonieren mit Witkoff und EU-Staatschefs - vof-news.eu","isPartOf":{"@id":"https:\/\/vof-news.eu\/de\/#website"},"primaryImageOfPage":{"@id":"https:\/\/vof-news.eu\/de\/macron-und-selenskyj-telefonieren-mit-witkoff-und-eu-staatschefs\/#primaryimage"},"image":{"@id":"https:\/\/vof-news.eu\/de\/macron-und-selenskyj-telefonieren-mit-witkoff-und-eu-staatschefs\/#primaryimage"},"thumbnailUrl":"https:\/\/vof-news.eu\/wp-content\/uploads\/2025\/12\/wide__1000x562-4.jpg","datePublished":"2025-12-01T16:28:10+00:00","dateModified":"2025-12-01T16:29:12+00:00","author":{"@id":"https:\/\/vof-news.eu\/de\/#\/schema\/person\/f6a2a4309f0561835797fd8c19b333ed"},"description":"Kurz vor dem Treffen zwischen US-Vertretern und Russland haben","breadcrumb":{"@id":"https:\/\/vof-news.eu\/de\/macron-und-selenskyj-telefonieren-mit-witkoff-und-eu-staatschefs\/#breadcrumb"},"inLanguage":"de","potentialAction":[{"@type":"ReadAction","target":["https:\/\/vof-news.eu\/de\/macron-und-selenskyj-telefonieren-mit-witkoff-und-eu-staatschefs\/"]}]},{"@type":"ImageObject","inLanguage":"de","@id":"https:\/\/vof-news.eu\/de\/macron-und-selenskyj-telefonieren-mit-witkoff-und-eu-staatschefs\/#primaryimage","url":"https:\/\/vof-news.eu\/wp-content\/uploads\/2025\/12\/wide__1000x562-4.jpg","contentUrl":"https:\/\/vof-news.eu\/wp-content\/uploads\/2025\/12\/wide__1000x562-4.jpg","width":1000,"height":562},{"@type":"BreadcrumbList","@id":"https:\/\/vof-news.eu\/de\/macron-und-selenskyj-telefonieren-mit-witkoff-und-eu-staatschefs\/#breadcrumb","itemListElement":[{"@type":"ListItem","position":1,"name":"Home","item":"https:\/\/vof-news.eu\/de\/"},{"@type":"ListItem","position":2,"name":"Macron und Selenskyj telefonieren mit Witkoff und EU-Staatschefs"}]},{"@type":"WebSite","@id":"https:\/\/vof-news.eu\/de\/#website","url":"https:\/\/vof-news.eu\/de\/","name":"vof-news.eu","description":"","potentialAction":[{"@type":"SearchAction","target":{"@type":"EntryPoint","urlTemplate":"https:\/\/vof-news.eu\/de\/?s={search_term_string}"},"query-input":"required name=search_term_string"}],"inLanguage":"de"},{"@type":"Person","@id":"https:\/\/vof-news.eu\/de\/#\/schema\/person\/f6a2a4309f0561835797fd8c19b333ed","name":"Author","image":{"@type":"ImageObject","inLanguage":"de","@id":"https:\/\/vof-news.eu\/de\/#\/schema\/person\/image\/","url":"https:\/\/secure.gravatar.com\/avatar\/b67e614b1b25b3e9c0c239efdd2fde5ab015b5affd6f1c3c85911ca4b384e790?s=96&d=mm&r=g","contentUrl":"https:\/\/secure.gravatar.com\/avatar\/b67e614b1b25b3e9c0c239efdd2fde5ab015b5affd6f1c3c85911ca4b384e790?s=96&d=mm&r=g","caption":"Author"},"sameAs":["http:\/\/vof-news.eu"],"url":"https:\/\/vof-news.eu\/de\/author\/zwt6qxnjulxbnyg\/"}]}},"yoast_meta":{"yoast_wpseo_title":"","yoast_wpseo_metadesc":"","yoast_wpseo_canonical":""},"_links":{"self":[{"href":"https:\/\/vof-news.eu\/de\/wp-json\/wp\/v2\/posts\/303018","targetHints":{"allow":["GET"]}}],"collection":[{"href":"https:\/\/vof-news.eu\/de\/wp-json\/wp\/v2\/posts"}],"about":[{"href":"https:\/\/vof-news.eu\/de\/wp-json\/wp\/v2\/types\/post"}],"author":[{"embeddable":true,"href":"https:\/\/vof-news.eu\/de\/wp-json\/wp\/v2\/users\/1"}],"replies":[{"embeddable":true,"href":"https:\/\/vof-news.eu\/de\/wp-json\/wp\/v2\/comments?post=303018"}],"version-history":[{"count":1,"href":"https:\/\/vof-news.eu\/de\/wp-json\/wp\/v2\/posts\/303018\/revisions"}],"predecessor-version":[{"id":303025,"href":"https:\/\/vof-news.eu\/de\/wp-json\/wp\/v2\/posts\/303018\/revisions\/303025"}],"wp:featuredmedia":[{"embeddable":true,"href":"https:\/\/vof-news.eu\/de\/wp-json\/wp\/v2\/media\/303019"}],"wp:attachment":[{"href":"https:\/\/vof-news.eu\/de\/wp-json\/wp\/v2\/media?parent=303018"}],"wp:term":[{"taxonomy":"category","embeddable":true,"href":"https:\/\/vof-news.eu\/de\/wp-json\/wp\/v2\/categories?post=303018"},{"taxonomy":"post_tag","embeddable":true,"href":"https:\/\/vof-news.eu\/de\/wp-json\/wp\/v2\/tags?post=303018"}],"curies":[{"name":"wp","href":"https:\/\/api.w.org\/{rel}","templated":true}]}}