{"id":302853,"date":"2025-12-01T13:29:28","date_gmt":"2025-12-01T10:29:28","guid":{"rendered":"https:\/\/vof-news.eu\/zahl-der-opfer-von-landminen-gestiegen\/"},"modified":"2025-12-01T13:31:27","modified_gmt":"2025-12-01T10:31:27","slug":"zahl-der-opfer-von-landminen-gestiegen","status":"publish","type":"post","link":"https:\/\/vof-news.eu\/de\/zahl-der-opfer-von-landminen-gestiegen\/","title":{"rendered":"Zahl der Opfer von Landminen gestiegen"},"content":{"rendered":"<div>\n<p>Im vergangenen Jahr sind weltweit mindestens 6.279 Menschen durch <span><a href=\"https:\/\/www.zeit.de\/thema\/landmine\" rel=\"nofollow\">Landminen<\/a><\/span> oder Munitionsreste get\u00f6tet worden.\u00a0Die Opferzahl war so hoch wie seit 2020 nicht mehr, wie aus dem Jahresbericht der Internationalen Kampagne f\u00fcr das Verbot von Landminen (ICL-CMC) hervorgeht.\n<\/p>\n<p>Demnach wurden mindestens 1.945 Menschen durch<br \/>\nLandminen oder Munitionsreste in Kriegsgebieten get\u00f6tet. Zudem wurden 4.325 Verletzte erfasst. 90 Prozent der Opfer seien Zivilisten, von diesen<br \/>\nwiederum seien fast die H\u00e4lfte Kinder. Die meisten Landminen-Opfer \u2013<br \/>\ninsgesamt knapp die H\u00e4lfte \u2013 wurden 2024 in <a href=\"https:\/\/www.zeit.de\/thema\/syrien\" rel=\"nofollow\">Syrien<\/a> und <a href=\"https:\/\/www.zeit.de\/thema\/myanmar\" rel=\"nofollow\">Myanmar<\/a> gemeldet.<br \/>\n Diese beiden L\u00e4nder haben das Landminenverbot nicht unterzeichnet.\n<\/p>\n<p>In Genf tagen diese\u00a0Woche die Vertragsstaaten der Ottawa-Konvention gegen Antipersonenminen. Nach mehreren Austritten aus diesem Abkommen \u2013 etwa <a href=\"https:\/\/www.zeit.de\/politik\/ausland\/2025-06\/finnland-baltische-staaten-minen-ottawa-konvention\" rel=\"nofollow\">von Polen, Estland, Lettland, Litauen und Finnland<\/a> \u2013 ist die ICL-CMC alarmiert.\u00a0Direktorin Tamar Gabelnick forderte andere Staaten auf, weitere Austritte zu verhindern und sicherzustellen, dass keine Landminen<br \/>\n mehr hergestellt, angeschafft und verwendet werden. &#8222;Ein R\u00fcckzug ist<br \/>\nkeine Option. Wir haben bereits zu viel erreicht, und die menschlichen<br \/>\nKosten sind einfach zu hoch&#8220;, sagte sie.\n<\/p>\n<h2>Ausgetretene argumentieren mit russischer Aggression<\/h2>\n<p>Die Austrittswelle h\u00e4ngt mit dem russischen Angriffskrieg auf die <span><a href=\"https:\/\/www.zeit.de\/politik\/ausland\/ukraine-krieg-news-liveblog\" rel=\"nofollow\">Ukraine<\/a><\/span> zusammen.\u00a0Polen, Estland, Lettland, Litauen und Finnland grenzen an Russland und haben den Schritt mit einer Bedrohungslage durch den Nachbarn begr\u00fcndet. Auch die Ukraine hat ihren R\u00fcckzug aus der Ottawa-Konvention erkl\u00e4rt,<br \/>\ndoch kriegsf\u00fchrenden L\u00e4ndern ist dies laut dem Abkommen nicht erlaubt.\u00a0Landminen werden gelegt, um das Vorr\u00fccken feindlicher Kr\u00e4fte zu stoppen.\n<\/p>\n<p>Insgesamt sind bislang 166 L\u00e4nder dem Landminen-Verbot<br \/>\n beigetreten, darunter Deutschland. Nicht Teil des Abkommens sind rund 30 L\u00e4nder,<br \/>\ndarunter die USA, <span><a href=\"https:\/\/www.zeit.de\/thema\/russland\" rel=\"nofollow\">Russland<\/a><\/span>, China, Indien, Pakistan und Israel.\n<\/p>\n<p>\n<\/p>\n<\/div>\n","protected":false},"excerpt":{"rendered":"<p>Im vergangenen Jahr sind weltweit mindestens 6.279 Menschen durch Landminen oder Munitionsreste get\u00f6tet worden.\u00a0Die Opferzahl war so hoch wie seit 2020 nicht mehr, wie aus dem Jahresbericht der Internationalen Kampagne f\u00fcr das Verbot von Landminen (ICL-CMC) hervorgeht. Demnach wurden mindestens 1.945 Menschen durch Landminen oder Munitionsreste in Kriegsgebieten get\u00f6tet. Zudem wurden 4.325 Verletzte erfasst. 90<\/p>\n","protected":false},"author":1,"featured_media":302854,"comment_status":"open","ping_status":"open","sticky":false,"template":"","format":"standard","meta":{"footnotes":""},"categories":[116],"tags":[],"class_list":["post-302853","post","type-post","status-publish","format-standard","has-post-thumbnail","hentry","category-war-chronicles-de"],"acf":[],"yoast_head":"<!-- This site is optimized with the Yoast SEO plugin v22.9 - https:\/\/yoast.com\/wordpress\/plugins\/seo\/ -->\n<title>Zahl der Opfer von Landminen gestiegen - vof-news.eu<\/title>\n<meta name=\"description\" content=\"Im vergangenen Jahr sind weltweit mindestens 6.279 Menschen durch Landminen oder Munitionsreste get\u00f6tet worden.\u00a0Die Opferzahl war so hoch wie seit 2020 nicht mehr, wie aus dem Jahresbericht der Internationalen Kampagne f\u00fcr das Verbot von Landminen (ICL-CMC) hervorgeht.\" \/>\n<meta name=\"robots\" content=\"noindex, follow, max-snippet:-1, max-image-preview:large, max-video-preview:-1\" \/>\n<meta property=\"og:locale\" content=\"de_DE\" \/>\n<meta property=\"og:type\" content=\"article\" \/>\n<meta property=\"og:title\" content=\"Zahl der Opfer von Landminen gestiegen - vof-news.eu\" \/>\n<meta property=\"og:description\" content=\"Im vergangenen Jahr sind weltweit mindestens 6.279 Menschen durch Landminen oder Munitionsreste get\u00f6tet worden.\u00a0Die Opferzahl war so hoch wie seit 2020 nicht mehr, wie aus dem Jahresbericht der Internationalen Kampagne f\u00fcr das Verbot von Landminen (ICL-CMC) hervorgeht.\" \/>\n<meta property=\"og:url\" content=\"https:\/\/vof-news.eu\/de\/zahl-der-opfer-von-landminen-gestiegen\/\" \/>\n<meta property=\"og:site_name\" content=\"vof-news.eu\" \/>\n<meta property=\"article:published_time\" content=\"2025-12-01T10:29:28+00:00\" \/>\n<meta property=\"article:modified_time\" content=\"2025-12-01T10:31:27+00:00\" \/>\n<meta property=\"og:image\" content=\"https:\/\/vof-news.eu\/wp-content\/uploads\/2025\/12\/wide__1000x562-2.jpg\" \/>\n\t<meta property=\"og:image:width\" content=\"1000\" \/>\n\t<meta property=\"og:image:height\" content=\"562\" \/>\n\t<meta property=\"og:image:type\" content=\"image\/jpeg\" \/>\n<meta name=\"author\" content=\"Author\" \/>\n<meta name=\"twitter:card\" content=\"summary_large_image\" \/>\n<meta name=\"twitter:label1\" content=\"Verfasst von\" \/>\n\t<meta name=\"twitter:data1\" content=\"Author\" \/>\n\t<meta name=\"twitter:label2\" content=\"Gesch\u00e4tzte Lesezeit\" \/>\n\t<meta name=\"twitter:data2\" content=\"1\u00a0Minute\" \/>\n<script type=\"application\/ld+json\" class=\"yoast-schema-graph\">{\"@context\":\"https:\/\/schema.org\",\"@graph\":[{\"@type\":\"WebPage\",\"@id\":\"https:\/\/vof-news.eu\/de\/zahl-der-opfer-von-landminen-gestiegen\/\",\"url\":\"https:\/\/vof-news.eu\/de\/zahl-der-opfer-von-landminen-gestiegen\/\",\"name\":\"Zahl der Opfer von Landminen gestiegen - vof-news.eu\",\"isPartOf\":{\"@id\":\"https:\/\/vof-news.eu\/de\/#website\"},\"primaryImageOfPage\":{\"@id\":\"https:\/\/vof-news.eu\/de\/zahl-der-opfer-von-landminen-gestiegen\/#primaryimage\"},\"image\":{\"@id\":\"https:\/\/vof-news.eu\/de\/zahl-der-opfer-von-landminen-gestiegen\/#primaryimage\"},\"thumbnailUrl\":\"https:\/\/vof-news.eu\/wp-content\/uploads\/2025\/12\/wide__1000x562-2.jpg\",\"datePublished\":\"2025-12-01T10:29:28+00:00\",\"dateModified\":\"2025-12-01T10:31:27+00:00\",\"author\":{\"@id\":\"https:\/\/vof-news.eu\/de\/#\/schema\/person\/f6a2a4309f0561835797fd8c19b333ed\"},\"description\":\"Im vergangenen Jahr sind weltweit mindestens 6.279 Menschen durch Landminen oder Munitionsreste get\u00f6tet worden.\u00a0Die Opferzahl war so hoch wie seit 2020 nicht mehr, wie aus dem Jahresbericht der Internationalen Kampagne f\u00fcr das Verbot von Landminen (ICL-CMC) hervorgeht.\",\"breadcrumb\":{\"@id\":\"https:\/\/vof-news.eu\/de\/zahl-der-opfer-von-landminen-gestiegen\/#breadcrumb\"},\"inLanguage\":\"de\",\"potentialAction\":[{\"@type\":\"ReadAction\",\"target\":[\"https:\/\/vof-news.eu\/de\/zahl-der-opfer-von-landminen-gestiegen\/\"]}]},{\"@type\":\"ImageObject\",\"inLanguage\":\"de\",\"@id\":\"https:\/\/vof-news.eu\/de\/zahl-der-opfer-von-landminen-gestiegen\/#primaryimage\",\"url\":\"https:\/\/vof-news.eu\/wp-content\/uploads\/2025\/12\/wide__1000x562-2.jpg\",\"contentUrl\":\"https:\/\/vof-news.eu\/wp-content\/uploads\/2025\/12\/wide__1000x562-2.jpg\",\"width\":1000,\"height\":562},{\"@type\":\"BreadcrumbList\",\"@id\":\"https:\/\/vof-news.eu\/de\/zahl-der-opfer-von-landminen-gestiegen\/#breadcrumb\",\"itemListElement\":[{\"@type\":\"ListItem\",\"position\":1,\"name\":\"Home\",\"item\":\"https:\/\/vof-news.eu\/de\/\"},{\"@type\":\"ListItem\",\"position\":2,\"name\":\"Zahl der Opfer von Landminen gestiegen\"}]},{\"@type\":\"WebSite\",\"@id\":\"https:\/\/vof-news.eu\/de\/#website\",\"url\":\"https:\/\/vof-news.eu\/de\/\",\"name\":\"vof-news.eu\",\"description\":\"\",\"potentialAction\":[{\"@type\":\"SearchAction\",\"target\":{\"@type\":\"EntryPoint\",\"urlTemplate\":\"https:\/\/vof-news.eu\/de\/?s={search_term_string}\"},\"query-input\":\"required name=search_term_string\"}],\"inLanguage\":\"de\"},{\"@type\":\"Person\",\"@id\":\"https:\/\/vof-news.eu\/de\/#\/schema\/person\/f6a2a4309f0561835797fd8c19b333ed\",\"name\":\"Author\",\"image\":{\"@type\":\"ImageObject\",\"inLanguage\":\"de\",\"@id\":\"https:\/\/vof-news.eu\/de\/#\/schema\/person\/image\/\",\"url\":\"https:\/\/secure.gravatar.com\/avatar\/b67e614b1b25b3e9c0c239efdd2fde5ab015b5affd6f1c3c85911ca4b384e790?s=96&d=mm&r=g\",\"contentUrl\":\"https:\/\/secure.gravatar.com\/avatar\/b67e614b1b25b3e9c0c239efdd2fde5ab015b5affd6f1c3c85911ca4b384e790?s=96&d=mm&r=g\",\"caption\":\"Author\"},\"sameAs\":[\"http:\/\/vof-news.eu\"],\"url\":\"https:\/\/vof-news.eu\/de\/author\/zwt6qxnjulxbnyg\/\"}]}<\/script>\n<!-- \/ Yoast SEO plugin. -->","yoast_head_json":{"title":"Zahl der Opfer von Landminen gestiegen - vof-news.eu","description":"Im vergangenen Jahr sind weltweit mindestens 6.279 Menschen durch Landminen oder Munitionsreste get\u00f6tet worden.\u00a0Die Opferzahl war so hoch wie seit 2020 nicht mehr, wie aus dem Jahresbericht der Internationalen Kampagne f\u00fcr das Verbot von Landminen (ICL-CMC) hervorgeht.","robots":{"index":"noindex","follow":"follow","max-snippet":"max-snippet:-1","max-image-preview":"max-image-preview:large","max-video-preview":"max-video-preview:-1"},"og_locale":"de_DE","og_type":"article","og_title":"Zahl der Opfer von Landminen gestiegen - vof-news.eu","og_description":"Im vergangenen Jahr sind weltweit mindestens 6.279 Menschen durch Landminen oder Munitionsreste get\u00f6tet worden.\u00a0Die Opferzahl war so hoch wie seit 2020 nicht mehr, wie aus dem Jahresbericht der Internationalen Kampagne f\u00fcr das Verbot von Landminen (ICL-CMC) hervorgeht.","og_url":"https:\/\/vof-news.eu\/de\/zahl-der-opfer-von-landminen-gestiegen\/","og_site_name":"vof-news.eu","article_published_time":"2025-12-01T10:29:28+00:00","article_modified_time":"2025-12-01T10:31:27+00:00","og_image":[{"width":1000,"height":562,"url":"https:\/\/vof-news.eu\/wp-content\/uploads\/2025\/12\/wide__1000x562-2.jpg","type":"image\/jpeg"}],"author":"Author","twitter_card":"summary_large_image","twitter_misc":{"Verfasst von":"Author","Gesch\u00e4tzte Lesezeit":"1\u00a0Minute"},"schema":{"@context":"https:\/\/schema.org","@graph":[{"@type":"WebPage","@id":"https:\/\/vof-news.eu\/de\/zahl-der-opfer-von-landminen-gestiegen\/","url":"https:\/\/vof-news.eu\/de\/zahl-der-opfer-von-landminen-gestiegen\/","name":"Zahl der Opfer von Landminen gestiegen - vof-news.eu","isPartOf":{"@id":"https:\/\/vof-news.eu\/de\/#website"},"primaryImageOfPage":{"@id":"https:\/\/vof-news.eu\/de\/zahl-der-opfer-von-landminen-gestiegen\/#primaryimage"},"image":{"@id":"https:\/\/vof-news.eu\/de\/zahl-der-opfer-von-landminen-gestiegen\/#primaryimage"},"thumbnailUrl":"https:\/\/vof-news.eu\/wp-content\/uploads\/2025\/12\/wide__1000x562-2.jpg","datePublished":"2025-12-01T10:29:28+00:00","dateModified":"2025-12-01T10:31:27+00:00","author":{"@id":"https:\/\/vof-news.eu\/de\/#\/schema\/person\/f6a2a4309f0561835797fd8c19b333ed"},"description":"Im vergangenen Jahr sind weltweit mindestens 6.279 Menschen durch Landminen oder Munitionsreste get\u00f6tet worden.\u00a0Die Opferzahl war so hoch wie seit 2020 nicht mehr, wie aus dem Jahresbericht der Internationalen Kampagne f\u00fcr das Verbot von Landminen (ICL-CMC) hervorgeht.","breadcrumb":{"@id":"https:\/\/vof-news.eu\/de\/zahl-der-opfer-von-landminen-gestiegen\/#breadcrumb"},"inLanguage":"de","potentialAction":[{"@type":"ReadAction","target":["https:\/\/vof-news.eu\/de\/zahl-der-opfer-von-landminen-gestiegen\/"]}]},{"@type":"ImageObject","inLanguage":"de","@id":"https:\/\/vof-news.eu\/de\/zahl-der-opfer-von-landminen-gestiegen\/#primaryimage","url":"https:\/\/vof-news.eu\/wp-content\/uploads\/2025\/12\/wide__1000x562-2.jpg","contentUrl":"https:\/\/vof-news.eu\/wp-content\/uploads\/2025\/12\/wide__1000x562-2.jpg","width":1000,"height":562},{"@type":"BreadcrumbList","@id":"https:\/\/vof-news.eu\/de\/zahl-der-opfer-von-landminen-gestiegen\/#breadcrumb","itemListElement":[{"@type":"ListItem","position":1,"name":"Home","item":"https:\/\/vof-news.eu\/de\/"},{"@type":"ListItem","position":2,"name":"Zahl der Opfer von Landminen gestiegen"}]},{"@type":"WebSite","@id":"https:\/\/vof-news.eu\/de\/#website","url":"https:\/\/vof-news.eu\/de\/","name":"vof-news.eu","description":"","potentialAction":[{"@type":"SearchAction","target":{"@type":"EntryPoint","urlTemplate":"https:\/\/vof-news.eu\/de\/?s={search_term_string}"},"query-input":"required name=search_term_string"}],"inLanguage":"de"},{"@type":"Person","@id":"https:\/\/vof-news.eu\/de\/#\/schema\/person\/f6a2a4309f0561835797fd8c19b333ed","name":"Author","image":{"@type":"ImageObject","inLanguage":"de","@id":"https:\/\/vof-news.eu\/de\/#\/schema\/person\/image\/","url":"https:\/\/secure.gravatar.com\/avatar\/b67e614b1b25b3e9c0c239efdd2fde5ab015b5affd6f1c3c85911ca4b384e790?s=96&d=mm&r=g","contentUrl":"https:\/\/secure.gravatar.com\/avatar\/b67e614b1b25b3e9c0c239efdd2fde5ab015b5affd6f1c3c85911ca4b384e790?s=96&d=mm&r=g","caption":"Author"},"sameAs":["http:\/\/vof-news.eu"],"url":"https:\/\/vof-news.eu\/de\/author\/zwt6qxnjulxbnyg\/"}]}},"yoast_meta":{"yoast_wpseo_title":"","yoast_wpseo_metadesc":"","yoast_wpseo_canonical":""},"_links":{"self":[{"href":"https:\/\/vof-news.eu\/de\/wp-json\/wp\/v2\/posts\/302853","targetHints":{"allow":["GET"]}}],"collection":[{"href":"https:\/\/vof-news.eu\/de\/wp-json\/wp\/v2\/posts"}],"about":[{"href":"https:\/\/vof-news.eu\/de\/wp-json\/wp\/v2\/types\/post"}],"author":[{"embeddable":true,"href":"https:\/\/vof-news.eu\/de\/wp-json\/wp\/v2\/users\/1"}],"replies":[{"embeddable":true,"href":"https:\/\/vof-news.eu\/de\/wp-json\/wp\/v2\/comments?post=302853"}],"version-history":[{"count":1,"href":"https:\/\/vof-news.eu\/de\/wp-json\/wp\/v2\/posts\/302853\/revisions"}],"predecessor-version":[{"id":302868,"href":"https:\/\/vof-news.eu\/de\/wp-json\/wp\/v2\/posts\/302853\/revisions\/302868"}],"wp:featuredmedia":[{"embeddable":true,"href":"https:\/\/vof-news.eu\/de\/wp-json\/wp\/v2\/media\/302854"}],"wp:attachment":[{"href":"https:\/\/vof-news.eu\/de\/wp-json\/wp\/v2\/media?parent=302853"}],"wp:term":[{"taxonomy":"category","embeddable":true,"href":"https:\/\/vof-news.eu\/de\/wp-json\/wp\/v2\/categories?post=302853"},{"taxonomy":"post_tag","embeddable":true,"href":"https:\/\/vof-news.eu\/de\/wp-json\/wp\/v2\/tags?post=302853"}],"curies":[{"name":"wp","href":"https:\/\/api.w.org\/{rel}","templated":true}]}}