{"id":302759,"date":"2025-12-01T09:28:20","date_gmt":"2025-12-01T06:28:20","guid":{"rendered":"https:\/\/vof-news.eu\/trump-kundigt-langen-asylstopp-an-ukrainedeal-hat-gute-chance\/"},"modified":"2025-12-01T09:29:59","modified_gmt":"2025-12-01T06:29:59","slug":"trump-kundigt-langen-asylstopp-an-ukrainedeal-hat-gute-chance","status":"publish","type":"post","link":"https:\/\/vof-news.eu\/de\/trump-kundigt-langen-asylstopp-an-ukrainedeal-hat-gute-chance\/","title":{"rendered":"Trump k\u00fcndigt langen Asylstopp an, Ukrainedeal hat &#8222;gute Chance&#8220;"},"content":{"rendered":"<div>\n<nav>\n<h2>\u00dcbersicht:<\/h2>\n<ul>\n<li>\n<a href=\"https:\/\/www.zeit.de#us-regierung-ist-optimistisch-nach-ukraineverhandlungen-in-florida\" rel=\"nofollow\"><br \/>\n<span>US-Regierung ist optimistisch nach Ukraineverhandlungen in Florida<\/span><\/p>\n<p><\/a>\n<\/li>\n<li>\n<a href=\"https:\/\/www.zeit.de#mutmasslicher-nationalgarde-angreifer-soll-sich-in-den-usa-radikalisiert-haben\" rel=\"nofollow\"><br \/>\n<span>Mutma\u00dflicher Nationalgarde-Angreifer soll sich in den USA radikalisiert haben<\/span><\/p>\n<p><\/a>\n<\/li>\n<li>\n<a href=\"https:\/\/www.zeit.de#usa-sollen-venezuelas-praesident-die-ausreise-nahegelegt-haben\" rel=\"nofollow\"><br \/>\n<span>USA sollen Venezuelas Pr\u00e4sident die Ausreise nahegelegt haben<\/span><\/p>\n<p><\/a>\n<\/li>\n<li>\n<a href=\"https:\/\/www.zeit.de#us-abgeordnete-wollen-attacken-auf-mutmassliche-drogenboote-pruefen\" rel=\"nofollow\"><br \/>\n<span>US-Abgeordnete wollen Attacken auf mutma\u00dfliche Drogenboote pr\u00fcfen<\/span><\/p>\n<p><\/a>\n<\/li>\n<\/ul>\n<\/nav>\n<h2>US-Regierung ist optimistisch nach Ukraineverhandlungen in Florida<\/h2>\n<p>Die Verhandlungsrunde \u00fcber ein m\u00f6gliches Ende des <a href=\"https:\/\/www.zeit.de\/thema\/krieg-in-ukraine\" rel=\"nofollow\">russischen Angriffskriegs in der Ukraine<\/a> ist nach Angaben der US-Regierung gut gelaufen.\u00a0&#8222;Ich denke, es gibt eine gute Chance, dass wir einen Deal machen<br \/>\nk\u00f6nnen&#8220;, sagte Trump am Sonntag an Bord der Pr\u00e4sidentenmaschine Air<br \/>\nForce One vor Journalisten.\u00a0US-Au\u00dfenminister Marco Rubio<br \/>\n sprach von einer &#8222;sehr produktiven&#8220; Sitzung, sagte aber, es gebe noch viel zu tun. Der ukrainische<br \/>\nChefunterh\u00e4ndler Rustem Umerow nannte die Gespr\u00e4che im US-Bundesstaat <span><a href=\"https:\/\/www.zeit.de\/thema\/florida\" rel=\"nofollow\">Florida<\/a><\/span> &#8222;produktiv und<br \/>\nerfolgreich&#8220;.\u00a0\n<\/p>\n<p>Der US-Sondergesandte Steve Witkoff wird sich nach Angaben von Trump diese Woche erneut mit dem russischen Pr\u00e4sidenten <span><a href=\"https:\/\/www.zeit.de\/thema\/wladimir-putin\" rel=\"nofollow\">Wladimir Putin<\/a><\/span> in Moskau treffen.\n<\/p>\n<\/p>\n<h2>Mutma\u00dflicher Nationalgarde-Angreifer soll sich in den USA radikalisiert haben<\/h2>\n<p>Nach dem\u00a0<a href=\"https:\/\/www.zeit.de\/politik\/ausland\/2025-11\/schuesse-nationalgardisten-washington-terrorakt-trump-afghane#wie-reagiert-die-politik\" rel=\"nofollow\">Schusswaffenangriff auf zwei US-Nationalgardisten in<br \/>\nWashington, D. C.<\/a>\u00a0sehen die US-Beh\u00f6rden Anhaltspunkte daf\u00fcr, dass sich der aus Afghanistan<br \/>\nstammende Tatverd\u00e4chtige erst nach seiner Einreise in die <span><a href=\"https:\/\/www.zeit.de\/thema\/usa\" rel=\"nofollow\">Vereinigten Staaten<\/a><\/span><br \/>\nradikalisiert hat. Der Mann war 2021 mit einem Programm f\u00fcr ehemalige afghanische Ortskr\u00e4fte der US-Regierung in die USA gekommen und hatte erst im April dieses Jahres seine offizielle Asylerlaubnis erhalten. E-Mails, die der Nachrichtenagentur AP vorliegen, deuten darauf hin, dass der Afghane schon jahrelang psychisch labil war.\u00a0\n<\/p>\n<p>US-Pr\u00e4sident <span><a href=\"https:\/\/www.zeit.de\/thema\/donald-trump\" rel=\"nofollow\">Donald Trump<\/a><\/span> hatte nach dem Angriff s\u00e4mtliche Asylentscheidungen ausgesetzt. Am Sonntag k\u00fcndigte er an, den Asylstopp noch &#8222;eine lange Zeit&#8220; beibehalten zu wollen. &#8222;Wir wollen<br \/>\ndiese Leute nicht&#8220;, sagte Trump an Bord seiner Pr\u00e4sidentenmaschine Air Force One.\n<\/p>\n<\/p>\n<h2>USA sollen Venezuelas Pr\u00e4sident die Ausreise nahegelegt haben<\/h2>\n<p>Die Spannungen zwischen den USA und Venezuela nehmen weiter zu. Nun hat die US-Regierung dem venezolanischen Pr\u00e4sidenten\u00a0<span><a href=\"https:\/\/www.zeit.de\/thema\/nicolas-maduro\" rel=\"nofollow\">Nicol\u00e1s Maduro<\/a><\/span> offenbar vorgeschlagen, sein Land zu verlassen.\u00a0&#8222;Wir<br \/>\nhaben Maduro die M\u00f6glichkeit gegeben, zu gehen&#8220;, <a href=\"https:\/\/edition.cnn.com\/2025\/11\/30\/politics\/video\/markwayne-mullin-oklahoma-drug-operations-venezuela-trump\" rel=\"nofollow\">sagte der republikanische<br \/>\nUS-Senator Markwayne Mullin dem Sender CNN<\/a>. &#8222;Wir haben gesagt, er k\u00f6nne nach<br \/>\nRussland oder in ein anderes Land gehen.&#8220;\u00a0Die Trump-Regierung macht seit Monaten Druck auf Maduro unter dem Vorwurf, die venezolanische Regierung betreibe &#8222;Drogenterrorismus&#8220;.\u00a0\n<\/p>\n<\/p>\n<h2>US-Abgeordnete wollen Attacken auf mutma\u00dfliche Drogenboote pr\u00fcfen<\/h2>\n<p>Im US-Parlament regt sich Widerstand gegen die wiederholten Angriffe des US-Milit\u00e4rs auf Boote mutma\u00dflicher Drogenschmuggler in der Karibik und im Pazifik. Abgeordnete beider Parteien haben einen Untersuchungsausschuss im Kongress angesto\u00dfen. Sie reagierten auf einen Bericht der , <a href=\"https:\/\/www.zeit.de\/politik\/ausland\/2025-11\/us-armee-ueberlebende-angriff-boot-drogen-karibik-gezielt-getoetet-berichte\" rel=\"nofollow\">wonach die US-Armee \u00dcberlebende eines Angriffs auf ein mutma\u00dfliches Drogenboot vor Venezuela gezielt get\u00f6tet<\/a> haben soll.\u00a0&#8222;Das w\u00e4re ein Kriegsverbrechen, wenn es zutrifft&#8220;, sagte der demokratische Senator Tim Kaine aus dem US-Bundesstaat Virginia.\u00a0\n<\/p>\n<p>Der republikanische Senator Roger Wicker aus Mississippi, Vorsitzender<br \/>\ndes Senate Armed Services Committee, und dessen rangh\u00f6chster Demokrat,<br \/>\nSenator Jack Reed aus Rhode Island, erkl\u00e4rten in einer gemeinsamen<br \/>\nStellungnahme am Freitagabend, dass der Ausschuss die Vorf\u00e4lle pr\u00fcfen<br \/>\nwerde.\n<\/p>\n<\/div>\n","protected":false},"excerpt":{"rendered":"<p>\u00dcbersicht: US-Regierung ist optimistisch nach Ukraineverhandlungen in Florida Mutma\u00dflicher Nationalgarde-Angreifer soll sich in den USA radikalisiert haben USA sollen Venezuelas Pr\u00e4sident die Ausreise nahegelegt haben US-Abgeordnete wollen Attacken auf mutma\u00dfliche Drogenboote pr\u00fcfen US-Regierung ist optimistisch nach Ukraineverhandlungen in Florida Die Verhandlungsrunde \u00fcber ein m\u00f6gliches Ende des russischen Angriffskriegs in der Ukraine ist nach Angaben der<\/p>\n","protected":false},"author":1,"featured_media":302760,"comment_status":"open","ping_status":"open","sticky":false,"template":"","format":"standard","meta":{"footnotes":""},"categories":[116],"tags":[],"class_list":["post-302759","post","type-post","status-publish","format-standard","has-post-thumbnail","hentry","category-war-chronicles-de"],"acf":[],"yoast_head":"<!-- This site is optimized with the Yoast SEO plugin v22.9 - https:\/\/yoast.com\/wordpress\/plugins\/seo\/ -->\n<title>Trump k\u00fcndigt langen Asylstopp an, Ukrainedeal hat &quot;gute Chance&quot; - vof-news.eu<\/title>\n<meta name=\"description\" content=\"\u00dcbersicht:\" \/>\n<meta name=\"robots\" content=\"noindex, follow, max-snippet:-1, max-image-preview:large, max-video-preview:-1\" \/>\n<meta property=\"og:locale\" content=\"de_DE\" \/>\n<meta property=\"og:type\" content=\"article\" \/>\n<meta property=\"og:title\" content=\"Trump k\u00fcndigt langen Asylstopp an, Ukrainedeal hat &quot;gute Chance&quot; - vof-news.eu\" \/>\n<meta property=\"og:description\" content=\"\u00dcbersicht:\" \/>\n<meta property=\"og:url\" content=\"https:\/\/vof-news.eu\/de\/trump-kundigt-langen-asylstopp-an-ukrainedeal-hat-gute-chance\/\" \/>\n<meta property=\"og:site_name\" content=\"vof-news.eu\" \/>\n<meta property=\"article:published_time\" content=\"2025-12-01T06:28:20+00:00\" \/>\n<meta property=\"article:modified_time\" content=\"2025-12-01T06:29:59+00:00\" \/>\n<meta property=\"og:image\" content=\"https:\/\/vof-news.eu\/wp-content\/uploads\/2025\/12\/wide__1000x562-1.jpg\" \/>\n\t<meta property=\"og:image:width\" content=\"1000\" \/>\n\t<meta property=\"og:image:height\" content=\"562\" \/>\n\t<meta property=\"og:image:type\" content=\"image\/jpeg\" \/>\n<meta name=\"author\" content=\"Author\" \/>\n<meta name=\"twitter:card\" content=\"summary_large_image\" \/>\n<meta name=\"twitter:label1\" content=\"Verfasst von\" \/>\n\t<meta name=\"twitter:data1\" content=\"Author\" \/>\n\t<meta name=\"twitter:label2\" content=\"Gesch\u00e4tzte Lesezeit\" \/>\n\t<meta name=\"twitter:data2\" content=\"2\u00a0Minuten\" \/>\n<script type=\"application\/ld+json\" class=\"yoast-schema-graph\">{\"@context\":\"https:\/\/schema.org\",\"@graph\":[{\"@type\":\"WebPage\",\"@id\":\"https:\/\/vof-news.eu\/de\/trump-kundigt-langen-asylstopp-an-ukrainedeal-hat-gute-chance\/\",\"url\":\"https:\/\/vof-news.eu\/de\/trump-kundigt-langen-asylstopp-an-ukrainedeal-hat-gute-chance\/\",\"name\":\"Trump k\u00fcndigt langen Asylstopp an, Ukrainedeal hat \\\"gute Chance\\\" - vof-news.eu\",\"isPartOf\":{\"@id\":\"https:\/\/vof-news.eu\/de\/#website\"},\"primaryImageOfPage\":{\"@id\":\"https:\/\/vof-news.eu\/de\/trump-kundigt-langen-asylstopp-an-ukrainedeal-hat-gute-chance\/#primaryimage\"},\"image\":{\"@id\":\"https:\/\/vof-news.eu\/de\/trump-kundigt-langen-asylstopp-an-ukrainedeal-hat-gute-chance\/#primaryimage\"},\"thumbnailUrl\":\"https:\/\/vof-news.eu\/wp-content\/uploads\/2025\/12\/wide__1000x562-1.jpg\",\"datePublished\":\"2025-12-01T06:28:20+00:00\",\"dateModified\":\"2025-12-01T06:29:59+00:00\",\"author\":{\"@id\":\"https:\/\/vof-news.eu\/de\/#\/schema\/person\/f6a2a4309f0561835797fd8c19b333ed\"},\"description\":\"\u00dcbersicht:\",\"breadcrumb\":{\"@id\":\"https:\/\/vof-news.eu\/de\/trump-kundigt-langen-asylstopp-an-ukrainedeal-hat-gute-chance\/#breadcrumb\"},\"inLanguage\":\"de\",\"potentialAction\":[{\"@type\":\"ReadAction\",\"target\":[\"https:\/\/vof-news.eu\/de\/trump-kundigt-langen-asylstopp-an-ukrainedeal-hat-gute-chance\/\"]}]},{\"@type\":\"ImageObject\",\"inLanguage\":\"de\",\"@id\":\"https:\/\/vof-news.eu\/de\/trump-kundigt-langen-asylstopp-an-ukrainedeal-hat-gute-chance\/#primaryimage\",\"url\":\"https:\/\/vof-news.eu\/wp-content\/uploads\/2025\/12\/wide__1000x562-1.jpg\",\"contentUrl\":\"https:\/\/vof-news.eu\/wp-content\/uploads\/2025\/12\/wide__1000x562-1.jpg\",\"width\":1000,\"height\":562},{\"@type\":\"BreadcrumbList\",\"@id\":\"https:\/\/vof-news.eu\/de\/trump-kundigt-langen-asylstopp-an-ukrainedeal-hat-gute-chance\/#breadcrumb\",\"itemListElement\":[{\"@type\":\"ListItem\",\"position\":1,\"name\":\"Home\",\"item\":\"https:\/\/vof-news.eu\/de\/\"},{\"@type\":\"ListItem\",\"position\":2,\"name\":\"Trump k\u00fcndigt langen Asylstopp an, Ukrainedeal hat &#8220;gute Chance&#8221;\"}]},{\"@type\":\"WebSite\",\"@id\":\"https:\/\/vof-news.eu\/de\/#website\",\"url\":\"https:\/\/vof-news.eu\/de\/\",\"name\":\"vof-news.eu\",\"description\":\"\",\"potentialAction\":[{\"@type\":\"SearchAction\",\"target\":{\"@type\":\"EntryPoint\",\"urlTemplate\":\"https:\/\/vof-news.eu\/de\/?s={search_term_string}\"},\"query-input\":\"required name=search_term_string\"}],\"inLanguage\":\"de\"},{\"@type\":\"Person\",\"@id\":\"https:\/\/vof-news.eu\/de\/#\/schema\/person\/f6a2a4309f0561835797fd8c19b333ed\",\"name\":\"Author\",\"image\":{\"@type\":\"ImageObject\",\"inLanguage\":\"de\",\"@id\":\"https:\/\/vof-news.eu\/de\/#\/schema\/person\/image\/\",\"url\":\"https:\/\/secure.gravatar.com\/avatar\/b67e614b1b25b3e9c0c239efdd2fde5ab015b5affd6f1c3c85911ca4b384e790?s=96&d=mm&r=g\",\"contentUrl\":\"https:\/\/secure.gravatar.com\/avatar\/b67e614b1b25b3e9c0c239efdd2fde5ab015b5affd6f1c3c85911ca4b384e790?s=96&d=mm&r=g\",\"caption\":\"Author\"},\"sameAs\":[\"http:\/\/vof-news.eu\"],\"url\":\"https:\/\/vof-news.eu\/de\/author\/zwt6qxnjulxbnyg\/\"}]}<\/script>\n<!-- \/ Yoast SEO plugin. -->","yoast_head_json":{"title":"Trump k\u00fcndigt langen Asylstopp an, Ukrainedeal hat \"gute Chance\" - vof-news.eu","description":"\u00dcbersicht:","robots":{"index":"noindex","follow":"follow","max-snippet":"max-snippet:-1","max-image-preview":"max-image-preview:large","max-video-preview":"max-video-preview:-1"},"og_locale":"de_DE","og_type":"article","og_title":"Trump k\u00fcndigt langen Asylstopp an, Ukrainedeal hat \"gute Chance\" - vof-news.eu","og_description":"\u00dcbersicht:","og_url":"https:\/\/vof-news.eu\/de\/trump-kundigt-langen-asylstopp-an-ukrainedeal-hat-gute-chance\/","og_site_name":"vof-news.eu","article_published_time":"2025-12-01T06:28:20+00:00","article_modified_time":"2025-12-01T06:29:59+00:00","og_image":[{"width":1000,"height":562,"url":"https:\/\/vof-news.eu\/wp-content\/uploads\/2025\/12\/wide__1000x562-1.jpg","type":"image\/jpeg"}],"author":"Author","twitter_card":"summary_large_image","twitter_misc":{"Verfasst von":"Author","Gesch\u00e4tzte Lesezeit":"2\u00a0Minuten"},"schema":{"@context":"https:\/\/schema.org","@graph":[{"@type":"WebPage","@id":"https:\/\/vof-news.eu\/de\/trump-kundigt-langen-asylstopp-an-ukrainedeal-hat-gute-chance\/","url":"https:\/\/vof-news.eu\/de\/trump-kundigt-langen-asylstopp-an-ukrainedeal-hat-gute-chance\/","name":"Trump k\u00fcndigt langen Asylstopp an, Ukrainedeal hat \"gute Chance\" - vof-news.eu","isPartOf":{"@id":"https:\/\/vof-news.eu\/de\/#website"},"primaryImageOfPage":{"@id":"https:\/\/vof-news.eu\/de\/trump-kundigt-langen-asylstopp-an-ukrainedeal-hat-gute-chance\/#primaryimage"},"image":{"@id":"https:\/\/vof-news.eu\/de\/trump-kundigt-langen-asylstopp-an-ukrainedeal-hat-gute-chance\/#primaryimage"},"thumbnailUrl":"https:\/\/vof-news.eu\/wp-content\/uploads\/2025\/12\/wide__1000x562-1.jpg","datePublished":"2025-12-01T06:28:20+00:00","dateModified":"2025-12-01T06:29:59+00:00","author":{"@id":"https:\/\/vof-news.eu\/de\/#\/schema\/person\/f6a2a4309f0561835797fd8c19b333ed"},"description":"\u00dcbersicht:","breadcrumb":{"@id":"https:\/\/vof-news.eu\/de\/trump-kundigt-langen-asylstopp-an-ukrainedeal-hat-gute-chance\/#breadcrumb"},"inLanguage":"de","potentialAction":[{"@type":"ReadAction","target":["https:\/\/vof-news.eu\/de\/trump-kundigt-langen-asylstopp-an-ukrainedeal-hat-gute-chance\/"]}]},{"@type":"ImageObject","inLanguage":"de","@id":"https:\/\/vof-news.eu\/de\/trump-kundigt-langen-asylstopp-an-ukrainedeal-hat-gute-chance\/#primaryimage","url":"https:\/\/vof-news.eu\/wp-content\/uploads\/2025\/12\/wide__1000x562-1.jpg","contentUrl":"https:\/\/vof-news.eu\/wp-content\/uploads\/2025\/12\/wide__1000x562-1.jpg","width":1000,"height":562},{"@type":"BreadcrumbList","@id":"https:\/\/vof-news.eu\/de\/trump-kundigt-langen-asylstopp-an-ukrainedeal-hat-gute-chance\/#breadcrumb","itemListElement":[{"@type":"ListItem","position":1,"name":"Home","item":"https:\/\/vof-news.eu\/de\/"},{"@type":"ListItem","position":2,"name":"Trump k\u00fcndigt langen Asylstopp an, Ukrainedeal hat &#8220;gute Chance&#8221;"}]},{"@type":"WebSite","@id":"https:\/\/vof-news.eu\/de\/#website","url":"https:\/\/vof-news.eu\/de\/","name":"vof-news.eu","description":"","potentialAction":[{"@type":"SearchAction","target":{"@type":"EntryPoint","urlTemplate":"https:\/\/vof-news.eu\/de\/?s={search_term_string}"},"query-input":"required name=search_term_string"}],"inLanguage":"de"},{"@type":"Person","@id":"https:\/\/vof-news.eu\/de\/#\/schema\/person\/f6a2a4309f0561835797fd8c19b333ed","name":"Author","image":{"@type":"ImageObject","inLanguage":"de","@id":"https:\/\/vof-news.eu\/de\/#\/schema\/person\/image\/","url":"https:\/\/secure.gravatar.com\/avatar\/b67e614b1b25b3e9c0c239efdd2fde5ab015b5affd6f1c3c85911ca4b384e790?s=96&d=mm&r=g","contentUrl":"https:\/\/secure.gravatar.com\/avatar\/b67e614b1b25b3e9c0c239efdd2fde5ab015b5affd6f1c3c85911ca4b384e790?s=96&d=mm&r=g","caption":"Author"},"sameAs":["http:\/\/vof-news.eu"],"url":"https:\/\/vof-news.eu\/de\/author\/zwt6qxnjulxbnyg\/"}]}},"yoast_meta":{"yoast_wpseo_title":"","yoast_wpseo_metadesc":"","yoast_wpseo_canonical":""},"_links":{"self":[{"href":"https:\/\/vof-news.eu\/de\/wp-json\/wp\/v2\/posts\/302759","targetHints":{"allow":["GET"]}}],"collection":[{"href":"https:\/\/vof-news.eu\/de\/wp-json\/wp\/v2\/posts"}],"about":[{"href":"https:\/\/vof-news.eu\/de\/wp-json\/wp\/v2\/types\/post"}],"author":[{"embeddable":true,"href":"https:\/\/vof-news.eu\/de\/wp-json\/wp\/v2\/users\/1"}],"replies":[{"embeddable":true,"href":"https:\/\/vof-news.eu\/de\/wp-json\/wp\/v2\/comments?post=302759"}],"version-history":[{"count":1,"href":"https:\/\/vof-news.eu\/de\/wp-json\/wp\/v2\/posts\/302759\/revisions"}],"predecessor-version":[{"id":302767,"href":"https:\/\/vof-news.eu\/de\/wp-json\/wp\/v2\/posts\/302759\/revisions\/302767"}],"wp:featuredmedia":[{"embeddable":true,"href":"https:\/\/vof-news.eu\/de\/wp-json\/wp\/v2\/media\/302760"}],"wp:attachment":[{"href":"https:\/\/vof-news.eu\/de\/wp-json\/wp\/v2\/media?parent=302759"}],"wp:term":[{"taxonomy":"category","embeddable":true,"href":"https:\/\/vof-news.eu\/de\/wp-json\/wp\/v2\/categories?post=302759"},{"taxonomy":"post_tag","embeddable":true,"href":"https:\/\/vof-news.eu\/de\/wp-json\/wp\/v2\/tags?post=302759"}],"curies":[{"name":"wp","href":"https:\/\/api.w.org\/{rel}","templated":true}]}}