{"id":302574,"date":"2025-11-30T23:30:13","date_gmt":"2025-11-30T20:30:13","guid":{"rendered":"https:\/\/vof-news.eu\/der-winter-ist-da-die-menschen-brauchen-mehr-als-nur-zu-essen\/"},"modified":"2025-11-30T23:30:58","modified_gmt":"2025-11-30T20:30:58","slug":"der-winter-ist-da-die-menschen-brauchen-mehr-als-nur-zu-essen","status":"publish","type":"post","link":"https:\/\/vof-news.eu\/de\/der-winter-ist-da-die-menschen-brauchen-mehr-als-nur-zu-essen\/","title":{"rendered":"&#8222;Der Winter ist da. Die Menschen brauchen mehr als nur zu essen&#8220;"},"content":{"rendered":"<div>\n<p><strong>DIE ZEIT:<\/strong> Frau Spoljaric, global betrachtet gibt es rund 130<br \/>\nbewaffnete Konflikte, so viele wie nie seit dem <span><a href=\"https:\/\/www.zeit.de\/thema\/zweiter-weltkrieg\" rel=\"nofollow\">Zweiten Weltkrieg<\/a><\/span>. Wie<br \/>\nerkl\u00e4ren Sie sich das?\n<\/p>\n<p><strong>Mirjana Spoljaric:<\/strong>\u00a0Heute gibt es mehr internationale bewaffnete Konflikte, die<br \/>\nmit sehr vielen Ressourcen gef\u00fchrt werden \u2013 mit Kriegsmaterial, K\u00e4mpfern,<br \/>\nlogistischer Unterst\u00fctzung und finanziellen Mitteln von Drittstaaten. Ein<br \/>\nBeispiel: Im Krieg zwischen der Ukraine und Russland z\u00e4hlen wir derzeit rund<br \/>\n170.000 Vermisste. Das sind aus unserer Sicht Zerm\u00fcrbungskriege mit einer hohen Zahl ziviler Opfer. \u00c4hnliches sehen wir in<br \/>\n<span><a href=\"https:\/\/www.zeit.de\/thema\/gazastreifen\" rel=\"nofollow\">Gaza<\/a><\/span> oder im Sudan. Das liegt auch an einer zunehmenden Aush\u00f6hlung des Rechts<br \/>\nin bewaffneten Konflikten. Das Recht wird gebrochen, aber auch<br \/>\ninstrumentalisiert, um milit\u00e4rische Ziele zu verfolgen. Das muss aufh\u00f6ren.\n<\/p>\n<p><strong>ZEIT:<\/strong> Warum hat das humanit\u00e4re <span><a href=\"https:\/\/www.zeit.de\/thema\/voelkerrecht\" rel=\"nofollow\">V\u00f6lkerrecht<\/a><\/span> heute so einen<br \/>\nschweren Stand? \u00a0\n<\/p>\n<p><strong>Spoljaric:<\/strong> Lassen Sie es mich so ausdr\u00fccken: Es ist eine<br \/>\nAnh\u00e4ufung von zu viel Toleranz. Wir sind abgestumpft, was menschliches Leid<br \/>\nbetrifft. Wir sehen die Bilder in Gaza. Wir sehen die Bilder im <span><a href=\"https:\/\/www.zeit.de\/thema\/sudan\" rel=\"nofollow\">Sudan<\/a><\/span>. Und<br \/>\ntrotzdem passiert zu wenig, um dem Leid Einhalt zu gebieten. Nat\u00fcrlich ist jede<br \/>\nbewaffnete Gruppe an das humanit\u00e4re V\u00f6lkerrecht gebunden, aber die<br \/>\nHauptverantwortung liegt bei den Staaten. Sie m\u00fcssen mehr daf\u00fcr tun, dass<br \/>\ndieser gef\u00e4hrliche Trend von immer mehr bewaffneten Konflikten r\u00fcckg\u00e4ngig gemacht<br \/>\nwird. Die Staaten haben nicht nur die Pflicht, sich selbst ans V\u00f6lkerrecht zu halten,<br \/>\nsondern auch sicherzustellen, dass das V\u00f6lkerrecht eingehalten wird und keine Kriegsverbrechen geschehen.\n<\/p>\n<p><strong>ZEIT:<\/strong>\u00a0Zuletzt wurden die Nothelfer selbst Opfer<br \/>\ngezielter Angriffe. Auch die Rotkreuz- und Rothalbmondbewegung (darunter das<br \/>\nIKRK) hat in den vergangenen zwei Jahren mehr Mitarbeitende verloren als in den<br \/>\nzehn Jahren davor: 63 Mitarbeitende wurden 2024 und 2025 bei Eins\u00e4tzen get\u00f6tet.<br \/>\nWie w\u00e4gen Sie unter diesen Umst\u00e4nden die Risiken f\u00fcr Ihre Leute ab?\n<\/p>\n<p><strong>Spoljaric:<\/strong> Angriffe auf humanit\u00e4re Helfer sind<br \/>\neine klare Verletzung des humanit\u00e4ren V\u00f6lkerrechts und d\u00fcrfen nicht toleriert<br \/>\nwerden. Wir passen nat\u00fcrlich unsere Sicherheitsma\u00dfnahmen an und ziehen uns aus<br \/>\nGebieten zur\u00fcck, wenn es zu gef\u00e4hrlich ist. Leider. Die Verringerung der Mittel<br \/>\nf\u00fcr die humanit\u00e4re Hilfe f\u00fchrt au\u00dferdem zu weniger Pr\u00e4senz im Feld. Das macht die<br \/>\nEins\u00e4tze f\u00fcr unsere Mitarbeiter und Mitarbeiterinnen noch gef\u00e4hrlicher. Hinzu kommen neue Technologien, die das Risiko zus\u00e4tzlich erh\u00f6hen. \u00a0\n<\/p>\n<p><strong>ZEIT:<\/strong> Mit neuen Technologien meinen Sie zum Beispiel den<br \/>\nEinsatz von <span><a href=\"https:\/\/www.zeit.de\/thema\/drohne\" rel=\"nofollow\">Drohnen<\/a><\/span>?\n<\/p>\n<p><strong>Spoljaric:<\/strong> Es geht vor allem um Drohnen, aber auch um<br \/>\nk\u00fcnstliche Intelligenz, um Cyberoperationen. Hinzu kommt das ganze Problem der<br \/>\nDesinformation. Jedes Mal, wenn Hasskampagnen gegen humanit\u00e4re Helfer oder<br \/>\nOrganisationen lanciert werden, erh\u00f6ht das die Unsicherheit der Mitarbeiter.<br \/>\nIch habe das selbst erlebt in verschiedenen Kontexten, in denen ich direkt bedroht<br \/>\nwurde und erfahren habe, wie es meinem Kollegen und Kolleginnen im Feld ergeht.\n<\/p>\n<p><strong>ZEIT: <\/strong>Wie gehen Sie damit um?\n<\/p>\n<p><strong>Spoljaric:<\/strong> Wir investieren zum einen in Sicherheit und<br \/>\nwollen die Risiken so weit wie m\u00f6glich minimieren. Und wir setzen uns politisch<br \/>\nund diplomatisch daf\u00fcr ein, dass mehr getan wird, um humanit\u00e4re Organisationen<br \/>\nzu sch\u00fctzen. Es braucht auch mehr Kommunikation, um zu erkl\u00e4ren, warum diese<br \/>\nneutrale, unparteiische Hilfe n\u00f6tig ist. Weil Staaten im Krieg nie neutral<br \/>\nsind. Deswegen haben sie ja \u00fcber die Genfer Konvention das IKRK geschaffen:<br \/>\ndamit wir als neutraler Mittler agieren k\u00f6nnen. Nehmen Sie unsere Operationen<br \/>\nin Gaza, die R\u00fcckf\u00fchrung von Geiseln und Tausenden Gefangenen. So etwas<br \/>\nbedarf des Vertrauens aller Parteien, und es bedarf der Expertise. \u00a0\n<\/p>\n<p><strong>ZEIT:<\/strong> Wie muss man sich eine solche Geisel\u00fcbergabe<br \/>\nvorstellen? Was passiert im Hintergrund, wie stellen Sie sicher, dass alles<br \/>\nfunktioniert?\n<\/p>\n<p><strong>Spoljaric:<\/strong> Das sind hochkomplexe, gef\u00e4hrliche Operationen.<br \/>\nDamit niemand dabei zu Schaden kam, haben wir \u00c4rzte und \u00c4rztinnen, Haftanstalt-<br \/>\nund Minenexperten aus der ganzen Welt eingeflogen. Es braucht fein abgestimmte<br \/>\nSicherheitsgarantien, es braucht Kommunikationsmittel, Transportmittel.<br \/>\nTausende Gefangene m\u00fcssen registriert und interviewt werden. All das<br \/>\nerfordert Wissen und \u00fcber Jahrzehnte aufgebautes Vertrauen zwischen dem IKRK<br \/>\nund den betreffenden Kriegsparteien. Vertrauen in unsere absolute Neutralit\u00e4t,<br \/>\nDiskretion und Unparteilichkeit. Wir stellen uns immer auf die Seite der<br \/>\nPersonen, die wir mit ihren Familien vereinen m\u00fcssen. Wir nehmen daf\u00fcr vieles<br \/>\nin Kauf. Und nat\u00fcrlich sprechen wir auch mit den Parteien dar\u00fcber, was eine<br \/>\nw\u00fcrdevolle Behandlung ist.\n<\/p>\n<p><strong>ZEIT:<\/strong> Eine oft geh\u00f6rte Kritik am IKRK lautet, dass es auch<br \/>\nangesichts massiver Menschen- und V\u00f6lkerrechtsverletzungen auf Neutralit\u00e4t beharre und zu wenig Stellung beziehe. Zum Krieg in Gaza haben Sie<br \/>\nsich Ende September <a href=\"https:\/\/www.srf.ch\/news\/international\/humanitaere-nothilfe-in-not-ikrk-praesidentin-voelliges-versagen-der-menschlichkeit\" rel=\"nofollow\">ungew\u00f6hnlich deutlich ge\u00e4u\u00dfert<\/a>: &#8222;Was wir heute in Gaza<br \/>\nsehen, l\u00e4sst sich nicht rechtlich, nicht moralisch und auch nicht milit\u00e4risch<br \/>\nrechtfertigen.&#8220; Was hat Sie dazu bewogen?\n<\/p>\n<p><strong>Spoljaric:<\/strong> Alles, was wir sagen, ist \u00fcberlegt und abgewogen.<br \/>\nWir tun das nicht leichtfertig. Ich spreche im Namen der Organisation. Wir<br \/>\nhaben Hunderte Mitarbeiter und Mitarbeiterinnen in Gaza. Wir haben<br \/>\nKolleginnen und Kollegen verloren. Wir m\u00fcssen Dinge ansprechen, damit die Welt<br \/>\nsich bewusst wird, dass es Grenzen gibt, wenn es darum geht, menschliches Leid<br \/>\nzuzuf\u00fcgen. Wenn es darum geht, Menschen in ihrer Menschenw\u00fcrde zu entbl\u00f6\u00dfen.<br \/>\nWenn man diese Dinge zu lange toleriert, muss man damit rechnen, dass der<br \/>\nn\u00e4chste Konflikt noch brutaler sein wird. Dass der n\u00e4chste Konflikt unsere<br \/>\nM\u00f6glichkeit, Hilfe zu leisten, \u00fcbersteigen wird. Jede Aush\u00f6hlung des<br \/>\nhumanit\u00e4ren V\u00f6lkerrechts wird im n\u00e4chsten Konflikt widergespiegelt. \u00a0\n<\/p>\n<p><strong>ZEIT:<\/strong> Zeigt das nicht, dass Ihre Neutralit\u00e4t an Grenzen<br \/>\nst\u00f6\u00dft? Weil die Verst\u00f6\u00dfe so eklatant sind, dass Sie sich positionieren m\u00fcssen?<br \/>\n\u00a0\n<\/p>\n<p><strong>Spoljaric:<\/strong> Ich rufe alle Parteien dazu auf, sich an das<br \/>\nhumanit\u00e4re V\u00f6lkerrecht zu halten. Zivilisten und zivile Infrastruktur zu<br \/>\nsch\u00fctzen und Gefangene human zu behandeln, das sind rechtliche Pflichten, an<br \/>\ndie sowohl Staaten als auch nicht staatliche Parteien gebunden sind. Wir machen<br \/>\nhier keinen Unterschied, und deswegen bleiben wir in jedem Moment neutral.\n<\/p>\n<p><strong>ZEIT:<\/strong> Sie sind w\u00e4hrend des Kriegs mehrmals nach Gaza<br \/>\ngereist. K\u00f6nnen Sie beschreiben, was Sie dort erlebt haben?\n<\/p>\n<p><strong>Spoljaric:<\/strong> Was ich in Gaza gesehen und erlebt habe, sollte<br \/>\nman nicht erleben m\u00fcssen. Das sollte die Welt, die Staatengemeinschaft nicht<br \/>\ngeschehen lassen. An dieser Stelle muss ich betonen, dass ich mich regelm\u00e4\u00dfig<br \/>\nauch mit den Familien der Geiseln getroffen habe \u2026\n<\/p>\n<p><strong>ZEIT:<\/strong>\u00a0\u2026 der israelischen Geiseln der Hamas \u2026\n<\/p>\n<p><strong>Spoljaric:<\/strong>\u00a0\u2026 und nachvollziehen kann, welches Leid auch sie<br \/>\ndurchgemacht haben. Ich habe mit Kindern in Gaza gesprochen, die mir gesagt<br \/>\nhaben, dass sie Angst haben. Die mich gefragt haben, wann sie wieder zur Schule<br \/>\ngehen k\u00f6nnen. Es ist schwierig, in solchen Momenten keine Empathie zu<br \/>\nempfinden. Und ich appelliere an Politiker und Staatsf\u00fchrer, empathischer zu<br \/>\nwerden, sich bewusst zu werden: Wenn man Menschen solchem Leid aussetzt, nimmt<br \/>\nman automatisch in Kauf, dass man sich fr\u00fcher oder sp\u00e4ter selbst in dieser Lage<br \/>\nbefinden k\u00f6nnte.\n<\/p>\n<\/div>\n","protected":false},"excerpt":{"rendered":"<p>DIE ZEIT: Frau Spoljaric, global betrachtet gibt es rund 130 bewaffnete Konflikte, so viele wie nie seit dem Zweiten Weltkrieg. Wie erkl\u00e4ren Sie sich das? Mirjana Spoljaric:\u00a0Heute gibt es mehr internationale bewaffnete Konflikte, die mit sehr vielen Ressourcen gef\u00fchrt werden \u2013 mit Kriegsmaterial, K\u00e4mpfern, logistischer Unterst\u00fctzung und finanziellen Mitteln von Drittstaaten. Ein Beispiel: Im Krieg<\/p>\n","protected":false},"author":1,"featured_media":0,"comment_status":"open","ping_status":"open","sticky":false,"template":"","format":"standard","meta":{"footnotes":""},"categories":[116],"tags":[],"class_list":["post-302574","post","type-post","status-publish","format-standard","hentry","category-war-chronicles-de"],"acf":[],"yoast_head":"<!-- This site is optimized with the Yoast SEO plugin v22.9 - https:\/\/yoast.com\/wordpress\/plugins\/seo\/ -->\n<title>&quot;Der Winter ist da. Die Menschen brauchen mehr als nur zu essen&quot; - vof-news.eu<\/title>\n<meta name=\"description\" content=\"DIE ZEIT: Frau Spoljaric, global betrachtet gibt es rund 130\" \/>\n<meta name=\"robots\" content=\"noindex, follow, max-snippet:-1, max-image-preview:large, max-video-preview:-1\" \/>\n<meta property=\"og:locale\" content=\"de_DE\" \/>\n<meta property=\"og:type\" content=\"article\" \/>\n<meta property=\"og:title\" content=\"&quot;Der Winter ist da. Die Menschen brauchen mehr als nur zu essen&quot; - vof-news.eu\" \/>\n<meta property=\"og:description\" content=\"DIE ZEIT: Frau Spoljaric, global betrachtet gibt es rund 130\" \/>\n<meta property=\"og:url\" content=\"https:\/\/vof-news.eu\/de\/der-winter-ist-da-die-menschen-brauchen-mehr-als-nur-zu-essen\/\" \/>\n<meta property=\"og:site_name\" content=\"vof-news.eu\" \/>\n<meta property=\"article:published_time\" content=\"2025-11-30T20:30:13+00:00\" \/>\n<meta property=\"article:modified_time\" content=\"2025-11-30T20:30:58+00:00\" \/>\n<meta name=\"author\" content=\"Author\" \/>\n<meta name=\"twitter:card\" content=\"summary_large_image\" \/>\n<meta name=\"twitter:label1\" content=\"Verfasst von\" \/>\n\t<meta name=\"twitter:data1\" content=\"Author\" \/>\n\t<meta name=\"twitter:label2\" content=\"Gesch\u00e4tzte Lesezeit\" \/>\n\t<meta name=\"twitter:data2\" content=\"6\u00a0Minuten\" \/>\n<script type=\"application\/ld+json\" class=\"yoast-schema-graph\">{\"@context\":\"https:\/\/schema.org\",\"@graph\":[{\"@type\":\"WebPage\",\"@id\":\"https:\/\/vof-news.eu\/de\/der-winter-ist-da-die-menschen-brauchen-mehr-als-nur-zu-essen\/\",\"url\":\"https:\/\/vof-news.eu\/de\/der-winter-ist-da-die-menschen-brauchen-mehr-als-nur-zu-essen\/\",\"name\":\"\\\"Der Winter ist da. Die Menschen brauchen mehr als nur zu essen\\\" - vof-news.eu\",\"isPartOf\":{\"@id\":\"https:\/\/vof-news.eu\/de\/#website\"},\"datePublished\":\"2025-11-30T20:30:13+00:00\",\"dateModified\":\"2025-11-30T20:30:58+00:00\",\"author\":{\"@id\":\"https:\/\/vof-news.eu\/de\/#\/schema\/person\/f6a2a4309f0561835797fd8c19b333ed\"},\"description\":\"DIE ZEIT: Frau Spoljaric, global betrachtet gibt es rund 130\",\"breadcrumb\":{\"@id\":\"https:\/\/vof-news.eu\/de\/der-winter-ist-da-die-menschen-brauchen-mehr-als-nur-zu-essen\/#breadcrumb\"},\"inLanguage\":\"de\",\"potentialAction\":[{\"@type\":\"ReadAction\",\"target\":[\"https:\/\/vof-news.eu\/de\/der-winter-ist-da-die-menschen-brauchen-mehr-als-nur-zu-essen\/\"]}]},{\"@type\":\"BreadcrumbList\",\"@id\":\"https:\/\/vof-news.eu\/de\/der-winter-ist-da-die-menschen-brauchen-mehr-als-nur-zu-essen\/#breadcrumb\",\"itemListElement\":[{\"@type\":\"ListItem\",\"position\":1,\"name\":\"Home\",\"item\":\"https:\/\/vof-news.eu\/de\/\"},{\"@type\":\"ListItem\",\"position\":2,\"name\":\"&#8220;Der Winter ist da. Die Menschen brauchen mehr als nur zu essen&#8221;\"}]},{\"@type\":\"WebSite\",\"@id\":\"https:\/\/vof-news.eu\/de\/#website\",\"url\":\"https:\/\/vof-news.eu\/de\/\",\"name\":\"vof-news.eu\",\"description\":\"\",\"potentialAction\":[{\"@type\":\"SearchAction\",\"target\":{\"@type\":\"EntryPoint\",\"urlTemplate\":\"https:\/\/vof-news.eu\/de\/?s={search_term_string}\"},\"query-input\":\"required name=search_term_string\"}],\"inLanguage\":\"de\"},{\"@type\":\"Person\",\"@id\":\"https:\/\/vof-news.eu\/de\/#\/schema\/person\/f6a2a4309f0561835797fd8c19b333ed\",\"name\":\"Author\",\"image\":{\"@type\":\"ImageObject\",\"inLanguage\":\"de\",\"@id\":\"https:\/\/vof-news.eu\/de\/#\/schema\/person\/image\/\",\"url\":\"https:\/\/secure.gravatar.com\/avatar\/b67e614b1b25b3e9c0c239efdd2fde5ab015b5affd6f1c3c85911ca4b384e790?s=96&d=mm&r=g\",\"contentUrl\":\"https:\/\/secure.gravatar.com\/avatar\/b67e614b1b25b3e9c0c239efdd2fde5ab015b5affd6f1c3c85911ca4b384e790?s=96&d=mm&r=g\",\"caption\":\"Author\"},\"sameAs\":[\"http:\/\/vof-news.eu\"],\"url\":\"https:\/\/vof-news.eu\/de\/author\/zwt6qxnjulxbnyg\/\"}]}<\/script>\n<!-- \/ Yoast SEO plugin. -->","yoast_head_json":{"title":"\"Der Winter ist da. Die Menschen brauchen mehr als nur zu essen\" - vof-news.eu","description":"DIE ZEIT: Frau Spoljaric, global betrachtet gibt es rund 130","robots":{"index":"noindex","follow":"follow","max-snippet":"max-snippet:-1","max-image-preview":"max-image-preview:large","max-video-preview":"max-video-preview:-1"},"og_locale":"de_DE","og_type":"article","og_title":"\"Der Winter ist da. Die Menschen brauchen mehr als nur zu essen\" - vof-news.eu","og_description":"DIE ZEIT: Frau Spoljaric, global betrachtet gibt es rund 130","og_url":"https:\/\/vof-news.eu\/de\/der-winter-ist-da-die-menschen-brauchen-mehr-als-nur-zu-essen\/","og_site_name":"vof-news.eu","article_published_time":"2025-11-30T20:30:13+00:00","article_modified_time":"2025-11-30T20:30:58+00:00","author":"Author","twitter_card":"summary_large_image","twitter_misc":{"Verfasst von":"Author","Gesch\u00e4tzte Lesezeit":"6\u00a0Minuten"},"schema":{"@context":"https:\/\/schema.org","@graph":[{"@type":"WebPage","@id":"https:\/\/vof-news.eu\/de\/der-winter-ist-da-die-menschen-brauchen-mehr-als-nur-zu-essen\/","url":"https:\/\/vof-news.eu\/de\/der-winter-ist-da-die-menschen-brauchen-mehr-als-nur-zu-essen\/","name":"\"Der Winter ist da. Die Menschen brauchen mehr als nur zu essen\" - vof-news.eu","isPartOf":{"@id":"https:\/\/vof-news.eu\/de\/#website"},"datePublished":"2025-11-30T20:30:13+00:00","dateModified":"2025-11-30T20:30:58+00:00","author":{"@id":"https:\/\/vof-news.eu\/de\/#\/schema\/person\/f6a2a4309f0561835797fd8c19b333ed"},"description":"DIE ZEIT: Frau Spoljaric, global betrachtet gibt es rund 130","breadcrumb":{"@id":"https:\/\/vof-news.eu\/de\/der-winter-ist-da-die-menschen-brauchen-mehr-als-nur-zu-essen\/#breadcrumb"},"inLanguage":"de","potentialAction":[{"@type":"ReadAction","target":["https:\/\/vof-news.eu\/de\/der-winter-ist-da-die-menschen-brauchen-mehr-als-nur-zu-essen\/"]}]},{"@type":"BreadcrumbList","@id":"https:\/\/vof-news.eu\/de\/der-winter-ist-da-die-menschen-brauchen-mehr-als-nur-zu-essen\/#breadcrumb","itemListElement":[{"@type":"ListItem","position":1,"name":"Home","item":"https:\/\/vof-news.eu\/de\/"},{"@type":"ListItem","position":2,"name":"&#8220;Der Winter ist da. Die Menschen brauchen mehr als nur zu essen&#8221;"}]},{"@type":"WebSite","@id":"https:\/\/vof-news.eu\/de\/#website","url":"https:\/\/vof-news.eu\/de\/","name":"vof-news.eu","description":"","potentialAction":[{"@type":"SearchAction","target":{"@type":"EntryPoint","urlTemplate":"https:\/\/vof-news.eu\/de\/?s={search_term_string}"},"query-input":"required name=search_term_string"}],"inLanguage":"de"},{"@type":"Person","@id":"https:\/\/vof-news.eu\/de\/#\/schema\/person\/f6a2a4309f0561835797fd8c19b333ed","name":"Author","image":{"@type":"ImageObject","inLanguage":"de","@id":"https:\/\/vof-news.eu\/de\/#\/schema\/person\/image\/","url":"https:\/\/secure.gravatar.com\/avatar\/b67e614b1b25b3e9c0c239efdd2fde5ab015b5affd6f1c3c85911ca4b384e790?s=96&d=mm&r=g","contentUrl":"https:\/\/secure.gravatar.com\/avatar\/b67e614b1b25b3e9c0c239efdd2fde5ab015b5affd6f1c3c85911ca4b384e790?s=96&d=mm&r=g","caption":"Author"},"sameAs":["http:\/\/vof-news.eu"],"url":"https:\/\/vof-news.eu\/de\/author\/zwt6qxnjulxbnyg\/"}]}},"yoast_meta":{"yoast_wpseo_title":"","yoast_wpseo_metadesc":"","yoast_wpseo_canonical":""},"_links":{"self":[{"href":"https:\/\/vof-news.eu\/de\/wp-json\/wp\/v2\/posts\/302574","targetHints":{"allow":["GET"]}}],"collection":[{"href":"https:\/\/vof-news.eu\/de\/wp-json\/wp\/v2\/posts"}],"about":[{"href":"https:\/\/vof-news.eu\/de\/wp-json\/wp\/v2\/types\/post"}],"author":[{"embeddable":true,"href":"https:\/\/vof-news.eu\/de\/wp-json\/wp\/v2\/users\/1"}],"replies":[{"embeddable":true,"href":"https:\/\/vof-news.eu\/de\/wp-json\/wp\/v2\/comments?post=302574"}],"version-history":[{"count":1,"href":"https:\/\/vof-news.eu\/de\/wp-json\/wp\/v2\/posts\/302574\/revisions"}],"predecessor-version":[{"id":302575,"href":"https:\/\/vof-news.eu\/de\/wp-json\/wp\/v2\/posts\/302574\/revisions\/302575"}],"wp:attachment":[{"href":"https:\/\/vof-news.eu\/de\/wp-json\/wp\/v2\/media?parent=302574"}],"wp:term":[{"taxonomy":"category","embeddable":true,"href":"https:\/\/vof-news.eu\/de\/wp-json\/wp\/v2\/categories?post=302574"},{"taxonomy":"post_tag","embeddable":true,"href":"https:\/\/vof-news.eu\/de\/wp-json\/wp\/v2\/tags?post=302574"}],"curies":[{"name":"wp","href":"https:\/\/api.w.org\/{rel}","templated":true}]}}