{"id":302284,"date":"2025-11-29T15:28:11","date_gmt":"2025-11-29T12:28:11","guid":{"rendered":"https:\/\/vof-news.eu\/turkei-meldet-mutmaslichen-angriff-auf-oltanker-im-schwarzen-meer\/"},"modified":"2025-11-29T15:29:32","modified_gmt":"2025-11-29T12:29:32","slug":"turkei-meldet-mutmaslichen-angriff-auf-oltanker-im-schwarzen-meer","status":"publish","type":"post","link":"https:\/\/vof-news.eu\/de\/turkei-meldet-mutmaslichen-angriff-auf-oltanker-im-schwarzen-meer\/","title":{"rendered":"T\u00fcrkei meldet mutma\u00dflichen Angriff auf \u00d6ltanker im Schwarzen Meer"},"content":{"rendered":"<div>\n<p>Vor der Schwarzmeerk\u00fcste der <span><a href=\"https:\/\/www.zeit.de\/thema\/tuerkei\" rel=\"nofollow\">T\u00fcrkei<\/a><\/span> ist auf zwei mutma\u00dflichen <a href=\"https:\/\/www.zeit.de\/politik\/ausland\/2025-04\/russische-schattenflotte-ostsee-spionage-bundeswehr-stephan-haisch\" rel=\"nofollow\">\u00d6ltankern der russischen Schattenflotte<\/a> fast zeitgleich ein Brand ausgebrochen. Der<br \/>\nt\u00fcrkische Verkehrsminister Abdulkadir Uralo\u011flu geht von einer<br \/>\n&#8222;Einwirkung von au\u00dfen&#8220; aus. Daf\u00fcr k\u00e4men eine Mine, eine Rakete, ein Marineschiff oder eine Drohne infrage, sagte er dem t\u00fcrkischen Sender NTV. Gesicherte Informationen l\u00e4gen aber noch<br \/>\nnicht vor.\n<\/p>\n<p>Ein Beamter des ukrainischen Inlandsgeheimdienstes SBU sagte indes der Nachrichtenagentur Reuters, die Ukraine habe zwei Tankerder russischen Schattenflotte mit den Namen\u00a0undmit Meeresdrohnen angegriffen. Er sprach von einer gemeinsamen Operation des SBU und der ukrainischen Marine. Offiziell best\u00e4tigt sind diese Angaben nicht.\u00a0\n<\/p>\n<h2>Fast zeitgleich Feuer auf zwei \u00d6ltankern im Schwarzen Meer<\/h2>\n<p>Am Freitag hatte es laut Verkehrsminister Uralo\u011flu\u00a0auf dem Tankereine Explosion gegeben. Laut dem t\u00fcrkischen Verkehrsministerium wurde das Schiff zweimal angegriffen \u2013 ein weiteres Mal am Samstagmorgen. Das Ministerium verwies auf Berichte, denen zufolge ein unbemanntes Schiff den Tanker angegriffen habe. Die  habe dabei leichte Sch\u00e4den erlitten, sei aber in einem stabilen Zustand und die Besatzung sei wohlauf.\u00a0\n<\/p>\n<p>Am Freitag war kurz zuvor auch der Tanker  rund 45 Kilometer vor der<br \/>\nK\u00fcste der t\u00fcrkischen Provinz Kocaeli in Brand geraten, wie die<br \/>\nt\u00fcrkische Generaldirektion f\u00fcr maritime Angelegenheiten mitteilte. Das Schiff habe\u00a0ohne Ladung die russische<br \/>\nHafenstadt Noworossijsk angesteuert. Auf dem \u00d6ltanker dauerten die\u00a0L\u00f6sch- und K\u00fchlarbeiten an, hie\u00df es vom t\u00fcrkischen Verkehrsministerium. Die<br \/>\nBesatzungsmitglieder der zwei Tanker konnten in Sicherheit gebracht werden.\u00a0\n<\/p>\n<p>Beide Schiffe fuhren unter gambischer Flagge. Nach Angaben aus der Datenbank OpenSanctions geh\u00f6ren die Tanker zur sogenannten <a href=\"https:\/\/www.zeit.de\/politik\/2025-10\/russische-schattenflotte-tanker-frankreich-marine\" rel=\"nofollow\">Schattenflotte<\/a>. Diese Schiffe werden f\u00fcr die <a href=\"https:\/\/www.zeit.de\/politik\/ausland\/2025-10\/russland-schattenflotte-eu-sorgen-sanktionen\" rel=\"nofollow\">Umgehung von Strafma\u00dfnahmen genutzt, die gegen Russland <\/a>wegen der Gro\u00dfinvasion in die Ukraine 2022 verh\u00e4ngt wurden.\u00a0\n<\/p>\n<p>Der ukrainische Milit\u00e4rgeheimdienst gibt auf seiner Website an, dass beide Schiffe regelm\u00e4\u00dfig russische H\u00e4fen anliefen und daf\u00fcr bekannt seien, ihre automatischen Identifikationssysteme abzuschalten, die die Position eines Schiffs \u00fcbermitteln. Beide h\u00e4tten auch an H\u00e4fen in China, der T\u00fcrkei und Indien sowie an weiteren Orten angelegt.\n<\/p>\n<\/div>\n","protected":false},"excerpt":{"rendered":"<p>Vor der Schwarzmeerk\u00fcste der T\u00fcrkei ist auf zwei mutma\u00dflichen \u00d6ltankern der russischen Schattenflotte fast zeitgleich ein Brand ausgebrochen. Der t\u00fcrkische Verkehrsminister Abdulkadir Uralo\u011flu geht von einer &#8222;Einwirkung von au\u00dfen&#8220; aus. Daf\u00fcr k\u00e4men eine Mine, eine Rakete, ein Marineschiff oder eine Drohne infrage, sagte er dem t\u00fcrkischen Sender NTV. Gesicherte Informationen l\u00e4gen aber noch nicht vor.<\/p>\n","protected":false},"author":1,"featured_media":302285,"comment_status":"open","ping_status":"open","sticky":false,"template":"","format":"standard","meta":{"footnotes":""},"categories":[116],"tags":[],"class_list":["post-302284","post","type-post","status-publish","format-standard","has-post-thumbnail","hentry","category-war-chronicles-de"],"acf":[],"yoast_head":"<!-- This site is optimized with the Yoast SEO plugin v22.9 - https:\/\/yoast.com\/wordpress\/plugins\/seo\/ -->\n<title>T\u00fcrkei meldet mutma\u00dflichen Angriff auf \u00d6ltanker im Schwarzen Meer - vof-news.eu<\/title>\n<meta name=\"description\" content=\"Vor der Schwarzmeerk\u00fcste der T\u00fcrkei ist auf zwei mutma\u00dflichen \u00d6ltankern der russischen Schattenflotte fast zeitgleich ein Brand ausgebrochen. Der\" \/>\n<meta name=\"robots\" content=\"noindex, follow, max-snippet:-1, max-image-preview:large, max-video-preview:-1\" \/>\n<meta property=\"og:locale\" content=\"de_DE\" \/>\n<meta property=\"og:type\" content=\"article\" \/>\n<meta property=\"og:title\" content=\"T\u00fcrkei meldet mutma\u00dflichen Angriff auf \u00d6ltanker im Schwarzen Meer - vof-news.eu\" \/>\n<meta property=\"og:description\" content=\"Vor der Schwarzmeerk\u00fcste der T\u00fcrkei ist auf zwei mutma\u00dflichen \u00d6ltankern der russischen Schattenflotte fast zeitgleich ein Brand ausgebrochen. Der\" \/>\n<meta property=\"og:url\" content=\"https:\/\/vof-news.eu\/de\/turkei-meldet-mutmaslichen-angriff-auf-oltanker-im-schwarzen-meer\/\" \/>\n<meta property=\"og:site_name\" content=\"vof-news.eu\" \/>\n<meta property=\"article:published_time\" content=\"2025-11-29T12:28:11+00:00\" \/>\n<meta property=\"article:modified_time\" content=\"2025-11-29T12:29:32+00:00\" \/>\n<meta property=\"og:image\" content=\"https:\/\/vof-news.eu\/wp-content\/uploads\/2025\/11\/wide__1000x562-102.jpg\" \/>\n\t<meta property=\"og:image:width\" content=\"1000\" \/>\n\t<meta property=\"og:image:height\" content=\"562\" \/>\n\t<meta property=\"og:image:type\" content=\"image\/jpeg\" \/>\n<meta name=\"author\" content=\"Author\" \/>\n<meta name=\"twitter:card\" content=\"summary_large_image\" \/>\n<meta name=\"twitter:label1\" content=\"Verfasst von\" \/>\n\t<meta name=\"twitter:data1\" content=\"Author\" \/>\n\t<meta name=\"twitter:label2\" content=\"Gesch\u00e4tzte Lesezeit\" \/>\n\t<meta name=\"twitter:data2\" content=\"2\u00a0Minuten\" \/>\n<script type=\"application\/ld+json\" class=\"yoast-schema-graph\">{\"@context\":\"https:\/\/schema.org\",\"@graph\":[{\"@type\":\"WebPage\",\"@id\":\"https:\/\/vof-news.eu\/de\/turkei-meldet-mutmaslichen-angriff-auf-oltanker-im-schwarzen-meer\/\",\"url\":\"https:\/\/vof-news.eu\/de\/turkei-meldet-mutmaslichen-angriff-auf-oltanker-im-schwarzen-meer\/\",\"name\":\"T\u00fcrkei meldet mutma\u00dflichen Angriff auf \u00d6ltanker im Schwarzen Meer - vof-news.eu\",\"isPartOf\":{\"@id\":\"https:\/\/vof-news.eu\/de\/#website\"},\"primaryImageOfPage\":{\"@id\":\"https:\/\/vof-news.eu\/de\/turkei-meldet-mutmaslichen-angriff-auf-oltanker-im-schwarzen-meer\/#primaryimage\"},\"image\":{\"@id\":\"https:\/\/vof-news.eu\/de\/turkei-meldet-mutmaslichen-angriff-auf-oltanker-im-schwarzen-meer\/#primaryimage\"},\"thumbnailUrl\":\"https:\/\/vof-news.eu\/wp-content\/uploads\/2025\/11\/wide__1000x562-102.jpg\",\"datePublished\":\"2025-11-29T12:28:11+00:00\",\"dateModified\":\"2025-11-29T12:29:32+00:00\",\"author\":{\"@id\":\"https:\/\/vof-news.eu\/de\/#\/schema\/person\/f6a2a4309f0561835797fd8c19b333ed\"},\"description\":\"Vor der Schwarzmeerk\u00fcste der T\u00fcrkei ist auf zwei mutma\u00dflichen \u00d6ltankern der russischen Schattenflotte fast zeitgleich ein Brand ausgebrochen. Der\",\"breadcrumb\":{\"@id\":\"https:\/\/vof-news.eu\/de\/turkei-meldet-mutmaslichen-angriff-auf-oltanker-im-schwarzen-meer\/#breadcrumb\"},\"inLanguage\":\"de\",\"potentialAction\":[{\"@type\":\"ReadAction\",\"target\":[\"https:\/\/vof-news.eu\/de\/turkei-meldet-mutmaslichen-angriff-auf-oltanker-im-schwarzen-meer\/\"]}]},{\"@type\":\"ImageObject\",\"inLanguage\":\"de\",\"@id\":\"https:\/\/vof-news.eu\/de\/turkei-meldet-mutmaslichen-angriff-auf-oltanker-im-schwarzen-meer\/#primaryimage\",\"url\":\"https:\/\/vof-news.eu\/wp-content\/uploads\/2025\/11\/wide__1000x562-102.jpg\",\"contentUrl\":\"https:\/\/vof-news.eu\/wp-content\/uploads\/2025\/11\/wide__1000x562-102.jpg\",\"width\":1000,\"height\":562},{\"@type\":\"BreadcrumbList\",\"@id\":\"https:\/\/vof-news.eu\/de\/turkei-meldet-mutmaslichen-angriff-auf-oltanker-im-schwarzen-meer\/#breadcrumb\",\"itemListElement\":[{\"@type\":\"ListItem\",\"position\":1,\"name\":\"Home\",\"item\":\"https:\/\/vof-news.eu\/de\/\"},{\"@type\":\"ListItem\",\"position\":2,\"name\":\"T\u00fcrkei meldet mutma\u00dflichen Angriff auf \u00d6ltanker im Schwarzen Meer\"}]},{\"@type\":\"WebSite\",\"@id\":\"https:\/\/vof-news.eu\/de\/#website\",\"url\":\"https:\/\/vof-news.eu\/de\/\",\"name\":\"vof-news.eu\",\"description\":\"\",\"potentialAction\":[{\"@type\":\"SearchAction\",\"target\":{\"@type\":\"EntryPoint\",\"urlTemplate\":\"https:\/\/vof-news.eu\/de\/?s={search_term_string}\"},\"query-input\":\"required name=search_term_string\"}],\"inLanguage\":\"de\"},{\"@type\":\"Person\",\"@id\":\"https:\/\/vof-news.eu\/de\/#\/schema\/person\/f6a2a4309f0561835797fd8c19b333ed\",\"name\":\"Author\",\"image\":{\"@type\":\"ImageObject\",\"inLanguage\":\"de\",\"@id\":\"https:\/\/vof-news.eu\/de\/#\/schema\/person\/image\/\",\"url\":\"https:\/\/secure.gravatar.com\/avatar\/b67e614b1b25b3e9c0c239efdd2fde5ab015b5affd6f1c3c85911ca4b384e790?s=96&d=mm&r=g\",\"contentUrl\":\"https:\/\/secure.gravatar.com\/avatar\/b67e614b1b25b3e9c0c239efdd2fde5ab015b5affd6f1c3c85911ca4b384e790?s=96&d=mm&r=g\",\"caption\":\"Author\"},\"sameAs\":[\"http:\/\/vof-news.eu\"],\"url\":\"https:\/\/vof-news.eu\/de\/author\/zwt6qxnjulxbnyg\/\"}]}<\/script>\n<!-- \/ Yoast SEO plugin. -->","yoast_head_json":{"title":"T\u00fcrkei meldet mutma\u00dflichen Angriff auf \u00d6ltanker im Schwarzen Meer - vof-news.eu","description":"Vor der Schwarzmeerk\u00fcste der T\u00fcrkei ist auf zwei mutma\u00dflichen \u00d6ltankern der russischen Schattenflotte fast zeitgleich ein Brand ausgebrochen. Der","robots":{"index":"noindex","follow":"follow","max-snippet":"max-snippet:-1","max-image-preview":"max-image-preview:large","max-video-preview":"max-video-preview:-1"},"og_locale":"de_DE","og_type":"article","og_title":"T\u00fcrkei meldet mutma\u00dflichen Angriff auf \u00d6ltanker im Schwarzen Meer - vof-news.eu","og_description":"Vor der Schwarzmeerk\u00fcste der T\u00fcrkei ist auf zwei mutma\u00dflichen \u00d6ltankern der russischen Schattenflotte fast zeitgleich ein Brand ausgebrochen. Der","og_url":"https:\/\/vof-news.eu\/de\/turkei-meldet-mutmaslichen-angriff-auf-oltanker-im-schwarzen-meer\/","og_site_name":"vof-news.eu","article_published_time":"2025-11-29T12:28:11+00:00","article_modified_time":"2025-11-29T12:29:32+00:00","og_image":[{"width":1000,"height":562,"url":"https:\/\/vof-news.eu\/wp-content\/uploads\/2025\/11\/wide__1000x562-102.jpg","type":"image\/jpeg"}],"author":"Author","twitter_card":"summary_large_image","twitter_misc":{"Verfasst von":"Author","Gesch\u00e4tzte Lesezeit":"2\u00a0Minuten"},"schema":{"@context":"https:\/\/schema.org","@graph":[{"@type":"WebPage","@id":"https:\/\/vof-news.eu\/de\/turkei-meldet-mutmaslichen-angriff-auf-oltanker-im-schwarzen-meer\/","url":"https:\/\/vof-news.eu\/de\/turkei-meldet-mutmaslichen-angriff-auf-oltanker-im-schwarzen-meer\/","name":"T\u00fcrkei meldet mutma\u00dflichen Angriff auf \u00d6ltanker im Schwarzen Meer - vof-news.eu","isPartOf":{"@id":"https:\/\/vof-news.eu\/de\/#website"},"primaryImageOfPage":{"@id":"https:\/\/vof-news.eu\/de\/turkei-meldet-mutmaslichen-angriff-auf-oltanker-im-schwarzen-meer\/#primaryimage"},"image":{"@id":"https:\/\/vof-news.eu\/de\/turkei-meldet-mutmaslichen-angriff-auf-oltanker-im-schwarzen-meer\/#primaryimage"},"thumbnailUrl":"https:\/\/vof-news.eu\/wp-content\/uploads\/2025\/11\/wide__1000x562-102.jpg","datePublished":"2025-11-29T12:28:11+00:00","dateModified":"2025-11-29T12:29:32+00:00","author":{"@id":"https:\/\/vof-news.eu\/de\/#\/schema\/person\/f6a2a4309f0561835797fd8c19b333ed"},"description":"Vor der Schwarzmeerk\u00fcste der T\u00fcrkei ist auf zwei mutma\u00dflichen \u00d6ltankern der russischen Schattenflotte fast zeitgleich ein Brand ausgebrochen. Der","breadcrumb":{"@id":"https:\/\/vof-news.eu\/de\/turkei-meldet-mutmaslichen-angriff-auf-oltanker-im-schwarzen-meer\/#breadcrumb"},"inLanguage":"de","potentialAction":[{"@type":"ReadAction","target":["https:\/\/vof-news.eu\/de\/turkei-meldet-mutmaslichen-angriff-auf-oltanker-im-schwarzen-meer\/"]}]},{"@type":"ImageObject","inLanguage":"de","@id":"https:\/\/vof-news.eu\/de\/turkei-meldet-mutmaslichen-angriff-auf-oltanker-im-schwarzen-meer\/#primaryimage","url":"https:\/\/vof-news.eu\/wp-content\/uploads\/2025\/11\/wide__1000x562-102.jpg","contentUrl":"https:\/\/vof-news.eu\/wp-content\/uploads\/2025\/11\/wide__1000x562-102.jpg","width":1000,"height":562},{"@type":"BreadcrumbList","@id":"https:\/\/vof-news.eu\/de\/turkei-meldet-mutmaslichen-angriff-auf-oltanker-im-schwarzen-meer\/#breadcrumb","itemListElement":[{"@type":"ListItem","position":1,"name":"Home","item":"https:\/\/vof-news.eu\/de\/"},{"@type":"ListItem","position":2,"name":"T\u00fcrkei meldet mutma\u00dflichen Angriff auf \u00d6ltanker im Schwarzen Meer"}]},{"@type":"WebSite","@id":"https:\/\/vof-news.eu\/de\/#website","url":"https:\/\/vof-news.eu\/de\/","name":"vof-news.eu","description":"","potentialAction":[{"@type":"SearchAction","target":{"@type":"EntryPoint","urlTemplate":"https:\/\/vof-news.eu\/de\/?s={search_term_string}"},"query-input":"required name=search_term_string"}],"inLanguage":"de"},{"@type":"Person","@id":"https:\/\/vof-news.eu\/de\/#\/schema\/person\/f6a2a4309f0561835797fd8c19b333ed","name":"Author","image":{"@type":"ImageObject","inLanguage":"de","@id":"https:\/\/vof-news.eu\/de\/#\/schema\/person\/image\/","url":"https:\/\/secure.gravatar.com\/avatar\/b67e614b1b25b3e9c0c239efdd2fde5ab015b5affd6f1c3c85911ca4b384e790?s=96&d=mm&r=g","contentUrl":"https:\/\/secure.gravatar.com\/avatar\/b67e614b1b25b3e9c0c239efdd2fde5ab015b5affd6f1c3c85911ca4b384e790?s=96&d=mm&r=g","caption":"Author"},"sameAs":["http:\/\/vof-news.eu"],"url":"https:\/\/vof-news.eu\/de\/author\/zwt6qxnjulxbnyg\/"}]}},"yoast_meta":{"yoast_wpseo_title":"","yoast_wpseo_metadesc":"","yoast_wpseo_canonical":""},"_links":{"self":[{"href":"https:\/\/vof-news.eu\/de\/wp-json\/wp\/v2\/posts\/302284","targetHints":{"allow":["GET"]}}],"collection":[{"href":"https:\/\/vof-news.eu\/de\/wp-json\/wp\/v2\/posts"}],"about":[{"href":"https:\/\/vof-news.eu\/de\/wp-json\/wp\/v2\/types\/post"}],"author":[{"embeddable":true,"href":"https:\/\/vof-news.eu\/de\/wp-json\/wp\/v2\/users\/1"}],"replies":[{"embeddable":true,"href":"https:\/\/vof-news.eu\/de\/wp-json\/wp\/v2\/comments?post=302284"}],"version-history":[{"count":1,"href":"https:\/\/vof-news.eu\/de\/wp-json\/wp\/v2\/posts\/302284\/revisions"}],"predecessor-version":[{"id":302291,"href":"https:\/\/vof-news.eu\/de\/wp-json\/wp\/v2\/posts\/302284\/revisions\/302291"}],"wp:featuredmedia":[{"embeddable":true,"href":"https:\/\/vof-news.eu\/de\/wp-json\/wp\/v2\/media\/302285"}],"wp:attachment":[{"href":"https:\/\/vof-news.eu\/de\/wp-json\/wp\/v2\/media?parent=302284"}],"wp:term":[{"taxonomy":"category","embeddable":true,"href":"https:\/\/vof-news.eu\/de\/wp-json\/wp\/v2\/categories?post=302284"},{"taxonomy":"post_tag","embeddable":true,"href":"https:\/\/vof-news.eu\/de\/wp-json\/wp\/v2\/tags?post=302284"}],"curies":[{"name":"wp","href":"https:\/\/api.w.org\/{rel}","templated":true}]}}