{"id":302154,"date":"2025-11-29T05:28:29","date_gmt":"2025-11-29T02:28:29","guid":{"rendered":"https:\/\/vof-news.eu\/viktor-orban-ruft-ukraine-zu-zugestandnissen-gegenuber-russland-auf\/"},"modified":"2025-11-29T05:30:11","modified_gmt":"2025-11-29T02:30:11","slug":"viktor-orban-ruft-ukraine-zu-zugestandnissen-gegenuber-russland-auf","status":"publish","type":"post","link":"https:\/\/vof-news.eu\/de\/viktor-orban-ruft-ukraine-zu-zugestandnissen-gegenuber-russland-auf\/","title":{"rendered":"Viktor Orb\u00e1n ruft Ukraine zu Zugest\u00e4ndnissen gegen\u00fcber Russland auf"},"content":{"rendered":"<div>\n<p>Ungarns Regierungschef <span><a href=\"https:\/\/www.zeit.de\/thema\/viktor-orban\" rel=\"nofollow\">Viktor Orb\u00e1n<\/a><\/span> hat die <a href=\"https:\/\/www.zeit.de\/politik\/ausland\/ukraine-krieg-news-liveblog\" rel=\"nofollow\">Ukraine<\/a> zu<br \/>\nZugest\u00e4ndnissen gegen\u00fcber Russland aufgerufen. Gebietsabtretungen bezeichnete<br \/>\ner als unumg\u00e4nglich. &#8222;Russland beh\u00e4lt jenes Territorium, das auf einer<br \/>\ninternationalen Friedenskonferenz ausgehandelt wird, und alles westlich dieser<br \/>\nLinie \u2013 bis zur \u00f6stlichen Nato-Grenze \u2013 bildet das Territorium des ukrainischen<br \/>\nStaates, der erneut als Pufferstaat existieren w\u00fcrde&#8220;, <a href=\"https:\/\/www.welt.de\/politik\/ausland\/plus69297424c25edce70ee72281\/ungarns-premier-orban-die-einzige-loesung-besteht-darin-dass-die-ukraine-wieder-zum-pufferstaat-wird.html\" rel=\"nofollow\">schlug Orb\u00e1n gegen\u00fcber der<br \/>\n<\/a>\u00a0vor.\n<\/p>\n<p>Die Zeit spiele <a href=\"https:\/\/www.zeit.de\/thema\/russland\" rel=\"nofollow\">Russland<\/a>\u00a0in die H\u00e4nde, daher m\u00fcsse die<br \/>\n<span><a href=\"https:\/\/www.zeit.de\/politik\/ausland\/ukraine-krieg-news-liveblog\" rel=\"nofollow\">Ukraine<\/a><\/span> zu Zugest\u00e4ndnissen bereit sein, sagte Orb\u00e1n weiter. &#8222;Je l\u00e4nger der<br \/>\nFrieden hinausgez\u00f6gert wird, desto mehr Menschen und Territorien wird die<br \/>\nUkraine verlieren.&#8220; Es sei an der Zeit, Illusionen aufzugeben und der Realit\u00e4t<br \/>\nins Auge zu sehen, wie sie im urspr\u00fcnglichen amerikanischen Plan f\u00fcr ein Ende<br \/>\nder K\u00e4mpfe in der Ukraine dargestellt sei, f\u00fchrte Orb\u00e1n weiter aus. Er unterst\u00fctzte<br \/>\nzudem den Vorschlag im US-Plan, Russland wieder in die Weltwirtschaft zu<br \/>\nintegrieren und Sanktionen aufzuheben.\n<\/p>\n<h2>Kritik und \u00c4nderungen am US-Plan f\u00fcr die Ukraine<\/h2>\n<p><a href=\"https:\/\/www.zeit.de\/politik\/ausland\/2025-11\/usa-friedensplan-ukraine-russland-trump\" rel=\"nofollow\">Der urspr\u00fcngliche US-Plan mit 28 Punkten<\/a> h\u00e4tte der Ukraine<br \/>\nerhebliche Gebietsverluste und eine Obergrenze f\u00fcr ihre Truppenst\u00e4rke<br \/>\naufgezwungen. Demnach h\u00e4tte sich die Ukraine verpflichten m\u00fcssen, auf einen<br \/>\nNato-Beitritt zu verzichten. Europ\u00e4ische Verb\u00fcndete hatten kritisiert, der Plan<br \/>\nsei zu stark an <span><a href=\"https:\/\/www.zeit.de\/thema\/russland\" rel=\"nofollow\">Russlands<\/a><\/span> Forderungen orientiert. Nach Verhandlungen zwischen<br \/>\nden USA, der Ukraine und f\u00fchrenden europ\u00e4ischen Staaten <a href=\"https:\/\/www.zeit.de\/politik\/ausland\/2025-11\/us-regierung-donald-trump-streitpunkte-ukraine-plan\" rel=\"nofollow\">wurde der Plan ge\u00e4ndert<\/a>.<\/p>\n<p>Der ungarische Ministerpr\u00e4sident war am Freitag \u00fcberraschend<br \/>\nf\u00fcr ein Treffen mit Russlands Pr\u00e4sidenten Wladimir Putin nach Moskau gereist. Orb\u00e1n<br \/>\nhatte dabei angek\u00fcndigt, <span><a href=\"https:\/\/www.zeit.de\/thema\/ungarn\" rel=\"nofollow\">Ungarn<\/a><\/span> wolle weiterhin \u00d6l und Gas aus Russland kaufen.<br \/>\nBundeskanzler Friedrich Merz hat das Treffen deutlich kritisiert: Orb\u00e1n fahre<br \/>\n&#8222;ohne europ\u00e4isches Mandat, und er f\u00e4hrt ohne eine Abstimmung mit uns&#8220;.<br \/>\nUngarn ist einer der letzten verbliebenen Verb\u00fcndeten Russlands in der EU und<br \/>\nh\u00e4ngt stark von russischen Energieimporten ab.\n<\/p>\n<\/div>\n","protected":false},"excerpt":{"rendered":"<p>Ungarns Regierungschef Viktor Orb\u00e1n hat die Ukraine zu Zugest\u00e4ndnissen gegen\u00fcber Russland aufgerufen. Gebietsabtretungen bezeichnete er als unumg\u00e4nglich. &#8222;Russland beh\u00e4lt jenes Territorium, das auf einer internationalen Friedenskonferenz ausgehandelt wird, und alles westlich dieser Linie \u2013 bis zur \u00f6stlichen Nato-Grenze \u2013 bildet das Territorium des ukrainischen Staates, der erneut als Pufferstaat existieren w\u00fcrde&#8220;, schlug Orb\u00e1n gegen\u00fcber der<\/p>\n","protected":false},"author":1,"featured_media":302155,"comment_status":"open","ping_status":"open","sticky":false,"template":"","format":"standard","meta":{"footnotes":""},"categories":[116],"tags":[],"class_list":["post-302154","post","type-post","status-publish","format-standard","has-post-thumbnail","hentry","category-war-chronicles-de"],"acf":[],"yoast_head":"<!-- This site is optimized with the Yoast SEO plugin v22.9 - https:\/\/yoast.com\/wordpress\/plugins\/seo\/ -->\n<title>Viktor Orb\u00e1n ruft Ukraine zu Zugest\u00e4ndnissen gegen\u00fcber Russland auf - vof-news.eu<\/title>\n<meta name=\"description\" content=\"Ungarns Regierungschef Viktor Orb\u00e1n hat die Ukraine zu\" \/>\n<meta name=\"robots\" content=\"noindex, follow, max-snippet:-1, max-image-preview:large, max-video-preview:-1\" \/>\n<meta property=\"og:locale\" content=\"de_DE\" \/>\n<meta property=\"og:type\" content=\"article\" \/>\n<meta property=\"og:title\" content=\"Viktor Orb\u00e1n ruft Ukraine zu Zugest\u00e4ndnissen gegen\u00fcber Russland auf - vof-news.eu\" \/>\n<meta property=\"og:description\" content=\"Ungarns Regierungschef Viktor Orb\u00e1n hat die Ukraine zu\" \/>\n<meta property=\"og:url\" content=\"https:\/\/vof-news.eu\/de\/viktor-orban-ruft-ukraine-zu-zugestandnissen-gegenuber-russland-auf\/\" \/>\n<meta property=\"og:site_name\" content=\"vof-news.eu\" \/>\n<meta property=\"article:published_time\" content=\"2025-11-29T02:28:29+00:00\" \/>\n<meta property=\"article:modified_time\" content=\"2025-11-29T02:30:11+00:00\" \/>\n<meta property=\"og:image\" content=\"https:\/\/vof-news.eu\/wp-content\/uploads\/2025\/11\/wide__1000x562-100.jpg\" \/>\n\t<meta property=\"og:image:width\" content=\"1000\" \/>\n\t<meta property=\"og:image:height\" content=\"562\" \/>\n\t<meta property=\"og:image:type\" content=\"image\/jpeg\" \/>\n<meta name=\"author\" content=\"Author\" \/>\n<meta name=\"twitter:card\" content=\"summary_large_image\" \/>\n<meta name=\"twitter:label1\" content=\"Verfasst von\" \/>\n\t<meta name=\"twitter:data1\" content=\"Author\" \/>\n\t<meta name=\"twitter:label2\" content=\"Gesch\u00e4tzte Lesezeit\" \/>\n\t<meta name=\"twitter:data2\" content=\"2\u00a0Minuten\" \/>\n<script type=\"application\/ld+json\" class=\"yoast-schema-graph\">{\"@context\":\"https:\/\/schema.org\",\"@graph\":[{\"@type\":\"WebPage\",\"@id\":\"https:\/\/vof-news.eu\/de\/viktor-orban-ruft-ukraine-zu-zugestandnissen-gegenuber-russland-auf\/\",\"url\":\"https:\/\/vof-news.eu\/de\/viktor-orban-ruft-ukraine-zu-zugestandnissen-gegenuber-russland-auf\/\",\"name\":\"Viktor Orb\u00e1n ruft Ukraine zu Zugest\u00e4ndnissen gegen\u00fcber Russland auf - vof-news.eu\",\"isPartOf\":{\"@id\":\"https:\/\/vof-news.eu\/de\/#website\"},\"primaryImageOfPage\":{\"@id\":\"https:\/\/vof-news.eu\/de\/viktor-orban-ruft-ukraine-zu-zugestandnissen-gegenuber-russland-auf\/#primaryimage\"},\"image\":{\"@id\":\"https:\/\/vof-news.eu\/de\/viktor-orban-ruft-ukraine-zu-zugestandnissen-gegenuber-russland-auf\/#primaryimage\"},\"thumbnailUrl\":\"https:\/\/vof-news.eu\/wp-content\/uploads\/2025\/11\/wide__1000x562-100.jpg\",\"datePublished\":\"2025-11-29T02:28:29+00:00\",\"dateModified\":\"2025-11-29T02:30:11+00:00\",\"author\":{\"@id\":\"https:\/\/vof-news.eu\/de\/#\/schema\/person\/f6a2a4309f0561835797fd8c19b333ed\"},\"description\":\"Ungarns Regierungschef Viktor Orb\u00e1n hat die Ukraine zu\",\"breadcrumb\":{\"@id\":\"https:\/\/vof-news.eu\/de\/viktor-orban-ruft-ukraine-zu-zugestandnissen-gegenuber-russland-auf\/#breadcrumb\"},\"inLanguage\":\"de\",\"potentialAction\":[{\"@type\":\"ReadAction\",\"target\":[\"https:\/\/vof-news.eu\/de\/viktor-orban-ruft-ukraine-zu-zugestandnissen-gegenuber-russland-auf\/\"]}]},{\"@type\":\"ImageObject\",\"inLanguage\":\"de\",\"@id\":\"https:\/\/vof-news.eu\/de\/viktor-orban-ruft-ukraine-zu-zugestandnissen-gegenuber-russland-auf\/#primaryimage\",\"url\":\"https:\/\/vof-news.eu\/wp-content\/uploads\/2025\/11\/wide__1000x562-100.jpg\",\"contentUrl\":\"https:\/\/vof-news.eu\/wp-content\/uploads\/2025\/11\/wide__1000x562-100.jpg\",\"width\":1000,\"height\":562},{\"@type\":\"BreadcrumbList\",\"@id\":\"https:\/\/vof-news.eu\/de\/viktor-orban-ruft-ukraine-zu-zugestandnissen-gegenuber-russland-auf\/#breadcrumb\",\"itemListElement\":[{\"@type\":\"ListItem\",\"position\":1,\"name\":\"Home\",\"item\":\"https:\/\/vof-news.eu\/de\/\"},{\"@type\":\"ListItem\",\"position\":2,\"name\":\"Viktor Orb\u00e1n ruft Ukraine zu Zugest\u00e4ndnissen gegen\u00fcber Russland auf\"}]},{\"@type\":\"WebSite\",\"@id\":\"https:\/\/vof-news.eu\/de\/#website\",\"url\":\"https:\/\/vof-news.eu\/de\/\",\"name\":\"vof-news.eu\",\"description\":\"\",\"potentialAction\":[{\"@type\":\"SearchAction\",\"target\":{\"@type\":\"EntryPoint\",\"urlTemplate\":\"https:\/\/vof-news.eu\/de\/?s={search_term_string}\"},\"query-input\":\"required name=search_term_string\"}],\"inLanguage\":\"de\"},{\"@type\":\"Person\",\"@id\":\"https:\/\/vof-news.eu\/de\/#\/schema\/person\/f6a2a4309f0561835797fd8c19b333ed\",\"name\":\"Author\",\"image\":{\"@type\":\"ImageObject\",\"inLanguage\":\"de\",\"@id\":\"https:\/\/vof-news.eu\/de\/#\/schema\/person\/image\/\",\"url\":\"https:\/\/secure.gravatar.com\/avatar\/b67e614b1b25b3e9c0c239efdd2fde5ab015b5affd6f1c3c85911ca4b384e790?s=96&d=mm&r=g\",\"contentUrl\":\"https:\/\/secure.gravatar.com\/avatar\/b67e614b1b25b3e9c0c239efdd2fde5ab015b5affd6f1c3c85911ca4b384e790?s=96&d=mm&r=g\",\"caption\":\"Author\"},\"sameAs\":[\"http:\/\/vof-news.eu\"],\"url\":\"https:\/\/vof-news.eu\/de\/author\/zwt6qxnjulxbnyg\/\"}]}<\/script>\n<!-- \/ Yoast SEO plugin. -->","yoast_head_json":{"title":"Viktor Orb\u00e1n ruft Ukraine zu Zugest\u00e4ndnissen gegen\u00fcber Russland auf - vof-news.eu","description":"Ungarns Regierungschef Viktor Orb\u00e1n hat die Ukraine zu","robots":{"index":"noindex","follow":"follow","max-snippet":"max-snippet:-1","max-image-preview":"max-image-preview:large","max-video-preview":"max-video-preview:-1"},"og_locale":"de_DE","og_type":"article","og_title":"Viktor Orb\u00e1n ruft Ukraine zu Zugest\u00e4ndnissen gegen\u00fcber Russland auf - vof-news.eu","og_description":"Ungarns Regierungschef Viktor Orb\u00e1n hat die Ukraine zu","og_url":"https:\/\/vof-news.eu\/de\/viktor-orban-ruft-ukraine-zu-zugestandnissen-gegenuber-russland-auf\/","og_site_name":"vof-news.eu","article_published_time":"2025-11-29T02:28:29+00:00","article_modified_time":"2025-11-29T02:30:11+00:00","og_image":[{"width":1000,"height":562,"url":"https:\/\/vof-news.eu\/wp-content\/uploads\/2025\/11\/wide__1000x562-100.jpg","type":"image\/jpeg"}],"author":"Author","twitter_card":"summary_large_image","twitter_misc":{"Verfasst von":"Author","Gesch\u00e4tzte Lesezeit":"2\u00a0Minuten"},"schema":{"@context":"https:\/\/schema.org","@graph":[{"@type":"WebPage","@id":"https:\/\/vof-news.eu\/de\/viktor-orban-ruft-ukraine-zu-zugestandnissen-gegenuber-russland-auf\/","url":"https:\/\/vof-news.eu\/de\/viktor-orban-ruft-ukraine-zu-zugestandnissen-gegenuber-russland-auf\/","name":"Viktor Orb\u00e1n ruft Ukraine zu Zugest\u00e4ndnissen gegen\u00fcber Russland auf - vof-news.eu","isPartOf":{"@id":"https:\/\/vof-news.eu\/de\/#website"},"primaryImageOfPage":{"@id":"https:\/\/vof-news.eu\/de\/viktor-orban-ruft-ukraine-zu-zugestandnissen-gegenuber-russland-auf\/#primaryimage"},"image":{"@id":"https:\/\/vof-news.eu\/de\/viktor-orban-ruft-ukraine-zu-zugestandnissen-gegenuber-russland-auf\/#primaryimage"},"thumbnailUrl":"https:\/\/vof-news.eu\/wp-content\/uploads\/2025\/11\/wide__1000x562-100.jpg","datePublished":"2025-11-29T02:28:29+00:00","dateModified":"2025-11-29T02:30:11+00:00","author":{"@id":"https:\/\/vof-news.eu\/de\/#\/schema\/person\/f6a2a4309f0561835797fd8c19b333ed"},"description":"Ungarns Regierungschef Viktor Orb\u00e1n hat die Ukraine zu","breadcrumb":{"@id":"https:\/\/vof-news.eu\/de\/viktor-orban-ruft-ukraine-zu-zugestandnissen-gegenuber-russland-auf\/#breadcrumb"},"inLanguage":"de","potentialAction":[{"@type":"ReadAction","target":["https:\/\/vof-news.eu\/de\/viktor-orban-ruft-ukraine-zu-zugestandnissen-gegenuber-russland-auf\/"]}]},{"@type":"ImageObject","inLanguage":"de","@id":"https:\/\/vof-news.eu\/de\/viktor-orban-ruft-ukraine-zu-zugestandnissen-gegenuber-russland-auf\/#primaryimage","url":"https:\/\/vof-news.eu\/wp-content\/uploads\/2025\/11\/wide__1000x562-100.jpg","contentUrl":"https:\/\/vof-news.eu\/wp-content\/uploads\/2025\/11\/wide__1000x562-100.jpg","width":1000,"height":562},{"@type":"BreadcrumbList","@id":"https:\/\/vof-news.eu\/de\/viktor-orban-ruft-ukraine-zu-zugestandnissen-gegenuber-russland-auf\/#breadcrumb","itemListElement":[{"@type":"ListItem","position":1,"name":"Home","item":"https:\/\/vof-news.eu\/de\/"},{"@type":"ListItem","position":2,"name":"Viktor Orb\u00e1n ruft Ukraine zu Zugest\u00e4ndnissen gegen\u00fcber Russland auf"}]},{"@type":"WebSite","@id":"https:\/\/vof-news.eu\/de\/#website","url":"https:\/\/vof-news.eu\/de\/","name":"vof-news.eu","description":"","potentialAction":[{"@type":"SearchAction","target":{"@type":"EntryPoint","urlTemplate":"https:\/\/vof-news.eu\/de\/?s={search_term_string}"},"query-input":"required name=search_term_string"}],"inLanguage":"de"},{"@type":"Person","@id":"https:\/\/vof-news.eu\/de\/#\/schema\/person\/f6a2a4309f0561835797fd8c19b333ed","name":"Author","image":{"@type":"ImageObject","inLanguage":"de","@id":"https:\/\/vof-news.eu\/de\/#\/schema\/person\/image\/","url":"https:\/\/secure.gravatar.com\/avatar\/b67e614b1b25b3e9c0c239efdd2fde5ab015b5affd6f1c3c85911ca4b384e790?s=96&d=mm&r=g","contentUrl":"https:\/\/secure.gravatar.com\/avatar\/b67e614b1b25b3e9c0c239efdd2fde5ab015b5affd6f1c3c85911ca4b384e790?s=96&d=mm&r=g","caption":"Author"},"sameAs":["http:\/\/vof-news.eu"],"url":"https:\/\/vof-news.eu\/de\/author\/zwt6qxnjulxbnyg\/"}]}},"yoast_meta":{"yoast_wpseo_title":"","yoast_wpseo_metadesc":"","yoast_wpseo_canonical":""},"_links":{"self":[{"href":"https:\/\/vof-news.eu\/de\/wp-json\/wp\/v2\/posts\/302154","targetHints":{"allow":["GET"]}}],"collection":[{"href":"https:\/\/vof-news.eu\/de\/wp-json\/wp\/v2\/posts"}],"about":[{"href":"https:\/\/vof-news.eu\/de\/wp-json\/wp\/v2\/types\/post"}],"author":[{"embeddable":true,"href":"https:\/\/vof-news.eu\/de\/wp-json\/wp\/v2\/users\/1"}],"replies":[{"embeddable":true,"href":"https:\/\/vof-news.eu\/de\/wp-json\/wp\/v2\/comments?post=302154"}],"version-history":[{"count":1,"href":"https:\/\/vof-news.eu\/de\/wp-json\/wp\/v2\/posts\/302154\/revisions"}],"predecessor-version":[{"id":302161,"href":"https:\/\/vof-news.eu\/de\/wp-json\/wp\/v2\/posts\/302154\/revisions\/302161"}],"wp:featuredmedia":[{"embeddable":true,"href":"https:\/\/vof-news.eu\/de\/wp-json\/wp\/v2\/media\/302155"}],"wp:attachment":[{"href":"https:\/\/vof-news.eu\/de\/wp-json\/wp\/v2\/media?parent=302154"}],"wp:term":[{"taxonomy":"category","embeddable":true,"href":"https:\/\/vof-news.eu\/de\/wp-json\/wp\/v2\/categories?post=302154"},{"taxonomy":"post_tag","embeddable":true,"href":"https:\/\/vof-news.eu\/de\/wp-json\/wp\/v2\/tags?post=302154"}],"curies":[{"name":"wp","href":"https:\/\/api.w.org\/{rel}","templated":true}]}}